{"id":413699,"date":"2023-02-03T16:08:13","date_gmt":"2023-02-03T16:08:13","guid":{"rendered":"https:\/\/grotta.is\/?p=413699"},"modified":"2023-02-03T16:08:16","modified_gmt":"2023-02-03T16:08:16","slug":"maksim-thjalfari-arsins-2022","status":"publish","type":"post","link":"https:\/\/grotta.is\/en\/almennt\/maksim-thjalfari-arsins-2022\/","title":{"rendered":"Maksim \u00fej\u00e1lfari \u00e1rsins 2022"},"content":{"rendered":"<p><strong>Maksim Akbachev <\/strong>var valinn \u00fej\u00e1lfari \u00e1rsins 2022 hj\u00e1 Gr\u00f3ttu \u00e1 h\u00f3fi sem var haldi\u00f0 um mi\u00f0jan jan\u00faar m\u00e1nu\u00f0. <br>Maksim er yfir\u00fej\u00e1lfari handboltadeildar og var a\u00f0sto\u00f0ar\u00fej\u00e1lfari hj\u00e1 mfl karla 2020-2022 auk \u00feess a\u00f0 \u00fej\u00e1lfa yngri flokka, n\u00fana \u00ed vetur \u00fej\u00e1lfar hann 5fl. karla og 4fl. kvenna.\u00a0<\/p><p>Tilnefndir sem \u00fej\u00e1lfarar \u00e1rsins voru fr\u00e1 fimleikadeild Bjarni Geir H. Halld\u00f3rsson og fr\u00e1 knattspyrnudeild P\u00e9tur R\u00f6gnvaldsson. <\/p><figure class=\"wp-block-image size-large\"><img fetchpriority=\"high\" decoding=\"async\" width=\"1024\" height=\"683\" src=\"https:\/\/grotta.is\/wp-content\/uploads\/2023\/02\/Ithrottamadur-Grottu2022-031-1024x683.jpg\" alt=\"\" class=\"wp-image-413698\" srcset=\"https:\/\/grotta.is\/wp-content\/uploads\/2023\/02\/Ithrottamadur-Grottu2022-031-1024x683.jpg 1024w, https:\/\/grotta.is\/wp-content\/uploads\/2023\/02\/Ithrottamadur-Grottu2022-031-300x200.jpg 300w, https:\/\/grotta.is\/wp-content\/uploads\/2023\/02\/Ithrottamadur-Grottu2022-031-768x512.jpg 768w, https:\/\/grotta.is\/wp-content\/uploads\/2023\/02\/Ithrottamadur-Grottu2022-031-1536x1024.jpg 1536w, https:\/\/grotta.is\/wp-content\/uploads\/2023\/02\/Ithrottamadur-Grottu2022-031-2048x1365.jpg 2048w, https:\/\/grotta.is\/wp-content\/uploads\/2023\/02\/Ithrottamadur-Grottu2022-031-18x12.jpg 18w, https:\/\/grotta.is\/wp-content\/uploads\/2023\/02\/Ithrottamadur-Grottu2022-031-600x400.jpg 600w\" sizes=\"(max-width: 1024px) 100vw, 1024px\" \/><\/figure>","protected":false},"excerpt":{"rendered":"<p>Maksim Akbachev var valinn \u00fej\u00e1lfari \u00e1rsins 2022 hj\u00e1 Gr\u00f3ttu \u00e1 h\u00f3fi sem var haldi\u00f0 um mi\u00f0jan jan\u00faar m\u00e1nu\u00f0. Maksim er yfir\u00fej\u00e1lfari handboltadeildar og var a\u00f0sto\u00f0ar\u00fej\u00e1lfari hj\u00e1 mfl karla 2020-2022 auk [&hellip;]<\/p>","protected":false},"author":2,"featured_media":413697,"comment_status":"closed","ping_status":"closed","sticky":false,"template":"","format":"standard","meta":{"footnotes":""},"categories":[4,12],"tags":[],"class_list":["post-413699","post","type-post","status-publish","format-standard","has-post-thumbnail","hentry","category-almennt","category-handknattleiksdeild"],"yoast_head":"<!-- This site is optimized with the Yoast SEO plugin v24.3 - https:\/\/yoast.com\/wordpress\/plugins\/seo\/ -->\n<title>Maksim \u00fej\u00e1lfari \u00e1rsins 2022 - \u00cd\u00fer\u00f3ttaf\u00e9lagi\u00f0 Gr\u00f3tta<\/title>\n<meta name=\"robots\" content=\"index, follow, max-snippet:-1, max-image-preview:large, max-video-preview:-1\" \/>\n<link rel=\"canonical\" href=\"https:\/\/grotta.is\/en\/almennt\/maksim-thjalfari-arsins-2022\/\" \/>\n<meta property=\"og:locale\" content=\"en_US\" \/>\n<meta property=\"og:type\" content=\"article\" \/>\n<meta property=\"og:title\" content=\"Maksim \u00fej\u00e1lfari \u00e1rsins 2022 - \u00cd\u00fer\u00f3ttaf\u00e9lagi\u00f0 Gr\u00f3tta\" \/>\n<meta property=\"og:description\" content=\"Maksim Akbachev var valinn \u00fej\u00e1lfari \u00e1rsins 2022 hj\u00e1 Gr\u00f3ttu \u00e1 h\u00f3fi sem var haldi\u00f0 um mi\u00f0jan jan\u00faar m\u00e1nu\u00f0. Maksim er yfir\u00fej\u00e1lfari handboltadeildar og var a\u00f0sto\u00f0ar\u00fej\u00e1lfari hj\u00e1 mfl karla 2020-2022 auk [&hellip;]\" \/>\n<meta property=\"og:url\" content=\"https:\/\/grotta.is\/en\/almennt\/maksim-thjalfari-arsins-2022\/\" \/>\n<meta property=\"og:site_name\" content=\"\u00cd\u00fer\u00f3ttaf\u00e9lagi\u00f0 Gr\u00f3tta\" \/>\n<meta property=\"article:publisher\" content=\"https:\/\/www.facebook.com\/grottasport\" \/>\n<meta property=\"article:published_time\" content=\"2023-02-03T16:08:13+00:00\" \/>\n<meta property=\"article:modified_time\" content=\"2023-02-03T16:08:16+00:00\" \/>\n<meta property=\"og:image\" content=\"https:\/\/grotta.is\/wp-content\/uploads\/2023\/02\/Ithrottamadur-Grottu2022-033-scaled.jpg\" \/>\n\t<meta property=\"og:image:width\" content=\"2560\" \/>\n\t<meta property=\"og:image:height\" content=\"1707\" \/>\n\t<meta property=\"og:image:type\" content=\"image\/jpeg\" \/>\n<meta name=\"author\" content=\"Grotta\" \/>\n<meta name=\"twitter:card\" content=\"summary_large_image\" \/>\n<meta name=\"twitter:label1\" content=\"Written by\" \/>\n\t<meta name=\"twitter:data1\" content=\"Grotta\" \/>\n\t<meta name=\"twitter:label2\" content=\"Est. reading time\" \/>\n\t<meta name=\"twitter:data2\" content=\"1 minute\" \/>\n<script type=\"application\/ld+json\" class=\"yoast-schema-graph\">{\"@context\":\"https:\/\/schema.org\",\"@graph\":[{\"@type\":\"Article\",\"@id\":\"https:\/\/grotta.is\/almennt\/maksim-thjalfari-arsins-2022\/#article\",\"isPartOf\":{\"@id\":\"https:\/\/grotta.is\/almennt\/maksim-thjalfari-arsins-2022\/\"},\"author\":{\"name\":\"Grotta\",\"@id\":\"https:\/\/grotta.is\/#\/schema\/person\/08ec57bf09ee925f1b6a01540c14a5ce\"},\"headline\":\"Maksim \u00fej\u00e1lfari \u00e1rsins 2022\",\"datePublished\":\"2023-02-03T16:08:13+00:00\",\"dateModified\":\"2023-02-03T16:08:16+00:00\",\"mainEntityOfPage\":{\"@id\":\"https:\/\/grotta.is\/almennt\/maksim-thjalfari-arsins-2022\/\"},\"wordCount\":81,\"publisher\":{\"@id\":\"https:\/\/grotta.is\/#organization\"},\"image\":{\"@id\":\"https:\/\/grotta.is\/almennt\/maksim-thjalfari-arsins-2022\/#primaryimage\"},\"thumbnailUrl\":\"https:\/\/grotta.is\/wp-content\/uploads\/2023\/02\/Ithrottamadur-Grottu2022-033-scaled.jpg\",\"articleSection\":[\"Almennt\",\"Handknattleiksdeild\"],\"inLanguage\":\"en-US\"},{\"@type\":\"WebPage\",\"@id\":\"https:\/\/grotta.is\/almennt\/maksim-thjalfari-arsins-2022\/\",\"url\":\"https:\/\/grotta.is\/almennt\/maksim-thjalfari-arsins-2022\/\",\"name\":\"Maksim \u00fej\u00e1lfari \u00e1rsins 2022 - \u00cd\u00fer\u00f3ttaf\u00e9lagi\u00f0 Gr\u00f3tta\",\"isPartOf\":{\"@id\":\"https:\/\/grotta.is\/#website\"},\"primaryImageOfPage\":{\"@id\":\"https:\/\/grotta.is\/almennt\/maksim-thjalfari-arsins-2022\/#primaryimage\"},\"image\":{\"@id\":\"https:\/\/grotta.is\/almennt\/maksim-thjalfari-arsins-2022\/#primaryimage\"},\"thumbnailUrl\":\"https:\/\/grotta.is\/wp-content\/uploads\/2023\/02\/Ithrottamadur-Grottu2022-033-scaled.jpg\",\"datePublished\":\"2023-02-03T16:08:13+00:00\",\"dateModified\":\"2023-02-03T16:08:16+00:00\",\"breadcrumb\":{\"@id\":\"https:\/\/grotta.is\/almennt\/maksim-thjalfari-arsins-2022\/#breadcrumb\"},\"inLanguage\":\"en-US\",\"potentialAction\":[{\"@type\":\"ReadAction\",\"target\":[\"https:\/\/grotta.is\/almennt\/maksim-thjalfari-arsins-2022\/\"]}]},{\"@type\":\"ImageObject\",\"inLanguage\":\"en-US\",\"@id\":\"https:\/\/grotta.is\/almennt\/maksim-thjalfari-arsins-2022\/#primaryimage\",\"url\":\"https:\/\/grotta.is\/wp-content\/uploads\/2023\/02\/Ithrottamadur-Grottu2022-033-scaled.jpg\",\"contentUrl\":\"https:\/\/grotta.is\/wp-content\/uploads\/2023\/02\/Ithrottamadur-Grottu2022-033-scaled.jpg\",\"width\":2560,\"height\":1707},{\"@type\":\"BreadcrumbList\",\"@id\":\"https:\/\/grotta.is\/almennt\/maksim-thjalfari-arsins-2022\/#breadcrumb\",\"itemListElement\":[{\"@type\":\"ListItem\",\"position\":1,\"name\":\"Home\",\"item\":\"https:\/\/grotta.is\/\"},{\"@type\":\"ListItem\",\"position\":2,\"name\":\"Maksim \u00fej\u00e1lfari \u00e1rsins 2022\"}]},{\"@type\":\"WebSite\",\"@id\":\"https:\/\/grotta.is\/#website\",\"url\":\"https:\/\/grotta.is\/\",\"name\":\"\u00cd\u00fer\u00f3ttaf\u00e9lagi\u00f0 Gr\u00f3tta\",\"description\":\"\u00e1 Seltjarnarnesi\",\"publisher\":{\"@id\":\"https:\/\/grotta.is\/#organization\"},\"potentialAction\":[{\"@type\":\"SearchAction\",\"target\":{\"@type\":\"EntryPoint\",\"urlTemplate\":\"https:\/\/grotta.is\/?s={search_term_string}\"},\"query-input\":{\"@type\":\"PropertyValueSpecification\",\"valueRequired\":true,\"valueName\":\"search_term_string\"}}],\"inLanguage\":\"en-US\"},{\"@type\":\"Organization\",\"@id\":\"https:\/\/grotta.is\/#organization\",\"name\":\"\u00cd\u00fer\u00f3ttaf\u00e9lagi\u00f0 Gr\u00f3tta\",\"url\":\"https:\/\/grotta.is\/\",\"logo\":{\"@type\":\"ImageObject\",\"inLanguage\":\"en-US\",\"@id\":\"https:\/\/grotta.is\/#\/schema\/logo\/image\/\",\"url\":\"https:\/\/grotta.is\/wp-content\/uploads\/2020\/02\/ithrottafelagidgrotta_logo_512x512_transparent.png\",\"contentUrl\":\"https:\/\/grotta.is\/wp-content\/uploads\/2020\/02\/ithrottafelagidgrotta_logo_512x512_transparent.png\",\"width\":512,\"height\":512,\"caption\":\"\u00cd\u00fer\u00f3ttaf\u00e9lagi\u00f0 Gr\u00f3tta\"},\"image\":{\"@id\":\"https:\/\/grotta.is\/#\/schema\/logo\/image\/\"},\"sameAs\":[\"https:\/\/www.facebook.com\/grottasport\"]},{\"@type\":\"Person\",\"@id\":\"https:\/\/grotta.is\/#\/schema\/person\/08ec57bf09ee925f1b6a01540c14a5ce\",\"name\":\"Grotta\",\"url\":\"https:\/\/grotta.is\/en\/author\/inga\/\"}]}<\/script>\n<!-- \/ Yoast SEO plugin. -->","yoast_head_json":{"title":"Maksim \u00fej\u00e1lfari \u00e1rsins 2022 - \u00cd\u00fer\u00f3ttaf\u00e9lagi\u00f0 Gr\u00f3tta","robots":{"index":"index","follow":"follow","max-snippet":"max-snippet:-1","max-image-preview":"max-image-preview:large","max-video-preview":"max-video-preview:-1"},"canonical":"https:\/\/grotta.is\/en\/almennt\/maksim-thjalfari-arsins-2022\/","og_locale":"en_US","og_type":"article","og_title":"Maksim \u00fej\u00e1lfari \u00e1rsins 2022 - \u00cd\u00fer\u00f3ttaf\u00e9lagi\u00f0 Gr\u00f3tta","og_description":"Maksim Akbachev var valinn \u00fej\u00e1lfari \u00e1rsins 2022 hj\u00e1 Gr\u00f3ttu \u00e1 h\u00f3fi sem var haldi\u00f0 um mi\u00f0jan jan\u00faar m\u00e1nu\u00f0. Maksim er yfir\u00fej\u00e1lfari handboltadeildar og var a\u00f0sto\u00f0ar\u00fej\u00e1lfari hj\u00e1 mfl karla 2020-2022 auk [&hellip;]","og_url":"https:\/\/grotta.is\/en\/almennt\/maksim-thjalfari-arsins-2022\/","og_site_name":"\u00cd\u00fer\u00f3ttaf\u00e9lagi\u00f0 Gr\u00f3tta","article_publisher":"https:\/\/www.facebook.com\/grottasport","article_published_time":"2023-02-03T16:08:13+00:00","article_modified_time":"2023-02-03T16:08:16+00:00","og_image":[{"width":2560,"height":1707,"url":"https:\/\/grotta.is\/wp-content\/uploads\/2023\/02\/Ithrottamadur-Grottu2022-033-scaled.jpg","type":"image\/jpeg"}],"author":"Grotta","twitter_card":"summary_large_image","twitter_misc":{"Written by":"Grotta","Est. reading time":"1 minute"},"schema":{"@context":"https:\/\/schema.org","@graph":[{"@type":"Article","@id":"https:\/\/grotta.is\/almennt\/maksim-thjalfari-arsins-2022\/#article","isPartOf":{"@id":"https:\/\/grotta.is\/almennt\/maksim-thjalfari-arsins-2022\/"},"author":{"name":"Grotta","@id":"https:\/\/grotta.is\/#\/schema\/person\/08ec57bf09ee925f1b6a01540c14a5ce"},"headline":"Maksim \u00fej\u00e1lfari \u00e1rsins 2022","datePublished":"2023-02-03T16:08:13+00:00","dateModified":"2023-02-03T16:08:16+00:00","mainEntityOfPage":{"@id":"https:\/\/grotta.is\/almennt\/maksim-thjalfari-arsins-2022\/"},"wordCount":81,"publisher":{"@id":"https:\/\/grotta.is\/#organization"},"image":{"@id":"https:\/\/grotta.is\/almennt\/maksim-thjalfari-arsins-2022\/#primaryimage"},"thumbnailUrl":"https:\/\/grotta.is\/wp-content\/uploads\/2023\/02\/Ithrottamadur-Grottu2022-033-scaled.jpg","articleSection":["Almennt","Handknattleiksdeild"],"inLanguage":"en-US"},{"@type":"WebPage","@id":"https:\/\/grotta.is\/almennt\/maksim-thjalfari-arsins-2022\/","url":"https:\/\/grotta.is\/almennt\/maksim-thjalfari-arsins-2022\/","name":"Maksim \u00fej\u00e1lfari \u00e1rsins 2022 - \u00cd\u00fer\u00f3ttaf\u00e9lagi\u00f0 Gr\u00f3tta","isPartOf":{"@id":"https:\/\/grotta.is\/#website"},"primaryImageOfPage":{"@id":"https:\/\/grotta.is\/almennt\/maksim-thjalfari-arsins-2022\/#primaryimage"},"image":{"@id":"https:\/\/grotta.is\/almennt\/maksim-thjalfari-arsins-2022\/#primaryimage"},"thumbnailUrl":"https:\/\/grotta.is\/wp-content\/uploads\/2023\/02\/Ithrottamadur-Grottu2022-033-scaled.jpg","datePublished":"2023-02-03T16:08:13+00:00","dateModified":"2023-02-03T16:08:16+00:00","breadcrumb":{"@id":"https:\/\/grotta.is\/almennt\/maksim-thjalfari-arsins-2022\/#breadcrumb"},"inLanguage":"en-US","potentialAction":[{"@type":"ReadAction","target":["https:\/\/grotta.is\/almennt\/maksim-thjalfari-arsins-2022\/"]}]},{"@type":"ImageObject","inLanguage":"en-US","@id":"https:\/\/grotta.is\/almennt\/maksim-thjalfari-arsins-2022\/#primaryimage","url":"https:\/\/grotta.is\/wp-content\/uploads\/2023\/02\/Ithrottamadur-Grottu2022-033-scaled.jpg","contentUrl":"https:\/\/grotta.is\/wp-content\/uploads\/2023\/02\/Ithrottamadur-Grottu2022-033-scaled.jpg","width":2560,"height":1707},{"@type":"BreadcrumbList","@id":"https:\/\/grotta.is\/almennt\/maksim-thjalfari-arsins-2022\/#breadcrumb","itemListElement":[{"@type":"ListItem","position":1,"name":"Home","item":"https:\/\/grotta.is\/"},{"@type":"ListItem","position":2,"name":"Maksim \u00fej\u00e1lfari \u00e1rsins 2022"}]},{"@type":"WebSite","@id":"https:\/\/grotta.is\/#website","url":"https:\/\/grotta.is\/","name":"\u00cd\u00fer\u00f3ttaf\u00e9lagi\u00f0 Gr\u00f3tta","description":"\u00e1 Seltjarnarnesi","publisher":{"@id":"https:\/\/grotta.is\/#organization"},"potentialAction":[{"@type":"SearchAction","target":{"@type":"EntryPoint","urlTemplate":"https:\/\/grotta.is\/?s={search_term_string}"},"query-input":{"@type":"PropertyValueSpecification","valueRequired":true,"valueName":"search_term_string"}}],"inLanguage":"en-US"},{"@type":"Organization","@id":"https:\/\/grotta.is\/#organization","name":"\u00cd\u00fer\u00f3ttaf\u00e9lagi\u00f0 Gr\u00f3tta","url":"https:\/\/grotta.is\/","logo":{"@type":"ImageObject","inLanguage":"en-US","@id":"https:\/\/grotta.is\/#\/schema\/logo\/image\/","url":"https:\/\/grotta.is\/wp-content\/uploads\/2020\/02\/ithrottafelagidgrotta_logo_512x512_transparent.png","contentUrl":"https:\/\/grotta.is\/wp-content\/uploads\/2020\/02\/ithrottafelagidgrotta_logo_512x512_transparent.png","width":512,"height":512,"caption":"\u00cd\u00fer\u00f3ttaf\u00e9lagi\u00f0 Gr\u00f3tta"},"image":{"@id":"https:\/\/grotta.is\/#\/schema\/logo\/image\/"},"sameAs":["https:\/\/www.facebook.com\/grottasport"]},{"@type":"Person","@id":"https:\/\/grotta.is\/#\/schema\/person\/08ec57bf09ee925f1b6a01540c14a5ce","name":"Grotta","url":"https:\/\/grotta.is\/en\/author\/inga\/"}]}},"_links":{"self":[{"href":"https:\/\/grotta.is\/en\/wp-json\/wp\/v2\/posts\/413699","targetHints":{"allow":["GET"]}}],"collection":[{"href":"https:\/\/grotta.is\/en\/wp-json\/wp\/v2\/posts"}],"about":[{"href":"https:\/\/grotta.is\/en\/wp-json\/wp\/v2\/types\/post"}],"author":[{"embeddable":true,"href":"https:\/\/grotta.is\/en\/wp-json\/wp\/v2\/users\/2"}],"replies":[{"embeddable":true,"href":"https:\/\/grotta.is\/en\/wp-json\/wp\/v2\/comments?post=413699"}],"version-history":[{"count":1,"href":"https:\/\/grotta.is\/en\/wp-json\/wp\/v2\/posts\/413699\/revisions"}],"predecessor-version":[{"id":413700,"href":"https:\/\/grotta.is\/en\/wp-json\/wp\/v2\/posts\/413699\/revisions\/413700"}],"wp:featuredmedia":[{"embeddable":true,"href":"https:\/\/grotta.is\/en\/wp-json\/wp\/v2\/media\/413697"}],"wp:attachment":[{"href":"https:\/\/grotta.is\/en\/wp-json\/wp\/v2\/media?parent=413699"}],"wp:term":[{"taxonomy":"category","embeddable":true,"href":"https:\/\/grotta.is\/en\/wp-json\/wp\/v2\/categories?post=413699"},{"taxonomy":"post_tag","embeddable":true,"href":"https:\/\/grotta.is\/en\/wp-json\/wp\/v2\/tags?post=413699"}],"curies":[{"name":"wp","href":"https:\/\/api.w.org\/{rel}","templated":true}]}}