{"id":412331,"date":"2023-01-06T16:19:59","date_gmt":"2023-01-06T16:19:59","guid":{"rendered":"https:\/\/grotta.is\/?p=412331"},"modified":"2023-01-06T16:20:03","modified_gmt":"2023-01-06T16:20:03","slug":"grotta-oskar-eftir-starfsmonnum-i-afleysingar-i-ithrottmannvirki-grottu","status":"publish","type":"post","link":"https:\/\/grotta.is\/en\/almennt\/grotta-oskar-eftir-starfsmonnum-i-afleysingar-i-ithrottmannvirki-grottu\/","title":{"rendered":"Gr\u00f3tta \u00f3skar eftir starfsm\u00f6nnum \u00ed afleysingar \u00ed \u00ed\u00fer\u00f3ttmannvirki Gr\u00f3ttu."},"content":{"rendered":"<p><strong>\u00cd\u00fer\u00f3ttaf\u00e9lagi\u00f0 Gr\u00f3tta \u00f3skar eftir starfsm\u00f6nnum \u00ed afleysingar \u00ed \u00ed\u00fer\u00f3ttmannvirki Gr\u00f3ttu.<\/strong><\/p><p>Gr\u00f3tta er sta\u00f0sett \u00e1 Seltjarnarnesi og innan v\u00e9banda \u00feess eru \u00ferj\u00e1r deildir; fimleikadeild, handknattleiksdeild og knattspyrnudeild. \u00cd\u00fer\u00f3ttamannvirki Gr\u00f3ttu samanstanda af tveimur \u00ed\u00fer\u00f3ttas\u00f6lum, gervigrasvelli, fimleikasal auk b\u00fanings- og fundarherbergja, skrifstofua\u00f0st\u00f6\u00f0u og veislusals.<\/p><p>Meginmarkmi\u00f0 \u00cd\u00fer\u00f3ttaf\u00e9lagsins Gr\u00f3ttu er a\u00f0 \u00fej\u00f3nusta alla f\u00e9lagsmenn \u00e1 sem bestan h\u00e1tt. \u00c1hersla er l\u00f6g\u00f0 \u00e1 \u00e1rangursr\u00edkt samstarf vi\u00f0 \u00fe\u00e1 fj\u00f6lm\u00f6rgu sem n\u00fdta s\u00e9r \u00fej\u00f3nustu Gr\u00f3ttu dag hvern.<\/p><p><strong>Helstu verkefni og \u00e1byrg\u00f0<\/strong><\/p><p>Starfsma\u00f0ur a\u00f0sto\u00f0ar nemendur grunn- og leiksk\u00f3la og i\u00f0kendur \u00cd\u00fer\u00f3ttaf\u00e9lagsins Gr\u00f3ttu \u00ed leik og starfi. Dagleg \u00ferif \u00e1 \u00ed\u00fer\u00f3ttah\u00fasinu og \u00ed vallarh\u00fasi, t.d. \u00ed\u00fer\u00f3ttas\u00f6lum, g\u00f6ngum, anddyri, veislusal og b\u00faningsklefum.<\/p><p><strong>H\u00e6fniskr\u00f6fur<\/strong><\/p><p>\u00c1hugi \u00e1 a\u00f0 vinna me\u00f0 b\u00f6rnum<\/p><p>Sveigjanleiki og h\u00e6fni \u00ed mannlegum samskiptum<\/p><p>Frumkv\u00e6\u00f0i, j\u00e1kv\u00e6\u00f0ni og sj\u00e1lfst\u00e6\u00f0 vinnubr\u00f6g\u00f0<\/p><p>H\u00e6fni til a\u00f0 vinna \u00ed h\u00f3p<\/p><p>Vinnut\u00edmi er breytilegur og er \u00f3ska\u00f0 eftir starfsmanni sem getur sinnt tilfallandi afleysingum eftir \u00fe\u00f6rfum.<\/p><p>N\u00e1nari uppl\u00fdsingar um starfi\u00f0 veitir K\u00e1ri Gar\u00f0arsson \u00ed s\u00edma 561-1133 og t\u00f6lvup\u00f3sti <a href=\"mailto:kari@grotta.is\">kari@grotta.is<\/a>.<\/p><p>N\u00e1nari uppl\u00fdsingar um \u00cd\u00fer\u00f3ttaf\u00e9lagi\u00f0 Gr\u00f3ttu er a\u00f0 finna \u00e1 <a href=\"https:\/\/grotta.is\/en\/\">www.grotta.is<\/a>.<\/p><p>Ums\u00f3knarfrestur er til 25. jan\u00faar 2023. Ums\u00f3knir \u00e1samt ferilskr\u00e1 skal senda \u00e1 netfangi\u00f0 <a href=\"mailto:kari@grotta.is\">kari@grotta.is<\/a>.<\/p>","protected":false},"excerpt":{"rendered":"<p>\u00cd\u00fer\u00f3ttaf\u00e9lagi\u00f0 Gr\u00f3tta \u00f3skar eftir starfsm\u00f6nnum \u00ed afleysingar \u00ed \u00ed\u00fer\u00f3ttmannvirki Gr\u00f3ttu. Gr\u00f3tta er sta\u00f0sett \u00e1 Seltjarnarnesi og innan v\u00e9banda \u00feess eru \u00ferj\u00e1r deildir; fimleikadeild, handknattleiksdeild og knattspyrnudeild. \u00cd\u00fer\u00f3ttamannvirki Gr\u00f3ttu samanstanda af [&hellip;]<\/p>","protected":false},"author":2,"featured_media":412332,"comment_status":"closed","ping_status":"closed","sticky":false,"template":"","format":"standard","meta":{"footnotes":""},"categories":[4],"tags":[],"class_list":["post-412331","post","type-post","status-publish","format-standard","has-post-thumbnail","hentry","category-almennt"],"yoast_head":"<!-- This site is optimized with the Yoast SEO plugin v24.3 - https:\/\/yoast.com\/wordpress\/plugins\/seo\/ -->\n<title>Gr\u00f3tta \u00f3skar eftir starfsm\u00f6nnum \u00ed afleysingar \u00ed \u00ed\u00fer\u00f3ttmannvirki Gr\u00f3ttu. - \u00cd\u00fer\u00f3ttaf\u00e9lagi\u00f0 Gr\u00f3tta<\/title>\n<meta name=\"robots\" content=\"index, follow, max-snippet:-1, max-image-preview:large, max-video-preview:-1\" \/>\n<link rel=\"canonical\" href=\"https:\/\/grotta.is\/en\/almennt\/grotta-oskar-eftir-starfsmonnum-i-afleysingar-i-ithrottmannvirki-grottu\/\" \/>\n<meta property=\"og:locale\" content=\"en_US\" \/>\n<meta property=\"og:type\" content=\"article\" \/>\n<meta property=\"og:title\" content=\"Gr\u00f3tta \u00f3skar eftir starfsm\u00f6nnum \u00ed afleysingar \u00ed \u00ed\u00fer\u00f3ttmannvirki Gr\u00f3ttu. - \u00cd\u00fer\u00f3ttaf\u00e9lagi\u00f0 Gr\u00f3tta\" \/>\n<meta property=\"og:description\" content=\"\u00cd\u00fer\u00f3ttaf\u00e9lagi\u00f0 Gr\u00f3tta \u00f3skar eftir starfsm\u00f6nnum \u00ed afleysingar \u00ed \u00ed\u00fer\u00f3ttmannvirki Gr\u00f3ttu. Gr\u00f3tta er sta\u00f0sett \u00e1 Seltjarnarnesi og innan v\u00e9banda \u00feess eru \u00ferj\u00e1r deildir; fimleikadeild, handknattleiksdeild og knattspyrnudeild. \u00cd\u00fer\u00f3ttamannvirki Gr\u00f3ttu samanstanda af [&hellip;]\" \/>\n<meta property=\"og:url\" content=\"https:\/\/grotta.is\/en\/almennt\/grotta-oskar-eftir-starfsmonnum-i-afleysingar-i-ithrottmannvirki-grottu\/\" \/>\n<meta property=\"og:site_name\" content=\"\u00cd\u00fer\u00f3ttaf\u00e9lagi\u00f0 Gr\u00f3tta\" \/>\n<meta property=\"article:publisher\" content=\"https:\/\/www.facebook.com\/grottasport\" \/>\n<meta property=\"article:published_time\" content=\"2023-01-06T16:19:59+00:00\" \/>\n<meta property=\"article:modified_time\" content=\"2023-01-06T16:20:03+00:00\" \/>\n<meta property=\"og:image\" content=\"https:\/\/grotta.is\/wp-content\/uploads\/2023\/01\/Skjamynd-2023-01-06-161916.jpg\" \/>\n\t<meta property=\"og:image:width\" content=\"831\" \/>\n\t<meta property=\"og:image:height\" content=\"587\" \/>\n\t<meta property=\"og:image:type\" content=\"image\/jpeg\" \/>\n<meta name=\"author\" content=\"Grotta\" \/>\n<meta name=\"twitter:card\" content=\"summary_large_image\" \/>\n<meta name=\"twitter:label1\" content=\"Written by\" \/>\n\t<meta name=\"twitter:data1\" content=\"Grotta\" \/>\n\t<meta name=\"twitter:label2\" content=\"Est. reading time\" \/>\n\t<meta name=\"twitter:data2\" content=\"1 minute\" \/>\n<script type=\"application\/ld+json\" class=\"yoast-schema-graph\">{\"@context\":\"https:\/\/schema.org\",\"@graph\":[{\"@type\":\"Article\",\"@id\":\"https:\/\/grotta.is\/almennt\/grotta-oskar-eftir-starfsmonnum-i-afleysingar-i-ithrottmannvirki-grottu\/#article\",\"isPartOf\":{\"@id\":\"https:\/\/grotta.is\/almennt\/grotta-oskar-eftir-starfsmonnum-i-afleysingar-i-ithrottmannvirki-grottu\/\"},\"author\":{\"name\":\"Grotta\",\"@id\":\"https:\/\/grotta.is\/#\/schema\/person\/08ec57bf09ee925f1b6a01540c14a5ce\"},\"headline\":\"Gr\u00f3tta \u00f3skar eftir starfsm\u00f6nnum \u00ed afleysingar \u00ed \u00ed\u00fer\u00f3ttmannvirki Gr\u00f3ttu.\",\"datePublished\":\"2023-01-06T16:19:59+00:00\",\"dateModified\":\"2023-01-06T16:20:03+00:00\",\"mainEntityOfPage\":{\"@id\":\"https:\/\/grotta.is\/almennt\/grotta-oskar-eftir-starfsmonnum-i-afleysingar-i-ithrottmannvirki-grottu\/\"},\"wordCount\":251,\"publisher\":{\"@id\":\"https:\/\/grotta.is\/#organization\"},\"image\":{\"@id\":\"https:\/\/grotta.is\/almennt\/grotta-oskar-eftir-starfsmonnum-i-afleysingar-i-ithrottmannvirki-grottu\/#primaryimage\"},\"thumbnailUrl\":\"https:\/\/grotta.is\/wp-content\/uploads\/2023\/01\/Skjamynd-2023-01-06-161916.jpg\",\"articleSection\":[\"Almennt\"],\"inLanguage\":\"en-US\"},{\"@type\":\"WebPage\",\"@id\":\"https:\/\/grotta.is\/almennt\/grotta-oskar-eftir-starfsmonnum-i-afleysingar-i-ithrottmannvirki-grottu\/\",\"url\":\"https:\/\/grotta.is\/almennt\/grotta-oskar-eftir-starfsmonnum-i-afleysingar-i-ithrottmannvirki-grottu\/\",\"name\":\"Gr\u00f3tta \u00f3skar eftir starfsm\u00f6nnum \u00ed afleysingar \u00ed \u00ed\u00fer\u00f3ttmannvirki Gr\u00f3ttu. - \u00cd\u00fer\u00f3ttaf\u00e9lagi\u00f0 Gr\u00f3tta\",\"isPartOf\":{\"@id\":\"https:\/\/grotta.is\/#website\"},\"primaryImageOfPage\":{\"@id\":\"https:\/\/grotta.is\/almennt\/grotta-oskar-eftir-starfsmonnum-i-afleysingar-i-ithrottmannvirki-grottu\/#primaryimage\"},\"image\":{\"@id\":\"https:\/\/grotta.is\/almennt\/grotta-oskar-eftir-starfsmonnum-i-afleysingar-i-ithrottmannvirki-grottu\/#primaryimage\"},\"thumbnailUrl\":\"https:\/\/grotta.is\/wp-content\/uploads\/2023\/01\/Skjamynd-2023-01-06-161916.jpg\",\"datePublished\":\"2023-01-06T16:19:59+00:00\",\"dateModified\":\"2023-01-06T16:20:03+00:00\",\"breadcrumb\":{\"@id\":\"https:\/\/grotta.is\/almennt\/grotta-oskar-eftir-starfsmonnum-i-afleysingar-i-ithrottmannvirki-grottu\/#breadcrumb\"},\"inLanguage\":\"en-US\",\"potentialAction\":[{\"@type\":\"ReadAction\",\"target\":[\"https:\/\/grotta.is\/almennt\/grotta-oskar-eftir-starfsmonnum-i-afleysingar-i-ithrottmannvirki-grottu\/\"]}]},{\"@type\":\"ImageObject\",\"inLanguage\":\"en-US\",\"@id\":\"https:\/\/grotta.is\/almennt\/grotta-oskar-eftir-starfsmonnum-i-afleysingar-i-ithrottmannvirki-grottu\/#primaryimage\",\"url\":\"https:\/\/grotta.is\/wp-content\/uploads\/2023\/01\/Skjamynd-2023-01-06-161916.jpg\",\"contentUrl\":\"https:\/\/grotta.is\/wp-content\/uploads\/2023\/01\/Skjamynd-2023-01-06-161916.jpg\",\"width\":831,\"height\":587},{\"@type\":\"BreadcrumbList\",\"@id\":\"https:\/\/grotta.is\/almennt\/grotta-oskar-eftir-starfsmonnum-i-afleysingar-i-ithrottmannvirki-grottu\/#breadcrumb\",\"itemListElement\":[{\"@type\":\"ListItem\",\"position\":1,\"name\":\"Home\",\"item\":\"https:\/\/grotta.is\/\"},{\"@type\":\"ListItem\",\"position\":2,\"name\":\"Gr\u00f3tta \u00f3skar eftir starfsm\u00f6nnum \u00ed afleysingar \u00ed \u00ed\u00fer\u00f3ttmannvirki Gr\u00f3ttu.\"}]},{\"@type\":\"WebSite\",\"@id\":\"https:\/\/grotta.is\/#website\",\"url\":\"https:\/\/grotta.is\/\",\"name\":\"\u00cd\u00fer\u00f3ttaf\u00e9lagi\u00f0 Gr\u00f3tta\",\"description\":\"\u00e1 Seltjarnarnesi\",\"publisher\":{\"@id\":\"https:\/\/grotta.is\/#organization\"},\"potentialAction\":[{\"@type\":\"SearchAction\",\"target\":{\"@type\":\"EntryPoint\",\"urlTemplate\":\"https:\/\/grotta.is\/?s={search_term_string}\"},\"query-input\":{\"@type\":\"PropertyValueSpecification\",\"valueRequired\":true,\"valueName\":\"search_term_string\"}}],\"inLanguage\":\"en-US\"},{\"@type\":\"Organization\",\"@id\":\"https:\/\/grotta.is\/#organization\",\"name\":\"\u00cd\u00fer\u00f3ttaf\u00e9lagi\u00f0 Gr\u00f3tta\",\"url\":\"https:\/\/grotta.is\/\",\"logo\":{\"@type\":\"ImageObject\",\"inLanguage\":\"en-US\",\"@id\":\"https:\/\/grotta.is\/#\/schema\/logo\/image\/\",\"url\":\"https:\/\/grotta.is\/wp-content\/uploads\/2020\/02\/ithrottafelagidgrotta_logo_512x512_transparent.png\",\"contentUrl\":\"https:\/\/grotta.is\/wp-content\/uploads\/2020\/02\/ithrottafelagidgrotta_logo_512x512_transparent.png\",\"width\":512,\"height\":512,\"caption\":\"\u00cd\u00fer\u00f3ttaf\u00e9lagi\u00f0 Gr\u00f3tta\"},\"image\":{\"@id\":\"https:\/\/grotta.is\/#\/schema\/logo\/image\/\"},\"sameAs\":[\"https:\/\/www.facebook.com\/grottasport\"]},{\"@type\":\"Person\",\"@id\":\"https:\/\/grotta.is\/#\/schema\/person\/08ec57bf09ee925f1b6a01540c14a5ce\",\"name\":\"Grotta\",\"url\":\"https:\/\/grotta.is\/en\/author\/inga\/\"}]}<\/script>\n<!-- \/ Yoast SEO plugin. -->","yoast_head_json":{"title":"Gr\u00f3tta \u00f3skar eftir starfsm\u00f6nnum \u00ed afleysingar \u00ed \u00ed\u00fer\u00f3ttmannvirki Gr\u00f3ttu. - \u00cd\u00fer\u00f3ttaf\u00e9lagi\u00f0 Gr\u00f3tta","robots":{"index":"index","follow":"follow","max-snippet":"max-snippet:-1","max-image-preview":"max-image-preview:large","max-video-preview":"max-video-preview:-1"},"canonical":"https:\/\/grotta.is\/en\/almennt\/grotta-oskar-eftir-starfsmonnum-i-afleysingar-i-ithrottmannvirki-grottu\/","og_locale":"en_US","og_type":"article","og_title":"Gr\u00f3tta \u00f3skar eftir starfsm\u00f6nnum \u00ed afleysingar \u00ed \u00ed\u00fer\u00f3ttmannvirki Gr\u00f3ttu. - \u00cd\u00fer\u00f3ttaf\u00e9lagi\u00f0 Gr\u00f3tta","og_description":"\u00cd\u00fer\u00f3ttaf\u00e9lagi\u00f0 Gr\u00f3tta \u00f3skar eftir starfsm\u00f6nnum \u00ed afleysingar \u00ed \u00ed\u00fer\u00f3ttmannvirki Gr\u00f3ttu. Gr\u00f3tta er sta\u00f0sett \u00e1 Seltjarnarnesi og innan v\u00e9banda \u00feess eru \u00ferj\u00e1r deildir; fimleikadeild, handknattleiksdeild og knattspyrnudeild. \u00cd\u00fer\u00f3ttamannvirki Gr\u00f3ttu samanstanda af [&hellip;]","og_url":"https:\/\/grotta.is\/en\/almennt\/grotta-oskar-eftir-starfsmonnum-i-afleysingar-i-ithrottmannvirki-grottu\/","og_site_name":"\u00cd\u00fer\u00f3ttaf\u00e9lagi\u00f0 Gr\u00f3tta","article_publisher":"https:\/\/www.facebook.com\/grottasport","article_published_time":"2023-01-06T16:19:59+00:00","article_modified_time":"2023-01-06T16:20:03+00:00","og_image":[{"width":831,"height":587,"url":"https:\/\/grotta.is\/wp-content\/uploads\/2023\/01\/Skjamynd-2023-01-06-161916.jpg","type":"image\/jpeg"}],"author":"Grotta","twitter_card":"summary_large_image","twitter_misc":{"Written by":"Grotta","Est. reading time":"1 minute"},"schema":{"@context":"https:\/\/schema.org","@graph":[{"@type":"Article","@id":"https:\/\/grotta.is\/almennt\/grotta-oskar-eftir-starfsmonnum-i-afleysingar-i-ithrottmannvirki-grottu\/#article","isPartOf":{"@id":"https:\/\/grotta.is\/almennt\/grotta-oskar-eftir-starfsmonnum-i-afleysingar-i-ithrottmannvirki-grottu\/"},"author":{"name":"Grotta","@id":"https:\/\/grotta.is\/#\/schema\/person\/08ec57bf09ee925f1b6a01540c14a5ce"},"headline":"Gr\u00f3tta \u00f3skar eftir starfsm\u00f6nnum \u00ed afleysingar \u00ed \u00ed\u00fer\u00f3ttmannvirki Gr\u00f3ttu.","datePublished":"2023-01-06T16:19:59+00:00","dateModified":"2023-01-06T16:20:03+00:00","mainEntityOfPage":{"@id":"https:\/\/grotta.is\/almennt\/grotta-oskar-eftir-starfsmonnum-i-afleysingar-i-ithrottmannvirki-grottu\/"},"wordCount":251,"publisher":{"@id":"https:\/\/grotta.is\/#organization"},"image":{"@id":"https:\/\/grotta.is\/almennt\/grotta-oskar-eftir-starfsmonnum-i-afleysingar-i-ithrottmannvirki-grottu\/#primaryimage"},"thumbnailUrl":"https:\/\/grotta.is\/wp-content\/uploads\/2023\/01\/Skjamynd-2023-01-06-161916.jpg","articleSection":["Almennt"],"inLanguage":"en-US"},{"@type":"WebPage","@id":"https:\/\/grotta.is\/almennt\/grotta-oskar-eftir-starfsmonnum-i-afleysingar-i-ithrottmannvirki-grottu\/","url":"https:\/\/grotta.is\/almennt\/grotta-oskar-eftir-starfsmonnum-i-afleysingar-i-ithrottmannvirki-grottu\/","name":"Gr\u00f3tta \u00f3skar eftir starfsm\u00f6nnum \u00ed afleysingar \u00ed \u00ed\u00fer\u00f3ttmannvirki Gr\u00f3ttu. - \u00cd\u00fer\u00f3ttaf\u00e9lagi\u00f0 Gr\u00f3tta","isPartOf":{"@id":"https:\/\/grotta.is\/#website"},"primaryImageOfPage":{"@id":"https:\/\/grotta.is\/almennt\/grotta-oskar-eftir-starfsmonnum-i-afleysingar-i-ithrottmannvirki-grottu\/#primaryimage"},"image":{"@id":"https:\/\/grotta.is\/almennt\/grotta-oskar-eftir-starfsmonnum-i-afleysingar-i-ithrottmannvirki-grottu\/#primaryimage"},"thumbnailUrl":"https:\/\/grotta.is\/wp-content\/uploads\/2023\/01\/Skjamynd-2023-01-06-161916.jpg","datePublished":"2023-01-06T16:19:59+00:00","dateModified":"2023-01-06T16:20:03+00:00","breadcrumb":{"@id":"https:\/\/grotta.is\/almennt\/grotta-oskar-eftir-starfsmonnum-i-afleysingar-i-ithrottmannvirki-grottu\/#breadcrumb"},"inLanguage":"en-US","potentialAction":[{"@type":"ReadAction","target":["https:\/\/grotta.is\/almennt\/grotta-oskar-eftir-starfsmonnum-i-afleysingar-i-ithrottmannvirki-grottu\/"]}]},{"@type":"ImageObject","inLanguage":"en-US","@id":"https:\/\/grotta.is\/almennt\/grotta-oskar-eftir-starfsmonnum-i-afleysingar-i-ithrottmannvirki-grottu\/#primaryimage","url":"https:\/\/grotta.is\/wp-content\/uploads\/2023\/01\/Skjamynd-2023-01-06-161916.jpg","contentUrl":"https:\/\/grotta.is\/wp-content\/uploads\/2023\/01\/Skjamynd-2023-01-06-161916.jpg","width":831,"height":587},{"@type":"BreadcrumbList","@id":"https:\/\/grotta.is\/almennt\/grotta-oskar-eftir-starfsmonnum-i-afleysingar-i-ithrottmannvirki-grottu\/#breadcrumb","itemListElement":[{"@type":"ListItem","position":1,"name":"Home","item":"https:\/\/grotta.is\/"},{"@type":"ListItem","position":2,"name":"Gr\u00f3tta \u00f3skar eftir starfsm\u00f6nnum \u00ed afleysingar \u00ed \u00ed\u00fer\u00f3ttmannvirki Gr\u00f3ttu."}]},{"@type":"WebSite","@id":"https:\/\/grotta.is\/#website","url":"https:\/\/grotta.is\/","name":"\u00cd\u00fer\u00f3ttaf\u00e9lagi\u00f0 Gr\u00f3tta","description":"\u00e1 Seltjarnarnesi","publisher":{"@id":"https:\/\/grotta.is\/#organization"},"potentialAction":[{"@type":"SearchAction","target":{"@type":"EntryPoint","urlTemplate":"https:\/\/grotta.is\/?s={search_term_string}"},"query-input":{"@type":"PropertyValueSpecification","valueRequired":true,"valueName":"search_term_string"}}],"inLanguage":"en-US"},{"@type":"Organization","@id":"https:\/\/grotta.is\/#organization","name":"\u00cd\u00fer\u00f3ttaf\u00e9lagi\u00f0 Gr\u00f3tta","url":"https:\/\/grotta.is\/","logo":{"@type":"ImageObject","inLanguage":"en-US","@id":"https:\/\/grotta.is\/#\/schema\/logo\/image\/","url":"https:\/\/grotta.is\/wp-content\/uploads\/2020\/02\/ithrottafelagidgrotta_logo_512x512_transparent.png","contentUrl":"https:\/\/grotta.is\/wp-content\/uploads\/2020\/02\/ithrottafelagidgrotta_logo_512x512_transparent.png","width":512,"height":512,"caption":"\u00cd\u00fer\u00f3ttaf\u00e9lagi\u00f0 Gr\u00f3tta"},"image":{"@id":"https:\/\/grotta.is\/#\/schema\/logo\/image\/"},"sameAs":["https:\/\/www.facebook.com\/grottasport"]},{"@type":"Person","@id":"https:\/\/grotta.is\/#\/schema\/person\/08ec57bf09ee925f1b6a01540c14a5ce","name":"Grotta","url":"https:\/\/grotta.is\/en\/author\/inga\/"}]}},"_links":{"self":[{"href":"https:\/\/grotta.is\/en\/wp-json\/wp\/v2\/posts\/412331","targetHints":{"allow":["GET"]}}],"collection":[{"href":"https:\/\/grotta.is\/en\/wp-json\/wp\/v2\/posts"}],"about":[{"href":"https:\/\/grotta.is\/en\/wp-json\/wp\/v2\/types\/post"}],"author":[{"embeddable":true,"href":"https:\/\/grotta.is\/en\/wp-json\/wp\/v2\/users\/2"}],"replies":[{"embeddable":true,"href":"https:\/\/grotta.is\/en\/wp-json\/wp\/v2\/comments?post=412331"}],"version-history":[{"count":1,"href":"https:\/\/grotta.is\/en\/wp-json\/wp\/v2\/posts\/412331\/revisions"}],"predecessor-version":[{"id":412333,"href":"https:\/\/grotta.is\/en\/wp-json\/wp\/v2\/posts\/412331\/revisions\/412333"}],"wp:featuredmedia":[{"embeddable":true,"href":"https:\/\/grotta.is\/en\/wp-json\/wp\/v2\/media\/412332"}],"wp:attachment":[{"href":"https:\/\/grotta.is\/en\/wp-json\/wp\/v2\/media?parent=412331"}],"wp:term":[{"taxonomy":"category","embeddable":true,"href":"https:\/\/grotta.is\/en\/wp-json\/wp\/v2\/categories?post=412331"},{"taxonomy":"post_tag","embeddable":true,"href":"https:\/\/grotta.is\/en\/wp-json\/wp\/v2\/tags?post=412331"}],"curies":[{"name":"wp","href":"https:\/\/api.w.org\/{rel}","templated":true}]}}