{"id":411054,"date":"2022-12-28T15:45:23","date_gmt":"2022-12-28T15:45:23","guid":{"rendered":"https:\/\/grotta.is\/?p=411054"},"modified":"2023-01-03T11:05:20","modified_gmt":"2023-01-03T11:05:20","slug":"aefingar-9-flokks-i-handbolta","status":"publish","type":"post","link":"https:\/\/grotta.is\/en\/handknattleiksdeild\/aefingar-9-flokks-i-handbolta\/","title":{"rendered":"\u00c6fingar 9.flokks \u00ed handbolta"},"content":{"rendered":"<p>Skr\u00e1ning hafin fyrir \u00e6fingar 9.flokks<\/p><p>9.flokks \u00e6fingarnar hefja g\u00f6ngu s\u00edna aftur \u00ed jan\u00faar. Fyrsta \u00e6fingin er laugardaginn 7.jan\u00faar. 30 krakkar \u00e1 leiksk\u00f3laaldri t\u00f3ku \u00fe\u00e1tt \u00e1 haust\u00f6nninni og l\u00e6r\u00f0u undirst\u00f6\u00f0uatri\u00f0in \u00ed handbolta me\u00f0 skemmtilegum leikjum og \u00e6fingum undir stj\u00f3rn \u00fej\u00e1lfara flokksins, \u00feeirra Arnd\u00edsar Mar\u00edu Erlingsd\u00f3ttur, \u00cdrisar Bjarkar S\u00edmonard\u00f3ttur og \u00feeirra g\u00f3\u00f0a a\u00f0sto\u00f0arf\u00f3lks.<\/p><p>Skr\u00e1ningin er opin fyrir vor\u00f6nnina en h\u00fan fer fram \u00ed gegnum Sportabler, https:\/\/www.sportabler.com\/shop\/grotta\/handbolti<\/p><p>\u00c1fram Gr\u00f3tta !<\/p>","protected":false},"excerpt":{"rendered":"<p>9.flokks \u00e6fingarnar hefja g\u00f6ngu s\u00edna aftur \u00ed jan\u00faar. Fyrsta \u00e6fingin er laugardaginn 7.jan\u00faar. 30 krakkar \u00e1 leiksk\u00f3laaldri t\u00f3ku \u00fe\u00e1tt \u00e1 haust\u00f6nninni og l\u00e6r\u00f0u undirst\u00f6\u00f0uatri\u00f0in \u00ed handbolta me\u00f0 skemmtilegum leikjum og \u00e6fingum undir stj\u00f3rn \u00fej\u00e1lfara flokksins, \u00feeirra Arnd\u00edsar Mar\u00edu Erlingsd\u00f3ttur, \u00cdrisar Bjarkar S\u00edmonard\u00f3ttur og \u00feeirra g\u00f3\u00f0a a\u00f0sto\u00f0arf\u00f3lks.<\/p>","protected":false},"author":10,"featured_media":411055,"comment_status":"closed","ping_status":"closed","sticky":false,"template":"","format":"standard","meta":{"footnotes":""},"categories":[12],"tags":[],"class_list":["post-411054","post","type-post","status-publish","format-standard","has-post-thumbnail","hentry","category-handknattleiksdeild"],"yoast_head":"<!-- This site is optimized with the Yoast SEO plugin v24.3 - https:\/\/yoast.com\/wordpress\/plugins\/seo\/ -->\n<title>\u00c6fingar 9.flokks \u00ed handbolta - \u00cd\u00fer\u00f3ttaf\u00e9lagi\u00f0 Gr\u00f3tta<\/title>\n<meta name=\"robots\" content=\"index, follow, max-snippet:-1, max-image-preview:large, max-video-preview:-1\" \/>\n<link rel=\"canonical\" href=\"https:\/\/grotta.is\/en\/handknattleiksdeild\/aefingar-9-flokks-i-handbolta\/\" \/>\n<meta property=\"og:locale\" content=\"en_US\" \/>\n<meta property=\"og:type\" content=\"article\" \/>\n<meta property=\"og:title\" content=\"\u00c6fingar 9.flokks \u00ed handbolta - \u00cd\u00fer\u00f3ttaf\u00e9lagi\u00f0 Gr\u00f3tta\" \/>\n<meta property=\"og:description\" content=\"9.flokks \u00e6fingarnar hefja g\u00f6ngu s\u00edna aftur \u00ed jan\u00faar. Fyrsta \u00e6fingin er laugardaginn 7.jan\u00faar. 30 krakkar \u00e1 leiksk\u00f3laaldri t\u00f3ku \u00fe\u00e1tt \u00e1 haust\u00f6nninni og l\u00e6r\u00f0u undirst\u00f6\u00f0uatri\u00f0in \u00ed handbolta me\u00f0 skemmtilegum leikjum og \u00e6fingum undir stj\u00f3rn \u00fej\u00e1lfara flokksins, \u00feeirra Arnd\u00edsar Mar\u00edu Erlingsd\u00f3ttur, \u00cdrisar Bjarkar S\u00edmonard\u00f3ttur og \u00feeirra g\u00f3\u00f0a a\u00f0sto\u00f0arf\u00f3lks.\" \/>\n<meta property=\"og:url\" content=\"https:\/\/grotta.is\/en\/handknattleiksdeild\/aefingar-9-flokks-i-handbolta\/\" \/>\n<meta property=\"og:site_name\" content=\"\u00cd\u00fer\u00f3ttaf\u00e9lagi\u00f0 Gr\u00f3tta\" \/>\n<meta property=\"article:publisher\" content=\"https:\/\/www.facebook.com\/grottasport\" \/>\n<meta property=\"article:published_time\" content=\"2022-12-28T15:45:23+00:00\" \/>\n<meta property=\"article:modified_time\" content=\"2023-01-03T11:05:20+00:00\" \/>\n<meta property=\"og:image\" content=\"https:\/\/grotta.is\/wp-content\/uploads\/2022\/12\/AEfingar-i-9.flokki-jan-april.jpg\" \/>\n\t<meta property=\"og:image:width\" content=\"1698\" \/>\n\t<meta property=\"og:image:height\" content=\"1080\" \/>\n\t<meta property=\"og:image:type\" content=\"image\/jpeg\" \/>\n<meta name=\"author\" content=\"Andri Sigf\u00fasson\" \/>\n<meta name=\"twitter:card\" content=\"summary_large_image\" \/>\n<meta name=\"twitter:label1\" content=\"Written by\" \/>\n\t<meta name=\"twitter:data1\" content=\"Andri Sigf\u00fasson\" \/>\n\t<meta name=\"twitter:label2\" content=\"Est. reading time\" \/>\n\t<meta name=\"twitter:data2\" content=\"1 minute\" \/>\n<script type=\"application\/ld+json\" class=\"yoast-schema-graph\">{\"@context\":\"https:\/\/schema.org\",\"@graph\":[{\"@type\":\"Article\",\"@id\":\"https:\/\/grotta.is\/handknattleiksdeild\/aefingar-9-flokks-i-handbolta\/#article\",\"isPartOf\":{\"@id\":\"https:\/\/grotta.is\/handknattleiksdeild\/aefingar-9-flokks-i-handbolta\/\"},\"author\":{\"name\":\"Andri Sigf\u00fasson\",\"@id\":\"https:\/\/grotta.is\/#\/schema\/person\/b21e9d5dfd92c90211e343e8d7252b1c\"},\"headline\":\"\u00c6fingar 9.flokks \u00ed handbolta\",\"datePublished\":\"2022-12-28T15:45:23+00:00\",\"dateModified\":\"2023-01-03T11:05:20+00:00\",\"mainEntityOfPage\":{\"@id\":\"https:\/\/grotta.is\/handknattleiksdeild\/aefingar-9-flokks-i-handbolta\/\"},\"wordCount\":96,\"publisher\":{\"@id\":\"https:\/\/grotta.is\/#organization\"},\"image\":{\"@id\":\"https:\/\/grotta.is\/handknattleiksdeild\/aefingar-9-flokks-i-handbolta\/#primaryimage\"},\"thumbnailUrl\":\"https:\/\/grotta.is\/wp-content\/uploads\/2022\/12\/AEfingar-i-9.flokki-jan-april.jpg\",\"articleSection\":[\"Handknattleiksdeild\"],\"inLanguage\":\"en-US\"},{\"@type\":\"WebPage\",\"@id\":\"https:\/\/grotta.is\/handknattleiksdeild\/aefingar-9-flokks-i-handbolta\/\",\"url\":\"https:\/\/grotta.is\/handknattleiksdeild\/aefingar-9-flokks-i-handbolta\/\",\"name\":\"\u00c6fingar 9.flokks \u00ed handbolta - \u00cd\u00fer\u00f3ttaf\u00e9lagi\u00f0 Gr\u00f3tta\",\"isPartOf\":{\"@id\":\"https:\/\/grotta.is\/#website\"},\"primaryImageOfPage\":{\"@id\":\"https:\/\/grotta.is\/handknattleiksdeild\/aefingar-9-flokks-i-handbolta\/#primaryimage\"},\"image\":{\"@id\":\"https:\/\/grotta.is\/handknattleiksdeild\/aefingar-9-flokks-i-handbolta\/#primaryimage\"},\"thumbnailUrl\":\"https:\/\/grotta.is\/wp-content\/uploads\/2022\/12\/AEfingar-i-9.flokki-jan-april.jpg\",\"datePublished\":\"2022-12-28T15:45:23+00:00\",\"dateModified\":\"2023-01-03T11:05:20+00:00\",\"breadcrumb\":{\"@id\":\"https:\/\/grotta.is\/handknattleiksdeild\/aefingar-9-flokks-i-handbolta\/#breadcrumb\"},\"inLanguage\":\"en-US\",\"potentialAction\":[{\"@type\":\"ReadAction\",\"target\":[\"https:\/\/grotta.is\/handknattleiksdeild\/aefingar-9-flokks-i-handbolta\/\"]}]},{\"@type\":\"ImageObject\",\"inLanguage\":\"en-US\",\"@id\":\"https:\/\/grotta.is\/handknattleiksdeild\/aefingar-9-flokks-i-handbolta\/#primaryimage\",\"url\":\"https:\/\/grotta.is\/wp-content\/uploads\/2022\/12\/AEfingar-i-9.flokki-jan-april.jpg\",\"contentUrl\":\"https:\/\/grotta.is\/wp-content\/uploads\/2022\/12\/AEfingar-i-9.flokki-jan-april.jpg\",\"width\":1698,\"height\":1080},{\"@type\":\"BreadcrumbList\",\"@id\":\"https:\/\/grotta.is\/handknattleiksdeild\/aefingar-9-flokks-i-handbolta\/#breadcrumb\",\"itemListElement\":[{\"@type\":\"ListItem\",\"position\":1,\"name\":\"Home\",\"item\":\"https:\/\/grotta.is\/\"},{\"@type\":\"ListItem\",\"position\":2,\"name\":\"\u00c6fingar 9.flokks \u00ed handbolta\"}]},{\"@type\":\"WebSite\",\"@id\":\"https:\/\/grotta.is\/#website\",\"url\":\"https:\/\/grotta.is\/\",\"name\":\"\u00cd\u00fer\u00f3ttaf\u00e9lagi\u00f0 Gr\u00f3tta\",\"description\":\"\u00e1 Seltjarnarnesi\",\"publisher\":{\"@id\":\"https:\/\/grotta.is\/#organization\"},\"potentialAction\":[{\"@type\":\"SearchAction\",\"target\":{\"@type\":\"EntryPoint\",\"urlTemplate\":\"https:\/\/grotta.is\/?s={search_term_string}\"},\"query-input\":{\"@type\":\"PropertyValueSpecification\",\"valueRequired\":true,\"valueName\":\"search_term_string\"}}],\"inLanguage\":\"en-US\"},{\"@type\":\"Organization\",\"@id\":\"https:\/\/grotta.is\/#organization\",\"name\":\"\u00cd\u00fer\u00f3ttaf\u00e9lagi\u00f0 Gr\u00f3tta\",\"url\":\"https:\/\/grotta.is\/\",\"logo\":{\"@type\":\"ImageObject\",\"inLanguage\":\"en-US\",\"@id\":\"https:\/\/grotta.is\/#\/schema\/logo\/image\/\",\"url\":\"https:\/\/grotta.is\/wp-content\/uploads\/2020\/02\/ithrottafelagidgrotta_logo_512x512_transparent.png\",\"contentUrl\":\"https:\/\/grotta.is\/wp-content\/uploads\/2020\/02\/ithrottafelagidgrotta_logo_512x512_transparent.png\",\"width\":512,\"height\":512,\"caption\":\"\u00cd\u00fer\u00f3ttaf\u00e9lagi\u00f0 Gr\u00f3tta\"},\"image\":{\"@id\":\"https:\/\/grotta.is\/#\/schema\/logo\/image\/\"},\"sameAs\":[\"https:\/\/www.facebook.com\/grottasport\"]},{\"@type\":\"Person\",\"@id\":\"https:\/\/grotta.is\/#\/schema\/person\/b21e9d5dfd92c90211e343e8d7252b1c\",\"name\":\"Andri Sigf\u00fasson\",\"url\":\"https:\/\/grotta.is\/en\/author\/andri\/\"}]}<\/script>\n<!-- \/ Yoast SEO plugin. -->","yoast_head_json":{"title":"\u00c6fingar 9.flokks \u00ed handbolta - \u00cd\u00fer\u00f3ttaf\u00e9lagi\u00f0 Gr\u00f3tta","robots":{"index":"index","follow":"follow","max-snippet":"max-snippet:-1","max-image-preview":"max-image-preview:large","max-video-preview":"max-video-preview:-1"},"canonical":"https:\/\/grotta.is\/en\/handknattleiksdeild\/aefingar-9-flokks-i-handbolta\/","og_locale":"en_US","og_type":"article","og_title":"\u00c6fingar 9.flokks \u00ed handbolta - \u00cd\u00fer\u00f3ttaf\u00e9lagi\u00f0 Gr\u00f3tta","og_description":"9.flokks \u00e6fingarnar hefja g\u00f6ngu s\u00edna aftur \u00ed jan\u00faar. Fyrsta \u00e6fingin er laugardaginn 7.jan\u00faar. 30 krakkar \u00e1 leiksk\u00f3laaldri t\u00f3ku \u00fe\u00e1tt \u00e1 haust\u00f6nninni og l\u00e6r\u00f0u undirst\u00f6\u00f0uatri\u00f0in \u00ed handbolta me\u00f0 skemmtilegum leikjum og \u00e6fingum undir stj\u00f3rn \u00fej\u00e1lfara flokksins, \u00feeirra Arnd\u00edsar Mar\u00edu Erlingsd\u00f3ttur, \u00cdrisar Bjarkar S\u00edmonard\u00f3ttur og \u00feeirra g\u00f3\u00f0a a\u00f0sto\u00f0arf\u00f3lks.","og_url":"https:\/\/grotta.is\/en\/handknattleiksdeild\/aefingar-9-flokks-i-handbolta\/","og_site_name":"\u00cd\u00fer\u00f3ttaf\u00e9lagi\u00f0 Gr\u00f3tta","article_publisher":"https:\/\/www.facebook.com\/grottasport","article_published_time":"2022-12-28T15:45:23+00:00","article_modified_time":"2023-01-03T11:05:20+00:00","og_image":[{"width":1698,"height":1080,"url":"https:\/\/grotta.is\/wp-content\/uploads\/2022\/12\/AEfingar-i-9.flokki-jan-april.jpg","type":"image\/jpeg"}],"author":"Andri Sigf\u00fasson","twitter_card":"summary_large_image","twitter_misc":{"Written by":"Andri Sigf\u00fasson","Est. reading time":"1 minute"},"schema":{"@context":"https:\/\/schema.org","@graph":[{"@type":"Article","@id":"https:\/\/grotta.is\/handknattleiksdeild\/aefingar-9-flokks-i-handbolta\/#article","isPartOf":{"@id":"https:\/\/grotta.is\/handknattleiksdeild\/aefingar-9-flokks-i-handbolta\/"},"author":{"name":"Andri Sigf\u00fasson","@id":"https:\/\/grotta.is\/#\/schema\/person\/b21e9d5dfd92c90211e343e8d7252b1c"},"headline":"\u00c6fingar 9.flokks \u00ed handbolta","datePublished":"2022-12-28T15:45:23+00:00","dateModified":"2023-01-03T11:05:20+00:00","mainEntityOfPage":{"@id":"https:\/\/grotta.is\/handknattleiksdeild\/aefingar-9-flokks-i-handbolta\/"},"wordCount":96,"publisher":{"@id":"https:\/\/grotta.is\/#organization"},"image":{"@id":"https:\/\/grotta.is\/handknattleiksdeild\/aefingar-9-flokks-i-handbolta\/#primaryimage"},"thumbnailUrl":"https:\/\/grotta.is\/wp-content\/uploads\/2022\/12\/AEfingar-i-9.flokki-jan-april.jpg","articleSection":["Handknattleiksdeild"],"inLanguage":"en-US"},{"@type":"WebPage","@id":"https:\/\/grotta.is\/handknattleiksdeild\/aefingar-9-flokks-i-handbolta\/","url":"https:\/\/grotta.is\/handknattleiksdeild\/aefingar-9-flokks-i-handbolta\/","name":"\u00c6fingar 9.flokks \u00ed handbolta - \u00cd\u00fer\u00f3ttaf\u00e9lagi\u00f0 Gr\u00f3tta","isPartOf":{"@id":"https:\/\/grotta.is\/#website"},"primaryImageOfPage":{"@id":"https:\/\/grotta.is\/handknattleiksdeild\/aefingar-9-flokks-i-handbolta\/#primaryimage"},"image":{"@id":"https:\/\/grotta.is\/handknattleiksdeild\/aefingar-9-flokks-i-handbolta\/#primaryimage"},"thumbnailUrl":"https:\/\/grotta.is\/wp-content\/uploads\/2022\/12\/AEfingar-i-9.flokki-jan-april.jpg","datePublished":"2022-12-28T15:45:23+00:00","dateModified":"2023-01-03T11:05:20+00:00","breadcrumb":{"@id":"https:\/\/grotta.is\/handknattleiksdeild\/aefingar-9-flokks-i-handbolta\/#breadcrumb"},"inLanguage":"en-US","potentialAction":[{"@type":"ReadAction","target":["https:\/\/grotta.is\/handknattleiksdeild\/aefingar-9-flokks-i-handbolta\/"]}]},{"@type":"ImageObject","inLanguage":"en-US","@id":"https:\/\/grotta.is\/handknattleiksdeild\/aefingar-9-flokks-i-handbolta\/#primaryimage","url":"https:\/\/grotta.is\/wp-content\/uploads\/2022\/12\/AEfingar-i-9.flokki-jan-april.jpg","contentUrl":"https:\/\/grotta.is\/wp-content\/uploads\/2022\/12\/AEfingar-i-9.flokki-jan-april.jpg","width":1698,"height":1080},{"@type":"BreadcrumbList","@id":"https:\/\/grotta.is\/handknattleiksdeild\/aefingar-9-flokks-i-handbolta\/#breadcrumb","itemListElement":[{"@type":"ListItem","position":1,"name":"Home","item":"https:\/\/grotta.is\/"},{"@type":"ListItem","position":2,"name":"\u00c6fingar 9.flokks \u00ed handbolta"}]},{"@type":"WebSite","@id":"https:\/\/grotta.is\/#website","url":"https:\/\/grotta.is\/","name":"\u00cd\u00fer\u00f3ttaf\u00e9lagi\u00f0 Gr\u00f3tta","description":"\u00e1 Seltjarnarnesi","publisher":{"@id":"https:\/\/grotta.is\/#organization"},"potentialAction":[{"@type":"SearchAction","target":{"@type":"EntryPoint","urlTemplate":"https:\/\/grotta.is\/?s={search_term_string}"},"query-input":{"@type":"PropertyValueSpecification","valueRequired":true,"valueName":"search_term_string"}}],"inLanguage":"en-US"},{"@type":"Organization","@id":"https:\/\/grotta.is\/#organization","name":"\u00cd\u00fer\u00f3ttaf\u00e9lagi\u00f0 Gr\u00f3tta","url":"https:\/\/grotta.is\/","logo":{"@type":"ImageObject","inLanguage":"en-US","@id":"https:\/\/grotta.is\/#\/schema\/logo\/image\/","url":"https:\/\/grotta.is\/wp-content\/uploads\/2020\/02\/ithrottafelagidgrotta_logo_512x512_transparent.png","contentUrl":"https:\/\/grotta.is\/wp-content\/uploads\/2020\/02\/ithrottafelagidgrotta_logo_512x512_transparent.png","width":512,"height":512,"caption":"\u00cd\u00fer\u00f3ttaf\u00e9lagi\u00f0 Gr\u00f3tta"},"image":{"@id":"https:\/\/grotta.is\/#\/schema\/logo\/image\/"},"sameAs":["https:\/\/www.facebook.com\/grottasport"]},{"@type":"Person","@id":"https:\/\/grotta.is\/#\/schema\/person\/b21e9d5dfd92c90211e343e8d7252b1c","name":"Andri Sigf\u00fasson","url":"https:\/\/grotta.is\/en\/author\/andri\/"}]}},"_links":{"self":[{"href":"https:\/\/grotta.is\/en\/wp-json\/wp\/v2\/posts\/411054","targetHints":{"allow":["GET"]}}],"collection":[{"href":"https:\/\/grotta.is\/en\/wp-json\/wp\/v2\/posts"}],"about":[{"href":"https:\/\/grotta.is\/en\/wp-json\/wp\/v2\/types\/post"}],"author":[{"embeddable":true,"href":"https:\/\/grotta.is\/en\/wp-json\/wp\/v2\/users\/10"}],"replies":[{"embeddable":true,"href":"https:\/\/grotta.is\/en\/wp-json\/wp\/v2\/comments?post=411054"}],"version-history":[{"count":2,"href":"https:\/\/grotta.is\/en\/wp-json\/wp\/v2\/posts\/411054\/revisions"}],"predecessor-version":[{"id":411375,"href":"https:\/\/grotta.is\/en\/wp-json\/wp\/v2\/posts\/411054\/revisions\/411375"}],"wp:featuredmedia":[{"embeddable":true,"href":"https:\/\/grotta.is\/en\/wp-json\/wp\/v2\/media\/411055"}],"wp:attachment":[{"href":"https:\/\/grotta.is\/en\/wp-json\/wp\/v2\/media?parent=411054"}],"wp:term":[{"taxonomy":"category","embeddable":true,"href":"https:\/\/grotta.is\/en\/wp-json\/wp\/v2\/categories?post=411054"},{"taxonomy":"post_tag","embeddable":true,"href":"https:\/\/grotta.is\/en\/wp-json\/wp\/v2\/tags?post=411054"}],"curies":[{"name":"wp","href":"https:\/\/api.w.org\/{rel}","templated":true}]}}