{"id":410295,"date":"2022-12-14T14:55:17","date_gmt":"2022-12-14T14:55:17","guid":{"rendered":"https:\/\/grotta.is\/?p=410295"},"modified":"2023-01-03T14:36:31","modified_gmt":"2023-01-03T14:36:31","slug":"jolakort-grottu-2022","status":"publish","type":"post","link":"https:\/\/grotta.is\/en\/almennt\/jolakort-grottu-2022\/","title":{"rendered":"J\u00f3lakort Gr\u00f3ttu 2022"},"content":{"rendered":"<p>J\u00f3lakortsamkeppni Gr\u00f3ttu var haldin \u00ed fj\u00f3r\u00f0a skipti n\u00fa fyrir j\u00f3lin.<\/p><p>Eins og fyrri \u00e1r efndum vi\u00f0 til teiknisamkeppni \u00ed 4. bekk M\u00fdrarh\u00fasask\u00f3la um a\u00f0 velja teikningu sem pr\u00ed\u00f0ir j\u00f3lakorti\u00f0 \u00ed \u00e1r.<\/p><p>Laufey Beite P\u00e1lsd\u00f3ttir \u00e1tti teikninguna sem var\u00f0 hlutsk\u00f6rpust og h\u00fan pr\u00fd\u00f0ir j\u00f3lakort f\u00e9lagsins \u00e1ri\u00f0 2022. Auk \u00feess voru veitt ver\u00f0laun fyrir 3 a\u00f0rar teikningar en \u00fe\u00e6r teiknu\u00f0u Au\u00f0ur El\u00edn \u00de\u00f3r\u00f0ard\u00f3ttir, Hei\u00f0a Nielsen og Krist\u00edn Sara S\u00f6lvad\u00f3ttir. Vi\u00f0 viljum \u00feakka sk\u00f3lastj\u00f3rnendum \u00ed M\u00fdrarh\u00fasask\u00f3la fyrir samstarfi\u00f0 \u00ed \u00e1r og er \u00feessi vi\u00f0bur\u00f0ur a\u00f0 festa sig \u00ed sessi sem \u00e1rleg hef\u00f0 hj\u00e1 f\u00e9laginu <img decoding=\"async\" height=\"16\" width=\"16\" data-src=\"https:\/\/static.xx.fbcdn.net\/images\/emoji.php\/v9\/t60\/1.5\/16\/1f384.png\" alt=\"?\" src=\"data:image\/gif;base64,R0lGODlhAQABAAAAACH5BAEKAAEALAAAAAABAAEAAAICTAEAOw==\" class=\"lazyload\" style=\"--smush-placeholder-width: 16px; --smush-placeholder-aspect-ratio: 16\/16;\"><\/p><figure class=\"wp-block-image size-large\"><img fetchpriority=\"high\" decoding=\"async\" width=\"729\" height=\"1024\" src=\"https:\/\/grotta.is\/wp-content\/uploads\/2022\/12\/Laufey-Beite-4-GVG-sigurkortid-729x1024.jpg\" alt=\"\" class=\"wp-image-410293\" srcset=\"https:\/\/grotta.is\/wp-content\/uploads\/2022\/12\/Laufey-Beite-4-GVG-sigurkortid-729x1024.jpg 729w, https:\/\/grotta.is\/wp-content\/uploads\/2022\/12\/Laufey-Beite-4-GVG-sigurkortid-213x300.jpg 213w, https:\/\/grotta.is\/wp-content\/uploads\/2022\/12\/Laufey-Beite-4-GVG-sigurkortid-768x1079.jpg 768w, https:\/\/grotta.is\/wp-content\/uploads\/2022\/12\/Laufey-Beite-4-GVG-sigurkortid-1093x1536.jpg 1093w, https:\/\/grotta.is\/wp-content\/uploads\/2022\/12\/Laufey-Beite-4-GVG-sigurkortid-1457x2048.jpg 1457w, https:\/\/grotta.is\/wp-content\/uploads\/2022\/12\/Laufey-Beite-4-GVG-sigurkortid-9x12.jpg 9w, https:\/\/grotta.is\/wp-content\/uploads\/2022\/12\/Laufey-Beite-4-GVG-sigurkortid-600x843.jpg 600w, https:\/\/grotta.is\/wp-content\/uploads\/2022\/12\/Laufey-Beite-4-GVG-sigurkortid-scaled.jpg 1821w\" sizes=\"(max-width: 729px) 100vw, 729px\" \/><\/figure><figure class=\"wp-block-image size-large\"><img decoding=\"async\" width=\"768\" height=\"1024\" data-src=\"https:\/\/grotta.is\/wp-content\/uploads\/2022\/12\/vinningshafi-768x1024.jpg\" alt=\"\" class=\"wp-image-410292 lazyload\" data-srcset=\"https:\/\/grotta.is\/wp-content\/uploads\/2022\/12\/vinningshafi-768x1024.jpg 768w, https:\/\/grotta.is\/wp-content\/uploads\/2022\/12\/vinningshafi-225x300.jpg 225w, https:\/\/grotta.is\/wp-content\/uploads\/2022\/12\/vinningshafi-1152x1536.jpg 1152w, https:\/\/grotta.is\/wp-content\/uploads\/2022\/12\/vinningshafi-1536x2048.jpg 1536w, https:\/\/grotta.is\/wp-content\/uploads\/2022\/12\/vinningshafi-9x12.jpg 9w, https:\/\/grotta.is\/wp-content\/uploads\/2022\/12\/vinningshafi-600x800.jpg 600w, https:\/\/grotta.is\/wp-content\/uploads\/2022\/12\/vinningshafi-scaled.jpg 1920w\" data-sizes=\"(max-width: 768px) 100vw, 768px\" src=\"data:image\/gif;base64,R0lGODlhAQABAAAAACH5BAEKAAEALAAAAAABAAEAAAICTAEAOw==\" style=\"--smush-placeholder-width: 768px; --smush-placeholder-aspect-ratio: 768\/1024;\" \/><\/figure>","protected":false},"excerpt":{"rendered":"<p>Eins og fyrri \u00e1r efndum vi\u00f0 til teiknisamkeppni \u00ed 4. bekk M\u00fdrarh\u00fasask\u00f3la um a\u00f0 velja teikningu sem pr\u00ed\u00f0ir j\u00f3lakorti\u00f0 \u00ed \u00e1r. Laufey Beite P\u00e1lsd\u00f3ttir \u00e1tti teikninguna sem var\u00f0 hlutsk\u00f6rpust og h\u00fan pr\u00fd\u00f0ir j\u00f3lakort f\u00e9lagsins \u00e1ri\u00f0 2022.<\/p>","protected":false},"author":2,"featured_media":410296,"comment_status":"closed","ping_status":"closed","sticky":false,"template":"","format":"standard","meta":{"footnotes":""},"categories":[4],"tags":[],"class_list":["post-410295","post","type-post","status-publish","format-standard","has-post-thumbnail","hentry","category-almennt"],"yoast_head":"<!-- This site is optimized with the Yoast SEO plugin v24.3 - https:\/\/yoast.com\/wordpress\/plugins\/seo\/ -->\n<title>J\u00f3lakort Gr\u00f3ttu 2022 - \u00cd\u00fer\u00f3ttaf\u00e9lagi\u00f0 Gr\u00f3tta<\/title>\n<meta name=\"robots\" content=\"index, follow, max-snippet:-1, max-image-preview:large, max-video-preview:-1\" \/>\n<link rel=\"canonical\" href=\"https:\/\/grotta.is\/en\/almennt\/jolakort-grottu-2022\/\" \/>\n<meta property=\"og:locale\" content=\"en_US\" \/>\n<meta property=\"og:type\" content=\"article\" \/>\n<meta property=\"og:title\" content=\"J\u00f3lakort Gr\u00f3ttu 2022 - \u00cd\u00fer\u00f3ttaf\u00e9lagi\u00f0 Gr\u00f3tta\" \/>\n<meta property=\"og:description\" content=\"Eins og fyrri \u00e1r efndum vi\u00f0 til teiknisamkeppni \u00ed 4. bekk M\u00fdrarh\u00fasask\u00f3la um a\u00f0 velja teikningu sem pr\u00ed\u00f0ir j\u00f3lakorti\u00f0 \u00ed \u00e1r. Laufey Beite P\u00e1lsd\u00f3ttir \u00e1tti teikninguna sem var\u00f0 hlutsk\u00f6rpust og h\u00fan pr\u00fd\u00f0ir j\u00f3lakort f\u00e9lagsins \u00e1ri\u00f0 2022.\" \/>\n<meta property=\"og:url\" content=\"https:\/\/grotta.is\/en\/almennt\/jolakort-grottu-2022\/\" \/>\n<meta property=\"og:site_name\" content=\"\u00cd\u00fer\u00f3ttaf\u00e9lagi\u00f0 Gr\u00f3tta\" \/>\n<meta property=\"article:publisher\" content=\"https:\/\/www.facebook.com\/grottasport\" \/>\n<meta property=\"article:published_time\" content=\"2022-12-14T14:55:17+00:00\" \/>\n<meta property=\"article:modified_time\" content=\"2023-01-03T14:36:31+00:00\" \/>\n<meta property=\"og:image\" content=\"https:\/\/grotta.is\/wp-content\/uploads\/2022\/12\/samsett-mynd-2.jpg\" \/>\n\t<meta property=\"og:image:width\" content=\"1257\" \/>\n\t<meta property=\"og:image:height\" content=\"857\" \/>\n\t<meta property=\"og:image:type\" content=\"image\/jpeg\" \/>\n<meta name=\"author\" content=\"Grotta\" \/>\n<meta name=\"twitter:card\" content=\"summary_large_image\" \/>\n<meta name=\"twitter:label1\" content=\"Written by\" \/>\n\t<meta name=\"twitter:data1\" content=\"Grotta\" \/>\n\t<meta name=\"twitter:label2\" content=\"Est. reading time\" \/>\n\t<meta name=\"twitter:data2\" content=\"2 minutes\" \/>\n<script type=\"application\/ld+json\" class=\"yoast-schema-graph\">{\"@context\":\"https:\/\/schema.org\",\"@graph\":[{\"@type\":\"Article\",\"@id\":\"https:\/\/grotta.is\/almennt\/jolakort-grottu-2022\/#article\",\"isPartOf\":{\"@id\":\"https:\/\/grotta.is\/almennt\/jolakort-grottu-2022\/\"},\"author\":{\"name\":\"Grotta\",\"@id\":\"https:\/\/grotta.is\/#\/schema\/person\/08ec57bf09ee925f1b6a01540c14a5ce\"},\"headline\":\"J\u00f3lakort Gr\u00f3ttu 2022\",\"datePublished\":\"2022-12-14T14:55:17+00:00\",\"dateModified\":\"2023-01-03T14:36:31+00:00\",\"mainEntityOfPage\":{\"@id\":\"https:\/\/grotta.is\/almennt\/jolakort-grottu-2022\/\"},\"wordCount\":122,\"publisher\":{\"@id\":\"https:\/\/grotta.is\/#organization\"},\"image\":{\"@id\":\"https:\/\/grotta.is\/almennt\/jolakort-grottu-2022\/#primaryimage\"},\"thumbnailUrl\":\"https:\/\/grotta.is\/wp-content\/uploads\/2022\/12\/samsett-mynd-2.jpg\",\"articleSection\":[\"Almennt\"],\"inLanguage\":\"en-US\"},{\"@type\":\"WebPage\",\"@id\":\"https:\/\/grotta.is\/almennt\/jolakort-grottu-2022\/\",\"url\":\"https:\/\/grotta.is\/almennt\/jolakort-grottu-2022\/\",\"name\":\"J\u00f3lakort Gr\u00f3ttu 2022 - \u00cd\u00fer\u00f3ttaf\u00e9lagi\u00f0 Gr\u00f3tta\",\"isPartOf\":{\"@id\":\"https:\/\/grotta.is\/#website\"},\"primaryImageOfPage\":{\"@id\":\"https:\/\/grotta.is\/almennt\/jolakort-grottu-2022\/#primaryimage\"},\"image\":{\"@id\":\"https:\/\/grotta.is\/almennt\/jolakort-grottu-2022\/#primaryimage\"},\"thumbnailUrl\":\"https:\/\/grotta.is\/wp-content\/uploads\/2022\/12\/samsett-mynd-2.jpg\",\"datePublished\":\"2022-12-14T14:55:17+00:00\",\"dateModified\":\"2023-01-03T14:36:31+00:00\",\"breadcrumb\":{\"@id\":\"https:\/\/grotta.is\/almennt\/jolakort-grottu-2022\/#breadcrumb\"},\"inLanguage\":\"en-US\",\"potentialAction\":[{\"@type\":\"ReadAction\",\"target\":[\"https:\/\/grotta.is\/almennt\/jolakort-grottu-2022\/\"]}]},{\"@type\":\"ImageObject\",\"inLanguage\":\"en-US\",\"@id\":\"https:\/\/grotta.is\/almennt\/jolakort-grottu-2022\/#primaryimage\",\"url\":\"https:\/\/grotta.is\/wp-content\/uploads\/2022\/12\/samsett-mynd-2.jpg\",\"contentUrl\":\"https:\/\/grotta.is\/wp-content\/uploads\/2022\/12\/samsett-mynd-2.jpg\",\"width\":1257,\"height\":857},{\"@type\":\"BreadcrumbList\",\"@id\":\"https:\/\/grotta.is\/almennt\/jolakort-grottu-2022\/#breadcrumb\",\"itemListElement\":[{\"@type\":\"ListItem\",\"position\":1,\"name\":\"Home\",\"item\":\"https:\/\/grotta.is\/\"},{\"@type\":\"ListItem\",\"position\":2,\"name\":\"J\u00f3lakort Gr\u00f3ttu 2022\"}]},{\"@type\":\"WebSite\",\"@id\":\"https:\/\/grotta.is\/#website\",\"url\":\"https:\/\/grotta.is\/\",\"name\":\"\u00cd\u00fer\u00f3ttaf\u00e9lagi\u00f0 Gr\u00f3tta\",\"description\":\"\u00e1 Seltjarnarnesi\",\"publisher\":{\"@id\":\"https:\/\/grotta.is\/#organization\"},\"potentialAction\":[{\"@type\":\"SearchAction\",\"target\":{\"@type\":\"EntryPoint\",\"urlTemplate\":\"https:\/\/grotta.is\/?s={search_term_string}\"},\"query-input\":{\"@type\":\"PropertyValueSpecification\",\"valueRequired\":true,\"valueName\":\"search_term_string\"}}],\"inLanguage\":\"en-US\"},{\"@type\":\"Organization\",\"@id\":\"https:\/\/grotta.is\/#organization\",\"name\":\"\u00cd\u00fer\u00f3ttaf\u00e9lagi\u00f0 Gr\u00f3tta\",\"url\":\"https:\/\/grotta.is\/\",\"logo\":{\"@type\":\"ImageObject\",\"inLanguage\":\"en-US\",\"@id\":\"https:\/\/grotta.is\/#\/schema\/logo\/image\/\",\"url\":\"https:\/\/grotta.is\/wp-content\/uploads\/2020\/02\/ithrottafelagidgrotta_logo_512x512_transparent.png\",\"contentUrl\":\"https:\/\/grotta.is\/wp-content\/uploads\/2020\/02\/ithrottafelagidgrotta_logo_512x512_transparent.png\",\"width\":512,\"height\":512,\"caption\":\"\u00cd\u00fer\u00f3ttaf\u00e9lagi\u00f0 Gr\u00f3tta\"},\"image\":{\"@id\":\"https:\/\/grotta.is\/#\/schema\/logo\/image\/\"},\"sameAs\":[\"https:\/\/www.facebook.com\/grottasport\"]},{\"@type\":\"Person\",\"@id\":\"https:\/\/grotta.is\/#\/schema\/person\/08ec57bf09ee925f1b6a01540c14a5ce\",\"name\":\"Grotta\",\"url\":\"https:\/\/grotta.is\/en\/author\/inga\/\"}]}<\/script>\n<!-- \/ Yoast SEO plugin. -->","yoast_head_json":{"title":"J\u00f3lakort Gr\u00f3ttu 2022 - \u00cd\u00fer\u00f3ttaf\u00e9lagi\u00f0 Gr\u00f3tta","robots":{"index":"index","follow":"follow","max-snippet":"max-snippet:-1","max-image-preview":"max-image-preview:large","max-video-preview":"max-video-preview:-1"},"canonical":"https:\/\/grotta.is\/en\/almennt\/jolakort-grottu-2022\/","og_locale":"en_US","og_type":"article","og_title":"J\u00f3lakort Gr\u00f3ttu 2022 - \u00cd\u00fer\u00f3ttaf\u00e9lagi\u00f0 Gr\u00f3tta","og_description":"Eins og fyrri \u00e1r efndum vi\u00f0 til teiknisamkeppni \u00ed 4. bekk M\u00fdrarh\u00fasask\u00f3la um a\u00f0 velja teikningu sem pr\u00ed\u00f0ir j\u00f3lakorti\u00f0 \u00ed \u00e1r. Laufey Beite P\u00e1lsd\u00f3ttir \u00e1tti teikninguna sem var\u00f0 hlutsk\u00f6rpust og h\u00fan pr\u00fd\u00f0ir j\u00f3lakort f\u00e9lagsins \u00e1ri\u00f0 2022.","og_url":"https:\/\/grotta.is\/en\/almennt\/jolakort-grottu-2022\/","og_site_name":"\u00cd\u00fer\u00f3ttaf\u00e9lagi\u00f0 Gr\u00f3tta","article_publisher":"https:\/\/www.facebook.com\/grottasport","article_published_time":"2022-12-14T14:55:17+00:00","article_modified_time":"2023-01-03T14:36:31+00:00","og_image":[{"width":1257,"height":857,"url":"https:\/\/grotta.is\/wp-content\/uploads\/2022\/12\/samsett-mynd-2.jpg","type":"image\/jpeg"}],"author":"Grotta","twitter_card":"summary_large_image","twitter_misc":{"Written by":"Grotta","Est. reading time":"2 minutes"},"schema":{"@context":"https:\/\/schema.org","@graph":[{"@type":"Article","@id":"https:\/\/grotta.is\/almennt\/jolakort-grottu-2022\/#article","isPartOf":{"@id":"https:\/\/grotta.is\/almennt\/jolakort-grottu-2022\/"},"author":{"name":"Grotta","@id":"https:\/\/grotta.is\/#\/schema\/person\/08ec57bf09ee925f1b6a01540c14a5ce"},"headline":"J\u00f3lakort Gr\u00f3ttu 2022","datePublished":"2022-12-14T14:55:17+00:00","dateModified":"2023-01-03T14:36:31+00:00","mainEntityOfPage":{"@id":"https:\/\/grotta.is\/almennt\/jolakort-grottu-2022\/"},"wordCount":122,"publisher":{"@id":"https:\/\/grotta.is\/#organization"},"image":{"@id":"https:\/\/grotta.is\/almennt\/jolakort-grottu-2022\/#primaryimage"},"thumbnailUrl":"https:\/\/grotta.is\/wp-content\/uploads\/2022\/12\/samsett-mynd-2.jpg","articleSection":["Almennt"],"inLanguage":"en-US"},{"@type":"WebPage","@id":"https:\/\/grotta.is\/almennt\/jolakort-grottu-2022\/","url":"https:\/\/grotta.is\/almennt\/jolakort-grottu-2022\/","name":"J\u00f3lakort Gr\u00f3ttu 2022 - \u00cd\u00fer\u00f3ttaf\u00e9lagi\u00f0 Gr\u00f3tta","isPartOf":{"@id":"https:\/\/grotta.is\/#website"},"primaryImageOfPage":{"@id":"https:\/\/grotta.is\/almennt\/jolakort-grottu-2022\/#primaryimage"},"image":{"@id":"https:\/\/grotta.is\/almennt\/jolakort-grottu-2022\/#primaryimage"},"thumbnailUrl":"https:\/\/grotta.is\/wp-content\/uploads\/2022\/12\/samsett-mynd-2.jpg","datePublished":"2022-12-14T14:55:17+00:00","dateModified":"2023-01-03T14:36:31+00:00","breadcrumb":{"@id":"https:\/\/grotta.is\/almennt\/jolakort-grottu-2022\/#breadcrumb"},"inLanguage":"en-US","potentialAction":[{"@type":"ReadAction","target":["https:\/\/grotta.is\/almennt\/jolakort-grottu-2022\/"]}]},{"@type":"ImageObject","inLanguage":"en-US","@id":"https:\/\/grotta.is\/almennt\/jolakort-grottu-2022\/#primaryimage","url":"https:\/\/grotta.is\/wp-content\/uploads\/2022\/12\/samsett-mynd-2.jpg","contentUrl":"https:\/\/grotta.is\/wp-content\/uploads\/2022\/12\/samsett-mynd-2.jpg","width":1257,"height":857},{"@type":"BreadcrumbList","@id":"https:\/\/grotta.is\/almennt\/jolakort-grottu-2022\/#breadcrumb","itemListElement":[{"@type":"ListItem","position":1,"name":"Home","item":"https:\/\/grotta.is\/"},{"@type":"ListItem","position":2,"name":"J\u00f3lakort Gr\u00f3ttu 2022"}]},{"@type":"WebSite","@id":"https:\/\/grotta.is\/#website","url":"https:\/\/grotta.is\/","name":"\u00cd\u00fer\u00f3ttaf\u00e9lagi\u00f0 Gr\u00f3tta","description":"\u00e1 Seltjarnarnesi","publisher":{"@id":"https:\/\/grotta.is\/#organization"},"potentialAction":[{"@type":"SearchAction","target":{"@type":"EntryPoint","urlTemplate":"https:\/\/grotta.is\/?s={search_term_string}"},"query-input":{"@type":"PropertyValueSpecification","valueRequired":true,"valueName":"search_term_string"}}],"inLanguage":"en-US"},{"@type":"Organization","@id":"https:\/\/grotta.is\/#organization","name":"\u00cd\u00fer\u00f3ttaf\u00e9lagi\u00f0 Gr\u00f3tta","url":"https:\/\/grotta.is\/","logo":{"@type":"ImageObject","inLanguage":"en-US","@id":"https:\/\/grotta.is\/#\/schema\/logo\/image\/","url":"https:\/\/grotta.is\/wp-content\/uploads\/2020\/02\/ithrottafelagidgrotta_logo_512x512_transparent.png","contentUrl":"https:\/\/grotta.is\/wp-content\/uploads\/2020\/02\/ithrottafelagidgrotta_logo_512x512_transparent.png","width":512,"height":512,"caption":"\u00cd\u00fer\u00f3ttaf\u00e9lagi\u00f0 Gr\u00f3tta"},"image":{"@id":"https:\/\/grotta.is\/#\/schema\/logo\/image\/"},"sameAs":["https:\/\/www.facebook.com\/grottasport"]},{"@type":"Person","@id":"https:\/\/grotta.is\/#\/schema\/person\/08ec57bf09ee925f1b6a01540c14a5ce","name":"Grotta","url":"https:\/\/grotta.is\/en\/author\/inga\/"}]}},"_links":{"self":[{"href":"https:\/\/grotta.is\/en\/wp-json\/wp\/v2\/posts\/410295","targetHints":{"allow":["GET"]}}],"collection":[{"href":"https:\/\/grotta.is\/en\/wp-json\/wp\/v2\/posts"}],"about":[{"href":"https:\/\/grotta.is\/en\/wp-json\/wp\/v2\/types\/post"}],"author":[{"embeddable":true,"href":"https:\/\/grotta.is\/en\/wp-json\/wp\/v2\/users\/2"}],"replies":[{"embeddable":true,"href":"https:\/\/grotta.is\/en\/wp-json\/wp\/v2\/comments?post=410295"}],"version-history":[{"count":2,"href":"https:\/\/grotta.is\/en\/wp-json\/wp\/v2\/posts\/410295\/revisions"}],"predecessor-version":[{"id":411412,"href":"https:\/\/grotta.is\/en\/wp-json\/wp\/v2\/posts\/410295\/revisions\/411412"}],"wp:featuredmedia":[{"embeddable":true,"href":"https:\/\/grotta.is\/en\/wp-json\/wp\/v2\/media\/410296"}],"wp:attachment":[{"href":"https:\/\/grotta.is\/en\/wp-json\/wp\/v2\/media?parent=410295"}],"wp:term":[{"taxonomy":"category","embeddable":true,"href":"https:\/\/grotta.is\/en\/wp-json\/wp\/v2\/categories?post=410295"},{"taxonomy":"post_tag","embeddable":true,"href":"https:\/\/grotta.is\/en\/wp-json\/wp\/v2\/tags?post=410295"}],"curies":[{"name":"wp","href":"https:\/\/api.w.org\/{rel}","templated":true}]}}