{"id":409789,"date":"2022-12-06T10:12:26","date_gmt":"2022-12-06T10:12:26","guid":{"rendered":"https:\/\/grotta.is\/?p=409789"},"modified":"2022-12-06T10:41:48","modified_gmt":"2022-12-06T10:41:48","slug":"midasala-a-thorrablotid-hefst-kl-1200-i-dag","status":"publish","type":"post","link":"https:\/\/grotta.is\/en\/almennt\/midasala-a-thorrablotid-hefst-kl-1200-i-dag\/","title":{"rendered":"Mi\u00f0asala \u00e1 \u00deorrabl\u00f3ti\u00f0 hefst kl. 12:00 \u00ed dag"},"content":{"rendered":"<p>\u00deorrabl\u00f3t Seltjarnarness ver\u00f0ur \u00ed \u00ed\u00fer\u00f3ttah\u00fasi Gr\u00f3ttu laugardaginn 28. jan\u00faar. Mi\u00f0asala hefst \u00e1 Tix.is \u00ed dag (\u00feri\u00f0judaginn 6.des) kl. 12:00 <a href=\"https:\/\/tix.is\/is\/event\/14593\/-orrablot-seltjarnarness\">tix.is\/is\/event\/14593\/-orrablot-seltjarnarness<\/a><\/p><p><strong>DAGSKR\u00c1:<\/strong><\/p><ul class=\"wp-block-list\"><li>Veislustj\u00f3ri: \u00c1rni Helgason<\/li>\n\n<li>Uppistand: Snj\u00f3laug L\u00fa\u00f0v\u00edksd\u00f3ttir<\/li>\n\n<li>T\u00f3nlistaratri\u00f0i: BUBBI MORTHENS<\/li>\n\n<li>D\u00f3ra J\u00fal\u00eda &amp; Anna Rakel leika fyrir trylltum dansi fram \u00e1 n\u00f3tt<\/li><\/ul><p>MI\u00d0AVER\u00d0: 13.900 kr<\/p><p>Bor\u00f0apantanir <a href=\"mailto:gullijons@grotta.is\">gullijons@grotta.is<\/a><\/p><p>N\u00e1nari uppl\u00fdsingar munu birtast reglulega \u00ed Facebook vi\u00f0bur\u00f0i &#8222;<a href=\"https:\/\/fb.me\/e\/2kw8JSwtI\">\u00deorrabl\u00f3t Seltjarnarness 2023<\/a>&#8222;.<\/p><p><strong>Er \u00feinn h\u00f3pur kl\u00e1r ? \u00de\u00fa vilt ekki missa af \u00feessu.<\/strong><\/p><p>TRYGG\u00d0U \u00de\u00c9R MI\u00d0A \u00c1\u00d0UR EN \u00deA\u00d0 VER\u00d0UR UPPSELT !<\/p>","protected":false},"excerpt":{"rendered":"<p>\u00deorrabl\u00f3t Seltjarnarness ver\u00f0ur \u00ed \u00ed\u00fer\u00f3ttah\u00fasi Gr\u00f3ttu laugardaginn 28. jan\u00faar. Mi\u00f0asala hefst \u00e1 Tix.is \u00ed dag (\u00feri\u00f0judaginn 6.des) kl. 12:00<\/p>","protected":false},"author":2,"featured_media":409788,"comment_status":"closed","ping_status":"closed","sticky":false,"template":"","format":"standard","meta":{"footnotes":""},"categories":[4,9,12,7],"tags":[],"class_list":["post-409789","post","type-post","status-publish","format-standard","has-post-thumbnail","hentry","category-almennt","category-fimleikadeild","category-handknattleiksdeild","category-knattspyrnudeild"],"yoast_head":"<!-- This site is optimized with the Yoast SEO plugin v24.3 - https:\/\/yoast.com\/wordpress\/plugins\/seo\/ -->\n<title>Mi\u00f0asala \u00e1 \u00deorrabl\u00f3ti\u00f0 hefst kl. 12:00 \u00ed dag - \u00cd\u00fer\u00f3ttaf\u00e9lagi\u00f0 Gr\u00f3tta<\/title>\n<meta name=\"robots\" content=\"index, follow, max-snippet:-1, max-image-preview:large, max-video-preview:-1\" \/>\n<link rel=\"canonical\" href=\"https:\/\/grotta.is\/en\/almennt\/midasala-a-thorrablotid-hefst-kl-1200-i-dag\/\" \/>\n<meta property=\"og:locale\" content=\"en_US\" \/>\n<meta property=\"og:type\" content=\"article\" \/>\n<meta property=\"og:title\" content=\"Mi\u00f0asala \u00e1 \u00deorrabl\u00f3ti\u00f0 hefst kl. 12:00 \u00ed dag - \u00cd\u00fer\u00f3ttaf\u00e9lagi\u00f0 Gr\u00f3tta\" \/>\n<meta property=\"og:description\" content=\"\u00deorrabl\u00f3t Seltjarnarness ver\u00f0ur \u00ed \u00ed\u00fer\u00f3ttah\u00fasi Gr\u00f3ttu laugardaginn 28. jan\u00faar. Mi\u00f0asala hefst \u00e1 Tix.is \u00ed dag (\u00feri\u00f0judaginn 6.des) kl. 12:00\" \/>\n<meta property=\"og:url\" content=\"https:\/\/grotta.is\/en\/almennt\/midasala-a-thorrablotid-hefst-kl-1200-i-dag\/\" \/>\n<meta property=\"og:site_name\" content=\"\u00cd\u00fer\u00f3ttaf\u00e9lagi\u00f0 Gr\u00f3tta\" \/>\n<meta property=\"article:publisher\" content=\"https:\/\/www.facebook.com\/grottasport\" \/>\n<meta property=\"article:published_time\" content=\"2022-12-06T10:12:26+00:00\" \/>\n<meta property=\"article:modified_time\" content=\"2022-12-06T10:41:48+00:00\" \/>\n<meta property=\"og:image\" content=\"https:\/\/grotta.is\/wp-content\/uploads\/2022\/12\/TIX-1600x500-1-scaled.jpg\" \/>\n\t<meta property=\"og:image:width\" content=\"2560\" \/>\n\t<meta property=\"og:image:height\" content=\"800\" \/>\n\t<meta property=\"og:image:type\" content=\"image\/jpeg\" \/>\n<meta name=\"author\" content=\"Grotta\" \/>\n<meta name=\"twitter:card\" content=\"summary_large_image\" \/>\n<meta name=\"twitter:label1\" content=\"Written by\" \/>\n\t<meta name=\"twitter:data1\" content=\"Grotta\" \/>\n\t<meta name=\"twitter:label2\" content=\"Est. reading time\" \/>\n\t<meta name=\"twitter:data2\" content=\"1 minute\" \/>\n<script type=\"application\/ld+json\" class=\"yoast-schema-graph\">{\"@context\":\"https:\/\/schema.org\",\"@graph\":[{\"@type\":\"Article\",\"@id\":\"https:\/\/grotta.is\/almennt\/midasala-a-thorrablotid-hefst-kl-1200-i-dag\/#article\",\"isPartOf\":{\"@id\":\"https:\/\/grotta.is\/almennt\/midasala-a-thorrablotid-hefst-kl-1200-i-dag\/\"},\"author\":{\"name\":\"Grotta\",\"@id\":\"https:\/\/grotta.is\/#\/schema\/person\/08ec57bf09ee925f1b6a01540c14a5ce\"},\"headline\":\"Mi\u00f0asala \u00e1 \u00deorrabl\u00f3ti\u00f0 hefst kl. 12:00 \u00ed dag\",\"datePublished\":\"2022-12-06T10:12:26+00:00\",\"dateModified\":\"2022-12-06T10:41:48+00:00\",\"mainEntityOfPage\":{\"@id\":\"https:\/\/grotta.is\/almennt\/midasala-a-thorrablotid-hefst-kl-1200-i-dag\/\"},\"wordCount\":111,\"publisher\":{\"@id\":\"https:\/\/grotta.is\/#organization\"},\"image\":{\"@id\":\"https:\/\/grotta.is\/almennt\/midasala-a-thorrablotid-hefst-kl-1200-i-dag\/#primaryimage\"},\"thumbnailUrl\":\"https:\/\/grotta.is\/wp-content\/uploads\/2022\/12\/TIX-1600x500-1-scaled.jpg\",\"articleSection\":[\"Almennt\",\"Fimleikadeild\",\"Handknattleiksdeild\",\"Knattspyrnudeild\"],\"inLanguage\":\"en-US\"},{\"@type\":\"WebPage\",\"@id\":\"https:\/\/grotta.is\/almennt\/midasala-a-thorrablotid-hefst-kl-1200-i-dag\/\",\"url\":\"https:\/\/grotta.is\/almennt\/midasala-a-thorrablotid-hefst-kl-1200-i-dag\/\",\"name\":\"Mi\u00f0asala \u00e1 \u00deorrabl\u00f3ti\u00f0 hefst kl. 12:00 \u00ed dag - \u00cd\u00fer\u00f3ttaf\u00e9lagi\u00f0 Gr\u00f3tta\",\"isPartOf\":{\"@id\":\"https:\/\/grotta.is\/#website\"},\"primaryImageOfPage\":{\"@id\":\"https:\/\/grotta.is\/almennt\/midasala-a-thorrablotid-hefst-kl-1200-i-dag\/#primaryimage\"},\"image\":{\"@id\":\"https:\/\/grotta.is\/almennt\/midasala-a-thorrablotid-hefst-kl-1200-i-dag\/#primaryimage\"},\"thumbnailUrl\":\"https:\/\/grotta.is\/wp-content\/uploads\/2022\/12\/TIX-1600x500-1-scaled.jpg\",\"datePublished\":\"2022-12-06T10:12:26+00:00\",\"dateModified\":\"2022-12-06T10:41:48+00:00\",\"breadcrumb\":{\"@id\":\"https:\/\/grotta.is\/almennt\/midasala-a-thorrablotid-hefst-kl-1200-i-dag\/#breadcrumb\"},\"inLanguage\":\"en-US\",\"potentialAction\":[{\"@type\":\"ReadAction\",\"target\":[\"https:\/\/grotta.is\/almennt\/midasala-a-thorrablotid-hefst-kl-1200-i-dag\/\"]}]},{\"@type\":\"ImageObject\",\"inLanguage\":\"en-US\",\"@id\":\"https:\/\/grotta.is\/almennt\/midasala-a-thorrablotid-hefst-kl-1200-i-dag\/#primaryimage\",\"url\":\"https:\/\/grotta.is\/wp-content\/uploads\/2022\/12\/TIX-1600x500-1-scaled.jpg\",\"contentUrl\":\"https:\/\/grotta.is\/wp-content\/uploads\/2022\/12\/TIX-1600x500-1-scaled.jpg\",\"width\":2560,\"height\":800},{\"@type\":\"BreadcrumbList\",\"@id\":\"https:\/\/grotta.is\/almennt\/midasala-a-thorrablotid-hefst-kl-1200-i-dag\/#breadcrumb\",\"itemListElement\":[{\"@type\":\"ListItem\",\"position\":1,\"name\":\"Home\",\"item\":\"https:\/\/grotta.is\/\"},{\"@type\":\"ListItem\",\"position\":2,\"name\":\"Mi\u00f0asala \u00e1 \u00deorrabl\u00f3ti\u00f0 hefst kl. 12:00 \u00ed dag\"}]},{\"@type\":\"WebSite\",\"@id\":\"https:\/\/grotta.is\/#website\",\"url\":\"https:\/\/grotta.is\/\",\"name\":\"\u00cd\u00fer\u00f3ttaf\u00e9lagi\u00f0 Gr\u00f3tta\",\"description\":\"\u00e1 Seltjarnarnesi\",\"publisher\":{\"@id\":\"https:\/\/grotta.is\/#organization\"},\"potentialAction\":[{\"@type\":\"SearchAction\",\"target\":{\"@type\":\"EntryPoint\",\"urlTemplate\":\"https:\/\/grotta.is\/?s={search_term_string}\"},\"query-input\":{\"@type\":\"PropertyValueSpecification\",\"valueRequired\":true,\"valueName\":\"search_term_string\"}}],\"inLanguage\":\"en-US\"},{\"@type\":\"Organization\",\"@id\":\"https:\/\/grotta.is\/#organization\",\"name\":\"\u00cd\u00fer\u00f3ttaf\u00e9lagi\u00f0 Gr\u00f3tta\",\"url\":\"https:\/\/grotta.is\/\",\"logo\":{\"@type\":\"ImageObject\",\"inLanguage\":\"en-US\",\"@id\":\"https:\/\/grotta.is\/#\/schema\/logo\/image\/\",\"url\":\"https:\/\/grotta.is\/wp-content\/uploads\/2020\/02\/ithrottafelagidgrotta_logo_512x512_transparent.png\",\"contentUrl\":\"https:\/\/grotta.is\/wp-content\/uploads\/2020\/02\/ithrottafelagidgrotta_logo_512x512_transparent.png\",\"width\":512,\"height\":512,\"caption\":\"\u00cd\u00fer\u00f3ttaf\u00e9lagi\u00f0 Gr\u00f3tta\"},\"image\":{\"@id\":\"https:\/\/grotta.is\/#\/schema\/logo\/image\/\"},\"sameAs\":[\"https:\/\/www.facebook.com\/grottasport\"]},{\"@type\":\"Person\",\"@id\":\"https:\/\/grotta.is\/#\/schema\/person\/08ec57bf09ee925f1b6a01540c14a5ce\",\"name\":\"Grotta\",\"url\":\"https:\/\/grotta.is\/en\/author\/inga\/\"}]}<\/script>\n<!-- \/ Yoast SEO plugin. -->","yoast_head_json":{"title":"Mi\u00f0asala \u00e1 \u00deorrabl\u00f3ti\u00f0 hefst kl. 12:00 \u00ed dag - \u00cd\u00fer\u00f3ttaf\u00e9lagi\u00f0 Gr\u00f3tta","robots":{"index":"index","follow":"follow","max-snippet":"max-snippet:-1","max-image-preview":"max-image-preview:large","max-video-preview":"max-video-preview:-1"},"canonical":"https:\/\/grotta.is\/en\/almennt\/midasala-a-thorrablotid-hefst-kl-1200-i-dag\/","og_locale":"en_US","og_type":"article","og_title":"Mi\u00f0asala \u00e1 \u00deorrabl\u00f3ti\u00f0 hefst kl. 12:00 \u00ed dag - \u00cd\u00fer\u00f3ttaf\u00e9lagi\u00f0 Gr\u00f3tta","og_description":"\u00deorrabl\u00f3t Seltjarnarness ver\u00f0ur \u00ed \u00ed\u00fer\u00f3ttah\u00fasi Gr\u00f3ttu laugardaginn 28. jan\u00faar. Mi\u00f0asala hefst \u00e1 Tix.is \u00ed dag (\u00feri\u00f0judaginn 6.des) kl. 12:00","og_url":"https:\/\/grotta.is\/en\/almennt\/midasala-a-thorrablotid-hefst-kl-1200-i-dag\/","og_site_name":"\u00cd\u00fer\u00f3ttaf\u00e9lagi\u00f0 Gr\u00f3tta","article_publisher":"https:\/\/www.facebook.com\/grottasport","article_published_time":"2022-12-06T10:12:26+00:00","article_modified_time":"2022-12-06T10:41:48+00:00","og_image":[{"width":2560,"height":800,"url":"https:\/\/grotta.is\/wp-content\/uploads\/2022\/12\/TIX-1600x500-1-scaled.jpg","type":"image\/jpeg"}],"author":"Grotta","twitter_card":"summary_large_image","twitter_misc":{"Written by":"Grotta","Est. reading time":"1 minute"},"schema":{"@context":"https:\/\/schema.org","@graph":[{"@type":"Article","@id":"https:\/\/grotta.is\/almennt\/midasala-a-thorrablotid-hefst-kl-1200-i-dag\/#article","isPartOf":{"@id":"https:\/\/grotta.is\/almennt\/midasala-a-thorrablotid-hefst-kl-1200-i-dag\/"},"author":{"name":"Grotta","@id":"https:\/\/grotta.is\/#\/schema\/person\/08ec57bf09ee925f1b6a01540c14a5ce"},"headline":"Mi\u00f0asala \u00e1 \u00deorrabl\u00f3ti\u00f0 hefst kl. 12:00 \u00ed dag","datePublished":"2022-12-06T10:12:26+00:00","dateModified":"2022-12-06T10:41:48+00:00","mainEntityOfPage":{"@id":"https:\/\/grotta.is\/almennt\/midasala-a-thorrablotid-hefst-kl-1200-i-dag\/"},"wordCount":111,"publisher":{"@id":"https:\/\/grotta.is\/#organization"},"image":{"@id":"https:\/\/grotta.is\/almennt\/midasala-a-thorrablotid-hefst-kl-1200-i-dag\/#primaryimage"},"thumbnailUrl":"https:\/\/grotta.is\/wp-content\/uploads\/2022\/12\/TIX-1600x500-1-scaled.jpg","articleSection":["Almennt","Fimleikadeild","Handknattleiksdeild","Knattspyrnudeild"],"inLanguage":"en-US"},{"@type":"WebPage","@id":"https:\/\/grotta.is\/almennt\/midasala-a-thorrablotid-hefst-kl-1200-i-dag\/","url":"https:\/\/grotta.is\/almennt\/midasala-a-thorrablotid-hefst-kl-1200-i-dag\/","name":"Mi\u00f0asala \u00e1 \u00deorrabl\u00f3ti\u00f0 hefst kl. 12:00 \u00ed dag - \u00cd\u00fer\u00f3ttaf\u00e9lagi\u00f0 Gr\u00f3tta","isPartOf":{"@id":"https:\/\/grotta.is\/#website"},"primaryImageOfPage":{"@id":"https:\/\/grotta.is\/almennt\/midasala-a-thorrablotid-hefst-kl-1200-i-dag\/#primaryimage"},"image":{"@id":"https:\/\/grotta.is\/almennt\/midasala-a-thorrablotid-hefst-kl-1200-i-dag\/#primaryimage"},"thumbnailUrl":"https:\/\/grotta.is\/wp-content\/uploads\/2022\/12\/TIX-1600x500-1-scaled.jpg","datePublished":"2022-12-06T10:12:26+00:00","dateModified":"2022-12-06T10:41:48+00:00","breadcrumb":{"@id":"https:\/\/grotta.is\/almennt\/midasala-a-thorrablotid-hefst-kl-1200-i-dag\/#breadcrumb"},"inLanguage":"en-US","potentialAction":[{"@type":"ReadAction","target":["https:\/\/grotta.is\/almennt\/midasala-a-thorrablotid-hefst-kl-1200-i-dag\/"]}]},{"@type":"ImageObject","inLanguage":"en-US","@id":"https:\/\/grotta.is\/almennt\/midasala-a-thorrablotid-hefst-kl-1200-i-dag\/#primaryimage","url":"https:\/\/grotta.is\/wp-content\/uploads\/2022\/12\/TIX-1600x500-1-scaled.jpg","contentUrl":"https:\/\/grotta.is\/wp-content\/uploads\/2022\/12\/TIX-1600x500-1-scaled.jpg","width":2560,"height":800},{"@type":"BreadcrumbList","@id":"https:\/\/grotta.is\/almennt\/midasala-a-thorrablotid-hefst-kl-1200-i-dag\/#breadcrumb","itemListElement":[{"@type":"ListItem","position":1,"name":"Home","item":"https:\/\/grotta.is\/"},{"@type":"ListItem","position":2,"name":"Mi\u00f0asala \u00e1 \u00deorrabl\u00f3ti\u00f0 hefst kl. 12:00 \u00ed dag"}]},{"@type":"WebSite","@id":"https:\/\/grotta.is\/#website","url":"https:\/\/grotta.is\/","name":"\u00cd\u00fer\u00f3ttaf\u00e9lagi\u00f0 Gr\u00f3tta","description":"\u00e1 Seltjarnarnesi","publisher":{"@id":"https:\/\/grotta.is\/#organization"},"potentialAction":[{"@type":"SearchAction","target":{"@type":"EntryPoint","urlTemplate":"https:\/\/grotta.is\/?s={search_term_string}"},"query-input":{"@type":"PropertyValueSpecification","valueRequired":true,"valueName":"search_term_string"}}],"inLanguage":"en-US"},{"@type":"Organization","@id":"https:\/\/grotta.is\/#organization","name":"\u00cd\u00fer\u00f3ttaf\u00e9lagi\u00f0 Gr\u00f3tta","url":"https:\/\/grotta.is\/","logo":{"@type":"ImageObject","inLanguage":"en-US","@id":"https:\/\/grotta.is\/#\/schema\/logo\/image\/","url":"https:\/\/grotta.is\/wp-content\/uploads\/2020\/02\/ithrottafelagidgrotta_logo_512x512_transparent.png","contentUrl":"https:\/\/grotta.is\/wp-content\/uploads\/2020\/02\/ithrottafelagidgrotta_logo_512x512_transparent.png","width":512,"height":512,"caption":"\u00cd\u00fer\u00f3ttaf\u00e9lagi\u00f0 Gr\u00f3tta"},"image":{"@id":"https:\/\/grotta.is\/#\/schema\/logo\/image\/"},"sameAs":["https:\/\/www.facebook.com\/grottasport"]},{"@type":"Person","@id":"https:\/\/grotta.is\/#\/schema\/person\/08ec57bf09ee925f1b6a01540c14a5ce","name":"Grotta","url":"https:\/\/grotta.is\/en\/author\/inga\/"}]}},"_links":{"self":[{"href":"https:\/\/grotta.is\/en\/wp-json\/wp\/v2\/posts\/409789","targetHints":{"allow":["GET"]}}],"collection":[{"href":"https:\/\/grotta.is\/en\/wp-json\/wp\/v2\/posts"}],"about":[{"href":"https:\/\/grotta.is\/en\/wp-json\/wp\/v2\/types\/post"}],"author":[{"embeddable":true,"href":"https:\/\/grotta.is\/en\/wp-json\/wp\/v2\/users\/2"}],"replies":[{"embeddable":true,"href":"https:\/\/grotta.is\/en\/wp-json\/wp\/v2\/comments?post=409789"}],"version-history":[{"count":3,"href":"https:\/\/grotta.is\/en\/wp-json\/wp\/v2\/posts\/409789\/revisions"}],"predecessor-version":[{"id":409805,"href":"https:\/\/grotta.is\/en\/wp-json\/wp\/v2\/posts\/409789\/revisions\/409805"}],"wp:featuredmedia":[{"embeddable":true,"href":"https:\/\/grotta.is\/en\/wp-json\/wp\/v2\/media\/409788"}],"wp:attachment":[{"href":"https:\/\/grotta.is\/en\/wp-json\/wp\/v2\/media?parent=409789"}],"wp:term":[{"taxonomy":"category","embeddable":true,"href":"https:\/\/grotta.is\/en\/wp-json\/wp\/v2\/categories?post=409789"},{"taxonomy":"post_tag","embeddable":true,"href":"https:\/\/grotta.is\/en\/wp-json\/wp\/v2\/tags?post=409789"}],"curies":[{"name":"wp","href":"https:\/\/api.w.org\/{rel}","templated":true}]}}