{"id":400824,"date":"2022-11-01T22:27:20","date_gmt":"2022-11-01T22:27:20","guid":{"rendered":"https:\/\/grotta.is\/?p=400824"},"modified":"2022-11-01T22:27:52","modified_gmt":"2022-11-01T22:27:52","slug":"orri-steinn-yngsti-islendingurinn-til-ad-spila-i-meistaradeildinni","status":"publish","type":"post","link":"https:\/\/grotta.is\/en\/knattspyrnudeild\/orri-steinn-yngsti-islendingurinn-til-ad-spila-i-meistaradeildinni\/","title":{"rendered":"Orri Steinn yngsti \u00cdslendingurinn til a\u00f0 spila \u00ed Meistaradeildinni"},"content":{"rendered":"<p>Orri Steinn \u00d3skarsson var\u00f0 \u00ed g\u00e6r yngsti \u00cdslendingurinn til a\u00f0 spila \u00ed Meistaradeild Evr\u00f3pu! <br>Orri Steinn er leikma\u00f0ur FC Kaupmannahafnar og hefur fengi\u00f0 t\u00e6kif\u00e6ri me\u00f0 a\u00f0alli\u00f0inu undanfari\u00f0 eftir a\u00f0 hafa brillera\u00f0 me\u00f0 U17 og U19 \u00e1ra li\u00f0um li\u00f0sins s\u00ed\u00f0an hann samdi vi\u00f0 FCK \u00e1ri\u00f0 2020. Orri hefur komi\u00f0 inn\u00e1 \u00ed fj\u00f3rum leikjum \u00ed deild og var \u00ed byrjunarli\u00f0i \u00ed danska bikarnum um daginn. Orri kom inn af varamannabekknum \u00ed Meistaradeildinni \u00ed g\u00e6r en m\u00f3therjar FCK voru Sevilla sem h\u00f6f\u00f0u betur gegn danska li\u00f0inu. Orri er f\u00e6ddur \u00e1ri\u00f0 2004 og var 18 \u00e1ra og 57 daga gamall \u00feegar hann spila\u00f0i \u00ed g\u00e6r. Orri b\u00e6tti met Skagamannsins Arn\u00f3rs Sigur\u00f0ssonar, en Arn\u00f3r var 19 \u00e1ra og 127 daga gamall \u00feegar hann l\u00e9k fyrir CSKA Moskvu gegn Viktoria Plzen \u00e1ri\u00f0 2018.<br>Knattspyrnudeild Gr\u00f3ttu er gr\u00ed\u00f0arlega hreykin af frammist\u00f6\u00f0u Orra Steins og \u00f3skar honum innilega til hamingju og \u00e1framhaldandi velgengni.<\/p><figure class=\"wp-block-image size-large\"><img decoding=\"async\" data-src=\"https:\/\/grotta.is\/wp-content\/uploads\/2022\/11\/Ff8O4jjWIA4Ukhs-1024x1024.jpeg\" alt=\"\" class=\"wp-image-400825 lazyload\" src=\"data:image\/gif;base64,R0lGODlhAQABAAAAACH5BAEKAAEALAAAAAABAAEAAAICTAEAOw==\" style=\"--smush-placeholder-width: 1024px; --smush-placeholder-aspect-ratio: 1024\/1024;\" \/><\/figure>","protected":false},"excerpt":{"rendered":"<p>Orri Steinn \u00d3skarsson var\u00f0 \u00ed g\u00e6r yngsti \u00cdslendingurinn til a\u00f0 spila \u00ed Meistaradeild Evr\u00f3pu! Orri Steinn er leikma\u00f0ur FC Kaupmannahafnar og hefur fengi\u00f0 t\u00e6kif\u00e6ri me\u00f0 a\u00f0alli\u00f0inu undanfari\u00f0 eftir a\u00f0 hafa [&hellip;]<\/p>","protected":false},"author":4,"featured_media":400825,"comment_status":"closed","ping_status":"closed","sticky":false,"template":"","format":"standard","meta":{"footnotes":""},"categories":[7],"tags":[6],"class_list":["post-400824","post","type-post","status-publish","format-standard","has-post-thumbnail","hentry","category-knattspyrnudeild","tag-knattspyrna"],"yoast_head":"<!-- This site is optimized with the Yoast SEO plugin v24.3 - https:\/\/yoast.com\/wordpress\/plugins\/seo\/ -->\n<title>Orri Steinn yngsti \u00cdslendingurinn til a\u00f0 spila \u00ed Meistaradeildinni - \u00cd\u00fer\u00f3ttaf\u00e9lagi\u00f0 Gr\u00f3tta<\/title>\n<meta name=\"robots\" content=\"index, follow, max-snippet:-1, max-image-preview:large, max-video-preview:-1\" \/>\n<link rel=\"canonical\" href=\"https:\/\/grotta.is\/en\/knattspyrnudeild\/orri-steinn-yngsti-islendingurinn-til-ad-spila-i-meistaradeildinni\/\" \/>\n<meta property=\"og:locale\" content=\"en_US\" \/>\n<meta property=\"og:type\" content=\"article\" \/>\n<meta property=\"og:title\" content=\"Orri Steinn yngsti \u00cdslendingurinn til a\u00f0 spila \u00ed Meistaradeildinni - \u00cd\u00fer\u00f3ttaf\u00e9lagi\u00f0 Gr\u00f3tta\" \/>\n<meta property=\"og:description\" content=\"Orri Steinn \u00d3skarsson var\u00f0 \u00ed g\u00e6r yngsti \u00cdslendingurinn til a\u00f0 spila \u00ed Meistaradeild Evr\u00f3pu! Orri Steinn er leikma\u00f0ur FC Kaupmannahafnar og hefur fengi\u00f0 t\u00e6kif\u00e6ri me\u00f0 a\u00f0alli\u00f0inu undanfari\u00f0 eftir a\u00f0 hafa [&hellip;]\" \/>\n<meta property=\"og:url\" content=\"https:\/\/grotta.is\/en\/knattspyrnudeild\/orri-steinn-yngsti-islendingurinn-til-ad-spila-i-meistaradeildinni\/\" \/>\n<meta property=\"og:site_name\" content=\"\u00cd\u00fer\u00f3ttaf\u00e9lagi\u00f0 Gr\u00f3tta\" \/>\n<meta property=\"article:publisher\" content=\"https:\/\/www.facebook.com\/grottasport\" \/>\n<meta property=\"article:published_time\" content=\"2022-11-01T22:27:20+00:00\" \/>\n<meta property=\"article:modified_time\" content=\"2022-11-01T22:27:52+00:00\" \/>\n<meta property=\"og:image\" content=\"https:\/\/grotta.is\/wp-content\/uploads\/2022\/11\/Ff8O4jjWIA4Ukhs-e1667341665252.jpeg\" \/>\n\t<meta property=\"og:image:width\" content=\"1157\" \/>\n\t<meta property=\"og:image:height\" content=\"760\" \/>\n\t<meta property=\"og:image:type\" content=\"image\/jpeg\" \/>\n<meta name=\"author\" content=\"J\u00f3runn M. \u00deorsteinsd\u00f3ttir\" \/>\n<meta name=\"twitter:card\" content=\"summary_large_image\" \/>\n<meta name=\"twitter:label1\" content=\"Written by\" \/>\n\t<meta name=\"twitter:data1\" content=\"J\u00f3runn M. \u00deorsteinsd\u00f3ttir\" \/>\n\t<meta name=\"twitter:label2\" content=\"Est. reading time\" \/>\n\t<meta name=\"twitter:data2\" content=\"1 minute\" \/>\n<script type=\"application\/ld+json\" class=\"yoast-schema-graph\">{\"@context\":\"https:\/\/schema.org\",\"@graph\":[{\"@type\":\"Article\",\"@id\":\"https:\/\/grotta.is\/knattspyrnudeild\/orri-steinn-yngsti-islendingurinn-til-ad-spila-i-meistaradeildinni\/#article\",\"isPartOf\":{\"@id\":\"https:\/\/grotta.is\/knattspyrnudeild\/orri-steinn-yngsti-islendingurinn-til-ad-spila-i-meistaradeildinni\/\"},\"author\":{\"name\":\"J\u00f3runn M. \u00deorsteinsd\u00f3ttir\",\"@id\":\"https:\/\/grotta.is\/#\/schema\/person\/f1fea6a85a554e8069771c3486efbd84\"},\"headline\":\"Orri Steinn yngsti \u00cdslendingurinn til a\u00f0 spila \u00ed Meistaradeildinni\",\"datePublished\":\"2022-11-01T22:27:20+00:00\",\"dateModified\":\"2022-11-01T22:27:52+00:00\",\"mainEntityOfPage\":{\"@id\":\"https:\/\/grotta.is\/knattspyrnudeild\/orri-steinn-yngsti-islendingurinn-til-ad-spila-i-meistaradeildinni\/\"},\"wordCount\":165,\"publisher\":{\"@id\":\"https:\/\/grotta.is\/#organization\"},\"image\":{\"@id\":\"https:\/\/grotta.is\/knattspyrnudeild\/orri-steinn-yngsti-islendingurinn-til-ad-spila-i-meistaradeildinni\/#primaryimage\"},\"thumbnailUrl\":\"https:\/\/grotta.is\/wp-content\/uploads\/2022\/11\/Ff8O4jjWIA4Ukhs-e1667341665252.jpeg\",\"keywords\":[\"Knattspyrna\"],\"articleSection\":[\"Knattspyrnudeild\"],\"inLanguage\":\"en-US\"},{\"@type\":\"WebPage\",\"@id\":\"https:\/\/grotta.is\/knattspyrnudeild\/orri-steinn-yngsti-islendingurinn-til-ad-spila-i-meistaradeildinni\/\",\"url\":\"https:\/\/grotta.is\/knattspyrnudeild\/orri-steinn-yngsti-islendingurinn-til-ad-spila-i-meistaradeildinni\/\",\"name\":\"Orri Steinn yngsti \u00cdslendingurinn til a\u00f0 spila \u00ed Meistaradeildinni - \u00cd\u00fer\u00f3ttaf\u00e9lagi\u00f0 Gr\u00f3tta\",\"isPartOf\":{\"@id\":\"https:\/\/grotta.is\/#website\"},\"primaryImageOfPage\":{\"@id\":\"https:\/\/grotta.is\/knattspyrnudeild\/orri-steinn-yngsti-islendingurinn-til-ad-spila-i-meistaradeildinni\/#primaryimage\"},\"image\":{\"@id\":\"https:\/\/grotta.is\/knattspyrnudeild\/orri-steinn-yngsti-islendingurinn-til-ad-spila-i-meistaradeildinni\/#primaryimage\"},\"thumbnailUrl\":\"https:\/\/grotta.is\/wp-content\/uploads\/2022\/11\/Ff8O4jjWIA4Ukhs-e1667341665252.jpeg\",\"datePublished\":\"2022-11-01T22:27:20+00:00\",\"dateModified\":\"2022-11-01T22:27:52+00:00\",\"breadcrumb\":{\"@id\":\"https:\/\/grotta.is\/knattspyrnudeild\/orri-steinn-yngsti-islendingurinn-til-ad-spila-i-meistaradeildinni\/#breadcrumb\"},\"inLanguage\":\"en-US\",\"potentialAction\":[{\"@type\":\"ReadAction\",\"target\":[\"https:\/\/grotta.is\/knattspyrnudeild\/orri-steinn-yngsti-islendingurinn-til-ad-spila-i-meistaradeildinni\/\"]}]},{\"@type\":\"ImageObject\",\"inLanguage\":\"en-US\",\"@id\":\"https:\/\/grotta.is\/knattspyrnudeild\/orri-steinn-yngsti-islendingurinn-til-ad-spila-i-meistaradeildinni\/#primaryimage\",\"url\":\"https:\/\/grotta.is\/wp-content\/uploads\/2022\/11\/Ff8O4jjWIA4Ukhs-e1667341665252.jpeg\",\"contentUrl\":\"https:\/\/grotta.is\/wp-content\/uploads\/2022\/11\/Ff8O4jjWIA4Ukhs-e1667341665252.jpeg\",\"width\":1157,\"height\":760},{\"@type\":\"BreadcrumbList\",\"@id\":\"https:\/\/grotta.is\/knattspyrnudeild\/orri-steinn-yngsti-islendingurinn-til-ad-spila-i-meistaradeildinni\/#breadcrumb\",\"itemListElement\":[{\"@type\":\"ListItem\",\"position\":1,\"name\":\"Home\",\"item\":\"https:\/\/grotta.is\/\"},{\"@type\":\"ListItem\",\"position\":2,\"name\":\"Orri Steinn yngsti \u00cdslendingurinn til a\u00f0 spila \u00ed Meistaradeildinni\"}]},{\"@type\":\"WebSite\",\"@id\":\"https:\/\/grotta.is\/#website\",\"url\":\"https:\/\/grotta.is\/\",\"name\":\"\u00cd\u00fer\u00f3ttaf\u00e9lagi\u00f0 Gr\u00f3tta\",\"description\":\"\u00e1 Seltjarnarnesi\",\"publisher\":{\"@id\":\"https:\/\/grotta.is\/#organization\"},\"potentialAction\":[{\"@type\":\"SearchAction\",\"target\":{\"@type\":\"EntryPoint\",\"urlTemplate\":\"https:\/\/grotta.is\/?s={search_term_string}\"},\"query-input\":{\"@type\":\"PropertyValueSpecification\",\"valueRequired\":true,\"valueName\":\"search_term_string\"}}],\"inLanguage\":\"en-US\"},{\"@type\":\"Organization\",\"@id\":\"https:\/\/grotta.is\/#organization\",\"name\":\"\u00cd\u00fer\u00f3ttaf\u00e9lagi\u00f0 Gr\u00f3tta\",\"url\":\"https:\/\/grotta.is\/\",\"logo\":{\"@type\":\"ImageObject\",\"inLanguage\":\"en-US\",\"@id\":\"https:\/\/grotta.is\/#\/schema\/logo\/image\/\",\"url\":\"https:\/\/grotta.is\/wp-content\/uploads\/2020\/02\/ithrottafelagidgrotta_logo_512x512_transparent.png\",\"contentUrl\":\"https:\/\/grotta.is\/wp-content\/uploads\/2020\/02\/ithrottafelagidgrotta_logo_512x512_transparent.png\",\"width\":512,\"height\":512,\"caption\":\"\u00cd\u00fer\u00f3ttaf\u00e9lagi\u00f0 Gr\u00f3tta\"},\"image\":{\"@id\":\"https:\/\/grotta.is\/#\/schema\/logo\/image\/\"},\"sameAs\":[\"https:\/\/www.facebook.com\/grottasport\"]},{\"@type\":\"Person\",\"@id\":\"https:\/\/grotta.is\/#\/schema\/person\/f1fea6a85a554e8069771c3486efbd84\",\"name\":\"J\u00f3runn M. \u00deorsteinsd\u00f3ttir\",\"url\":\"https:\/\/grotta.is\/en\/author\/jorunn\/\"}]}<\/script>\n<!-- \/ Yoast SEO plugin. -->","yoast_head_json":{"title":"Orri Steinn yngsti \u00cdslendingurinn til a\u00f0 spila \u00ed Meistaradeildinni - \u00cd\u00fer\u00f3ttaf\u00e9lagi\u00f0 Gr\u00f3tta","robots":{"index":"index","follow":"follow","max-snippet":"max-snippet:-1","max-image-preview":"max-image-preview:large","max-video-preview":"max-video-preview:-1"},"canonical":"https:\/\/grotta.is\/en\/knattspyrnudeild\/orri-steinn-yngsti-islendingurinn-til-ad-spila-i-meistaradeildinni\/","og_locale":"en_US","og_type":"article","og_title":"Orri Steinn yngsti \u00cdslendingurinn til a\u00f0 spila \u00ed Meistaradeildinni - \u00cd\u00fer\u00f3ttaf\u00e9lagi\u00f0 Gr\u00f3tta","og_description":"Orri Steinn \u00d3skarsson var\u00f0 \u00ed g\u00e6r yngsti \u00cdslendingurinn til a\u00f0 spila \u00ed Meistaradeild Evr\u00f3pu! Orri Steinn er leikma\u00f0ur FC Kaupmannahafnar og hefur fengi\u00f0 t\u00e6kif\u00e6ri me\u00f0 a\u00f0alli\u00f0inu undanfari\u00f0 eftir a\u00f0 hafa [&hellip;]","og_url":"https:\/\/grotta.is\/en\/knattspyrnudeild\/orri-steinn-yngsti-islendingurinn-til-ad-spila-i-meistaradeildinni\/","og_site_name":"\u00cd\u00fer\u00f3ttaf\u00e9lagi\u00f0 Gr\u00f3tta","article_publisher":"https:\/\/www.facebook.com\/grottasport","article_published_time":"2022-11-01T22:27:20+00:00","article_modified_time":"2022-11-01T22:27:52+00:00","og_image":[{"width":1157,"height":760,"url":"https:\/\/grotta.is\/wp-content\/uploads\/2022\/11\/Ff8O4jjWIA4Ukhs-e1667341665252.jpeg","type":"image\/jpeg"}],"author":"J\u00f3runn M. \u00deorsteinsd\u00f3ttir","twitter_card":"summary_large_image","twitter_misc":{"Written by":"J\u00f3runn M. \u00deorsteinsd\u00f3ttir","Est. reading time":"1 minute"},"schema":{"@context":"https:\/\/schema.org","@graph":[{"@type":"Article","@id":"https:\/\/grotta.is\/knattspyrnudeild\/orri-steinn-yngsti-islendingurinn-til-ad-spila-i-meistaradeildinni\/#article","isPartOf":{"@id":"https:\/\/grotta.is\/knattspyrnudeild\/orri-steinn-yngsti-islendingurinn-til-ad-spila-i-meistaradeildinni\/"},"author":{"name":"J\u00f3runn M. \u00deorsteinsd\u00f3ttir","@id":"https:\/\/grotta.is\/#\/schema\/person\/f1fea6a85a554e8069771c3486efbd84"},"headline":"Orri Steinn yngsti \u00cdslendingurinn til a\u00f0 spila \u00ed Meistaradeildinni","datePublished":"2022-11-01T22:27:20+00:00","dateModified":"2022-11-01T22:27:52+00:00","mainEntityOfPage":{"@id":"https:\/\/grotta.is\/knattspyrnudeild\/orri-steinn-yngsti-islendingurinn-til-ad-spila-i-meistaradeildinni\/"},"wordCount":165,"publisher":{"@id":"https:\/\/grotta.is\/#organization"},"image":{"@id":"https:\/\/grotta.is\/knattspyrnudeild\/orri-steinn-yngsti-islendingurinn-til-ad-spila-i-meistaradeildinni\/#primaryimage"},"thumbnailUrl":"https:\/\/grotta.is\/wp-content\/uploads\/2022\/11\/Ff8O4jjWIA4Ukhs-e1667341665252.jpeg","keywords":["Knattspyrna"],"articleSection":["Knattspyrnudeild"],"inLanguage":"en-US"},{"@type":"WebPage","@id":"https:\/\/grotta.is\/knattspyrnudeild\/orri-steinn-yngsti-islendingurinn-til-ad-spila-i-meistaradeildinni\/","url":"https:\/\/grotta.is\/knattspyrnudeild\/orri-steinn-yngsti-islendingurinn-til-ad-spila-i-meistaradeildinni\/","name":"Orri Steinn yngsti \u00cdslendingurinn til a\u00f0 spila \u00ed Meistaradeildinni - \u00cd\u00fer\u00f3ttaf\u00e9lagi\u00f0 Gr\u00f3tta","isPartOf":{"@id":"https:\/\/grotta.is\/#website"},"primaryImageOfPage":{"@id":"https:\/\/grotta.is\/knattspyrnudeild\/orri-steinn-yngsti-islendingurinn-til-ad-spila-i-meistaradeildinni\/#primaryimage"},"image":{"@id":"https:\/\/grotta.is\/knattspyrnudeild\/orri-steinn-yngsti-islendingurinn-til-ad-spila-i-meistaradeildinni\/#primaryimage"},"thumbnailUrl":"https:\/\/grotta.is\/wp-content\/uploads\/2022\/11\/Ff8O4jjWIA4Ukhs-e1667341665252.jpeg","datePublished":"2022-11-01T22:27:20+00:00","dateModified":"2022-11-01T22:27:52+00:00","breadcrumb":{"@id":"https:\/\/grotta.is\/knattspyrnudeild\/orri-steinn-yngsti-islendingurinn-til-ad-spila-i-meistaradeildinni\/#breadcrumb"},"inLanguage":"en-US","potentialAction":[{"@type":"ReadAction","target":["https:\/\/grotta.is\/knattspyrnudeild\/orri-steinn-yngsti-islendingurinn-til-ad-spila-i-meistaradeildinni\/"]}]},{"@type":"ImageObject","inLanguage":"en-US","@id":"https:\/\/grotta.is\/knattspyrnudeild\/orri-steinn-yngsti-islendingurinn-til-ad-spila-i-meistaradeildinni\/#primaryimage","url":"https:\/\/grotta.is\/wp-content\/uploads\/2022\/11\/Ff8O4jjWIA4Ukhs-e1667341665252.jpeg","contentUrl":"https:\/\/grotta.is\/wp-content\/uploads\/2022\/11\/Ff8O4jjWIA4Ukhs-e1667341665252.jpeg","width":1157,"height":760},{"@type":"BreadcrumbList","@id":"https:\/\/grotta.is\/knattspyrnudeild\/orri-steinn-yngsti-islendingurinn-til-ad-spila-i-meistaradeildinni\/#breadcrumb","itemListElement":[{"@type":"ListItem","position":1,"name":"Home","item":"https:\/\/grotta.is\/"},{"@type":"ListItem","position":2,"name":"Orri Steinn yngsti \u00cdslendingurinn til a\u00f0 spila \u00ed Meistaradeildinni"}]},{"@type":"WebSite","@id":"https:\/\/grotta.is\/#website","url":"https:\/\/grotta.is\/","name":"\u00cd\u00fer\u00f3ttaf\u00e9lagi\u00f0 Gr\u00f3tta","description":"\u00e1 Seltjarnarnesi","publisher":{"@id":"https:\/\/grotta.is\/#organization"},"potentialAction":[{"@type":"SearchAction","target":{"@type":"EntryPoint","urlTemplate":"https:\/\/grotta.is\/?s={search_term_string}"},"query-input":{"@type":"PropertyValueSpecification","valueRequired":true,"valueName":"search_term_string"}}],"inLanguage":"en-US"},{"@type":"Organization","@id":"https:\/\/grotta.is\/#organization","name":"\u00cd\u00fer\u00f3ttaf\u00e9lagi\u00f0 Gr\u00f3tta","url":"https:\/\/grotta.is\/","logo":{"@type":"ImageObject","inLanguage":"en-US","@id":"https:\/\/grotta.is\/#\/schema\/logo\/image\/","url":"https:\/\/grotta.is\/wp-content\/uploads\/2020\/02\/ithrottafelagidgrotta_logo_512x512_transparent.png","contentUrl":"https:\/\/grotta.is\/wp-content\/uploads\/2020\/02\/ithrottafelagidgrotta_logo_512x512_transparent.png","width":512,"height":512,"caption":"\u00cd\u00fer\u00f3ttaf\u00e9lagi\u00f0 Gr\u00f3tta"},"image":{"@id":"https:\/\/grotta.is\/#\/schema\/logo\/image\/"},"sameAs":["https:\/\/www.facebook.com\/grottasport"]},{"@type":"Person","@id":"https:\/\/grotta.is\/#\/schema\/person\/f1fea6a85a554e8069771c3486efbd84","name":"J\u00f3runn M. \u00deorsteinsd\u00f3ttir","url":"https:\/\/grotta.is\/en\/author\/jorunn\/"}]}},"_links":{"self":[{"href":"https:\/\/grotta.is\/en\/wp-json\/wp\/v2\/posts\/400824","targetHints":{"allow":["GET"]}}],"collection":[{"href":"https:\/\/grotta.is\/en\/wp-json\/wp\/v2\/posts"}],"about":[{"href":"https:\/\/grotta.is\/en\/wp-json\/wp\/v2\/types\/post"}],"author":[{"embeddable":true,"href":"https:\/\/grotta.is\/en\/wp-json\/wp\/v2\/users\/4"}],"replies":[{"embeddable":true,"href":"https:\/\/grotta.is\/en\/wp-json\/wp\/v2\/comments?post=400824"}],"version-history":[{"count":1,"href":"https:\/\/grotta.is\/en\/wp-json\/wp\/v2\/posts\/400824\/revisions"}],"predecessor-version":[{"id":400826,"href":"https:\/\/grotta.is\/en\/wp-json\/wp\/v2\/posts\/400824\/revisions\/400826"}],"wp:featuredmedia":[{"embeddable":true,"href":"https:\/\/grotta.is\/en\/wp-json\/wp\/v2\/media\/400825"}],"wp:attachment":[{"href":"https:\/\/grotta.is\/en\/wp-json\/wp\/v2\/media?parent=400824"}],"wp:term":[{"taxonomy":"category","embeddable":true,"href":"https:\/\/grotta.is\/en\/wp-json\/wp\/v2\/categories?post=400824"},{"taxonomy":"post_tag","embeddable":true,"href":"https:\/\/grotta.is\/en\/wp-json\/wp\/v2\/tags?post=400824"}],"curies":[{"name":"wp","href":"https:\/\/api.w.org\/{rel}","templated":true}]}}