{"id":400821,"date":"2022-11-01T22:25:27","date_gmt":"2022-11-01T22:25:27","guid":{"rendered":"https:\/\/grotta.is\/?p=400821"},"modified":"2022-11-01T22:28:04","modified_gmt":"2022-11-01T22:28:04","slug":"arnfridur-audur-valin-i-aefingahop-fyrir-urtaksaefingar-u16-kvenna-i-oktober-%f0%9f%91%8f%f0%9f%8f%bd","status":"publish","type":"post","link":"https:\/\/grotta.is\/en\/knattspyrnudeild\/arnfridur-audur-valin-i-aefingahop-fyrir-urtaksaefingar-u16-kvenna-i-oktober-%f0%9f%91%8f%f0%9f%8f%bd\/","title":{"rendered":"Arnfr\u00ed\u00f0ur Au\u00f0ur valin \u00ed \u00e6fingah\u00f3p fyrir \u00fartaks\u00e6fingar U16 kvenna \u00ed okt\u00f3ber"},"content":{"rendered":"<p>Magn\u00fas \u00d6rn Helgason, landsli\u00f0s\u00fej\u00e1lfari U16 kvenna, hefur vali\u00f0 \u00e6fingah\u00f3p til a\u00f0 taka \u00fe\u00e1tt \u00ed \u00fartaks\u00e6fingum dagana 24. &#8211; 26. okt\u00f3ber. \u00c6ft ver\u00f0ur \u00ed Mi\u00f0gar\u00f0i, Gar\u00f0ab\u00e6. Gr\u00f3ttukonan Arnfr\u00ed\u00f0ur Au\u00f0ur Arnarsd\u00f3ttir, betur \u00feekkt sem Auf\u00ed, er \u00ed \u00feessum h\u00f3p en Auf\u00ed er einungis 14 \u00e1ra g\u00f6mul. Til \u00e6finga a\u00f0 \u00feessu sinni eru valdir 32 leikmenn fr\u00e1 16 f\u00e9l\u00f6gum. Knattspyrnudeild Gr\u00f3ttu er gr\u00ed\u00f0arlega hreyki\u00f0 af \u00fev\u00ed a\u00f0 eiga fulltr\u00faa \u00ed \u00feessum h\u00f3p og \u00f3skar Auf\u00ed g\u00f3\u00f0s gengis \u00e1 \u00e6fingunum! <\/p><figure class=\"wp-block-image size-full\"><img decoding=\"async\" data-src=\"https:\/\/grotta.is\/wp-content\/uploads\/2022\/11\/aufi.jpg\" alt=\"\" class=\"wp-image-400822 lazyload\" src=\"data:image\/gif;base64,R0lGODlhAQABAAAAACH5BAEKAAEALAAAAAABAAEAAAICTAEAOw==\" style=\"--smush-placeholder-width: 608px; --smush-placeholder-aspect-ratio: 608\/912;\" \/><\/figure><p><\/p>","protected":false},"excerpt":{"rendered":"<p>Magn\u00fas \u00d6rn Helgason, landsli\u00f0s\u00fej\u00e1lfari U16 kvenna, hefur vali\u00f0 \u00e6fingah\u00f3p til a\u00f0 taka \u00fe\u00e1tt \u00ed \u00fartaks\u00e6fingum dagana 24. &#8211; 26. okt\u00f3ber. \u00c6ft ver\u00f0ur \u00ed Mi\u00f0gar\u00f0i, Gar\u00f0ab\u00e6. Gr\u00f3ttukonan Arnfr\u00ed\u00f0ur Au\u00f0ur Arnarsd\u00f3ttir, betur [&hellip;]<\/p>","protected":false},"author":4,"featured_media":400822,"comment_status":"closed","ping_status":"closed","sticky":false,"template":"","format":"standard","meta":{"footnotes":""},"categories":[7],"tags":[22,15],"class_list":["post-400821","post","type-post","status-publish","format-standard","has-post-thumbnail","hentry","category-knattspyrnudeild","tag-landslid","tag-yngri-flokkar"],"yoast_head":"<!-- This site is optimized with the Yoast SEO plugin v24.3 - https:\/\/yoast.com\/wordpress\/plugins\/seo\/ -->\n<title>Arnfr\u00ed\u00f0ur Au\u00f0ur valin \u00ed \u00e6fingah\u00f3p fyrir \u00fartaks\u00e6fingar U16 kvenna \u00ed okt\u00f3ber - \u00cd\u00fer\u00f3ttaf\u00e9lagi\u00f0 Gr\u00f3tta<\/title>\n<meta name=\"robots\" content=\"index, follow, max-snippet:-1, max-image-preview:large, max-video-preview:-1\" \/>\n<link rel=\"canonical\" href=\"http:\/\/grotta.is\/en\/knattspyrnudeild\/arnfridur-audur-valin-i-aefingahop-fyrir-urtaksaefingar-u16-kvenna-i-oktober-\ud83d\udc4f\ud83c\udffd\/\" \/>\n<meta property=\"og:locale\" content=\"en_US\" \/>\n<meta property=\"og:type\" content=\"article\" \/>\n<meta property=\"og:title\" content=\"Arnfr\u00ed\u00f0ur Au\u00f0ur valin \u00ed \u00e6fingah\u00f3p fyrir \u00fartaks\u00e6fingar U16 kvenna \u00ed okt\u00f3ber - \u00cd\u00fer\u00f3ttaf\u00e9lagi\u00f0 Gr\u00f3tta\" \/>\n<meta property=\"og:description\" content=\"Magn\u00fas \u00d6rn Helgason, landsli\u00f0s\u00fej\u00e1lfari U16 kvenna, hefur vali\u00f0 \u00e6fingah\u00f3p til a\u00f0 taka \u00fe\u00e1tt \u00ed \u00fartaks\u00e6fingum dagana 24. &#8211; 26. okt\u00f3ber. \u00c6ft ver\u00f0ur \u00ed Mi\u00f0gar\u00f0i, Gar\u00f0ab\u00e6. Gr\u00f3ttukonan Arnfr\u00ed\u00f0ur Au\u00f0ur Arnarsd\u00f3ttir, betur [&hellip;]\" \/>\n<meta property=\"og:url\" content=\"http:\/\/grotta.is\/en\/knattspyrnudeild\/arnfridur-audur-valin-i-aefingahop-fyrir-urtaksaefingar-u16-kvenna-i-oktober-\ud83d\udc4f\ud83c\udffd\/\" \/>\n<meta property=\"og:site_name\" content=\"\u00cd\u00fer\u00f3ttaf\u00e9lagi\u00f0 Gr\u00f3tta\" \/>\n<meta property=\"article:publisher\" content=\"https:\/\/www.facebook.com\/grottasport\" \/>\n<meta property=\"article:published_time\" content=\"2022-11-01T22:25:27+00:00\" \/>\n<meta property=\"article:modified_time\" content=\"2022-11-01T22:28:04+00:00\" \/>\n<meta property=\"og:image\" content=\"https:\/\/grotta.is\/wp-content\/uploads\/2022\/11\/aufi-e1667341522459.jpg\" \/>\n\t<meta property=\"og:image:width\" content=\"608\" \/>\n\t<meta property=\"og:image:height\" content=\"476\" \/>\n\t<meta property=\"og:image:type\" content=\"image\/jpeg\" \/>\n<meta name=\"author\" content=\"J\u00f3runn M. \u00deorsteinsd\u00f3ttir\" \/>\n<meta name=\"twitter:card\" content=\"summary_large_image\" \/>\n<meta name=\"twitter:label1\" content=\"Written by\" \/>\n\t<meta name=\"twitter:data1\" content=\"J\u00f3runn M. \u00deorsteinsd\u00f3ttir\" \/>\n\t<meta name=\"twitter:label2\" content=\"Est. reading time\" \/>\n\t<meta name=\"twitter:data2\" content=\"1 minute\" \/>\n<script type=\"application\/ld+json\" class=\"yoast-schema-graph\">{\"@context\":\"https:\/\/schema.org\",\"@graph\":[{\"@type\":\"Article\",\"@id\":\"http:\/\/grotta.is\/en\/knattspyrnudeild\/arnfridur-audur-valin-i-aefingahop-fyrir-urtaksaefingar-u16-kvenna-i-oktober-%f0%9f%91%8f%f0%9f%8f%bd\/#article\",\"isPartOf\":{\"@id\":\"http:\/\/grotta.is\/en\/knattspyrnudeild\/arnfridur-audur-valin-i-aefingahop-fyrir-urtaksaefingar-u16-kvenna-i-oktober-%f0%9f%91%8f%f0%9f%8f%bd\/\"},\"author\":{\"name\":\"J\u00f3runn M. \u00deorsteinsd\u00f3ttir\",\"@id\":\"https:\/\/grotta.is\/#\/schema\/person\/f1fea6a85a554e8069771c3486efbd84\"},\"headline\":\"Arnfr\u00ed\u00f0ur Au\u00f0ur valin \u00ed \u00e6fingah\u00f3p fyrir \u00fartaks\u00e6fingar U16 kvenna \u00ed okt\u00f3ber\",\"datePublished\":\"2022-11-01T22:25:27+00:00\",\"dateModified\":\"2022-11-01T22:28:04+00:00\",\"mainEntityOfPage\":{\"@id\":\"http:\/\/grotta.is\/en\/knattspyrnudeild\/arnfridur-audur-valin-i-aefingahop-fyrir-urtaksaefingar-u16-kvenna-i-oktober-%f0%9f%91%8f%f0%9f%8f%bd\/\"},\"wordCount\":104,\"publisher\":{\"@id\":\"https:\/\/grotta.is\/#organization\"},\"image\":{\"@id\":\"http:\/\/grotta.is\/en\/knattspyrnudeild\/arnfridur-audur-valin-i-aefingahop-fyrir-urtaksaefingar-u16-kvenna-i-oktober-%f0%9f%91%8f%f0%9f%8f%bd\/#primaryimage\"},\"thumbnailUrl\":\"https:\/\/grotta.is\/wp-content\/uploads\/2022\/11\/aufi-e1667341522459.jpg\",\"keywords\":[\"Landsli\u00f0\",\"Yngri flokkar\"],\"articleSection\":[\"Knattspyrnudeild\"],\"inLanguage\":\"en-US\"},{\"@type\":\"WebPage\",\"@id\":\"http:\/\/grotta.is\/en\/knattspyrnudeild\/arnfridur-audur-valin-i-aefingahop-fyrir-urtaksaefingar-u16-kvenna-i-oktober-%f0%9f%91%8f%f0%9f%8f%bd\/\",\"url\":\"http:\/\/grotta.is\/en\/knattspyrnudeild\/arnfridur-audur-valin-i-aefingahop-fyrir-urtaksaefingar-u16-kvenna-i-oktober-%f0%9f%91%8f%f0%9f%8f%bd\/\",\"name\":\"Arnfr\u00ed\u00f0ur Au\u00f0ur valin \u00ed \u00e6fingah\u00f3p fyrir \u00fartaks\u00e6fingar U16 kvenna \u00ed okt\u00f3ber - \u00cd\u00fer\u00f3ttaf\u00e9lagi\u00f0 Gr\u00f3tta\",\"isPartOf\":{\"@id\":\"https:\/\/grotta.is\/#website\"},\"primaryImageOfPage\":{\"@id\":\"http:\/\/grotta.is\/en\/knattspyrnudeild\/arnfridur-audur-valin-i-aefingahop-fyrir-urtaksaefingar-u16-kvenna-i-oktober-%f0%9f%91%8f%f0%9f%8f%bd\/#primaryimage\"},\"image\":{\"@id\":\"http:\/\/grotta.is\/en\/knattspyrnudeild\/arnfridur-audur-valin-i-aefingahop-fyrir-urtaksaefingar-u16-kvenna-i-oktober-%f0%9f%91%8f%f0%9f%8f%bd\/#primaryimage\"},\"thumbnailUrl\":\"https:\/\/grotta.is\/wp-content\/uploads\/2022\/11\/aufi-e1667341522459.jpg\",\"datePublished\":\"2022-11-01T22:25:27+00:00\",\"dateModified\":\"2022-11-01T22:28:04+00:00\",\"breadcrumb\":{\"@id\":\"http:\/\/grotta.is\/en\/knattspyrnudeild\/arnfridur-audur-valin-i-aefingahop-fyrir-urtaksaefingar-u16-kvenna-i-oktober-%f0%9f%91%8f%f0%9f%8f%bd\/#breadcrumb\"},\"inLanguage\":\"en-US\",\"potentialAction\":[{\"@type\":\"ReadAction\",\"target\":[\"http:\/\/grotta.is\/en\/knattspyrnudeild\/arnfridur-audur-valin-i-aefingahop-fyrir-urtaksaefingar-u16-kvenna-i-oktober-%f0%9f%91%8f%f0%9f%8f%bd\/\"]}]},{\"@type\":\"ImageObject\",\"inLanguage\":\"en-US\",\"@id\":\"http:\/\/grotta.is\/en\/knattspyrnudeild\/arnfridur-audur-valin-i-aefingahop-fyrir-urtaksaefingar-u16-kvenna-i-oktober-%f0%9f%91%8f%f0%9f%8f%bd\/#primaryimage\",\"url\":\"https:\/\/grotta.is\/wp-content\/uploads\/2022\/11\/aufi-e1667341522459.jpg\",\"contentUrl\":\"https:\/\/grotta.is\/wp-content\/uploads\/2022\/11\/aufi-e1667341522459.jpg\",\"width\":608,\"height\":476},{\"@type\":\"BreadcrumbList\",\"@id\":\"http:\/\/grotta.is\/en\/knattspyrnudeild\/arnfridur-audur-valin-i-aefingahop-fyrir-urtaksaefingar-u16-kvenna-i-oktober-%f0%9f%91%8f%f0%9f%8f%bd\/#breadcrumb\",\"itemListElement\":[{\"@type\":\"ListItem\",\"position\":1,\"name\":\"Home\",\"item\":\"https:\/\/grotta.is\/\"},{\"@type\":\"ListItem\",\"position\":2,\"name\":\"Arnfr\u00ed\u00f0ur Au\u00f0ur valin \u00ed \u00e6fingah\u00f3p fyrir \u00fartaks\u00e6fingar U16 kvenna \u00ed okt\u00f3ber\"}]},{\"@type\":\"WebSite\",\"@id\":\"https:\/\/grotta.is\/#website\",\"url\":\"https:\/\/grotta.is\/\",\"name\":\"\u00cd\u00fer\u00f3ttaf\u00e9lagi\u00f0 Gr\u00f3tta\",\"description\":\"\u00e1 Seltjarnarnesi\",\"publisher\":{\"@id\":\"https:\/\/grotta.is\/#organization\"},\"potentialAction\":[{\"@type\":\"SearchAction\",\"target\":{\"@type\":\"EntryPoint\",\"urlTemplate\":\"https:\/\/grotta.is\/?s={search_term_string}\"},\"query-input\":{\"@type\":\"PropertyValueSpecification\",\"valueRequired\":true,\"valueName\":\"search_term_string\"}}],\"inLanguage\":\"en-US\"},{\"@type\":\"Organization\",\"@id\":\"https:\/\/grotta.is\/#organization\",\"name\":\"\u00cd\u00fer\u00f3ttaf\u00e9lagi\u00f0 Gr\u00f3tta\",\"url\":\"https:\/\/grotta.is\/\",\"logo\":{\"@type\":\"ImageObject\",\"inLanguage\":\"en-US\",\"@id\":\"https:\/\/grotta.is\/#\/schema\/logo\/image\/\",\"url\":\"https:\/\/grotta.is\/wp-content\/uploads\/2020\/02\/ithrottafelagidgrotta_logo_512x512_transparent.png\",\"contentUrl\":\"https:\/\/grotta.is\/wp-content\/uploads\/2020\/02\/ithrottafelagidgrotta_logo_512x512_transparent.png\",\"width\":512,\"height\":512,\"caption\":\"\u00cd\u00fer\u00f3ttaf\u00e9lagi\u00f0 Gr\u00f3tta\"},\"image\":{\"@id\":\"https:\/\/grotta.is\/#\/schema\/logo\/image\/\"},\"sameAs\":[\"https:\/\/www.facebook.com\/grottasport\"]},{\"@type\":\"Person\",\"@id\":\"https:\/\/grotta.is\/#\/schema\/person\/f1fea6a85a554e8069771c3486efbd84\",\"name\":\"J\u00f3runn M. \u00deorsteinsd\u00f3ttir\",\"url\":\"https:\/\/grotta.is\/en\/author\/jorunn\/\"}]}<\/script>\n<!-- \/ Yoast SEO plugin. -->","yoast_head_json":{"title":"Arnfr\u00ed\u00f0ur Au\u00f0ur valin \u00ed \u00e6fingah\u00f3p fyrir \u00fartaks\u00e6fingar U16 kvenna \u00ed okt\u00f3ber - \u00cd\u00fer\u00f3ttaf\u00e9lagi\u00f0 Gr\u00f3tta","robots":{"index":"index","follow":"follow","max-snippet":"max-snippet:-1","max-image-preview":"max-image-preview:large","max-video-preview":"max-video-preview:-1"},"canonical":"http:\/\/grotta.is\/en\/knattspyrnudeild\/arnfridur-audur-valin-i-aefingahop-fyrir-urtaksaefingar-u16-kvenna-i-oktober-\ud83d\udc4f\ud83c\udffd\/","og_locale":"en_US","og_type":"article","og_title":"Arnfr\u00ed\u00f0ur Au\u00f0ur valin \u00ed \u00e6fingah\u00f3p fyrir \u00fartaks\u00e6fingar U16 kvenna \u00ed okt\u00f3ber - \u00cd\u00fer\u00f3ttaf\u00e9lagi\u00f0 Gr\u00f3tta","og_description":"Magn\u00fas \u00d6rn Helgason, landsli\u00f0s\u00fej\u00e1lfari U16 kvenna, hefur vali\u00f0 \u00e6fingah\u00f3p til a\u00f0 taka \u00fe\u00e1tt \u00ed \u00fartaks\u00e6fingum dagana 24. &#8211; 26. okt\u00f3ber. \u00c6ft ver\u00f0ur \u00ed Mi\u00f0gar\u00f0i, Gar\u00f0ab\u00e6. Gr\u00f3ttukonan Arnfr\u00ed\u00f0ur Au\u00f0ur Arnarsd\u00f3ttir, betur [&hellip;]","og_url":"http:\/\/grotta.is\/en\/knattspyrnudeild\/arnfridur-audur-valin-i-aefingahop-fyrir-urtaksaefingar-u16-kvenna-i-oktober-\ud83d\udc4f\ud83c\udffd\/","og_site_name":"\u00cd\u00fer\u00f3ttaf\u00e9lagi\u00f0 Gr\u00f3tta","article_publisher":"https:\/\/www.facebook.com\/grottasport","article_published_time":"2022-11-01T22:25:27+00:00","article_modified_time":"2022-11-01T22:28:04+00:00","og_image":[{"width":608,"height":476,"url":"https:\/\/grotta.is\/wp-content\/uploads\/2022\/11\/aufi-e1667341522459.jpg","type":"image\/jpeg"}],"author":"J\u00f3runn M. \u00deorsteinsd\u00f3ttir","twitter_card":"summary_large_image","twitter_misc":{"Written by":"J\u00f3runn M. \u00deorsteinsd\u00f3ttir","Est. reading time":"1 minute"},"schema":{"@context":"https:\/\/schema.org","@graph":[{"@type":"Article","@id":"http:\/\/grotta.is\/en\/knattspyrnudeild\/arnfridur-audur-valin-i-aefingahop-fyrir-urtaksaefingar-u16-kvenna-i-oktober-%f0%9f%91%8f%f0%9f%8f%bd\/#article","isPartOf":{"@id":"http:\/\/grotta.is\/en\/knattspyrnudeild\/arnfridur-audur-valin-i-aefingahop-fyrir-urtaksaefingar-u16-kvenna-i-oktober-%f0%9f%91%8f%f0%9f%8f%bd\/"},"author":{"name":"J\u00f3runn M. \u00deorsteinsd\u00f3ttir","@id":"https:\/\/grotta.is\/#\/schema\/person\/f1fea6a85a554e8069771c3486efbd84"},"headline":"Arnfr\u00ed\u00f0ur Au\u00f0ur valin \u00ed \u00e6fingah\u00f3p fyrir \u00fartaks\u00e6fingar U16 kvenna \u00ed okt\u00f3ber","datePublished":"2022-11-01T22:25:27+00:00","dateModified":"2022-11-01T22:28:04+00:00","mainEntityOfPage":{"@id":"http:\/\/grotta.is\/en\/knattspyrnudeild\/arnfridur-audur-valin-i-aefingahop-fyrir-urtaksaefingar-u16-kvenna-i-oktober-%f0%9f%91%8f%f0%9f%8f%bd\/"},"wordCount":104,"publisher":{"@id":"https:\/\/grotta.is\/#organization"},"image":{"@id":"http:\/\/grotta.is\/en\/knattspyrnudeild\/arnfridur-audur-valin-i-aefingahop-fyrir-urtaksaefingar-u16-kvenna-i-oktober-%f0%9f%91%8f%f0%9f%8f%bd\/#primaryimage"},"thumbnailUrl":"https:\/\/grotta.is\/wp-content\/uploads\/2022\/11\/aufi-e1667341522459.jpg","keywords":["Landsli\u00f0","Yngri flokkar"],"articleSection":["Knattspyrnudeild"],"inLanguage":"en-US"},{"@type":"WebPage","@id":"http:\/\/grotta.is\/en\/knattspyrnudeild\/arnfridur-audur-valin-i-aefingahop-fyrir-urtaksaefingar-u16-kvenna-i-oktober-%f0%9f%91%8f%f0%9f%8f%bd\/","url":"http:\/\/grotta.is\/en\/knattspyrnudeild\/arnfridur-audur-valin-i-aefingahop-fyrir-urtaksaefingar-u16-kvenna-i-oktober-%f0%9f%91%8f%f0%9f%8f%bd\/","name":"Arnfr\u00ed\u00f0ur Au\u00f0ur valin \u00ed \u00e6fingah\u00f3p fyrir \u00fartaks\u00e6fingar U16 kvenna \u00ed okt\u00f3ber - \u00cd\u00fer\u00f3ttaf\u00e9lagi\u00f0 Gr\u00f3tta","isPartOf":{"@id":"https:\/\/grotta.is\/#website"},"primaryImageOfPage":{"@id":"http:\/\/grotta.is\/en\/knattspyrnudeild\/arnfridur-audur-valin-i-aefingahop-fyrir-urtaksaefingar-u16-kvenna-i-oktober-%f0%9f%91%8f%f0%9f%8f%bd\/#primaryimage"},"image":{"@id":"http:\/\/grotta.is\/en\/knattspyrnudeild\/arnfridur-audur-valin-i-aefingahop-fyrir-urtaksaefingar-u16-kvenna-i-oktober-%f0%9f%91%8f%f0%9f%8f%bd\/#primaryimage"},"thumbnailUrl":"https:\/\/grotta.is\/wp-content\/uploads\/2022\/11\/aufi-e1667341522459.jpg","datePublished":"2022-11-01T22:25:27+00:00","dateModified":"2022-11-01T22:28:04+00:00","breadcrumb":{"@id":"http:\/\/grotta.is\/en\/knattspyrnudeild\/arnfridur-audur-valin-i-aefingahop-fyrir-urtaksaefingar-u16-kvenna-i-oktober-%f0%9f%91%8f%f0%9f%8f%bd\/#breadcrumb"},"inLanguage":"en-US","potentialAction":[{"@type":"ReadAction","target":["http:\/\/grotta.is\/en\/knattspyrnudeild\/arnfridur-audur-valin-i-aefingahop-fyrir-urtaksaefingar-u16-kvenna-i-oktober-%f0%9f%91%8f%f0%9f%8f%bd\/"]}]},{"@type":"ImageObject","inLanguage":"en-US","@id":"http:\/\/grotta.is\/en\/knattspyrnudeild\/arnfridur-audur-valin-i-aefingahop-fyrir-urtaksaefingar-u16-kvenna-i-oktober-%f0%9f%91%8f%f0%9f%8f%bd\/#primaryimage","url":"https:\/\/grotta.is\/wp-content\/uploads\/2022\/11\/aufi-e1667341522459.jpg","contentUrl":"https:\/\/grotta.is\/wp-content\/uploads\/2022\/11\/aufi-e1667341522459.jpg","width":608,"height":476},{"@type":"BreadcrumbList","@id":"http:\/\/grotta.is\/en\/knattspyrnudeild\/arnfridur-audur-valin-i-aefingahop-fyrir-urtaksaefingar-u16-kvenna-i-oktober-%f0%9f%91%8f%f0%9f%8f%bd\/#breadcrumb","itemListElement":[{"@type":"ListItem","position":1,"name":"Home","item":"https:\/\/grotta.is\/"},{"@type":"ListItem","position":2,"name":"Arnfr\u00ed\u00f0ur Au\u00f0ur valin \u00ed \u00e6fingah\u00f3p fyrir \u00fartaks\u00e6fingar U16 kvenna \u00ed okt\u00f3ber"}]},{"@type":"WebSite","@id":"https:\/\/grotta.is\/#website","url":"https:\/\/grotta.is\/","name":"\u00cd\u00fer\u00f3ttaf\u00e9lagi\u00f0 Gr\u00f3tta","description":"\u00e1 Seltjarnarnesi","publisher":{"@id":"https:\/\/grotta.is\/#organization"},"potentialAction":[{"@type":"SearchAction","target":{"@type":"EntryPoint","urlTemplate":"https:\/\/grotta.is\/?s={search_term_string}"},"query-input":{"@type":"PropertyValueSpecification","valueRequired":true,"valueName":"search_term_string"}}],"inLanguage":"en-US"},{"@type":"Organization","@id":"https:\/\/grotta.is\/#organization","name":"\u00cd\u00fer\u00f3ttaf\u00e9lagi\u00f0 Gr\u00f3tta","url":"https:\/\/grotta.is\/","logo":{"@type":"ImageObject","inLanguage":"en-US","@id":"https:\/\/grotta.is\/#\/schema\/logo\/image\/","url":"https:\/\/grotta.is\/wp-content\/uploads\/2020\/02\/ithrottafelagidgrotta_logo_512x512_transparent.png","contentUrl":"https:\/\/grotta.is\/wp-content\/uploads\/2020\/02\/ithrottafelagidgrotta_logo_512x512_transparent.png","width":512,"height":512,"caption":"\u00cd\u00fer\u00f3ttaf\u00e9lagi\u00f0 Gr\u00f3tta"},"image":{"@id":"https:\/\/grotta.is\/#\/schema\/logo\/image\/"},"sameAs":["https:\/\/www.facebook.com\/grottasport"]},{"@type":"Person","@id":"https:\/\/grotta.is\/#\/schema\/person\/f1fea6a85a554e8069771c3486efbd84","name":"J\u00f3runn M. \u00deorsteinsd\u00f3ttir","url":"https:\/\/grotta.is\/en\/author\/jorunn\/"}]}},"_links":{"self":[{"href":"https:\/\/grotta.is\/en\/wp-json\/wp\/v2\/posts\/400821","targetHints":{"allow":["GET"]}}],"collection":[{"href":"https:\/\/grotta.is\/en\/wp-json\/wp\/v2\/posts"}],"about":[{"href":"https:\/\/grotta.is\/en\/wp-json\/wp\/v2\/types\/post"}],"author":[{"embeddable":true,"href":"https:\/\/grotta.is\/en\/wp-json\/wp\/v2\/users\/4"}],"replies":[{"embeddable":true,"href":"https:\/\/grotta.is\/en\/wp-json\/wp\/v2\/comments?post=400821"}],"version-history":[{"count":2,"href":"https:\/\/grotta.is\/en\/wp-json\/wp\/v2\/posts\/400821\/revisions"}],"predecessor-version":[{"id":400827,"href":"https:\/\/grotta.is\/en\/wp-json\/wp\/v2\/posts\/400821\/revisions\/400827"}],"wp:featuredmedia":[{"embeddable":true,"href":"https:\/\/grotta.is\/en\/wp-json\/wp\/v2\/media\/400822"}],"wp:attachment":[{"href":"https:\/\/grotta.is\/en\/wp-json\/wp\/v2\/media?parent=400821"}],"wp:term":[{"taxonomy":"category","embeddable":true,"href":"https:\/\/grotta.is\/en\/wp-json\/wp\/v2\/categories?post=400821"},{"taxonomy":"post_tag","embeddable":true,"href":"https:\/\/grotta.is\/en\/wp-json\/wp\/v2\/tags?post=400821"}],"curies":[{"name":"wp","href":"https:\/\/api.w.org\/{rel}","templated":true}]}}