{"id":399968,"date":"2022-10-16T21:00:58","date_gmt":"2022-10-16T21:00:58","guid":{"rendered":"https:\/\/grotta.is\/?p=399968"},"modified":"2022-10-16T21:01:03","modified_gmt":"2022-10-16T21:01:03","slug":"sara-bjork-i-pollandi-med-u15","status":"publish","type":"post","link":"https:\/\/grotta.is\/en\/knattspyrnudeild\/sara-bjork-i-pollandi-med-u15\/","title":{"rendered":"Sara Bj\u00f6rk \u00ed P\u00f3llandi me\u00f0 U15"},"content":{"rendered":"<p>Gr\u00f3ttukonan Sara Bj\u00f6rk Arnarsd\u00f3ttir t\u00f3k n\u00fdveri\u00f0 \u00fe\u00e1tt \u00ed UEFA development m\u00f3tinu \u00ed P\u00f3llandi me\u00f0 U15 \u00e1ra landsli\u00f0inu. Li\u00f0i\u00f0 l\u00e9k \u00ferj\u00e1 leiki og f\u00f3r me\u00f0 sigur \u00ed tveimur \u00feeirra. Fyrsti leikurinn var gegn Tyrkjum og var Sara Bj\u00f6rk \u00ed byrjunarli\u00f0i \u00cdslands sem f\u00f3r me\u00f0 5-2 sigur. N\u00e6sti leikur var gegn P\u00f3llandi en li\u00f0i\u00f0 tapa\u00f0i 3-6 og kom Sara inn \u00e1 \u00feegar um 20 m\u00edn\u00fatur voru eftir af leiknum. \u00cd \u00feri\u00f0ja leik \u00cdslands var Sara aftur \u00ed byrjunarli\u00f0i og vann \u00cdsland g\u00f3\u00f0an 2-0 sigur gegn Lith\u00e1en. Knattspyrnudeild Gr\u00f3ttu er gr\u00ed\u00f0arlega stolt af \u00fev\u00ed a\u00f0 eiga fulltr\u00faa \u00ed U15 \u00e1ra landsli\u00f0inu og \u00f3skar S\u00f6ru innilega til hamingju me\u00f0 \u00e1rangurinn! <\/p><figure class=\"wp-block-image size-large\"><img fetchpriority=\"high\" decoding=\"async\" width=\"1024\" height=\"731\" src=\"https:\/\/grotta.is\/wp-content\/uploads\/2022\/10\/sara-u15-1024x731.jpg\" alt=\"\" class=\"wp-image-399969\" srcset=\"https:\/\/grotta.is\/wp-content\/uploads\/2022\/10\/sara-u15-1024x731.jpg 1024w, https:\/\/grotta.is\/wp-content\/uploads\/2022\/10\/sara-u15-300x214.jpg 300w, https:\/\/grotta.is\/wp-content\/uploads\/2022\/10\/sara-u15-768x549.jpg 768w, https:\/\/grotta.is\/wp-content\/uploads\/2022\/10\/sara-u15-1536x1097.jpg 1536w, https:\/\/grotta.is\/wp-content\/uploads\/2022\/10\/sara-u15-2048x1463.jpg 2048w, https:\/\/grotta.is\/wp-content\/uploads\/2022\/10\/sara-u15-18x12.jpg 18w, https:\/\/grotta.is\/wp-content\/uploads\/2022\/10\/sara-u15-600x429.jpg 600w\" sizes=\"(max-width: 1024px) 100vw, 1024px\" \/><\/figure>","protected":false},"excerpt":{"rendered":"<p>Gr\u00f3ttukonan Sara Bj\u00f6rk Arnarsd\u00f3ttir t\u00f3k n\u00fdveri\u00f0 \u00fe\u00e1tt \u00ed UEFA development m\u00f3tinu \u00ed P\u00f3llandi me\u00f0 U15 \u00e1ra landsli\u00f0inu. Li\u00f0i\u00f0 l\u00e9k \u00ferj\u00e1 leiki og f\u00f3r me\u00f0 sigur \u00ed tveimur \u00feeirra. Fyrsti leikurinn [&hellip;]<\/p>","protected":false},"author":4,"featured_media":399969,"comment_status":"closed","ping_status":"closed","sticky":false,"template":"","format":"standard","meta":{"footnotes":""},"categories":[7],"tags":[6,22,15],"class_list":["post-399968","post","type-post","status-publish","format-standard","has-post-thumbnail","hentry","category-knattspyrnudeild","tag-knattspyrna","tag-landslid","tag-yngri-flokkar"],"yoast_head":"<!-- This site is optimized with the Yoast SEO plugin v24.3 - https:\/\/yoast.com\/wordpress\/plugins\/seo\/ -->\n<title>Sara Bj\u00f6rk \u00ed P\u00f3llandi me\u00f0 U15 - \u00cd\u00fer\u00f3ttaf\u00e9lagi\u00f0 Gr\u00f3tta<\/title>\n<meta name=\"robots\" content=\"index, follow, max-snippet:-1, max-image-preview:large, max-video-preview:-1\" \/>\n<link rel=\"canonical\" href=\"https:\/\/grotta.is\/en\/knattspyrnudeild\/sara-bjork-i-pollandi-med-u15\/\" \/>\n<meta property=\"og:locale\" content=\"en_US\" \/>\n<meta property=\"og:type\" content=\"article\" \/>\n<meta property=\"og:title\" content=\"Sara Bj\u00f6rk \u00ed P\u00f3llandi me\u00f0 U15 - \u00cd\u00fer\u00f3ttaf\u00e9lagi\u00f0 Gr\u00f3tta\" \/>\n<meta property=\"og:description\" content=\"Gr\u00f3ttukonan Sara Bj\u00f6rk Arnarsd\u00f3ttir t\u00f3k n\u00fdveri\u00f0 \u00fe\u00e1tt \u00ed UEFA development m\u00f3tinu \u00ed P\u00f3llandi me\u00f0 U15 \u00e1ra landsli\u00f0inu. Li\u00f0i\u00f0 l\u00e9k \u00ferj\u00e1 leiki og f\u00f3r me\u00f0 sigur \u00ed tveimur \u00feeirra. Fyrsti leikurinn [&hellip;]\" \/>\n<meta property=\"og:url\" content=\"https:\/\/grotta.is\/en\/knattspyrnudeild\/sara-bjork-i-pollandi-med-u15\/\" \/>\n<meta property=\"og:site_name\" content=\"\u00cd\u00fer\u00f3ttaf\u00e9lagi\u00f0 Gr\u00f3tta\" \/>\n<meta property=\"article:publisher\" content=\"https:\/\/www.facebook.com\/grottasport\" \/>\n<meta property=\"article:published_time\" content=\"2022-10-16T21:00:58+00:00\" \/>\n<meta property=\"article:modified_time\" content=\"2022-10-16T21:01:03+00:00\" \/>\n<meta property=\"og:image\" content=\"https:\/\/grotta.is\/wp-content\/uploads\/2022\/10\/sara-u15-scaled.jpg\" \/>\n\t<meta property=\"og:image:width\" content=\"2560\" \/>\n\t<meta property=\"og:image:height\" content=\"1828\" \/>\n\t<meta property=\"og:image:type\" content=\"image\/jpeg\" \/>\n<meta name=\"author\" content=\"J\u00f3runn M. \u00deorsteinsd\u00f3ttir\" \/>\n<meta name=\"twitter:card\" content=\"summary_large_image\" \/>\n<meta name=\"twitter:label1\" content=\"Written by\" \/>\n\t<meta name=\"twitter:data1\" content=\"J\u00f3runn M. \u00deorsteinsd\u00f3ttir\" \/>\n\t<meta name=\"twitter:label2\" content=\"Est. reading time\" \/>\n\t<meta name=\"twitter:data2\" content=\"1 minute\" \/>\n<script type=\"application\/ld+json\" class=\"yoast-schema-graph\">{\"@context\":\"https:\/\/schema.org\",\"@graph\":[{\"@type\":\"Article\",\"@id\":\"https:\/\/grotta.is\/knattspyrnudeild\/sara-bjork-i-pollandi-med-u15\/#article\",\"isPartOf\":{\"@id\":\"https:\/\/grotta.is\/knattspyrnudeild\/sara-bjork-i-pollandi-med-u15\/\"},\"author\":{\"name\":\"J\u00f3runn M. \u00deorsteinsd\u00f3ttir\",\"@id\":\"https:\/\/grotta.is\/#\/schema\/person\/f1fea6a85a554e8069771c3486efbd84\"},\"headline\":\"Sara Bj\u00f6rk \u00ed P\u00f3llandi me\u00f0 U15\",\"datePublished\":\"2022-10-16T21:00:58+00:00\",\"dateModified\":\"2022-10-16T21:01:03+00:00\",\"mainEntityOfPage\":{\"@id\":\"https:\/\/grotta.is\/knattspyrnudeild\/sara-bjork-i-pollandi-med-u15\/\"},\"wordCount\":133,\"publisher\":{\"@id\":\"https:\/\/grotta.is\/#organization\"},\"image\":{\"@id\":\"https:\/\/grotta.is\/knattspyrnudeild\/sara-bjork-i-pollandi-med-u15\/#primaryimage\"},\"thumbnailUrl\":\"https:\/\/grotta.is\/wp-content\/uploads\/2022\/10\/sara-u15-scaled.jpg\",\"keywords\":[\"Knattspyrna\",\"Landsli\u00f0\",\"Yngri flokkar\"],\"articleSection\":[\"Knattspyrnudeild\"],\"inLanguage\":\"en-US\"},{\"@type\":\"WebPage\",\"@id\":\"https:\/\/grotta.is\/knattspyrnudeild\/sara-bjork-i-pollandi-med-u15\/\",\"url\":\"https:\/\/grotta.is\/knattspyrnudeild\/sara-bjork-i-pollandi-med-u15\/\",\"name\":\"Sara Bj\u00f6rk \u00ed P\u00f3llandi me\u00f0 U15 - \u00cd\u00fer\u00f3ttaf\u00e9lagi\u00f0 Gr\u00f3tta\",\"isPartOf\":{\"@id\":\"https:\/\/grotta.is\/#website\"},\"primaryImageOfPage\":{\"@id\":\"https:\/\/grotta.is\/knattspyrnudeild\/sara-bjork-i-pollandi-med-u15\/#primaryimage\"},\"image\":{\"@id\":\"https:\/\/grotta.is\/knattspyrnudeild\/sara-bjork-i-pollandi-med-u15\/#primaryimage\"},\"thumbnailUrl\":\"https:\/\/grotta.is\/wp-content\/uploads\/2022\/10\/sara-u15-scaled.jpg\",\"datePublished\":\"2022-10-16T21:00:58+00:00\",\"dateModified\":\"2022-10-16T21:01:03+00:00\",\"breadcrumb\":{\"@id\":\"https:\/\/grotta.is\/knattspyrnudeild\/sara-bjork-i-pollandi-med-u15\/#breadcrumb\"},\"inLanguage\":\"en-US\",\"potentialAction\":[{\"@type\":\"ReadAction\",\"target\":[\"https:\/\/grotta.is\/knattspyrnudeild\/sara-bjork-i-pollandi-med-u15\/\"]}]},{\"@type\":\"ImageObject\",\"inLanguage\":\"en-US\",\"@id\":\"https:\/\/grotta.is\/knattspyrnudeild\/sara-bjork-i-pollandi-med-u15\/#primaryimage\",\"url\":\"https:\/\/grotta.is\/wp-content\/uploads\/2022\/10\/sara-u15-scaled.jpg\",\"contentUrl\":\"https:\/\/grotta.is\/wp-content\/uploads\/2022\/10\/sara-u15-scaled.jpg\",\"width\":2560,\"height\":1828},{\"@type\":\"BreadcrumbList\",\"@id\":\"https:\/\/grotta.is\/knattspyrnudeild\/sara-bjork-i-pollandi-med-u15\/#breadcrumb\",\"itemListElement\":[{\"@type\":\"ListItem\",\"position\":1,\"name\":\"Home\",\"item\":\"https:\/\/grotta.is\/\"},{\"@type\":\"ListItem\",\"position\":2,\"name\":\"Sara Bj\u00f6rk \u00ed P\u00f3llandi me\u00f0 U15\"}]},{\"@type\":\"WebSite\",\"@id\":\"https:\/\/grotta.is\/#website\",\"url\":\"https:\/\/grotta.is\/\",\"name\":\"\u00cd\u00fer\u00f3ttaf\u00e9lagi\u00f0 Gr\u00f3tta\",\"description\":\"\u00e1 Seltjarnarnesi\",\"publisher\":{\"@id\":\"https:\/\/grotta.is\/#organization\"},\"potentialAction\":[{\"@type\":\"SearchAction\",\"target\":{\"@type\":\"EntryPoint\",\"urlTemplate\":\"https:\/\/grotta.is\/?s={search_term_string}\"},\"query-input\":{\"@type\":\"PropertyValueSpecification\",\"valueRequired\":true,\"valueName\":\"search_term_string\"}}],\"inLanguage\":\"en-US\"},{\"@type\":\"Organization\",\"@id\":\"https:\/\/grotta.is\/#organization\",\"name\":\"\u00cd\u00fer\u00f3ttaf\u00e9lagi\u00f0 Gr\u00f3tta\",\"url\":\"https:\/\/grotta.is\/\",\"logo\":{\"@type\":\"ImageObject\",\"inLanguage\":\"en-US\",\"@id\":\"https:\/\/grotta.is\/#\/schema\/logo\/image\/\",\"url\":\"https:\/\/grotta.is\/wp-content\/uploads\/2020\/02\/ithrottafelagidgrotta_logo_512x512_transparent.png\",\"contentUrl\":\"https:\/\/grotta.is\/wp-content\/uploads\/2020\/02\/ithrottafelagidgrotta_logo_512x512_transparent.png\",\"width\":512,\"height\":512,\"caption\":\"\u00cd\u00fer\u00f3ttaf\u00e9lagi\u00f0 Gr\u00f3tta\"},\"image\":{\"@id\":\"https:\/\/grotta.is\/#\/schema\/logo\/image\/\"},\"sameAs\":[\"https:\/\/www.facebook.com\/grottasport\"]},{\"@type\":\"Person\",\"@id\":\"https:\/\/grotta.is\/#\/schema\/person\/f1fea6a85a554e8069771c3486efbd84\",\"name\":\"J\u00f3runn M. \u00deorsteinsd\u00f3ttir\",\"url\":\"https:\/\/grotta.is\/en\/author\/jorunn\/\"}]}<\/script>\n<!-- \/ Yoast SEO plugin. -->","yoast_head_json":{"title":"Sara Bj\u00f6rk \u00ed P\u00f3llandi me\u00f0 U15 - \u00cd\u00fer\u00f3ttaf\u00e9lagi\u00f0 Gr\u00f3tta","robots":{"index":"index","follow":"follow","max-snippet":"max-snippet:-1","max-image-preview":"max-image-preview:large","max-video-preview":"max-video-preview:-1"},"canonical":"https:\/\/grotta.is\/en\/knattspyrnudeild\/sara-bjork-i-pollandi-med-u15\/","og_locale":"en_US","og_type":"article","og_title":"Sara Bj\u00f6rk \u00ed P\u00f3llandi me\u00f0 U15 - \u00cd\u00fer\u00f3ttaf\u00e9lagi\u00f0 Gr\u00f3tta","og_description":"Gr\u00f3ttukonan Sara Bj\u00f6rk Arnarsd\u00f3ttir t\u00f3k n\u00fdveri\u00f0 \u00fe\u00e1tt \u00ed UEFA development m\u00f3tinu \u00ed P\u00f3llandi me\u00f0 U15 \u00e1ra landsli\u00f0inu. Li\u00f0i\u00f0 l\u00e9k \u00ferj\u00e1 leiki og f\u00f3r me\u00f0 sigur \u00ed tveimur \u00feeirra. Fyrsti leikurinn [&hellip;]","og_url":"https:\/\/grotta.is\/en\/knattspyrnudeild\/sara-bjork-i-pollandi-med-u15\/","og_site_name":"\u00cd\u00fer\u00f3ttaf\u00e9lagi\u00f0 Gr\u00f3tta","article_publisher":"https:\/\/www.facebook.com\/grottasport","article_published_time":"2022-10-16T21:00:58+00:00","article_modified_time":"2022-10-16T21:01:03+00:00","og_image":[{"width":2560,"height":1828,"url":"https:\/\/grotta.is\/wp-content\/uploads\/2022\/10\/sara-u15-scaled.jpg","type":"image\/jpeg"}],"author":"J\u00f3runn M. \u00deorsteinsd\u00f3ttir","twitter_card":"summary_large_image","twitter_misc":{"Written by":"J\u00f3runn M. \u00deorsteinsd\u00f3ttir","Est. reading time":"1 minute"},"schema":{"@context":"https:\/\/schema.org","@graph":[{"@type":"Article","@id":"https:\/\/grotta.is\/knattspyrnudeild\/sara-bjork-i-pollandi-med-u15\/#article","isPartOf":{"@id":"https:\/\/grotta.is\/knattspyrnudeild\/sara-bjork-i-pollandi-med-u15\/"},"author":{"name":"J\u00f3runn M. \u00deorsteinsd\u00f3ttir","@id":"https:\/\/grotta.is\/#\/schema\/person\/f1fea6a85a554e8069771c3486efbd84"},"headline":"Sara Bj\u00f6rk \u00ed P\u00f3llandi me\u00f0 U15","datePublished":"2022-10-16T21:00:58+00:00","dateModified":"2022-10-16T21:01:03+00:00","mainEntityOfPage":{"@id":"https:\/\/grotta.is\/knattspyrnudeild\/sara-bjork-i-pollandi-med-u15\/"},"wordCount":133,"publisher":{"@id":"https:\/\/grotta.is\/#organization"},"image":{"@id":"https:\/\/grotta.is\/knattspyrnudeild\/sara-bjork-i-pollandi-med-u15\/#primaryimage"},"thumbnailUrl":"https:\/\/grotta.is\/wp-content\/uploads\/2022\/10\/sara-u15-scaled.jpg","keywords":["Knattspyrna","Landsli\u00f0","Yngri flokkar"],"articleSection":["Knattspyrnudeild"],"inLanguage":"en-US"},{"@type":"WebPage","@id":"https:\/\/grotta.is\/knattspyrnudeild\/sara-bjork-i-pollandi-med-u15\/","url":"https:\/\/grotta.is\/knattspyrnudeild\/sara-bjork-i-pollandi-med-u15\/","name":"Sara Bj\u00f6rk \u00ed P\u00f3llandi me\u00f0 U15 - \u00cd\u00fer\u00f3ttaf\u00e9lagi\u00f0 Gr\u00f3tta","isPartOf":{"@id":"https:\/\/grotta.is\/#website"},"primaryImageOfPage":{"@id":"https:\/\/grotta.is\/knattspyrnudeild\/sara-bjork-i-pollandi-med-u15\/#primaryimage"},"image":{"@id":"https:\/\/grotta.is\/knattspyrnudeild\/sara-bjork-i-pollandi-med-u15\/#primaryimage"},"thumbnailUrl":"https:\/\/grotta.is\/wp-content\/uploads\/2022\/10\/sara-u15-scaled.jpg","datePublished":"2022-10-16T21:00:58+00:00","dateModified":"2022-10-16T21:01:03+00:00","breadcrumb":{"@id":"https:\/\/grotta.is\/knattspyrnudeild\/sara-bjork-i-pollandi-med-u15\/#breadcrumb"},"inLanguage":"en-US","potentialAction":[{"@type":"ReadAction","target":["https:\/\/grotta.is\/knattspyrnudeild\/sara-bjork-i-pollandi-med-u15\/"]}]},{"@type":"ImageObject","inLanguage":"en-US","@id":"https:\/\/grotta.is\/knattspyrnudeild\/sara-bjork-i-pollandi-med-u15\/#primaryimage","url":"https:\/\/grotta.is\/wp-content\/uploads\/2022\/10\/sara-u15-scaled.jpg","contentUrl":"https:\/\/grotta.is\/wp-content\/uploads\/2022\/10\/sara-u15-scaled.jpg","width":2560,"height":1828},{"@type":"BreadcrumbList","@id":"https:\/\/grotta.is\/knattspyrnudeild\/sara-bjork-i-pollandi-med-u15\/#breadcrumb","itemListElement":[{"@type":"ListItem","position":1,"name":"Home","item":"https:\/\/grotta.is\/"},{"@type":"ListItem","position":2,"name":"Sara Bj\u00f6rk \u00ed P\u00f3llandi me\u00f0 U15"}]},{"@type":"WebSite","@id":"https:\/\/grotta.is\/#website","url":"https:\/\/grotta.is\/","name":"\u00cd\u00fer\u00f3ttaf\u00e9lagi\u00f0 Gr\u00f3tta","description":"\u00e1 Seltjarnarnesi","publisher":{"@id":"https:\/\/grotta.is\/#organization"},"potentialAction":[{"@type":"SearchAction","target":{"@type":"EntryPoint","urlTemplate":"https:\/\/grotta.is\/?s={search_term_string}"},"query-input":{"@type":"PropertyValueSpecification","valueRequired":true,"valueName":"search_term_string"}}],"inLanguage":"en-US"},{"@type":"Organization","@id":"https:\/\/grotta.is\/#organization","name":"\u00cd\u00fer\u00f3ttaf\u00e9lagi\u00f0 Gr\u00f3tta","url":"https:\/\/grotta.is\/","logo":{"@type":"ImageObject","inLanguage":"en-US","@id":"https:\/\/grotta.is\/#\/schema\/logo\/image\/","url":"https:\/\/grotta.is\/wp-content\/uploads\/2020\/02\/ithrottafelagidgrotta_logo_512x512_transparent.png","contentUrl":"https:\/\/grotta.is\/wp-content\/uploads\/2020\/02\/ithrottafelagidgrotta_logo_512x512_transparent.png","width":512,"height":512,"caption":"\u00cd\u00fer\u00f3ttaf\u00e9lagi\u00f0 Gr\u00f3tta"},"image":{"@id":"https:\/\/grotta.is\/#\/schema\/logo\/image\/"},"sameAs":["https:\/\/www.facebook.com\/grottasport"]},{"@type":"Person","@id":"https:\/\/grotta.is\/#\/schema\/person\/f1fea6a85a554e8069771c3486efbd84","name":"J\u00f3runn M. \u00deorsteinsd\u00f3ttir","url":"https:\/\/grotta.is\/en\/author\/jorunn\/"}]}},"_links":{"self":[{"href":"https:\/\/grotta.is\/en\/wp-json\/wp\/v2\/posts\/399968","targetHints":{"allow":["GET"]}}],"collection":[{"href":"https:\/\/grotta.is\/en\/wp-json\/wp\/v2\/posts"}],"about":[{"href":"https:\/\/grotta.is\/en\/wp-json\/wp\/v2\/types\/post"}],"author":[{"embeddable":true,"href":"https:\/\/grotta.is\/en\/wp-json\/wp\/v2\/users\/4"}],"replies":[{"embeddable":true,"href":"https:\/\/grotta.is\/en\/wp-json\/wp\/v2\/comments?post=399968"}],"version-history":[{"count":1,"href":"https:\/\/grotta.is\/en\/wp-json\/wp\/v2\/posts\/399968\/revisions"}],"predecessor-version":[{"id":399970,"href":"https:\/\/grotta.is\/en\/wp-json\/wp\/v2\/posts\/399968\/revisions\/399970"}],"wp:featuredmedia":[{"embeddable":true,"href":"https:\/\/grotta.is\/en\/wp-json\/wp\/v2\/media\/399969"}],"wp:attachment":[{"href":"https:\/\/grotta.is\/en\/wp-json\/wp\/v2\/media?parent=399968"}],"wp:term":[{"taxonomy":"category","embeddable":true,"href":"https:\/\/grotta.is\/en\/wp-json\/wp\/v2\/categories?post=399968"},{"taxonomy":"post_tag","embeddable":true,"href":"https:\/\/grotta.is\/en\/wp-json\/wp\/v2\/tags?post=399968"}],"curies":[{"name":"wp","href":"https:\/\/api.w.org\/{rel}","templated":true}]}}