{"id":399942,"date":"2022-10-16T20:53:24","date_gmt":"2022-10-16T20:53:24","guid":{"rendered":"https:\/\/grotta.is\/?p=399942"},"modified":"2022-10-16T20:53:28","modified_gmt":"2022-10-16T20:53:28","slug":"grottukonur-upp-i-lengjudeildina","status":"publish","type":"post","link":"https:\/\/grotta.is\/en\/knattspyrnudeild\/grottukonur-upp-i-lengjudeildina\/","title":{"rendered":"Gr\u00f3ttukonur upp \u00ed Lengjudeildina!"},"content":{"rendered":"<p>Gr\u00f3ttukonur trygg\u00f0u s\u00e9r \u00ed september s\u00e6ti \u00ed Lengjudeildinni\u00a0n\u00e6sta sumar.\u00a0Gr\u00f3tta enda\u00f0i \u00ed 2. s\u00e6ti 2. deildar kvenna me\u00f0 34 stig og bestu markat\u00f6lu deildarinnar!\u00a0\u00deessum \u00e1rangri var fagna\u00f0 vel \u00e1 Vivaldivellinum \u00feegar lokaleikur stelpnanna f\u00f3r fram f\u00f6studaginn 23. september.\u00a0Til hamingju me\u00f0 \u00e1rangurinn stelpur, \u00fej\u00e1lfarar og allir sem a\u00f0 li\u00f0inu koma!\u00a0<\/p><figure class=\"wp-block-image size-large\"><img fetchpriority=\"high\" decoding=\"async\" width=\"1024\" height=\"683\" src=\"https:\/\/grotta.is\/wp-content\/uploads\/2022\/10\/lengjudeild-mfl-kvk-1024x683.jpeg\" alt=\"\" class=\"wp-image-399952\" srcset=\"https:\/\/grotta.is\/wp-content\/uploads\/2022\/10\/lengjudeild-mfl-kvk-1024x683.jpeg 1024w, https:\/\/grotta.is\/wp-content\/uploads\/2022\/10\/lengjudeild-mfl-kvk-300x200.jpeg 300w, https:\/\/grotta.is\/wp-content\/uploads\/2022\/10\/lengjudeild-mfl-kvk-768x512.jpeg 768w, https:\/\/grotta.is\/wp-content\/uploads\/2022\/10\/lengjudeild-mfl-kvk-1536x1024.jpeg 1536w, https:\/\/grotta.is\/wp-content\/uploads\/2022\/10\/lengjudeild-mfl-kvk-2048x1365.jpeg 2048w, https:\/\/grotta.is\/wp-content\/uploads\/2022\/10\/lengjudeild-mfl-kvk-18x12.jpeg 18w, https:\/\/grotta.is\/wp-content\/uploads\/2022\/10\/lengjudeild-mfl-kvk-600x400.jpeg 600w\" sizes=\"(max-width: 1024px) 100vw, 1024px\" \/><\/figure>","protected":false},"excerpt":{"rendered":"<p>Gr\u00f3ttukonur trygg\u00f0u s\u00e9r \u00ed september s\u00e6ti \u00ed Lengjudeildinni\u00a0n\u00e6sta sumar.\u00a0Gr\u00f3tta enda\u00f0i \u00ed 2. s\u00e6ti 2. deildar kvenna me\u00f0 34 stig og bestu markat\u00f6lu deildarinnar!\u00a0\u00deessum \u00e1rangri var fagna\u00f0 vel \u00e1 Vivaldivellinum \u00feegar [&hellip;]<\/p>","protected":false},"author":4,"featured_media":399952,"comment_status":"closed","ping_status":"closed","sticky":false,"template":"","format":"standard","meta":{"footnotes":""},"categories":[7],"tags":[6,18],"class_list":["post-399942","post","type-post","status-publish","format-standard","has-post-thumbnail","hentry","category-knattspyrnudeild","tag-knattspyrna","tag-mfl-kvk"],"yoast_head":"<!-- This site is optimized with the Yoast SEO plugin v24.3 - https:\/\/yoast.com\/wordpress\/plugins\/seo\/ -->\n<title>Gr\u00f3ttukonur upp \u00ed Lengjudeildina! - \u00cd\u00fer\u00f3ttaf\u00e9lagi\u00f0 Gr\u00f3tta<\/title>\n<meta name=\"robots\" content=\"index, follow, max-snippet:-1, max-image-preview:large, max-video-preview:-1\" \/>\n<link rel=\"canonical\" href=\"https:\/\/grotta.is\/en\/knattspyrnudeild\/grottukonur-upp-i-lengjudeildina\/\" \/>\n<meta property=\"og:locale\" content=\"en_US\" \/>\n<meta property=\"og:type\" content=\"article\" \/>\n<meta property=\"og:title\" content=\"Gr\u00f3ttukonur upp \u00ed Lengjudeildina! - \u00cd\u00fer\u00f3ttaf\u00e9lagi\u00f0 Gr\u00f3tta\" \/>\n<meta property=\"og:description\" content=\"Gr\u00f3ttukonur trygg\u00f0u s\u00e9r \u00ed september s\u00e6ti \u00ed Lengjudeildinni\u00a0n\u00e6sta sumar.\u00a0Gr\u00f3tta enda\u00f0i \u00ed 2. s\u00e6ti 2. deildar kvenna me\u00f0 34 stig og bestu markat\u00f6lu deildarinnar!\u00a0\u00deessum \u00e1rangri var fagna\u00f0 vel \u00e1 Vivaldivellinum \u00feegar [&hellip;]\" \/>\n<meta property=\"og:url\" content=\"https:\/\/grotta.is\/en\/knattspyrnudeild\/grottukonur-upp-i-lengjudeildina\/\" \/>\n<meta property=\"og:site_name\" content=\"\u00cd\u00fer\u00f3ttaf\u00e9lagi\u00f0 Gr\u00f3tta\" \/>\n<meta property=\"article:publisher\" content=\"https:\/\/www.facebook.com\/grottasport\" \/>\n<meta property=\"article:published_time\" content=\"2022-10-16T20:53:24+00:00\" \/>\n<meta property=\"article:modified_time\" content=\"2022-10-16T20:53:28+00:00\" \/>\n<meta property=\"og:image\" content=\"https:\/\/grotta.is\/wp-content\/uploads\/2022\/10\/lengjudeild-mfl-kvk.jpeg\" \/>\n\t<meta property=\"og:image:width\" content=\"2061\" \/>\n\t<meta property=\"og:image:height\" content=\"1374\" \/>\n\t<meta property=\"og:image:type\" content=\"image\/jpeg\" \/>\n<meta name=\"author\" content=\"J\u00f3runn M. \u00deorsteinsd\u00f3ttir\" \/>\n<meta name=\"twitter:card\" content=\"summary_large_image\" \/>\n<meta name=\"twitter:label1\" content=\"Written by\" \/>\n\t<meta name=\"twitter:data1\" content=\"J\u00f3runn M. \u00deorsteinsd\u00f3ttir\" \/>\n\t<meta name=\"twitter:label2\" content=\"Est. reading time\" \/>\n\t<meta name=\"twitter:data2\" content=\"1 minute\" \/>\n<script type=\"application\/ld+json\" class=\"yoast-schema-graph\">{\"@context\":\"https:\/\/schema.org\",\"@graph\":[{\"@type\":\"Article\",\"@id\":\"https:\/\/grotta.is\/knattspyrnudeild\/grottukonur-upp-i-lengjudeildina\/#article\",\"isPartOf\":{\"@id\":\"https:\/\/grotta.is\/knattspyrnudeild\/grottukonur-upp-i-lengjudeildina\/\"},\"author\":{\"name\":\"J\u00f3runn M. \u00deorsteinsd\u00f3ttir\",\"@id\":\"https:\/\/grotta.is\/#\/schema\/person\/f1fea6a85a554e8069771c3486efbd84\"},\"headline\":\"Gr\u00f3ttukonur upp \u00ed Lengjudeildina!\",\"datePublished\":\"2022-10-16T20:53:24+00:00\",\"dateModified\":\"2022-10-16T20:53:28+00:00\",\"mainEntityOfPage\":{\"@id\":\"https:\/\/grotta.is\/knattspyrnudeild\/grottukonur-upp-i-lengjudeildina\/\"},\"wordCount\":61,\"publisher\":{\"@id\":\"https:\/\/grotta.is\/#organization\"},\"image\":{\"@id\":\"https:\/\/grotta.is\/knattspyrnudeild\/grottukonur-upp-i-lengjudeildina\/#primaryimage\"},\"thumbnailUrl\":\"https:\/\/grotta.is\/wp-content\/uploads\/2022\/10\/lengjudeild-mfl-kvk.jpeg\",\"keywords\":[\"Knattspyrna\",\"Mfl.kvk\"],\"articleSection\":[\"Knattspyrnudeild\"],\"inLanguage\":\"en-US\"},{\"@type\":\"WebPage\",\"@id\":\"https:\/\/grotta.is\/knattspyrnudeild\/grottukonur-upp-i-lengjudeildina\/\",\"url\":\"https:\/\/grotta.is\/knattspyrnudeild\/grottukonur-upp-i-lengjudeildina\/\",\"name\":\"Gr\u00f3ttukonur upp \u00ed Lengjudeildina! - \u00cd\u00fer\u00f3ttaf\u00e9lagi\u00f0 Gr\u00f3tta\",\"isPartOf\":{\"@id\":\"https:\/\/grotta.is\/#website\"},\"primaryImageOfPage\":{\"@id\":\"https:\/\/grotta.is\/knattspyrnudeild\/grottukonur-upp-i-lengjudeildina\/#primaryimage\"},\"image\":{\"@id\":\"https:\/\/grotta.is\/knattspyrnudeild\/grottukonur-upp-i-lengjudeildina\/#primaryimage\"},\"thumbnailUrl\":\"https:\/\/grotta.is\/wp-content\/uploads\/2022\/10\/lengjudeild-mfl-kvk.jpeg\",\"datePublished\":\"2022-10-16T20:53:24+00:00\",\"dateModified\":\"2022-10-16T20:53:28+00:00\",\"breadcrumb\":{\"@id\":\"https:\/\/grotta.is\/knattspyrnudeild\/grottukonur-upp-i-lengjudeildina\/#breadcrumb\"},\"inLanguage\":\"en-US\",\"potentialAction\":[{\"@type\":\"ReadAction\",\"target\":[\"https:\/\/grotta.is\/knattspyrnudeild\/grottukonur-upp-i-lengjudeildina\/\"]}]},{\"@type\":\"ImageObject\",\"inLanguage\":\"en-US\",\"@id\":\"https:\/\/grotta.is\/knattspyrnudeild\/grottukonur-upp-i-lengjudeildina\/#primaryimage\",\"url\":\"https:\/\/grotta.is\/wp-content\/uploads\/2022\/10\/lengjudeild-mfl-kvk.jpeg\",\"contentUrl\":\"https:\/\/grotta.is\/wp-content\/uploads\/2022\/10\/lengjudeild-mfl-kvk.jpeg\",\"width\":2061,\"height\":1374},{\"@type\":\"BreadcrumbList\",\"@id\":\"https:\/\/grotta.is\/knattspyrnudeild\/grottukonur-upp-i-lengjudeildina\/#breadcrumb\",\"itemListElement\":[{\"@type\":\"ListItem\",\"position\":1,\"name\":\"Home\",\"item\":\"https:\/\/grotta.is\/\"},{\"@type\":\"ListItem\",\"position\":2,\"name\":\"Gr\u00f3ttukonur upp \u00ed Lengjudeildina!\"}]},{\"@type\":\"WebSite\",\"@id\":\"https:\/\/grotta.is\/#website\",\"url\":\"https:\/\/grotta.is\/\",\"name\":\"\u00cd\u00fer\u00f3ttaf\u00e9lagi\u00f0 Gr\u00f3tta\",\"description\":\"\u00e1 Seltjarnarnesi\",\"publisher\":{\"@id\":\"https:\/\/grotta.is\/#organization\"},\"potentialAction\":[{\"@type\":\"SearchAction\",\"target\":{\"@type\":\"EntryPoint\",\"urlTemplate\":\"https:\/\/grotta.is\/?s={search_term_string}\"},\"query-input\":{\"@type\":\"PropertyValueSpecification\",\"valueRequired\":true,\"valueName\":\"search_term_string\"}}],\"inLanguage\":\"en-US\"},{\"@type\":\"Organization\",\"@id\":\"https:\/\/grotta.is\/#organization\",\"name\":\"\u00cd\u00fer\u00f3ttaf\u00e9lagi\u00f0 Gr\u00f3tta\",\"url\":\"https:\/\/grotta.is\/\",\"logo\":{\"@type\":\"ImageObject\",\"inLanguage\":\"en-US\",\"@id\":\"https:\/\/grotta.is\/#\/schema\/logo\/image\/\",\"url\":\"https:\/\/grotta.is\/wp-content\/uploads\/2020\/02\/ithrottafelagidgrotta_logo_512x512_transparent.png\",\"contentUrl\":\"https:\/\/grotta.is\/wp-content\/uploads\/2020\/02\/ithrottafelagidgrotta_logo_512x512_transparent.png\",\"width\":512,\"height\":512,\"caption\":\"\u00cd\u00fer\u00f3ttaf\u00e9lagi\u00f0 Gr\u00f3tta\"},\"image\":{\"@id\":\"https:\/\/grotta.is\/#\/schema\/logo\/image\/\"},\"sameAs\":[\"https:\/\/www.facebook.com\/grottasport\"]},{\"@type\":\"Person\",\"@id\":\"https:\/\/grotta.is\/#\/schema\/person\/f1fea6a85a554e8069771c3486efbd84\",\"name\":\"J\u00f3runn M. \u00deorsteinsd\u00f3ttir\",\"url\":\"https:\/\/grotta.is\/en\/author\/jorunn\/\"}]}<\/script>\n<!-- \/ Yoast SEO plugin. -->","yoast_head_json":{"title":"Gr\u00f3ttukonur upp \u00ed Lengjudeildina! - \u00cd\u00fer\u00f3ttaf\u00e9lagi\u00f0 Gr\u00f3tta","robots":{"index":"index","follow":"follow","max-snippet":"max-snippet:-1","max-image-preview":"max-image-preview:large","max-video-preview":"max-video-preview:-1"},"canonical":"https:\/\/grotta.is\/en\/knattspyrnudeild\/grottukonur-upp-i-lengjudeildina\/","og_locale":"en_US","og_type":"article","og_title":"Gr\u00f3ttukonur upp \u00ed Lengjudeildina! - \u00cd\u00fer\u00f3ttaf\u00e9lagi\u00f0 Gr\u00f3tta","og_description":"Gr\u00f3ttukonur trygg\u00f0u s\u00e9r \u00ed september s\u00e6ti \u00ed Lengjudeildinni\u00a0n\u00e6sta sumar.\u00a0Gr\u00f3tta enda\u00f0i \u00ed 2. s\u00e6ti 2. deildar kvenna me\u00f0 34 stig og bestu markat\u00f6lu deildarinnar!\u00a0\u00deessum \u00e1rangri var fagna\u00f0 vel \u00e1 Vivaldivellinum \u00feegar [&hellip;]","og_url":"https:\/\/grotta.is\/en\/knattspyrnudeild\/grottukonur-upp-i-lengjudeildina\/","og_site_name":"\u00cd\u00fer\u00f3ttaf\u00e9lagi\u00f0 Gr\u00f3tta","article_publisher":"https:\/\/www.facebook.com\/grottasport","article_published_time":"2022-10-16T20:53:24+00:00","article_modified_time":"2022-10-16T20:53:28+00:00","og_image":[{"width":2061,"height":1374,"url":"https:\/\/grotta.is\/wp-content\/uploads\/2022\/10\/lengjudeild-mfl-kvk.jpeg","type":"image\/jpeg"}],"author":"J\u00f3runn M. \u00deorsteinsd\u00f3ttir","twitter_card":"summary_large_image","twitter_misc":{"Written by":"J\u00f3runn M. \u00deorsteinsd\u00f3ttir","Est. reading time":"1 minute"},"schema":{"@context":"https:\/\/schema.org","@graph":[{"@type":"Article","@id":"https:\/\/grotta.is\/knattspyrnudeild\/grottukonur-upp-i-lengjudeildina\/#article","isPartOf":{"@id":"https:\/\/grotta.is\/knattspyrnudeild\/grottukonur-upp-i-lengjudeildina\/"},"author":{"name":"J\u00f3runn M. \u00deorsteinsd\u00f3ttir","@id":"https:\/\/grotta.is\/#\/schema\/person\/f1fea6a85a554e8069771c3486efbd84"},"headline":"Gr\u00f3ttukonur upp \u00ed Lengjudeildina!","datePublished":"2022-10-16T20:53:24+00:00","dateModified":"2022-10-16T20:53:28+00:00","mainEntityOfPage":{"@id":"https:\/\/grotta.is\/knattspyrnudeild\/grottukonur-upp-i-lengjudeildina\/"},"wordCount":61,"publisher":{"@id":"https:\/\/grotta.is\/#organization"},"image":{"@id":"https:\/\/grotta.is\/knattspyrnudeild\/grottukonur-upp-i-lengjudeildina\/#primaryimage"},"thumbnailUrl":"https:\/\/grotta.is\/wp-content\/uploads\/2022\/10\/lengjudeild-mfl-kvk.jpeg","keywords":["Knattspyrna","Mfl.kvk"],"articleSection":["Knattspyrnudeild"],"inLanguage":"en-US"},{"@type":"WebPage","@id":"https:\/\/grotta.is\/knattspyrnudeild\/grottukonur-upp-i-lengjudeildina\/","url":"https:\/\/grotta.is\/knattspyrnudeild\/grottukonur-upp-i-lengjudeildina\/","name":"Gr\u00f3ttukonur upp \u00ed Lengjudeildina! - \u00cd\u00fer\u00f3ttaf\u00e9lagi\u00f0 Gr\u00f3tta","isPartOf":{"@id":"https:\/\/grotta.is\/#website"},"primaryImageOfPage":{"@id":"https:\/\/grotta.is\/knattspyrnudeild\/grottukonur-upp-i-lengjudeildina\/#primaryimage"},"image":{"@id":"https:\/\/grotta.is\/knattspyrnudeild\/grottukonur-upp-i-lengjudeildina\/#primaryimage"},"thumbnailUrl":"https:\/\/grotta.is\/wp-content\/uploads\/2022\/10\/lengjudeild-mfl-kvk.jpeg","datePublished":"2022-10-16T20:53:24+00:00","dateModified":"2022-10-16T20:53:28+00:00","breadcrumb":{"@id":"https:\/\/grotta.is\/knattspyrnudeild\/grottukonur-upp-i-lengjudeildina\/#breadcrumb"},"inLanguage":"en-US","potentialAction":[{"@type":"ReadAction","target":["https:\/\/grotta.is\/knattspyrnudeild\/grottukonur-upp-i-lengjudeildina\/"]}]},{"@type":"ImageObject","inLanguage":"en-US","@id":"https:\/\/grotta.is\/knattspyrnudeild\/grottukonur-upp-i-lengjudeildina\/#primaryimage","url":"https:\/\/grotta.is\/wp-content\/uploads\/2022\/10\/lengjudeild-mfl-kvk.jpeg","contentUrl":"https:\/\/grotta.is\/wp-content\/uploads\/2022\/10\/lengjudeild-mfl-kvk.jpeg","width":2061,"height":1374},{"@type":"BreadcrumbList","@id":"https:\/\/grotta.is\/knattspyrnudeild\/grottukonur-upp-i-lengjudeildina\/#breadcrumb","itemListElement":[{"@type":"ListItem","position":1,"name":"Home","item":"https:\/\/grotta.is\/"},{"@type":"ListItem","position":2,"name":"Gr\u00f3ttukonur upp \u00ed Lengjudeildina!"}]},{"@type":"WebSite","@id":"https:\/\/grotta.is\/#website","url":"https:\/\/grotta.is\/","name":"\u00cd\u00fer\u00f3ttaf\u00e9lagi\u00f0 Gr\u00f3tta","description":"\u00e1 Seltjarnarnesi","publisher":{"@id":"https:\/\/grotta.is\/#organization"},"potentialAction":[{"@type":"SearchAction","target":{"@type":"EntryPoint","urlTemplate":"https:\/\/grotta.is\/?s={search_term_string}"},"query-input":{"@type":"PropertyValueSpecification","valueRequired":true,"valueName":"search_term_string"}}],"inLanguage":"en-US"},{"@type":"Organization","@id":"https:\/\/grotta.is\/#organization","name":"\u00cd\u00fer\u00f3ttaf\u00e9lagi\u00f0 Gr\u00f3tta","url":"https:\/\/grotta.is\/","logo":{"@type":"ImageObject","inLanguage":"en-US","@id":"https:\/\/grotta.is\/#\/schema\/logo\/image\/","url":"https:\/\/grotta.is\/wp-content\/uploads\/2020\/02\/ithrottafelagidgrotta_logo_512x512_transparent.png","contentUrl":"https:\/\/grotta.is\/wp-content\/uploads\/2020\/02\/ithrottafelagidgrotta_logo_512x512_transparent.png","width":512,"height":512,"caption":"\u00cd\u00fer\u00f3ttaf\u00e9lagi\u00f0 Gr\u00f3tta"},"image":{"@id":"https:\/\/grotta.is\/#\/schema\/logo\/image\/"},"sameAs":["https:\/\/www.facebook.com\/grottasport"]},{"@type":"Person","@id":"https:\/\/grotta.is\/#\/schema\/person\/f1fea6a85a554e8069771c3486efbd84","name":"J\u00f3runn M. \u00deorsteinsd\u00f3ttir","url":"https:\/\/grotta.is\/en\/author\/jorunn\/"}]}},"_links":{"self":[{"href":"https:\/\/grotta.is\/en\/wp-json\/wp\/v2\/posts\/399942","targetHints":{"allow":["GET"]}}],"collection":[{"href":"https:\/\/grotta.is\/en\/wp-json\/wp\/v2\/posts"}],"about":[{"href":"https:\/\/grotta.is\/en\/wp-json\/wp\/v2\/types\/post"}],"author":[{"embeddable":true,"href":"https:\/\/grotta.is\/en\/wp-json\/wp\/v2\/users\/4"}],"replies":[{"embeddable":true,"href":"https:\/\/grotta.is\/en\/wp-json\/wp\/v2\/comments?post=399942"}],"version-history":[{"count":1,"href":"https:\/\/grotta.is\/en\/wp-json\/wp\/v2\/posts\/399942\/revisions"}],"predecessor-version":[{"id":399953,"href":"https:\/\/grotta.is\/en\/wp-json\/wp\/v2\/posts\/399942\/revisions\/399953"}],"wp:featuredmedia":[{"embeddable":true,"href":"https:\/\/grotta.is\/en\/wp-json\/wp\/v2\/media\/399952"}],"wp:attachment":[{"href":"https:\/\/grotta.is\/en\/wp-json\/wp\/v2\/media?parent=399942"}],"wp:term":[{"taxonomy":"category","embeddable":true,"href":"https:\/\/grotta.is\/en\/wp-json\/wp\/v2\/categories?post=399942"},{"taxonomy":"post_tag","embeddable":true,"href":"https:\/\/grotta.is\/en\/wp-json\/wp\/v2\/tags?post=399942"}],"curies":[{"name":"wp","href":"https:\/\/api.w.org\/{rel}","templated":true}]}}