{"id":399477,"date":"2022-10-13T15:31:44","date_gmt":"2022-10-13T15:31:44","guid":{"rendered":"https:\/\/grotta.is\/?p=399477"},"modified":"2022-10-14T09:23:45","modified_gmt":"2022-10-14T09:23:45","slug":"asdis-hjalmsdottir-raeddi-vid-thjalfara-grottu","status":"publish","type":"post","link":"https:\/\/grotta.is\/en\/almennt\/asdis-hjalmsdottir-raeddi-vid-thjalfara-grottu\/","title":{"rendered":"\u00c1sd\u00eds Hj\u00e1lmsd\u00f3ttir r\u00e6ddi vi\u00f0 \u00fej\u00e1lfara Gr\u00f3ttu"},"content":{"rendered":"<p>\u00c1rlegur haust fundur fyrir \u00fej\u00e1lfara f\u00e9lagasins var haldin \u00ed g\u00e6rkv\u00f6ldi. \u00cd byrjun f\u00f3r \u00ed\u00fer\u00f3ttastj\u00f3ri f\u00e9lagsins yfir prakt\u00edsk m\u00e1l og skilabo\u00f0 fr\u00e1 skrifstofunni.\u00a0<\/p><p>\u00dea\u00f0 er hef\u00f0 fyrir \u00fev\u00ed a\u00f0 f\u00e1 gest til a\u00f0 halda fyrirlestur fyrir \u00fej\u00e1flaranna og a\u00f0 \u00feessu sinni m\u00e6tti \u00c1sd\u00eds Hj\u00e1lmsd\u00f3ttir fyrverandi spj\u00f3tkastari og \u00ferefaldur \u00d3lymp\u00edufari. H\u00fan hefur veri\u00f0 a\u00f0 s\u00e9rh\u00e6fa sig \u00ed hugarfars\u00fej\u00e1lfun og heldur \u00fati sinni eigin heimas\u00ed\u00f0u <a href=\"https:\/\/asdishjalmsdottir.com\/islenska\" target=\"_blank\" rel=\"noreferrer noopener\">asdishjalmsdottir.com\/islenska<\/a><\/p><p>Fyrirlestur hennar var mj\u00f6g \u00e1hugarver\u00f0ur \u00fear sem h\u00fan byrja\u00f0i a\u00f0 r\u00e6\u00f0a s\u00edna s\u00f6gu \u00feegar kemur a\u00f0 hugar\u00fej\u00e1lfun, hven\u00e6r og hvernig h\u00fan byrja\u00f0i a\u00f0 nota hugarfars\u00fej\u00e1lfun og hva\u00f0a \u00e1hrif \u00fea\u00f0 haf\u00f0i \u00e1 hennar feril til \u00feess a\u00f0 undirstrika mikilv\u00e6gi hennar. S\u00ed\u00f0an f\u00f3r h\u00fan n\u00e1nar \u00ed fimm grunn a\u00f0fer\u00f0ir \u00ed hugar\u00fej\u00e1lfun til \u00feess a\u00f0 \u00fej\u00e1lfararnir viti hvernig er h\u00e6gt a\u00f0 gera \u00feetta og geti kennt s\u00ednum i\u00f0kendum. \u00cd lokin tala\u00f0i h\u00fan svo um hlutverk \u00fej\u00e1lfarans \u00ed \u00feessu \u00f6llu (\u00fear sem \u00fea\u00f0 er n\u00fa einu sinni \u00ed\u00fer\u00f3ttaf\u00f3lki\u00f0 sj\u00e1lft sem \u00fearf a\u00f0 gera \u00feetta) og hvernig \u00fej\u00e1lfarar geta tvinna\u00f0 hugar\u00fej\u00e1lfun inn \u00ed \u00e6fingarnar.&nbsp;&nbsp;<\/p><figure class=\"wp-block-image size-large\"><img fetchpriority=\"high\" decoding=\"async\" width=\"1024\" height=\"768\" src=\"https:\/\/grotta.is\/wp-content\/uploads\/2022\/10\/IMG-6637-1024x768.jpg\" alt=\"\" class=\"wp-image-399474\" srcset=\"https:\/\/grotta.is\/wp-content\/uploads\/2022\/10\/IMG-6637-1024x768.jpg 1024w, https:\/\/grotta.is\/wp-content\/uploads\/2022\/10\/IMG-6637-300x225.jpg 300w, https:\/\/grotta.is\/wp-content\/uploads\/2022\/10\/IMG-6637-768x576.jpg 768w, https:\/\/grotta.is\/wp-content\/uploads\/2022\/10\/IMG-6637-1536x1152.jpg 1536w, https:\/\/grotta.is\/wp-content\/uploads\/2022\/10\/IMG-6637-2048x1536.jpg 2048w, https:\/\/grotta.is\/wp-content\/uploads\/2022\/10\/IMG-6637-16x12.jpg 16w, https:\/\/grotta.is\/wp-content\/uploads\/2022\/10\/IMG-6637-600x450.jpg 600w\" sizes=\"(max-width: 1024px) 100vw, 1024px\" \/><\/figure><figure class=\"wp-block-image size-large\"><img decoding=\"async\" width=\"768\" height=\"1024\" data-src=\"https:\/\/grotta.is\/wp-content\/uploads\/2022\/10\/IMG-6632-768x1024.jpg\" alt=\"\" class=\"wp-image-399475 lazyload\" data-srcset=\"https:\/\/grotta.is\/wp-content\/uploads\/2022\/10\/IMG-6632-768x1024.jpg 768w, https:\/\/grotta.is\/wp-content\/uploads\/2022\/10\/IMG-6632-225x300.jpg 225w, https:\/\/grotta.is\/wp-content\/uploads\/2022\/10\/IMG-6632-1152x1536.jpg 1152w, https:\/\/grotta.is\/wp-content\/uploads\/2022\/10\/IMG-6632-1536x2048.jpg 1536w, https:\/\/grotta.is\/wp-content\/uploads\/2022\/10\/IMG-6632-9x12.jpg 9w, https:\/\/grotta.is\/wp-content\/uploads\/2022\/10\/IMG-6632-600x800.jpg 600w, https:\/\/grotta.is\/wp-content\/uploads\/2022\/10\/IMG-6632-scaled.jpg 1920w\" data-sizes=\"(max-width: 768px) 100vw, 768px\" src=\"data:image\/gif;base64,R0lGODlhAQABAAAAACH5BAEKAAEALAAAAAABAAEAAAICTAEAOw==\" style=\"--smush-placeholder-width: 768px; --smush-placeholder-aspect-ratio: 768\/1024;\" \/><\/figure>","protected":false},"excerpt":{"rendered":"<p>\u00c1rlegur haust fundur fyrir \u00fej\u00e1lfara f\u00e9lagasins var haldin \u00ed g\u00e6rkv\u00f6ldi. \u00cd byrjun f\u00f3r \u00ed\u00fer\u00f3ttastj\u00f3ri f\u00e9lagsins yfir prakt\u00edsk m\u00e1l og skilabo\u00f0 fr\u00e1 skrifstofunni.\u00a0<\/p>","protected":false},"author":2,"featured_media":399473,"comment_status":"closed","ping_status":"closed","sticky":false,"template":"","format":"standard","meta":{"footnotes":""},"categories":[4],"tags":[],"class_list":["post-399477","post","type-post","status-publish","format-standard","has-post-thumbnail","hentry","category-almennt"],"yoast_head":"<!-- This site is optimized with the Yoast SEO plugin v24.3 - https:\/\/yoast.com\/wordpress\/plugins\/seo\/ -->\n<title>\u00c1sd\u00eds Hj\u00e1lmsd\u00f3ttir r\u00e6ddi vi\u00f0 \u00fej\u00e1lfara Gr\u00f3ttu - \u00cd\u00fer\u00f3ttaf\u00e9lagi\u00f0 Gr\u00f3tta<\/title>\n<meta name=\"robots\" content=\"index, follow, max-snippet:-1, max-image-preview:large, max-video-preview:-1\" \/>\n<link rel=\"canonical\" href=\"https:\/\/grotta.is\/en\/almennt\/asdis-hjalmsdottir-raeddi-vid-thjalfara-grottu\/\" \/>\n<meta property=\"og:locale\" content=\"en_US\" \/>\n<meta property=\"og:type\" content=\"article\" \/>\n<meta property=\"og:title\" content=\"\u00c1sd\u00eds Hj\u00e1lmsd\u00f3ttir r\u00e6ddi vi\u00f0 \u00fej\u00e1lfara Gr\u00f3ttu - \u00cd\u00fer\u00f3ttaf\u00e9lagi\u00f0 Gr\u00f3tta\" \/>\n<meta property=\"og:description\" content=\"\u00c1rlegur haust fundur fyrir \u00fej\u00e1lfara f\u00e9lagasins var haldin \u00ed g\u00e6rkv\u00f6ldi. \u00cd byrjun f\u00f3r \u00ed\u00fer\u00f3ttastj\u00f3ri f\u00e9lagsins yfir prakt\u00edsk m\u00e1l og skilabo\u00f0 fr\u00e1 skrifstofunni.\u00a0\" \/>\n<meta property=\"og:url\" content=\"https:\/\/grotta.is\/en\/almennt\/asdis-hjalmsdottir-raeddi-vid-thjalfara-grottu\/\" \/>\n<meta property=\"og:site_name\" content=\"\u00cd\u00fer\u00f3ttaf\u00e9lagi\u00f0 Gr\u00f3tta\" \/>\n<meta property=\"article:publisher\" content=\"https:\/\/www.facebook.com\/grottasport\" \/>\n<meta property=\"article:published_time\" content=\"2022-10-13T15:31:44+00:00\" \/>\n<meta property=\"article:modified_time\" content=\"2022-10-14T09:23:45+00:00\" \/>\n<meta property=\"og:image\" content=\"https:\/\/grotta.is\/wp-content\/uploads\/2022\/10\/IMG-6624-scaled.jpg\" \/>\n\t<meta property=\"og:image:width\" content=\"2560\" \/>\n\t<meta property=\"og:image:height\" content=\"1920\" \/>\n\t<meta property=\"og:image:type\" content=\"image\/jpeg\" \/>\n<meta name=\"author\" content=\"Grotta\" \/>\n<meta name=\"twitter:card\" content=\"summary_large_image\" \/>\n<meta name=\"twitter:label1\" content=\"Written by\" \/>\n\t<meta name=\"twitter:data1\" content=\"Grotta\" \/>\n\t<meta name=\"twitter:label2\" content=\"Est. reading time\" \/>\n\t<meta name=\"twitter:data2\" content=\"2 minutes\" \/>\n<script type=\"application\/ld+json\" class=\"yoast-schema-graph\">{\"@context\":\"https:\/\/schema.org\",\"@graph\":[{\"@type\":\"Article\",\"@id\":\"https:\/\/grotta.is\/almennt\/asdis-hjalmsdottir-raeddi-vid-thjalfara-grottu\/#article\",\"isPartOf\":{\"@id\":\"https:\/\/grotta.is\/almennt\/asdis-hjalmsdottir-raeddi-vid-thjalfara-grottu\/\"},\"author\":{\"name\":\"Grotta\",\"@id\":\"https:\/\/grotta.is\/#\/schema\/person\/08ec57bf09ee925f1b6a01540c14a5ce\"},\"headline\":\"\u00c1sd\u00eds Hj\u00e1lmsd\u00f3ttir r\u00e6ddi vi\u00f0 \u00fej\u00e1lfara Gr\u00f3ttu\",\"datePublished\":\"2022-10-13T15:31:44+00:00\",\"dateModified\":\"2022-10-14T09:23:45+00:00\",\"mainEntityOfPage\":{\"@id\":\"https:\/\/grotta.is\/almennt\/asdis-hjalmsdottir-raeddi-vid-thjalfara-grottu\/\"},\"wordCount\":230,\"publisher\":{\"@id\":\"https:\/\/grotta.is\/#organization\"},\"image\":{\"@id\":\"https:\/\/grotta.is\/almennt\/asdis-hjalmsdottir-raeddi-vid-thjalfara-grottu\/#primaryimage\"},\"thumbnailUrl\":\"https:\/\/grotta.is\/wp-content\/uploads\/2022\/10\/IMG-6624-scaled.jpg\",\"articleSection\":[\"Almennt\"],\"inLanguage\":\"en-US\"},{\"@type\":\"WebPage\",\"@id\":\"https:\/\/grotta.is\/almennt\/asdis-hjalmsdottir-raeddi-vid-thjalfara-grottu\/\",\"url\":\"https:\/\/grotta.is\/almennt\/asdis-hjalmsdottir-raeddi-vid-thjalfara-grottu\/\",\"name\":\"\u00c1sd\u00eds Hj\u00e1lmsd\u00f3ttir r\u00e6ddi vi\u00f0 \u00fej\u00e1lfara Gr\u00f3ttu - \u00cd\u00fer\u00f3ttaf\u00e9lagi\u00f0 Gr\u00f3tta\",\"isPartOf\":{\"@id\":\"https:\/\/grotta.is\/#website\"},\"primaryImageOfPage\":{\"@id\":\"https:\/\/grotta.is\/almennt\/asdis-hjalmsdottir-raeddi-vid-thjalfara-grottu\/#primaryimage\"},\"image\":{\"@id\":\"https:\/\/grotta.is\/almennt\/asdis-hjalmsdottir-raeddi-vid-thjalfara-grottu\/#primaryimage\"},\"thumbnailUrl\":\"https:\/\/grotta.is\/wp-content\/uploads\/2022\/10\/IMG-6624-scaled.jpg\",\"datePublished\":\"2022-10-13T15:31:44+00:00\",\"dateModified\":\"2022-10-14T09:23:45+00:00\",\"breadcrumb\":{\"@id\":\"https:\/\/grotta.is\/almennt\/asdis-hjalmsdottir-raeddi-vid-thjalfara-grottu\/#breadcrumb\"},\"inLanguage\":\"en-US\",\"potentialAction\":[{\"@type\":\"ReadAction\",\"target\":[\"https:\/\/grotta.is\/almennt\/asdis-hjalmsdottir-raeddi-vid-thjalfara-grottu\/\"]}]},{\"@type\":\"ImageObject\",\"inLanguage\":\"en-US\",\"@id\":\"https:\/\/grotta.is\/almennt\/asdis-hjalmsdottir-raeddi-vid-thjalfara-grottu\/#primaryimage\",\"url\":\"https:\/\/grotta.is\/wp-content\/uploads\/2022\/10\/IMG-6624-scaled.jpg\",\"contentUrl\":\"https:\/\/grotta.is\/wp-content\/uploads\/2022\/10\/IMG-6624-scaled.jpg\",\"width\":2560,\"height\":1920},{\"@type\":\"BreadcrumbList\",\"@id\":\"https:\/\/grotta.is\/almennt\/asdis-hjalmsdottir-raeddi-vid-thjalfara-grottu\/#breadcrumb\",\"itemListElement\":[{\"@type\":\"ListItem\",\"position\":1,\"name\":\"Home\",\"item\":\"https:\/\/grotta.is\/\"},{\"@type\":\"ListItem\",\"position\":2,\"name\":\"\u00c1sd\u00eds Hj\u00e1lmsd\u00f3ttir r\u00e6ddi vi\u00f0 \u00fej\u00e1lfara Gr\u00f3ttu\"}]},{\"@type\":\"WebSite\",\"@id\":\"https:\/\/grotta.is\/#website\",\"url\":\"https:\/\/grotta.is\/\",\"name\":\"\u00cd\u00fer\u00f3ttaf\u00e9lagi\u00f0 Gr\u00f3tta\",\"description\":\"\u00e1 Seltjarnarnesi\",\"publisher\":{\"@id\":\"https:\/\/grotta.is\/#organization\"},\"potentialAction\":[{\"@type\":\"SearchAction\",\"target\":{\"@type\":\"EntryPoint\",\"urlTemplate\":\"https:\/\/grotta.is\/?s={search_term_string}\"},\"query-input\":{\"@type\":\"PropertyValueSpecification\",\"valueRequired\":true,\"valueName\":\"search_term_string\"}}],\"inLanguage\":\"en-US\"},{\"@type\":\"Organization\",\"@id\":\"https:\/\/grotta.is\/#organization\",\"name\":\"\u00cd\u00fer\u00f3ttaf\u00e9lagi\u00f0 Gr\u00f3tta\",\"url\":\"https:\/\/grotta.is\/\",\"logo\":{\"@type\":\"ImageObject\",\"inLanguage\":\"en-US\",\"@id\":\"https:\/\/grotta.is\/#\/schema\/logo\/image\/\",\"url\":\"https:\/\/grotta.is\/wp-content\/uploads\/2020\/02\/ithrottafelagidgrotta_logo_512x512_transparent.png\",\"contentUrl\":\"https:\/\/grotta.is\/wp-content\/uploads\/2020\/02\/ithrottafelagidgrotta_logo_512x512_transparent.png\",\"width\":512,\"height\":512,\"caption\":\"\u00cd\u00fer\u00f3ttaf\u00e9lagi\u00f0 Gr\u00f3tta\"},\"image\":{\"@id\":\"https:\/\/grotta.is\/#\/schema\/logo\/image\/\"},\"sameAs\":[\"https:\/\/www.facebook.com\/grottasport\"]},{\"@type\":\"Person\",\"@id\":\"https:\/\/grotta.is\/#\/schema\/person\/08ec57bf09ee925f1b6a01540c14a5ce\",\"name\":\"Grotta\",\"url\":\"https:\/\/grotta.is\/en\/author\/inga\/\"}]}<\/script>\n<!-- \/ Yoast SEO plugin. -->","yoast_head_json":{"title":"\u00c1sd\u00eds Hj\u00e1lmsd\u00f3ttir r\u00e6ddi vi\u00f0 \u00fej\u00e1lfara Gr\u00f3ttu - \u00cd\u00fer\u00f3ttaf\u00e9lagi\u00f0 Gr\u00f3tta","robots":{"index":"index","follow":"follow","max-snippet":"max-snippet:-1","max-image-preview":"max-image-preview:large","max-video-preview":"max-video-preview:-1"},"canonical":"https:\/\/grotta.is\/en\/almennt\/asdis-hjalmsdottir-raeddi-vid-thjalfara-grottu\/","og_locale":"en_US","og_type":"article","og_title":"\u00c1sd\u00eds Hj\u00e1lmsd\u00f3ttir r\u00e6ddi vi\u00f0 \u00fej\u00e1lfara Gr\u00f3ttu - \u00cd\u00fer\u00f3ttaf\u00e9lagi\u00f0 Gr\u00f3tta","og_description":"\u00c1rlegur haust fundur fyrir \u00fej\u00e1lfara f\u00e9lagasins var haldin \u00ed g\u00e6rkv\u00f6ldi. \u00cd byrjun f\u00f3r \u00ed\u00fer\u00f3ttastj\u00f3ri f\u00e9lagsins yfir prakt\u00edsk m\u00e1l og skilabo\u00f0 fr\u00e1 skrifstofunni.\u00a0","og_url":"https:\/\/grotta.is\/en\/almennt\/asdis-hjalmsdottir-raeddi-vid-thjalfara-grottu\/","og_site_name":"\u00cd\u00fer\u00f3ttaf\u00e9lagi\u00f0 Gr\u00f3tta","article_publisher":"https:\/\/www.facebook.com\/grottasport","article_published_time":"2022-10-13T15:31:44+00:00","article_modified_time":"2022-10-14T09:23:45+00:00","og_image":[{"width":2560,"height":1920,"url":"https:\/\/grotta.is\/wp-content\/uploads\/2022\/10\/IMG-6624-scaled.jpg","type":"image\/jpeg"}],"author":"Grotta","twitter_card":"summary_large_image","twitter_misc":{"Written by":"Grotta","Est. reading time":"2 minutes"},"schema":{"@context":"https:\/\/schema.org","@graph":[{"@type":"Article","@id":"https:\/\/grotta.is\/almennt\/asdis-hjalmsdottir-raeddi-vid-thjalfara-grottu\/#article","isPartOf":{"@id":"https:\/\/grotta.is\/almennt\/asdis-hjalmsdottir-raeddi-vid-thjalfara-grottu\/"},"author":{"name":"Grotta","@id":"https:\/\/grotta.is\/#\/schema\/person\/08ec57bf09ee925f1b6a01540c14a5ce"},"headline":"\u00c1sd\u00eds Hj\u00e1lmsd\u00f3ttir r\u00e6ddi vi\u00f0 \u00fej\u00e1lfara Gr\u00f3ttu","datePublished":"2022-10-13T15:31:44+00:00","dateModified":"2022-10-14T09:23:45+00:00","mainEntityOfPage":{"@id":"https:\/\/grotta.is\/almennt\/asdis-hjalmsdottir-raeddi-vid-thjalfara-grottu\/"},"wordCount":230,"publisher":{"@id":"https:\/\/grotta.is\/#organization"},"image":{"@id":"https:\/\/grotta.is\/almennt\/asdis-hjalmsdottir-raeddi-vid-thjalfara-grottu\/#primaryimage"},"thumbnailUrl":"https:\/\/grotta.is\/wp-content\/uploads\/2022\/10\/IMG-6624-scaled.jpg","articleSection":["Almennt"],"inLanguage":"en-US"},{"@type":"WebPage","@id":"https:\/\/grotta.is\/almennt\/asdis-hjalmsdottir-raeddi-vid-thjalfara-grottu\/","url":"https:\/\/grotta.is\/almennt\/asdis-hjalmsdottir-raeddi-vid-thjalfara-grottu\/","name":"\u00c1sd\u00eds Hj\u00e1lmsd\u00f3ttir r\u00e6ddi vi\u00f0 \u00fej\u00e1lfara Gr\u00f3ttu - \u00cd\u00fer\u00f3ttaf\u00e9lagi\u00f0 Gr\u00f3tta","isPartOf":{"@id":"https:\/\/grotta.is\/#website"},"primaryImageOfPage":{"@id":"https:\/\/grotta.is\/almennt\/asdis-hjalmsdottir-raeddi-vid-thjalfara-grottu\/#primaryimage"},"image":{"@id":"https:\/\/grotta.is\/almennt\/asdis-hjalmsdottir-raeddi-vid-thjalfara-grottu\/#primaryimage"},"thumbnailUrl":"https:\/\/grotta.is\/wp-content\/uploads\/2022\/10\/IMG-6624-scaled.jpg","datePublished":"2022-10-13T15:31:44+00:00","dateModified":"2022-10-14T09:23:45+00:00","breadcrumb":{"@id":"https:\/\/grotta.is\/almennt\/asdis-hjalmsdottir-raeddi-vid-thjalfara-grottu\/#breadcrumb"},"inLanguage":"en-US","potentialAction":[{"@type":"ReadAction","target":["https:\/\/grotta.is\/almennt\/asdis-hjalmsdottir-raeddi-vid-thjalfara-grottu\/"]}]},{"@type":"ImageObject","inLanguage":"en-US","@id":"https:\/\/grotta.is\/almennt\/asdis-hjalmsdottir-raeddi-vid-thjalfara-grottu\/#primaryimage","url":"https:\/\/grotta.is\/wp-content\/uploads\/2022\/10\/IMG-6624-scaled.jpg","contentUrl":"https:\/\/grotta.is\/wp-content\/uploads\/2022\/10\/IMG-6624-scaled.jpg","width":2560,"height":1920},{"@type":"BreadcrumbList","@id":"https:\/\/grotta.is\/almennt\/asdis-hjalmsdottir-raeddi-vid-thjalfara-grottu\/#breadcrumb","itemListElement":[{"@type":"ListItem","position":1,"name":"Home","item":"https:\/\/grotta.is\/"},{"@type":"ListItem","position":2,"name":"\u00c1sd\u00eds Hj\u00e1lmsd\u00f3ttir r\u00e6ddi vi\u00f0 \u00fej\u00e1lfara Gr\u00f3ttu"}]},{"@type":"WebSite","@id":"https:\/\/grotta.is\/#website","url":"https:\/\/grotta.is\/","name":"\u00cd\u00fer\u00f3ttaf\u00e9lagi\u00f0 Gr\u00f3tta","description":"\u00e1 Seltjarnarnesi","publisher":{"@id":"https:\/\/grotta.is\/#organization"},"potentialAction":[{"@type":"SearchAction","target":{"@type":"EntryPoint","urlTemplate":"https:\/\/grotta.is\/?s={search_term_string}"},"query-input":{"@type":"PropertyValueSpecification","valueRequired":true,"valueName":"search_term_string"}}],"inLanguage":"en-US"},{"@type":"Organization","@id":"https:\/\/grotta.is\/#organization","name":"\u00cd\u00fer\u00f3ttaf\u00e9lagi\u00f0 Gr\u00f3tta","url":"https:\/\/grotta.is\/","logo":{"@type":"ImageObject","inLanguage":"en-US","@id":"https:\/\/grotta.is\/#\/schema\/logo\/image\/","url":"https:\/\/grotta.is\/wp-content\/uploads\/2020\/02\/ithrottafelagidgrotta_logo_512x512_transparent.png","contentUrl":"https:\/\/grotta.is\/wp-content\/uploads\/2020\/02\/ithrottafelagidgrotta_logo_512x512_transparent.png","width":512,"height":512,"caption":"\u00cd\u00fer\u00f3ttaf\u00e9lagi\u00f0 Gr\u00f3tta"},"image":{"@id":"https:\/\/grotta.is\/#\/schema\/logo\/image\/"},"sameAs":["https:\/\/www.facebook.com\/grottasport"]},{"@type":"Person","@id":"https:\/\/grotta.is\/#\/schema\/person\/08ec57bf09ee925f1b6a01540c14a5ce","name":"Grotta","url":"https:\/\/grotta.is\/en\/author\/inga\/"}]}},"_links":{"self":[{"href":"https:\/\/grotta.is\/en\/wp-json\/wp\/v2\/posts\/399477","targetHints":{"allow":["GET"]}}],"collection":[{"href":"https:\/\/grotta.is\/en\/wp-json\/wp\/v2\/posts"}],"about":[{"href":"https:\/\/grotta.is\/en\/wp-json\/wp\/v2\/types\/post"}],"author":[{"embeddable":true,"href":"https:\/\/grotta.is\/en\/wp-json\/wp\/v2\/users\/2"}],"replies":[{"embeddable":true,"href":"https:\/\/grotta.is\/en\/wp-json\/wp\/v2\/comments?post=399477"}],"version-history":[{"count":4,"href":"https:\/\/grotta.is\/en\/wp-json\/wp\/v2\/posts\/399477\/revisions"}],"predecessor-version":[{"id":399495,"href":"https:\/\/grotta.is\/en\/wp-json\/wp\/v2\/posts\/399477\/revisions\/399495"}],"wp:featuredmedia":[{"embeddable":true,"href":"https:\/\/grotta.is\/en\/wp-json\/wp\/v2\/media\/399473"}],"wp:attachment":[{"href":"https:\/\/grotta.is\/en\/wp-json\/wp\/v2\/media?parent=399477"}],"wp:term":[{"taxonomy":"category","embeddable":true,"href":"https:\/\/grotta.is\/en\/wp-json\/wp\/v2\/categories?post=399477"},{"taxonomy":"post_tag","embeddable":true,"href":"https:\/\/grotta.is\/en\/wp-json\/wp\/v2\/tags?post=399477"}],"curies":[{"name":"wp","href":"https:\/\/api.w.org\/{rel}","templated":true}]}}