{"id":397159,"date":"2022-09-28T22:50:05","date_gmt":"2022-09-28T22:50:05","guid":{"rendered":"https:\/\/grotta.is\/?p=397159"},"modified":"2022-09-28T22:50:08","modified_gmt":"2022-09-28T22:50:08","slug":"2-flokkur-karla-upp-um-deild","status":"publish","type":"post","link":"https:\/\/grotta.is\/en\/knattspyrnudeild\/2-flokkur-karla-upp-um-deild\/","title":{"rendered":"2. flokkur karla upp um deild\u00a0"},"content":{"rendered":"<p>\u00dea\u00f0 var fr\u00e1b\u00e6r stemning \u00e1 Vivaldivellinum&nbsp;\u00ed kv\u00f6ld og fj\u00f6ldi f\u00f3lks \u00ed st\u00fakunni \u00feegar 2. flokkur karla trygg\u00f0i s\u00e9r s\u00e6ti \u00ed B-deild \u00cdslandsm\u00f3tsins. Andst\u00e6\u00f0ingar Gr\u00f3ttu var li\u00f0 KR2 sem tefldi fram nokkrum sterkum leikm\u00f6nnum \u00ed leiknum, \u00fear sem jafnr\u00e6\u00f0i var me\u00f0 li\u00f0unum fyrsta h\u00e1lft\u00edmann.&nbsp;<\/p><p>Gr\u00f3tta skora\u00f0i tv\u00f6 m\u00f6rk r\u00e9tt fyrir leikhl\u00e9 og \u00ed byrjun seinni h\u00e1lfleiks ger\u00f0u str\u00e1karnir \u00fat um leikinn og komust \u00ed 4-0. Kjartan K\u00e1ri Halld\u00f3rsson var me\u00f0 tv\u00f6 m\u00f6rk, Benjamin Friesen me\u00f0 eitt og eitt markanna var sj\u00e1lfsmark. Halld\u00f3r Orri J\u00f3nsson skora\u00f0i r\u00e9tt fyrir leikslok og trygg\u00f0i Gr\u00f3ttu 5-0 sigur og mikil gle\u00f0i braust \u00fat \u00ed leikslok. \u00cd sumar hefur li\u00f0sheildin \u00ed 2. flokknum veri\u00f0 sterk og leikmenn A- og B-li\u00f0sins sta\u00f0i\u00f0 vel vi\u00f0 baki\u00f0 hvor \u00e1 \u00f6\u00f0rum. T\u00edmabili\u00f0 er ekki alveg b\u00fai\u00f0 \u00fev\u00ed \u00e1 laugardaginn leika str\u00e1karnir vi\u00f0 Selfoss \u00ed \u00farslitaleik um sigur \u00ed C-deild.&nbsp;<\/p><p>Vi\u00f0 \u00f3skum str\u00e1kunum og \u00fej\u00e1lfurum \u00feeirra, Arnari \u00de\u00f3r Axelssyni og Dom Ankers, innilega til hamingju me\u00f0 \u00e1rangurinn.<\/p><p>Eyj\u00f3lfur Gar\u00f0arsson lj\u00f3smyndari var \u00e1 s\u00ednum sta\u00f0 \u00e1 vellinum og h\u00e9r er a\u00f0 finna\u00a0st\u00f3rgl\u00e6silegt alb\u00fam fr\u00e1 leiknum. <\/p><p><a href=\"https:\/\/photos.google.com\/share\/AF1QipNCZtGMb6M7SoEpUP9jGOPEoNhYmdYpwji37A5jzlS8Iun6X0UlBUvnQmsuUeYw9g?key=SHNsVUxndVI0R0FUUlkxZ25SMmdNaUhIVW9CaGVR\">https:\/\/photos.google.com\/share\/AF1QipNCZtGMb6M7SoEpUP9jGOPEoNhYmdYpwji37A5jzlS8Iun6X0UlBUvnQmsuUeYw9g?key=SHNsVUxndVI0R0FUUlkxZ25SMmdNaUhIVW9CaGVR<\/a><\/p><figure class=\"wp-block-image size-large\"><img fetchpriority=\"high\" decoding=\"async\" width=\"1024\" height=\"590\" src=\"https:\/\/grotta.is\/wp-content\/uploads\/2022\/09\/1DX24955-1024x590.jpg\" alt=\"\" class=\"wp-image-397160\" srcset=\"https:\/\/grotta.is\/wp-content\/uploads\/2022\/09\/1DX24955-1024x590.jpg 1024w, https:\/\/grotta.is\/wp-content\/uploads\/2022\/09\/1DX24955-300x173.jpg 300w, https:\/\/grotta.is\/wp-content\/uploads\/2022\/09\/1DX24955-768x443.jpg 768w, https:\/\/grotta.is\/wp-content\/uploads\/2022\/09\/1DX24955-1536x885.jpg 1536w, https:\/\/grotta.is\/wp-content\/uploads\/2022\/09\/1DX24955-2048x1180.jpg 2048w, https:\/\/grotta.is\/wp-content\/uploads\/2022\/09\/1DX24955-18x10.jpg 18w, https:\/\/grotta.is\/wp-content\/uploads\/2022\/09\/1DX24955-600x346.jpg 600w\" sizes=\"(max-width: 1024px) 100vw, 1024px\" \/><\/figure>","protected":false},"excerpt":{"rendered":"<p>\u00dea\u00f0 var fr\u00e1b\u00e6r stemning \u00e1 Vivaldivellinum&nbsp;\u00ed kv\u00f6ld og fj\u00f6ldi f\u00f3lks \u00ed st\u00fakunni \u00feegar 2. flokkur karla trygg\u00f0i s\u00e9r s\u00e6ti \u00ed B-deild \u00cdslandsm\u00f3tsins. Andst\u00e6\u00f0ingar Gr\u00f3ttu var li\u00f0 KR2 sem tefldi fram [&hellip;]<\/p>","protected":false},"author":2,"featured_media":397161,"comment_status":"closed","ping_status":"closed","sticky":false,"template":"","format":"standard","meta":{"footnotes":""},"categories":[7],"tags":[],"class_list":["post-397159","post","type-post","status-publish","format-standard","has-post-thumbnail","hentry","category-knattspyrnudeild"],"yoast_head":"<!-- This site is optimized with the Yoast SEO plugin v24.3 - https:\/\/yoast.com\/wordpress\/plugins\/seo\/ -->\n<title>2. flokkur karla upp um deild\u00a0 - \u00cd\u00fer\u00f3ttaf\u00e9lagi\u00f0 Gr\u00f3tta<\/title>\n<meta name=\"robots\" content=\"index, follow, max-snippet:-1, max-image-preview:large, max-video-preview:-1\" \/>\n<link rel=\"canonical\" href=\"https:\/\/grotta.is\/en\/knattspyrnudeild\/2-flokkur-karla-upp-um-deild\/\" \/>\n<meta property=\"og:locale\" content=\"en_US\" \/>\n<meta property=\"og:type\" content=\"article\" \/>\n<meta property=\"og:title\" content=\"2. flokkur karla upp um deild\u00a0 - \u00cd\u00fer\u00f3ttaf\u00e9lagi\u00f0 Gr\u00f3tta\" \/>\n<meta property=\"og:description\" content=\"\u00dea\u00f0 var fr\u00e1b\u00e6r stemning \u00e1 Vivaldivellinum&nbsp;\u00ed kv\u00f6ld og fj\u00f6ldi f\u00f3lks \u00ed st\u00fakunni \u00feegar 2. flokkur karla trygg\u00f0i s\u00e9r s\u00e6ti \u00ed B-deild \u00cdslandsm\u00f3tsins. Andst\u00e6\u00f0ingar Gr\u00f3ttu var li\u00f0 KR2 sem tefldi fram [&hellip;]\" \/>\n<meta property=\"og:url\" content=\"https:\/\/grotta.is\/en\/knattspyrnudeild\/2-flokkur-karla-upp-um-deild\/\" \/>\n<meta property=\"og:site_name\" content=\"\u00cd\u00fer\u00f3ttaf\u00e9lagi\u00f0 Gr\u00f3tta\" \/>\n<meta property=\"article:publisher\" content=\"https:\/\/www.facebook.com\/grottasport\" \/>\n<meta property=\"article:published_time\" content=\"2022-09-28T22:50:05+00:00\" \/>\n<meta property=\"article:modified_time\" content=\"2022-09-28T22:50:08+00:00\" \/>\n<meta property=\"og:image\" content=\"https:\/\/grotta.is\/wp-content\/uploads\/2022\/09\/1DX25172.jpg\" \/>\n\t<meta property=\"og:image:width\" content=\"2400\" \/>\n\t<meta property=\"og:image:height\" content=\"1405\" \/>\n\t<meta property=\"og:image:type\" content=\"image\/jpeg\" \/>\n<meta name=\"author\" content=\"Grotta\" \/>\n<meta name=\"twitter:card\" content=\"summary_large_image\" \/>\n<meta name=\"twitter:label1\" content=\"Written by\" \/>\n\t<meta name=\"twitter:data1\" content=\"Grotta\" \/>\n\t<meta name=\"twitter:label2\" content=\"Est. reading time\" \/>\n\t<meta name=\"twitter:data2\" content=\"2 minutes\" \/>\n<script type=\"application\/ld+json\" class=\"yoast-schema-graph\">{\"@context\":\"https:\/\/schema.org\",\"@graph\":[{\"@type\":\"Article\",\"@id\":\"https:\/\/grotta.is\/knattspyrnudeild\/2-flokkur-karla-upp-um-deild\/#article\",\"isPartOf\":{\"@id\":\"https:\/\/grotta.is\/knattspyrnudeild\/2-flokkur-karla-upp-um-deild\/\"},\"author\":{\"name\":\"Grotta\",\"@id\":\"https:\/\/grotta.is\/#\/schema\/person\/08ec57bf09ee925f1b6a01540c14a5ce\"},\"headline\":\"2. flokkur karla upp um deild\u00a0\",\"datePublished\":\"2022-09-28T22:50:05+00:00\",\"dateModified\":\"2022-09-28T22:50:08+00:00\",\"mainEntityOfPage\":{\"@id\":\"https:\/\/grotta.is\/knattspyrnudeild\/2-flokkur-karla-upp-um-deild\/\"},\"wordCount\":237,\"publisher\":{\"@id\":\"https:\/\/grotta.is\/#organization\"},\"image\":{\"@id\":\"https:\/\/grotta.is\/knattspyrnudeild\/2-flokkur-karla-upp-um-deild\/#primaryimage\"},\"thumbnailUrl\":\"https:\/\/grotta.is\/wp-content\/uploads\/2022\/09\/1DX25172.jpg\",\"articleSection\":[\"Knattspyrnudeild\"],\"inLanguage\":\"en-US\"},{\"@type\":\"WebPage\",\"@id\":\"https:\/\/grotta.is\/knattspyrnudeild\/2-flokkur-karla-upp-um-deild\/\",\"url\":\"https:\/\/grotta.is\/knattspyrnudeild\/2-flokkur-karla-upp-um-deild\/\",\"name\":\"2. flokkur karla upp um deild\u00a0 - \u00cd\u00fer\u00f3ttaf\u00e9lagi\u00f0 Gr\u00f3tta\",\"isPartOf\":{\"@id\":\"https:\/\/grotta.is\/#website\"},\"primaryImageOfPage\":{\"@id\":\"https:\/\/grotta.is\/knattspyrnudeild\/2-flokkur-karla-upp-um-deild\/#primaryimage\"},\"image\":{\"@id\":\"https:\/\/grotta.is\/knattspyrnudeild\/2-flokkur-karla-upp-um-deild\/#primaryimage\"},\"thumbnailUrl\":\"https:\/\/grotta.is\/wp-content\/uploads\/2022\/09\/1DX25172.jpg\",\"datePublished\":\"2022-09-28T22:50:05+00:00\",\"dateModified\":\"2022-09-28T22:50:08+00:00\",\"breadcrumb\":{\"@id\":\"https:\/\/grotta.is\/knattspyrnudeild\/2-flokkur-karla-upp-um-deild\/#breadcrumb\"},\"inLanguage\":\"en-US\",\"potentialAction\":[{\"@type\":\"ReadAction\",\"target\":[\"https:\/\/grotta.is\/knattspyrnudeild\/2-flokkur-karla-upp-um-deild\/\"]}]},{\"@type\":\"ImageObject\",\"inLanguage\":\"en-US\",\"@id\":\"https:\/\/grotta.is\/knattspyrnudeild\/2-flokkur-karla-upp-um-deild\/#primaryimage\",\"url\":\"https:\/\/grotta.is\/wp-content\/uploads\/2022\/09\/1DX25172.jpg\",\"contentUrl\":\"https:\/\/grotta.is\/wp-content\/uploads\/2022\/09\/1DX25172.jpg\",\"width\":2400,\"height\":1405},{\"@type\":\"BreadcrumbList\",\"@id\":\"https:\/\/grotta.is\/knattspyrnudeild\/2-flokkur-karla-upp-um-deild\/#breadcrumb\",\"itemListElement\":[{\"@type\":\"ListItem\",\"position\":1,\"name\":\"Home\",\"item\":\"https:\/\/grotta.is\/\"},{\"@type\":\"ListItem\",\"position\":2,\"name\":\"2. flokkur karla upp um deild\u00a0\"}]},{\"@type\":\"WebSite\",\"@id\":\"https:\/\/grotta.is\/#website\",\"url\":\"https:\/\/grotta.is\/\",\"name\":\"\u00cd\u00fer\u00f3ttaf\u00e9lagi\u00f0 Gr\u00f3tta\",\"description\":\"\u00e1 Seltjarnarnesi\",\"publisher\":{\"@id\":\"https:\/\/grotta.is\/#organization\"},\"potentialAction\":[{\"@type\":\"SearchAction\",\"target\":{\"@type\":\"EntryPoint\",\"urlTemplate\":\"https:\/\/grotta.is\/?s={search_term_string}\"},\"query-input\":{\"@type\":\"PropertyValueSpecification\",\"valueRequired\":true,\"valueName\":\"search_term_string\"}}],\"inLanguage\":\"en-US\"},{\"@type\":\"Organization\",\"@id\":\"https:\/\/grotta.is\/#organization\",\"name\":\"\u00cd\u00fer\u00f3ttaf\u00e9lagi\u00f0 Gr\u00f3tta\",\"url\":\"https:\/\/grotta.is\/\",\"logo\":{\"@type\":\"ImageObject\",\"inLanguage\":\"en-US\",\"@id\":\"https:\/\/grotta.is\/#\/schema\/logo\/image\/\",\"url\":\"https:\/\/grotta.is\/wp-content\/uploads\/2020\/02\/ithrottafelagidgrotta_logo_512x512_transparent.png\",\"contentUrl\":\"https:\/\/grotta.is\/wp-content\/uploads\/2020\/02\/ithrottafelagidgrotta_logo_512x512_transparent.png\",\"width\":512,\"height\":512,\"caption\":\"\u00cd\u00fer\u00f3ttaf\u00e9lagi\u00f0 Gr\u00f3tta\"},\"image\":{\"@id\":\"https:\/\/grotta.is\/#\/schema\/logo\/image\/\"},\"sameAs\":[\"https:\/\/www.facebook.com\/grottasport\"]},{\"@type\":\"Person\",\"@id\":\"https:\/\/grotta.is\/#\/schema\/person\/08ec57bf09ee925f1b6a01540c14a5ce\",\"name\":\"Grotta\",\"url\":\"https:\/\/grotta.is\/en\/author\/inga\/\"}]}<\/script>\n<!-- \/ Yoast SEO plugin. -->","yoast_head_json":{"title":"2. flokkur karla upp um deild\u00a0 - \u00cd\u00fer\u00f3ttaf\u00e9lagi\u00f0 Gr\u00f3tta","robots":{"index":"index","follow":"follow","max-snippet":"max-snippet:-1","max-image-preview":"max-image-preview:large","max-video-preview":"max-video-preview:-1"},"canonical":"https:\/\/grotta.is\/en\/knattspyrnudeild\/2-flokkur-karla-upp-um-deild\/","og_locale":"en_US","og_type":"article","og_title":"2. flokkur karla upp um deild\u00a0 - \u00cd\u00fer\u00f3ttaf\u00e9lagi\u00f0 Gr\u00f3tta","og_description":"\u00dea\u00f0 var fr\u00e1b\u00e6r stemning \u00e1 Vivaldivellinum&nbsp;\u00ed kv\u00f6ld og fj\u00f6ldi f\u00f3lks \u00ed st\u00fakunni \u00feegar 2. flokkur karla trygg\u00f0i s\u00e9r s\u00e6ti \u00ed B-deild \u00cdslandsm\u00f3tsins. Andst\u00e6\u00f0ingar Gr\u00f3ttu var li\u00f0 KR2 sem tefldi fram [&hellip;]","og_url":"https:\/\/grotta.is\/en\/knattspyrnudeild\/2-flokkur-karla-upp-um-deild\/","og_site_name":"\u00cd\u00fer\u00f3ttaf\u00e9lagi\u00f0 Gr\u00f3tta","article_publisher":"https:\/\/www.facebook.com\/grottasport","article_published_time":"2022-09-28T22:50:05+00:00","article_modified_time":"2022-09-28T22:50:08+00:00","og_image":[{"width":2400,"height":1405,"url":"https:\/\/grotta.is\/wp-content\/uploads\/2022\/09\/1DX25172.jpg","type":"image\/jpeg"}],"author":"Grotta","twitter_card":"summary_large_image","twitter_misc":{"Written by":"Grotta","Est. reading time":"2 minutes"},"schema":{"@context":"https:\/\/schema.org","@graph":[{"@type":"Article","@id":"https:\/\/grotta.is\/knattspyrnudeild\/2-flokkur-karla-upp-um-deild\/#article","isPartOf":{"@id":"https:\/\/grotta.is\/knattspyrnudeild\/2-flokkur-karla-upp-um-deild\/"},"author":{"name":"Grotta","@id":"https:\/\/grotta.is\/#\/schema\/person\/08ec57bf09ee925f1b6a01540c14a5ce"},"headline":"2. flokkur karla upp um deild\u00a0","datePublished":"2022-09-28T22:50:05+00:00","dateModified":"2022-09-28T22:50:08+00:00","mainEntityOfPage":{"@id":"https:\/\/grotta.is\/knattspyrnudeild\/2-flokkur-karla-upp-um-deild\/"},"wordCount":237,"publisher":{"@id":"https:\/\/grotta.is\/#organization"},"image":{"@id":"https:\/\/grotta.is\/knattspyrnudeild\/2-flokkur-karla-upp-um-deild\/#primaryimage"},"thumbnailUrl":"https:\/\/grotta.is\/wp-content\/uploads\/2022\/09\/1DX25172.jpg","articleSection":["Knattspyrnudeild"],"inLanguage":"en-US"},{"@type":"WebPage","@id":"https:\/\/grotta.is\/knattspyrnudeild\/2-flokkur-karla-upp-um-deild\/","url":"https:\/\/grotta.is\/knattspyrnudeild\/2-flokkur-karla-upp-um-deild\/","name":"2. flokkur karla upp um deild\u00a0 - \u00cd\u00fer\u00f3ttaf\u00e9lagi\u00f0 Gr\u00f3tta","isPartOf":{"@id":"https:\/\/grotta.is\/#website"},"primaryImageOfPage":{"@id":"https:\/\/grotta.is\/knattspyrnudeild\/2-flokkur-karla-upp-um-deild\/#primaryimage"},"image":{"@id":"https:\/\/grotta.is\/knattspyrnudeild\/2-flokkur-karla-upp-um-deild\/#primaryimage"},"thumbnailUrl":"https:\/\/grotta.is\/wp-content\/uploads\/2022\/09\/1DX25172.jpg","datePublished":"2022-09-28T22:50:05+00:00","dateModified":"2022-09-28T22:50:08+00:00","breadcrumb":{"@id":"https:\/\/grotta.is\/knattspyrnudeild\/2-flokkur-karla-upp-um-deild\/#breadcrumb"},"inLanguage":"en-US","potentialAction":[{"@type":"ReadAction","target":["https:\/\/grotta.is\/knattspyrnudeild\/2-flokkur-karla-upp-um-deild\/"]}]},{"@type":"ImageObject","inLanguage":"en-US","@id":"https:\/\/grotta.is\/knattspyrnudeild\/2-flokkur-karla-upp-um-deild\/#primaryimage","url":"https:\/\/grotta.is\/wp-content\/uploads\/2022\/09\/1DX25172.jpg","contentUrl":"https:\/\/grotta.is\/wp-content\/uploads\/2022\/09\/1DX25172.jpg","width":2400,"height":1405},{"@type":"BreadcrumbList","@id":"https:\/\/grotta.is\/knattspyrnudeild\/2-flokkur-karla-upp-um-deild\/#breadcrumb","itemListElement":[{"@type":"ListItem","position":1,"name":"Home","item":"https:\/\/grotta.is\/"},{"@type":"ListItem","position":2,"name":"2. flokkur karla upp um deild\u00a0"}]},{"@type":"WebSite","@id":"https:\/\/grotta.is\/#website","url":"https:\/\/grotta.is\/","name":"\u00cd\u00fer\u00f3ttaf\u00e9lagi\u00f0 Gr\u00f3tta","description":"\u00e1 Seltjarnarnesi","publisher":{"@id":"https:\/\/grotta.is\/#organization"},"potentialAction":[{"@type":"SearchAction","target":{"@type":"EntryPoint","urlTemplate":"https:\/\/grotta.is\/?s={search_term_string}"},"query-input":{"@type":"PropertyValueSpecification","valueRequired":true,"valueName":"search_term_string"}}],"inLanguage":"en-US"},{"@type":"Organization","@id":"https:\/\/grotta.is\/#organization","name":"\u00cd\u00fer\u00f3ttaf\u00e9lagi\u00f0 Gr\u00f3tta","url":"https:\/\/grotta.is\/","logo":{"@type":"ImageObject","inLanguage":"en-US","@id":"https:\/\/grotta.is\/#\/schema\/logo\/image\/","url":"https:\/\/grotta.is\/wp-content\/uploads\/2020\/02\/ithrottafelagidgrotta_logo_512x512_transparent.png","contentUrl":"https:\/\/grotta.is\/wp-content\/uploads\/2020\/02\/ithrottafelagidgrotta_logo_512x512_transparent.png","width":512,"height":512,"caption":"\u00cd\u00fer\u00f3ttaf\u00e9lagi\u00f0 Gr\u00f3tta"},"image":{"@id":"https:\/\/grotta.is\/#\/schema\/logo\/image\/"},"sameAs":["https:\/\/www.facebook.com\/grottasport"]},{"@type":"Person","@id":"https:\/\/grotta.is\/#\/schema\/person\/08ec57bf09ee925f1b6a01540c14a5ce","name":"Grotta","url":"https:\/\/grotta.is\/en\/author\/inga\/"}]}},"_links":{"self":[{"href":"https:\/\/grotta.is\/en\/wp-json\/wp\/v2\/posts\/397159","targetHints":{"allow":["GET"]}}],"collection":[{"href":"https:\/\/grotta.is\/en\/wp-json\/wp\/v2\/posts"}],"about":[{"href":"https:\/\/grotta.is\/en\/wp-json\/wp\/v2\/types\/post"}],"author":[{"embeddable":true,"href":"https:\/\/grotta.is\/en\/wp-json\/wp\/v2\/users\/2"}],"replies":[{"embeddable":true,"href":"https:\/\/grotta.is\/en\/wp-json\/wp\/v2\/comments?post=397159"}],"version-history":[{"count":1,"href":"https:\/\/grotta.is\/en\/wp-json\/wp\/v2\/posts\/397159\/revisions"}],"predecessor-version":[{"id":397162,"href":"https:\/\/grotta.is\/en\/wp-json\/wp\/v2\/posts\/397159\/revisions\/397162"}],"wp:featuredmedia":[{"embeddable":true,"href":"https:\/\/grotta.is\/en\/wp-json\/wp\/v2\/media\/397161"}],"wp:attachment":[{"href":"https:\/\/grotta.is\/en\/wp-json\/wp\/v2\/media?parent=397159"}],"wp:term":[{"taxonomy":"category","embeddable":true,"href":"https:\/\/grotta.is\/en\/wp-json\/wp\/v2\/categories?post=397159"},{"taxonomy":"post_tag","embeddable":true,"href":"https:\/\/grotta.is\/en\/wp-json\/wp\/v2\/tags?post=397159"}],"curies":[{"name":"wp","href":"https:\/\/api.w.org\/{rel}","templated":true}]}}