{"id":396423,"date":"2022-09-26T13:30:00","date_gmt":"2022-09-26T13:30:00","guid":{"rendered":"https:\/\/grotta.is\/?p=396423"},"modified":"2022-09-26T13:30:06","modified_gmt":"2022-09-26T13:30:06","slug":"sara-bjork-a-leid-til-pollands-med-u15-ara-landslidinu","status":"publish","type":"post","link":"https:\/\/grotta.is\/en\/knattspyrnudeild\/sara-bjork-a-leid-til-pollands-med-u15-ara-landslidinu\/","title":{"rendered":"Sara Bj\u00f6rk \u00e1 lei\u00f0 til P\u00f3llands me\u00f0 U15 \u00e1ra landsli\u00f0inu!"},"content":{"rendered":"<p>Gr\u00f3ttukonan Sara Bj\u00f6rk er \u00ed h\u00f3p U15 \u00e1ra landsli\u00f0sins sem \u00d3lafur Ingi Sk\u00falason, landsli\u00f0s\u00fej\u00e1lfari U15 kvenna, hefur vali\u00f0 fyrir UEFA development m\u00f3t \u00ed P\u00f3llandi dagana 2. \u2013 9.okt\u00f3ber. H\u00f3purinn mun \u00e6fa tvisvar sinnum \u00e1\u00f0ur en haldi\u00f0 er til P\u00f3lland og fara \u00fe\u00e6r \u00e6fingar fram 30. september og 1. okt\u00f3ber \u00ed Mi\u00f0gar\u00f0i.<br>Til hamingju Sara og gangi \u00fe\u00e9r vel! ???<\/p><figure class=\"wp-block-image size-full\"><img decoding=\"async\" data-src=\"https:\/\/grotta.is\/wp-content\/uploads\/2022\/09\/sara-bjo\u0308rk.jpg\" alt=\"\" class=\"wp-image-396424 lazyload\" src=\"data:image\/gif;base64,R0lGODlhAQABAAAAACH5BAEKAAEALAAAAAABAAEAAAICTAEAOw==\" style=\"--smush-placeholder-width: 608px; --smush-placeholder-aspect-ratio: 608\/912;\" \/><\/figure>","protected":false},"excerpt":{"rendered":"<p>Gr\u00f3ttukonan Sara Bj\u00f6rk er \u00ed h\u00f3p U15 \u00e1ra landsli\u00f0sins sem \u00d3lafur Ingi Sk\u00falason, landsli\u00f0s\u00fej\u00e1lfari U15 kvenna, hefur vali\u00f0 fyrir UEFA development m\u00f3t \u00ed P\u00f3llandi dagana 2. \u2013 9.okt\u00f3ber. H\u00f3purinn mun [&hellip;]<\/p>","protected":false},"author":4,"featured_media":396424,"comment_status":"closed","ping_status":"closed","sticky":false,"template":"","format":"standard","meta":{"footnotes":""},"categories":[7],"tags":[22,17,15],"class_list":["post-396423","post","type-post","status-publish","format-standard","has-post-thumbnail","hentry","category-knattspyrnudeild","tag-landslid","tag-leikmenn","tag-yngri-flokkar"],"yoast_head":"<!-- This site is optimized with the Yoast SEO plugin v24.3 - https:\/\/yoast.com\/wordpress\/plugins\/seo\/ -->\n<title>Sara Bj\u00f6rk \u00e1 lei\u00f0 til P\u00f3llands me\u00f0 U15 \u00e1ra landsli\u00f0inu! - \u00cd\u00fer\u00f3ttaf\u00e9lagi\u00f0 Gr\u00f3tta<\/title>\n<meta name=\"robots\" content=\"index, follow, max-snippet:-1, max-image-preview:large, max-video-preview:-1\" \/>\n<link rel=\"canonical\" href=\"https:\/\/grotta.is\/en\/knattspyrnudeild\/sara-bjork-a-leid-til-pollands-med-u15-ara-landslidinu\/\" \/>\n<meta property=\"og:locale\" content=\"en_US\" \/>\n<meta property=\"og:type\" content=\"article\" \/>\n<meta property=\"og:title\" content=\"Sara Bj\u00f6rk \u00e1 lei\u00f0 til P\u00f3llands me\u00f0 U15 \u00e1ra landsli\u00f0inu! - \u00cd\u00fer\u00f3ttaf\u00e9lagi\u00f0 Gr\u00f3tta\" \/>\n<meta property=\"og:description\" content=\"Gr\u00f3ttukonan Sara Bj\u00f6rk er \u00ed h\u00f3p U15 \u00e1ra landsli\u00f0sins sem \u00d3lafur Ingi Sk\u00falason, landsli\u00f0s\u00fej\u00e1lfari U15 kvenna, hefur vali\u00f0 fyrir UEFA development m\u00f3t \u00ed P\u00f3llandi dagana 2. \u2013 9.okt\u00f3ber. H\u00f3purinn mun [&hellip;]\" \/>\n<meta property=\"og:url\" content=\"https:\/\/grotta.is\/en\/knattspyrnudeild\/sara-bjork-a-leid-til-pollands-med-u15-ara-landslidinu\/\" \/>\n<meta property=\"og:site_name\" content=\"\u00cd\u00fer\u00f3ttaf\u00e9lagi\u00f0 Gr\u00f3tta\" \/>\n<meta property=\"article:publisher\" content=\"https:\/\/www.facebook.com\/grottasport\" \/>\n<meta property=\"article:published_time\" content=\"2022-09-26T13:30:00+00:00\" \/>\n<meta property=\"article:modified_time\" content=\"2022-09-26T13:30:06+00:00\" \/>\n<meta property=\"og:image\" content=\"https:\/\/grotta.is\/wp-content\/uploads\/2022\/09\/sara-bjo\u0308rk-e1664198994255.jpg\" \/>\n\t<meta property=\"og:image:width\" content=\"604\" \/>\n\t<meta property=\"og:image:height\" content=\"357\" \/>\n\t<meta property=\"og:image:type\" content=\"image\/jpeg\" \/>\n<meta name=\"author\" content=\"J\u00f3runn M. \u00deorsteinsd\u00f3ttir\" \/>\n<meta name=\"twitter:card\" content=\"summary_large_image\" \/>\n<meta name=\"twitter:label1\" content=\"Written by\" \/>\n\t<meta name=\"twitter:data1\" content=\"J\u00f3runn M. \u00deorsteinsd\u00f3ttir\" \/>\n\t<meta name=\"twitter:label2\" content=\"Est. reading time\" \/>\n\t<meta name=\"twitter:data2\" content=\"1 minute\" \/>\n<script type=\"application\/ld+json\" class=\"yoast-schema-graph\">{\"@context\":\"https:\/\/schema.org\",\"@graph\":[{\"@type\":\"Article\",\"@id\":\"https:\/\/grotta.is\/knattspyrnudeild\/sara-bjork-a-leid-til-pollands-med-u15-ara-landslidinu\/#article\",\"isPartOf\":{\"@id\":\"https:\/\/grotta.is\/knattspyrnudeild\/sara-bjork-a-leid-til-pollands-med-u15-ara-landslidinu\/\"},\"author\":{\"name\":\"J\u00f3runn M. \u00deorsteinsd\u00f3ttir\",\"@id\":\"https:\/\/grotta.is\/#\/schema\/person\/f1fea6a85a554e8069771c3486efbd84\"},\"headline\":\"Sara Bj\u00f6rk \u00e1 lei\u00f0 til P\u00f3llands me\u00f0 U15 \u00e1ra landsli\u00f0inu!\",\"datePublished\":\"2022-09-26T13:30:00+00:00\",\"dateModified\":\"2022-09-26T13:30:06+00:00\",\"mainEntityOfPage\":{\"@id\":\"https:\/\/grotta.is\/knattspyrnudeild\/sara-bjork-a-leid-til-pollands-med-u15-ara-landslidinu\/\"},\"wordCount\":79,\"publisher\":{\"@id\":\"https:\/\/grotta.is\/#organization\"},\"image\":{\"@id\":\"https:\/\/grotta.is\/knattspyrnudeild\/sara-bjork-a-leid-til-pollands-med-u15-ara-landslidinu\/#primaryimage\"},\"thumbnailUrl\":\"https:\/\/grotta.is\/wp-content\/uploads\/2022\/09\/sara-bjo\u0308rk-e1664198994255.jpg\",\"keywords\":[\"Landsli\u00f0\",\"Leikmenn\",\"Yngri flokkar\"],\"articleSection\":[\"Knattspyrnudeild\"],\"inLanguage\":\"en-US\"},{\"@type\":\"WebPage\",\"@id\":\"https:\/\/grotta.is\/knattspyrnudeild\/sara-bjork-a-leid-til-pollands-med-u15-ara-landslidinu\/\",\"url\":\"https:\/\/grotta.is\/knattspyrnudeild\/sara-bjork-a-leid-til-pollands-med-u15-ara-landslidinu\/\",\"name\":\"Sara Bj\u00f6rk \u00e1 lei\u00f0 til P\u00f3llands me\u00f0 U15 \u00e1ra landsli\u00f0inu! - \u00cd\u00fer\u00f3ttaf\u00e9lagi\u00f0 Gr\u00f3tta\",\"isPartOf\":{\"@id\":\"https:\/\/grotta.is\/#website\"},\"primaryImageOfPage\":{\"@id\":\"https:\/\/grotta.is\/knattspyrnudeild\/sara-bjork-a-leid-til-pollands-med-u15-ara-landslidinu\/#primaryimage\"},\"image\":{\"@id\":\"https:\/\/grotta.is\/knattspyrnudeild\/sara-bjork-a-leid-til-pollands-med-u15-ara-landslidinu\/#primaryimage\"},\"thumbnailUrl\":\"https:\/\/grotta.is\/wp-content\/uploads\/2022\/09\/sara-bjo\u0308rk-e1664198994255.jpg\",\"datePublished\":\"2022-09-26T13:30:00+00:00\",\"dateModified\":\"2022-09-26T13:30:06+00:00\",\"breadcrumb\":{\"@id\":\"https:\/\/grotta.is\/knattspyrnudeild\/sara-bjork-a-leid-til-pollands-med-u15-ara-landslidinu\/#breadcrumb\"},\"inLanguage\":\"en-US\",\"potentialAction\":[{\"@type\":\"ReadAction\",\"target\":[\"https:\/\/grotta.is\/knattspyrnudeild\/sara-bjork-a-leid-til-pollands-med-u15-ara-landslidinu\/\"]}]},{\"@type\":\"ImageObject\",\"inLanguage\":\"en-US\",\"@id\":\"https:\/\/grotta.is\/knattspyrnudeild\/sara-bjork-a-leid-til-pollands-med-u15-ara-landslidinu\/#primaryimage\",\"url\":\"https:\/\/grotta.is\/wp-content\/uploads\/2022\/09\/sara-bjo\u0308rk-e1664198994255.jpg\",\"contentUrl\":\"https:\/\/grotta.is\/wp-content\/uploads\/2022\/09\/sara-bjo\u0308rk-e1664198994255.jpg\",\"width\":604,\"height\":357},{\"@type\":\"BreadcrumbList\",\"@id\":\"https:\/\/grotta.is\/knattspyrnudeild\/sara-bjork-a-leid-til-pollands-med-u15-ara-landslidinu\/#breadcrumb\",\"itemListElement\":[{\"@type\":\"ListItem\",\"position\":1,\"name\":\"Home\",\"item\":\"https:\/\/grotta.is\/\"},{\"@type\":\"ListItem\",\"position\":2,\"name\":\"Sara Bj\u00f6rk \u00e1 lei\u00f0 til P\u00f3llands me\u00f0 U15 \u00e1ra landsli\u00f0inu!\"}]},{\"@type\":\"WebSite\",\"@id\":\"https:\/\/grotta.is\/#website\",\"url\":\"https:\/\/grotta.is\/\",\"name\":\"\u00cd\u00fer\u00f3ttaf\u00e9lagi\u00f0 Gr\u00f3tta\",\"description\":\"\u00e1 Seltjarnarnesi\",\"publisher\":{\"@id\":\"https:\/\/grotta.is\/#organization\"},\"potentialAction\":[{\"@type\":\"SearchAction\",\"target\":{\"@type\":\"EntryPoint\",\"urlTemplate\":\"https:\/\/grotta.is\/?s={search_term_string}\"},\"query-input\":{\"@type\":\"PropertyValueSpecification\",\"valueRequired\":true,\"valueName\":\"search_term_string\"}}],\"inLanguage\":\"en-US\"},{\"@type\":\"Organization\",\"@id\":\"https:\/\/grotta.is\/#organization\",\"name\":\"\u00cd\u00fer\u00f3ttaf\u00e9lagi\u00f0 Gr\u00f3tta\",\"url\":\"https:\/\/grotta.is\/\",\"logo\":{\"@type\":\"ImageObject\",\"inLanguage\":\"en-US\",\"@id\":\"https:\/\/grotta.is\/#\/schema\/logo\/image\/\",\"url\":\"https:\/\/grotta.is\/wp-content\/uploads\/2020\/02\/ithrottafelagidgrotta_logo_512x512_transparent.png\",\"contentUrl\":\"https:\/\/grotta.is\/wp-content\/uploads\/2020\/02\/ithrottafelagidgrotta_logo_512x512_transparent.png\",\"width\":512,\"height\":512,\"caption\":\"\u00cd\u00fer\u00f3ttaf\u00e9lagi\u00f0 Gr\u00f3tta\"},\"image\":{\"@id\":\"https:\/\/grotta.is\/#\/schema\/logo\/image\/\"},\"sameAs\":[\"https:\/\/www.facebook.com\/grottasport\"]},{\"@type\":\"Person\",\"@id\":\"https:\/\/grotta.is\/#\/schema\/person\/f1fea6a85a554e8069771c3486efbd84\",\"name\":\"J\u00f3runn M. \u00deorsteinsd\u00f3ttir\",\"url\":\"https:\/\/grotta.is\/en\/author\/jorunn\/\"}]}<\/script>\n<!-- \/ Yoast SEO plugin. -->","yoast_head_json":{"title":"Sara Bj\u00f6rk \u00e1 lei\u00f0 til P\u00f3llands me\u00f0 U15 \u00e1ra landsli\u00f0inu! - \u00cd\u00fer\u00f3ttaf\u00e9lagi\u00f0 Gr\u00f3tta","robots":{"index":"index","follow":"follow","max-snippet":"max-snippet:-1","max-image-preview":"max-image-preview:large","max-video-preview":"max-video-preview:-1"},"canonical":"https:\/\/grotta.is\/en\/knattspyrnudeild\/sara-bjork-a-leid-til-pollands-med-u15-ara-landslidinu\/","og_locale":"en_US","og_type":"article","og_title":"Sara Bj\u00f6rk \u00e1 lei\u00f0 til P\u00f3llands me\u00f0 U15 \u00e1ra landsli\u00f0inu! - \u00cd\u00fer\u00f3ttaf\u00e9lagi\u00f0 Gr\u00f3tta","og_description":"Gr\u00f3ttukonan Sara Bj\u00f6rk er \u00ed h\u00f3p U15 \u00e1ra landsli\u00f0sins sem \u00d3lafur Ingi Sk\u00falason, landsli\u00f0s\u00fej\u00e1lfari U15 kvenna, hefur vali\u00f0 fyrir UEFA development m\u00f3t \u00ed P\u00f3llandi dagana 2. \u2013 9.okt\u00f3ber. H\u00f3purinn mun [&hellip;]","og_url":"https:\/\/grotta.is\/en\/knattspyrnudeild\/sara-bjork-a-leid-til-pollands-med-u15-ara-landslidinu\/","og_site_name":"\u00cd\u00fer\u00f3ttaf\u00e9lagi\u00f0 Gr\u00f3tta","article_publisher":"https:\/\/www.facebook.com\/grottasport","article_published_time":"2022-09-26T13:30:00+00:00","article_modified_time":"2022-09-26T13:30:06+00:00","og_image":[{"width":604,"height":357,"url":"https:\/\/grotta.is\/wp-content\/uploads\/2022\/09\/sara-bjo\u0308rk-e1664198994255.jpg","type":"image\/jpeg"}],"author":"J\u00f3runn M. \u00deorsteinsd\u00f3ttir","twitter_card":"summary_large_image","twitter_misc":{"Written by":"J\u00f3runn M. \u00deorsteinsd\u00f3ttir","Est. reading time":"1 minute"},"schema":{"@context":"https:\/\/schema.org","@graph":[{"@type":"Article","@id":"https:\/\/grotta.is\/knattspyrnudeild\/sara-bjork-a-leid-til-pollands-med-u15-ara-landslidinu\/#article","isPartOf":{"@id":"https:\/\/grotta.is\/knattspyrnudeild\/sara-bjork-a-leid-til-pollands-med-u15-ara-landslidinu\/"},"author":{"name":"J\u00f3runn M. \u00deorsteinsd\u00f3ttir","@id":"https:\/\/grotta.is\/#\/schema\/person\/f1fea6a85a554e8069771c3486efbd84"},"headline":"Sara Bj\u00f6rk \u00e1 lei\u00f0 til P\u00f3llands me\u00f0 U15 \u00e1ra landsli\u00f0inu!","datePublished":"2022-09-26T13:30:00+00:00","dateModified":"2022-09-26T13:30:06+00:00","mainEntityOfPage":{"@id":"https:\/\/grotta.is\/knattspyrnudeild\/sara-bjork-a-leid-til-pollands-med-u15-ara-landslidinu\/"},"wordCount":79,"publisher":{"@id":"https:\/\/grotta.is\/#organization"},"image":{"@id":"https:\/\/grotta.is\/knattspyrnudeild\/sara-bjork-a-leid-til-pollands-med-u15-ara-landslidinu\/#primaryimage"},"thumbnailUrl":"https:\/\/grotta.is\/wp-content\/uploads\/2022\/09\/sara-bjo\u0308rk-e1664198994255.jpg","keywords":["Landsli\u00f0","Leikmenn","Yngri flokkar"],"articleSection":["Knattspyrnudeild"],"inLanguage":"en-US"},{"@type":"WebPage","@id":"https:\/\/grotta.is\/knattspyrnudeild\/sara-bjork-a-leid-til-pollands-med-u15-ara-landslidinu\/","url":"https:\/\/grotta.is\/knattspyrnudeild\/sara-bjork-a-leid-til-pollands-med-u15-ara-landslidinu\/","name":"Sara Bj\u00f6rk \u00e1 lei\u00f0 til P\u00f3llands me\u00f0 U15 \u00e1ra landsli\u00f0inu! - \u00cd\u00fer\u00f3ttaf\u00e9lagi\u00f0 Gr\u00f3tta","isPartOf":{"@id":"https:\/\/grotta.is\/#website"},"primaryImageOfPage":{"@id":"https:\/\/grotta.is\/knattspyrnudeild\/sara-bjork-a-leid-til-pollands-med-u15-ara-landslidinu\/#primaryimage"},"image":{"@id":"https:\/\/grotta.is\/knattspyrnudeild\/sara-bjork-a-leid-til-pollands-med-u15-ara-landslidinu\/#primaryimage"},"thumbnailUrl":"https:\/\/grotta.is\/wp-content\/uploads\/2022\/09\/sara-bjo\u0308rk-e1664198994255.jpg","datePublished":"2022-09-26T13:30:00+00:00","dateModified":"2022-09-26T13:30:06+00:00","breadcrumb":{"@id":"https:\/\/grotta.is\/knattspyrnudeild\/sara-bjork-a-leid-til-pollands-med-u15-ara-landslidinu\/#breadcrumb"},"inLanguage":"en-US","potentialAction":[{"@type":"ReadAction","target":["https:\/\/grotta.is\/knattspyrnudeild\/sara-bjork-a-leid-til-pollands-med-u15-ara-landslidinu\/"]}]},{"@type":"ImageObject","inLanguage":"en-US","@id":"https:\/\/grotta.is\/knattspyrnudeild\/sara-bjork-a-leid-til-pollands-med-u15-ara-landslidinu\/#primaryimage","url":"https:\/\/grotta.is\/wp-content\/uploads\/2022\/09\/sara-bjo\u0308rk-e1664198994255.jpg","contentUrl":"https:\/\/grotta.is\/wp-content\/uploads\/2022\/09\/sara-bjo\u0308rk-e1664198994255.jpg","width":604,"height":357},{"@type":"BreadcrumbList","@id":"https:\/\/grotta.is\/knattspyrnudeild\/sara-bjork-a-leid-til-pollands-med-u15-ara-landslidinu\/#breadcrumb","itemListElement":[{"@type":"ListItem","position":1,"name":"Home","item":"https:\/\/grotta.is\/"},{"@type":"ListItem","position":2,"name":"Sara Bj\u00f6rk \u00e1 lei\u00f0 til P\u00f3llands me\u00f0 U15 \u00e1ra landsli\u00f0inu!"}]},{"@type":"WebSite","@id":"https:\/\/grotta.is\/#website","url":"https:\/\/grotta.is\/","name":"\u00cd\u00fer\u00f3ttaf\u00e9lagi\u00f0 Gr\u00f3tta","description":"\u00e1 Seltjarnarnesi","publisher":{"@id":"https:\/\/grotta.is\/#organization"},"potentialAction":[{"@type":"SearchAction","target":{"@type":"EntryPoint","urlTemplate":"https:\/\/grotta.is\/?s={search_term_string}"},"query-input":{"@type":"PropertyValueSpecification","valueRequired":true,"valueName":"search_term_string"}}],"inLanguage":"en-US"},{"@type":"Organization","@id":"https:\/\/grotta.is\/#organization","name":"\u00cd\u00fer\u00f3ttaf\u00e9lagi\u00f0 Gr\u00f3tta","url":"https:\/\/grotta.is\/","logo":{"@type":"ImageObject","inLanguage":"en-US","@id":"https:\/\/grotta.is\/#\/schema\/logo\/image\/","url":"https:\/\/grotta.is\/wp-content\/uploads\/2020\/02\/ithrottafelagidgrotta_logo_512x512_transparent.png","contentUrl":"https:\/\/grotta.is\/wp-content\/uploads\/2020\/02\/ithrottafelagidgrotta_logo_512x512_transparent.png","width":512,"height":512,"caption":"\u00cd\u00fer\u00f3ttaf\u00e9lagi\u00f0 Gr\u00f3tta"},"image":{"@id":"https:\/\/grotta.is\/#\/schema\/logo\/image\/"},"sameAs":["https:\/\/www.facebook.com\/grottasport"]},{"@type":"Person","@id":"https:\/\/grotta.is\/#\/schema\/person\/f1fea6a85a554e8069771c3486efbd84","name":"J\u00f3runn M. \u00deorsteinsd\u00f3ttir","url":"https:\/\/grotta.is\/en\/author\/jorunn\/"}]}},"_links":{"self":[{"href":"https:\/\/grotta.is\/en\/wp-json\/wp\/v2\/posts\/396423","targetHints":{"allow":["GET"]}}],"collection":[{"href":"https:\/\/grotta.is\/en\/wp-json\/wp\/v2\/posts"}],"about":[{"href":"https:\/\/grotta.is\/en\/wp-json\/wp\/v2\/types\/post"}],"author":[{"embeddable":true,"href":"https:\/\/grotta.is\/en\/wp-json\/wp\/v2\/users\/4"}],"replies":[{"embeddable":true,"href":"https:\/\/grotta.is\/en\/wp-json\/wp\/v2\/comments?post=396423"}],"version-history":[{"count":1,"href":"https:\/\/grotta.is\/en\/wp-json\/wp\/v2\/posts\/396423\/revisions"}],"predecessor-version":[{"id":396425,"href":"https:\/\/grotta.is\/en\/wp-json\/wp\/v2\/posts\/396423\/revisions\/396425"}],"wp:featuredmedia":[{"embeddable":true,"href":"https:\/\/grotta.is\/en\/wp-json\/wp\/v2\/media\/396424"}],"wp:attachment":[{"href":"https:\/\/grotta.is\/en\/wp-json\/wp\/v2\/media?parent=396423"}],"wp:term":[{"taxonomy":"category","embeddable":true,"href":"https:\/\/grotta.is\/en\/wp-json\/wp\/v2\/categories?post=396423"},{"taxonomy":"post_tag","embeddable":true,"href":"https:\/\/grotta.is\/en\/wp-json\/wp\/v2\/tags?post=396423"}],"curies":[{"name":"wp","href":"https:\/\/api.w.org\/{rel}","templated":true}]}}