{"id":394584,"date":"2022-09-08T17:31:51","date_gmt":"2022-09-08T17:31:51","guid":{"rendered":"https:\/\/grotta.is\/?p=394584"},"modified":"2022-09-16T16:12:19","modified_gmt":"2022-09-16T16:12:19","slug":"arskortin-komin-i-solu-2","status":"publish","type":"post","link":"https:\/\/grotta.is\/en\/handknattleiksdeild\/arskortin-komin-i-solu-2\/","title":{"rendered":"\u00c1rskortin komin \u00ed s\u00f6lu"},"content":{"rendered":"<p>Handknattleiksdeild Gr\u00f3ttu hefur hafi\u00f0 s\u00f6lu \u00e1 \u00e1rskortum vetrarins Bo\u00f0i\u00f0 er upp \u00e1 fimm mismunandi ger\u00f0ir af \u00e1rskortum sem henta fj\u00f6lbreyttum h\u00f3pi \u00e1horfenda.<\/p><p><strong>Gullkort<\/strong><br>Gullkorti\u00f0 gildir fyrir tvo \u00e1 alla deildarleiki Gr\u00f3ttu \u00ed Hertz-h\u00f6llinni \u00ed vetur hj\u00e1 b\u00e1\u00f0um meistaraflokkunum okkar. Korti\u00f0 kostar 40.000 kr.<\/p><p><strong>Silfurkort<\/strong><br>Silfurkorti\u00f0 gildir fyrir einn \u00e1 alla deildarleiki Gr\u00f3ttu \u00ed Hertz-h\u00f6llinni \u00ed vetur hj\u00e1 b\u00e1\u00f0um meistaraflokkunum okkar. Korti\u00f0 kostar 25.000 kr.<\/p><p><strong>Ol\u00edsdeildarkort<\/strong><br>Ol\u00edsdeildarkorti\u00f0 gildir fyrir einn \u00e1 alla deildarleiki meistaraflokks karla \u00ed Hertz-h\u00f6llinni \u00ed vetur. Korti\u00f0 kostar 15.000 kr.<\/p><p><strong>Grill 66-deildarkort<\/strong><br>Grill 66-deildarkorti\u00f0 gildir fyrir einn \u00e1 alla deildarleiki meistaraflokks kvenna \u00ed Hertz-h\u00f6llinni \u00ed vetur. Korti\u00f0 kostar 10.000 kr.<\/p><p><strong>Ungmennakort (16 \u2013 20 \u00e1ra)<\/strong><br>Ungmennakorti\u00f0 gildir fyrir einn \u00e1 alla deildarleiki Gr\u00f3ttu \u00ed Hertz-h\u00f6llinni \u00ed vetur hj\u00e1 b\u00e1\u00f0um meistaraflokkunum okkar. Korti\u00f0 kostar 7000 kr.<\/p><p>Salan \u00e1 kortunum fer fram \u00ed gegnum Stubbur appi\u00f0. Beinn linkur \u00e1 s\u00f6luna er h\u00e9rna: <a href=\"https:\/\/stubb.is\/passes\/teams\/grotta\">https:\/\/stubb.is\/passes\/teams\/grotta<\/a><\/p><p>Athygli er vakin \u00e1 a\u00f0 mi\u00f0aver\u00f0 \u00e1 leiki \u00ed vetur er 2000 kr. Sala \u00e1 heimaleikjakortum er st\u00f3r fj\u00e1r\u00f6flunar\u00fe\u00e1ttur \u00ed starfi f\u00e9lagsins.<\/p><p>Vi\u00f0 vonum a\u00f0 sem flestir sty\u00f0ji okkur \u00ed \u00feessari fj\u00e1r\u00f6flun.<\/p><p>\u00c1fram Gr\u00f3tta !<\/p>","protected":false},"excerpt":{"rendered":"<p>Handknattleiksdeild Gr\u00f3ttu hefur hafi\u00f0 s\u00f6lu \u00e1 \u00e1rskortum vetrarins Bo\u00f0i\u00f0 er upp \u00e1 fimm mismunandi ger\u00f0ir af \u00e1rskortum sem henta fj\u00f6lbreyttum h\u00f3pi \u00e1horfenda. GullkortGullkorti\u00f0 gildir fyrir tvo \u00e1 alla deildarleiki Gr\u00f3ttu [&hellip;]<\/p>","protected":false},"author":10,"featured_media":394588,"comment_status":"closed","ping_status":"closed","sticky":false,"template":"","format":"standard","meta":{"footnotes":""},"categories":[12],"tags":[13,20,18],"class_list":["post-394584","post","type-post","status-publish","format-standard","has-post-thumbnail","hentry","category-handknattleiksdeild","tag-handbolti","tag-mfl-kk","tag-mfl-kvk"],"yoast_head":"<!-- This site is optimized with the Yoast SEO plugin v24.3 - https:\/\/yoast.com\/wordpress\/plugins\/seo\/ -->\n<title>\u00c1rskortin komin \u00ed s\u00f6lu - \u00cd\u00fer\u00f3ttaf\u00e9lagi\u00f0 Gr\u00f3tta<\/title>\n<meta name=\"robots\" content=\"index, follow, max-snippet:-1, max-image-preview:large, max-video-preview:-1\" \/>\n<link rel=\"canonical\" href=\"https:\/\/grotta.is\/en\/handknattleiksdeild\/arskortin-komin-i-solu-2\/\" \/>\n<meta property=\"og:locale\" content=\"en_US\" \/>\n<meta property=\"og:type\" content=\"article\" \/>\n<meta property=\"og:title\" content=\"\u00c1rskortin komin \u00ed s\u00f6lu - \u00cd\u00fer\u00f3ttaf\u00e9lagi\u00f0 Gr\u00f3tta\" \/>\n<meta property=\"og:description\" content=\"Handknattleiksdeild Gr\u00f3ttu hefur hafi\u00f0 s\u00f6lu \u00e1 \u00e1rskortum vetrarins Bo\u00f0i\u00f0 er upp \u00e1 fimm mismunandi ger\u00f0ir af \u00e1rskortum sem henta fj\u00f6lbreyttum h\u00f3pi \u00e1horfenda. GullkortGullkorti\u00f0 gildir fyrir tvo \u00e1 alla deildarleiki Gr\u00f3ttu [&hellip;]\" \/>\n<meta property=\"og:url\" content=\"https:\/\/grotta.is\/en\/handknattleiksdeild\/arskortin-komin-i-solu-2\/\" \/>\n<meta property=\"og:site_name\" content=\"\u00cd\u00fer\u00f3ttaf\u00e9lagi\u00f0 Gr\u00f3tta\" \/>\n<meta property=\"article:publisher\" content=\"https:\/\/www.facebook.com\/grottasport\" \/>\n<meta property=\"article:published_time\" content=\"2022-09-08T17:31:51+00:00\" \/>\n<meta property=\"article:modified_time\" content=\"2022-09-16T16:12:19+00:00\" \/>\n<meta property=\"og:image\" content=\"https:\/\/grotta.is\/wp-content\/uploads\/2022\/09\/Arskort-Grottu-1.jpg\" \/>\n\t<meta property=\"og:image:width\" content=\"1380\" \/>\n\t<meta property=\"og:image:height\" content=\"591\" \/>\n\t<meta property=\"og:image:type\" content=\"image\/jpeg\" \/>\n<meta name=\"author\" content=\"Andri Sigf\u00fasson\" \/>\n<meta name=\"twitter:card\" content=\"summary_large_image\" \/>\n<meta name=\"twitter:label1\" content=\"Written by\" \/>\n\t<meta name=\"twitter:data1\" content=\"Andri Sigf\u00fasson\" \/>\n\t<meta name=\"twitter:label2\" content=\"Est. reading time\" \/>\n\t<meta name=\"twitter:data2\" content=\"1 minute\" \/>\n<script type=\"application\/ld+json\" class=\"yoast-schema-graph\">{\"@context\":\"https:\/\/schema.org\",\"@graph\":[{\"@type\":\"Article\",\"@id\":\"https:\/\/grotta.is\/handknattleiksdeild\/arskortin-komin-i-solu-2\/#article\",\"isPartOf\":{\"@id\":\"https:\/\/grotta.is\/handknattleiksdeild\/arskortin-komin-i-solu-2\/\"},\"author\":{\"name\":\"Andri Sigf\u00fasson\",\"@id\":\"https:\/\/grotta.is\/#\/schema\/person\/b21e9d5dfd92c90211e343e8d7252b1c\"},\"headline\":\"\u00c1rskortin komin \u00ed s\u00f6lu\",\"datePublished\":\"2022-09-08T17:31:51+00:00\",\"dateModified\":\"2022-09-16T16:12:19+00:00\",\"mainEntityOfPage\":{\"@id\":\"https:\/\/grotta.is\/handknattleiksdeild\/arskortin-komin-i-solu-2\/\"},\"wordCount\":182,\"publisher\":{\"@id\":\"https:\/\/grotta.is\/#organization\"},\"image\":{\"@id\":\"https:\/\/grotta.is\/handknattleiksdeild\/arskortin-komin-i-solu-2\/#primaryimage\"},\"thumbnailUrl\":\"https:\/\/grotta.is\/wp-content\/uploads\/2022\/09\/Arskort-Grottu-1.jpg\",\"keywords\":[\"Handbolti\",\"Mfl.kk\",\"Mfl.kvk\"],\"articleSection\":[\"Handknattleiksdeild\"],\"inLanguage\":\"en-US\"},{\"@type\":\"WebPage\",\"@id\":\"https:\/\/grotta.is\/handknattleiksdeild\/arskortin-komin-i-solu-2\/\",\"url\":\"https:\/\/grotta.is\/handknattleiksdeild\/arskortin-komin-i-solu-2\/\",\"name\":\"\u00c1rskortin komin \u00ed s\u00f6lu - \u00cd\u00fer\u00f3ttaf\u00e9lagi\u00f0 Gr\u00f3tta\",\"isPartOf\":{\"@id\":\"https:\/\/grotta.is\/#website\"},\"primaryImageOfPage\":{\"@id\":\"https:\/\/grotta.is\/handknattleiksdeild\/arskortin-komin-i-solu-2\/#primaryimage\"},\"image\":{\"@id\":\"https:\/\/grotta.is\/handknattleiksdeild\/arskortin-komin-i-solu-2\/#primaryimage\"},\"thumbnailUrl\":\"https:\/\/grotta.is\/wp-content\/uploads\/2022\/09\/Arskort-Grottu-1.jpg\",\"datePublished\":\"2022-09-08T17:31:51+00:00\",\"dateModified\":\"2022-09-16T16:12:19+00:00\",\"breadcrumb\":{\"@id\":\"https:\/\/grotta.is\/handknattleiksdeild\/arskortin-komin-i-solu-2\/#breadcrumb\"},\"inLanguage\":\"en-US\",\"potentialAction\":[{\"@type\":\"ReadAction\",\"target\":[\"https:\/\/grotta.is\/handknattleiksdeild\/arskortin-komin-i-solu-2\/\"]}]},{\"@type\":\"ImageObject\",\"inLanguage\":\"en-US\",\"@id\":\"https:\/\/grotta.is\/handknattleiksdeild\/arskortin-komin-i-solu-2\/#primaryimage\",\"url\":\"https:\/\/grotta.is\/wp-content\/uploads\/2022\/09\/Arskort-Grottu-1.jpg\",\"contentUrl\":\"https:\/\/grotta.is\/wp-content\/uploads\/2022\/09\/Arskort-Grottu-1.jpg\",\"width\":1380,\"height\":591},{\"@type\":\"BreadcrumbList\",\"@id\":\"https:\/\/grotta.is\/handknattleiksdeild\/arskortin-komin-i-solu-2\/#breadcrumb\",\"itemListElement\":[{\"@type\":\"ListItem\",\"position\":1,\"name\":\"Home\",\"item\":\"https:\/\/grotta.is\/\"},{\"@type\":\"ListItem\",\"position\":2,\"name\":\"\u00c1rskortin komin \u00ed s\u00f6lu\"}]},{\"@type\":\"WebSite\",\"@id\":\"https:\/\/grotta.is\/#website\",\"url\":\"https:\/\/grotta.is\/\",\"name\":\"\u00cd\u00fer\u00f3ttaf\u00e9lagi\u00f0 Gr\u00f3tta\",\"description\":\"\u00e1 Seltjarnarnesi\",\"publisher\":{\"@id\":\"https:\/\/grotta.is\/#organization\"},\"potentialAction\":[{\"@type\":\"SearchAction\",\"target\":{\"@type\":\"EntryPoint\",\"urlTemplate\":\"https:\/\/grotta.is\/?s={search_term_string}\"},\"query-input\":{\"@type\":\"PropertyValueSpecification\",\"valueRequired\":true,\"valueName\":\"search_term_string\"}}],\"inLanguage\":\"en-US\"},{\"@type\":\"Organization\",\"@id\":\"https:\/\/grotta.is\/#organization\",\"name\":\"\u00cd\u00fer\u00f3ttaf\u00e9lagi\u00f0 Gr\u00f3tta\",\"url\":\"https:\/\/grotta.is\/\",\"logo\":{\"@type\":\"ImageObject\",\"inLanguage\":\"en-US\",\"@id\":\"https:\/\/grotta.is\/#\/schema\/logo\/image\/\",\"url\":\"https:\/\/grotta.is\/wp-content\/uploads\/2020\/02\/ithrottafelagidgrotta_logo_512x512_transparent.png\",\"contentUrl\":\"https:\/\/grotta.is\/wp-content\/uploads\/2020\/02\/ithrottafelagidgrotta_logo_512x512_transparent.png\",\"width\":512,\"height\":512,\"caption\":\"\u00cd\u00fer\u00f3ttaf\u00e9lagi\u00f0 Gr\u00f3tta\"},\"image\":{\"@id\":\"https:\/\/grotta.is\/#\/schema\/logo\/image\/\"},\"sameAs\":[\"https:\/\/www.facebook.com\/grottasport\"]},{\"@type\":\"Person\",\"@id\":\"https:\/\/grotta.is\/#\/schema\/person\/b21e9d5dfd92c90211e343e8d7252b1c\",\"name\":\"Andri Sigf\u00fasson\",\"url\":\"https:\/\/grotta.is\/en\/author\/andri\/\"}]}<\/script>\n<!-- \/ Yoast SEO plugin. -->","yoast_head_json":{"title":"\u00c1rskortin komin \u00ed s\u00f6lu - \u00cd\u00fer\u00f3ttaf\u00e9lagi\u00f0 Gr\u00f3tta","robots":{"index":"index","follow":"follow","max-snippet":"max-snippet:-1","max-image-preview":"max-image-preview:large","max-video-preview":"max-video-preview:-1"},"canonical":"https:\/\/grotta.is\/en\/handknattleiksdeild\/arskortin-komin-i-solu-2\/","og_locale":"en_US","og_type":"article","og_title":"\u00c1rskortin komin \u00ed s\u00f6lu - \u00cd\u00fer\u00f3ttaf\u00e9lagi\u00f0 Gr\u00f3tta","og_description":"Handknattleiksdeild Gr\u00f3ttu hefur hafi\u00f0 s\u00f6lu \u00e1 \u00e1rskortum vetrarins Bo\u00f0i\u00f0 er upp \u00e1 fimm mismunandi ger\u00f0ir af \u00e1rskortum sem henta fj\u00f6lbreyttum h\u00f3pi \u00e1horfenda. GullkortGullkorti\u00f0 gildir fyrir tvo \u00e1 alla deildarleiki Gr\u00f3ttu [&hellip;]","og_url":"https:\/\/grotta.is\/en\/handknattleiksdeild\/arskortin-komin-i-solu-2\/","og_site_name":"\u00cd\u00fer\u00f3ttaf\u00e9lagi\u00f0 Gr\u00f3tta","article_publisher":"https:\/\/www.facebook.com\/grottasport","article_published_time":"2022-09-08T17:31:51+00:00","article_modified_time":"2022-09-16T16:12:19+00:00","og_image":[{"width":1380,"height":591,"url":"https:\/\/grotta.is\/wp-content\/uploads\/2022\/09\/Arskort-Grottu-1.jpg","type":"image\/jpeg"}],"author":"Andri Sigf\u00fasson","twitter_card":"summary_large_image","twitter_misc":{"Written by":"Andri Sigf\u00fasson","Est. reading time":"1 minute"},"schema":{"@context":"https:\/\/schema.org","@graph":[{"@type":"Article","@id":"https:\/\/grotta.is\/handknattleiksdeild\/arskortin-komin-i-solu-2\/#article","isPartOf":{"@id":"https:\/\/grotta.is\/handknattleiksdeild\/arskortin-komin-i-solu-2\/"},"author":{"name":"Andri Sigf\u00fasson","@id":"https:\/\/grotta.is\/#\/schema\/person\/b21e9d5dfd92c90211e343e8d7252b1c"},"headline":"\u00c1rskortin komin \u00ed s\u00f6lu","datePublished":"2022-09-08T17:31:51+00:00","dateModified":"2022-09-16T16:12:19+00:00","mainEntityOfPage":{"@id":"https:\/\/grotta.is\/handknattleiksdeild\/arskortin-komin-i-solu-2\/"},"wordCount":182,"publisher":{"@id":"https:\/\/grotta.is\/#organization"},"image":{"@id":"https:\/\/grotta.is\/handknattleiksdeild\/arskortin-komin-i-solu-2\/#primaryimage"},"thumbnailUrl":"https:\/\/grotta.is\/wp-content\/uploads\/2022\/09\/Arskort-Grottu-1.jpg","keywords":["Handbolti","Mfl.kk","Mfl.kvk"],"articleSection":["Handknattleiksdeild"],"inLanguage":"en-US"},{"@type":"WebPage","@id":"https:\/\/grotta.is\/handknattleiksdeild\/arskortin-komin-i-solu-2\/","url":"https:\/\/grotta.is\/handknattleiksdeild\/arskortin-komin-i-solu-2\/","name":"\u00c1rskortin komin \u00ed s\u00f6lu - \u00cd\u00fer\u00f3ttaf\u00e9lagi\u00f0 Gr\u00f3tta","isPartOf":{"@id":"https:\/\/grotta.is\/#website"},"primaryImageOfPage":{"@id":"https:\/\/grotta.is\/handknattleiksdeild\/arskortin-komin-i-solu-2\/#primaryimage"},"image":{"@id":"https:\/\/grotta.is\/handknattleiksdeild\/arskortin-komin-i-solu-2\/#primaryimage"},"thumbnailUrl":"https:\/\/grotta.is\/wp-content\/uploads\/2022\/09\/Arskort-Grottu-1.jpg","datePublished":"2022-09-08T17:31:51+00:00","dateModified":"2022-09-16T16:12:19+00:00","breadcrumb":{"@id":"https:\/\/grotta.is\/handknattleiksdeild\/arskortin-komin-i-solu-2\/#breadcrumb"},"inLanguage":"en-US","potentialAction":[{"@type":"ReadAction","target":["https:\/\/grotta.is\/handknattleiksdeild\/arskortin-komin-i-solu-2\/"]}]},{"@type":"ImageObject","inLanguage":"en-US","@id":"https:\/\/grotta.is\/handknattleiksdeild\/arskortin-komin-i-solu-2\/#primaryimage","url":"https:\/\/grotta.is\/wp-content\/uploads\/2022\/09\/Arskort-Grottu-1.jpg","contentUrl":"https:\/\/grotta.is\/wp-content\/uploads\/2022\/09\/Arskort-Grottu-1.jpg","width":1380,"height":591},{"@type":"BreadcrumbList","@id":"https:\/\/grotta.is\/handknattleiksdeild\/arskortin-komin-i-solu-2\/#breadcrumb","itemListElement":[{"@type":"ListItem","position":1,"name":"Home","item":"https:\/\/grotta.is\/"},{"@type":"ListItem","position":2,"name":"\u00c1rskortin komin \u00ed s\u00f6lu"}]},{"@type":"WebSite","@id":"https:\/\/grotta.is\/#website","url":"https:\/\/grotta.is\/","name":"\u00cd\u00fer\u00f3ttaf\u00e9lagi\u00f0 Gr\u00f3tta","description":"\u00e1 Seltjarnarnesi","publisher":{"@id":"https:\/\/grotta.is\/#organization"},"potentialAction":[{"@type":"SearchAction","target":{"@type":"EntryPoint","urlTemplate":"https:\/\/grotta.is\/?s={search_term_string}"},"query-input":{"@type":"PropertyValueSpecification","valueRequired":true,"valueName":"search_term_string"}}],"inLanguage":"en-US"},{"@type":"Organization","@id":"https:\/\/grotta.is\/#organization","name":"\u00cd\u00fer\u00f3ttaf\u00e9lagi\u00f0 Gr\u00f3tta","url":"https:\/\/grotta.is\/","logo":{"@type":"ImageObject","inLanguage":"en-US","@id":"https:\/\/grotta.is\/#\/schema\/logo\/image\/","url":"https:\/\/grotta.is\/wp-content\/uploads\/2020\/02\/ithrottafelagidgrotta_logo_512x512_transparent.png","contentUrl":"https:\/\/grotta.is\/wp-content\/uploads\/2020\/02\/ithrottafelagidgrotta_logo_512x512_transparent.png","width":512,"height":512,"caption":"\u00cd\u00fer\u00f3ttaf\u00e9lagi\u00f0 Gr\u00f3tta"},"image":{"@id":"https:\/\/grotta.is\/#\/schema\/logo\/image\/"},"sameAs":["https:\/\/www.facebook.com\/grottasport"]},{"@type":"Person","@id":"https:\/\/grotta.is\/#\/schema\/person\/b21e9d5dfd92c90211e343e8d7252b1c","name":"Andri Sigf\u00fasson","url":"https:\/\/grotta.is\/en\/author\/andri\/"}]}},"_links":{"self":[{"href":"https:\/\/grotta.is\/en\/wp-json\/wp\/v2\/posts\/394584","targetHints":{"allow":["GET"]}}],"collection":[{"href":"https:\/\/grotta.is\/en\/wp-json\/wp\/v2\/posts"}],"about":[{"href":"https:\/\/grotta.is\/en\/wp-json\/wp\/v2\/types\/post"}],"author":[{"embeddable":true,"href":"https:\/\/grotta.is\/en\/wp-json\/wp\/v2\/users\/10"}],"replies":[{"embeddable":true,"href":"https:\/\/grotta.is\/en\/wp-json\/wp\/v2\/comments?post=394584"}],"version-history":[{"count":2,"href":"https:\/\/grotta.is\/en\/wp-json\/wp\/v2\/posts\/394584\/revisions"}],"predecessor-version":[{"id":396254,"href":"https:\/\/grotta.is\/en\/wp-json\/wp\/v2\/posts\/394584\/revisions\/396254"}],"wp:featuredmedia":[{"embeddable":true,"href":"https:\/\/grotta.is\/en\/wp-json\/wp\/v2\/media\/394588"}],"wp:attachment":[{"href":"https:\/\/grotta.is\/en\/wp-json\/wp\/v2\/media?parent=394584"}],"wp:term":[{"taxonomy":"category","embeddable":true,"href":"https:\/\/grotta.is\/en\/wp-json\/wp\/v2\/categories?post=394584"},{"taxonomy":"post_tag","embeddable":true,"href":"https:\/\/grotta.is\/en\/wp-json\/wp\/v2\/tags?post=394584"}],"curies":[{"name":"wp","href":"https:\/\/api.w.org\/{rel}","templated":true}]}}