{"id":390480,"date":"2022-08-18T15:53:19","date_gmt":"2022-08-18T15:53:19","guid":{"rendered":"https:\/\/grotta.is\/?p=390480"},"modified":"2022-08-18T15:53:22","modified_gmt":"2022-08-18T15:53:22","slug":"aefingar-hja-9-flokki-hefjast-aftur","status":"publish","type":"post","link":"https:\/\/grotta.is\/en\/handknattleiksdeild\/aefingar-hja-9-flokki-hefjast-aftur\/","title":{"rendered":"\u00c6fingar hj\u00e1 9.flokki hefjast aftur"},"content":{"rendered":"<p>\u00c6fingarnar \u00ed 9.flokki sem sl\u00f3gu \u00ed gegn \u00ed fyrra hefjast aftur \u00ed byrjun september. \u00c6fingarnar ver\u00f0a kl. 09:20-10:10 og fara fram \u00ed litla salnum \u00ed \u00ed\u00fer\u00f3ttah\u00fasinu. \u00dej\u00e1lfar ver\u00f0a \u00fe\u00e6r Arnd\u00eds Mar\u00eda Erlingsd\u00f3ttir og \u00cdris Bj\u00f6rk S\u00edmonard\u00f3ttir. L\u00f6g\u00f0 ver\u00f0ur \u00e1hersla \u00e1 skemmtilega leiki me\u00f0 og \u00e1n bolta og grunnatri\u00f0i handbolta kennd me\u00f0 fj\u00f6lbreyttri hreyfingu.<\/p><p>Skr\u00e1ning fyrir haust\u00f6nnina er hafin og fer fram \u00ed gegnum Sportabler: <a href=\"https:\/\/www.sportabler.com\/shop\/grotta\/handbolti?fbclid=IwAR3s5YLuelMk9nupHwyZ9S10FrQaoeDEdrNPY-5jwklLCMTS5migspVVJhU\" rel=\"noreferrer noopener\" target=\"_blank\">https:\/\/www.sportabler.com\/shop\/grotta\/handbolti<\/a><\/p>","protected":false},"excerpt":{"rendered":"<p>\u00c6fingarnar \u00ed 9.flokki sem sl\u00f3gu \u00ed gegn \u00ed fyrra hefjast aftur \u00ed byrjun september. \u00c6fingarnar ver\u00f0a kl. 09:20-10:10 og fara fram \u00ed litla salnum \u00ed \u00ed\u00fer\u00f3ttah\u00fasinu. \u00dej\u00e1lfar ver\u00f0a \u00fe\u00e6r Arnd\u00eds [&hellip;]<\/p>","protected":false},"author":10,"featured_media":390481,"comment_status":"closed","ping_status":"closed","sticky":false,"template":"","format":"standard","meta":{"footnotes":""},"categories":[12],"tags":[13,15],"class_list":["post-390480","post","type-post","status-publish","format-standard","has-post-thumbnail","hentry","category-handknattleiksdeild","tag-handbolti","tag-yngri-flokkar"],"yoast_head":"<!-- This site is optimized with the Yoast SEO plugin v24.3 - https:\/\/yoast.com\/wordpress\/plugins\/seo\/ -->\n<title>\u00c6fingar hj\u00e1 9.flokki hefjast aftur - \u00cd\u00fer\u00f3ttaf\u00e9lagi\u00f0 Gr\u00f3tta<\/title>\n<meta name=\"robots\" content=\"index, follow, max-snippet:-1, max-image-preview:large, max-video-preview:-1\" \/>\n<link rel=\"canonical\" href=\"https:\/\/grotta.is\/en\/handknattleiksdeild\/aefingar-hja-9-flokki-hefjast-aftur\/\" \/>\n<meta property=\"og:locale\" content=\"en_US\" \/>\n<meta property=\"og:type\" content=\"article\" \/>\n<meta property=\"og:title\" content=\"\u00c6fingar hj\u00e1 9.flokki hefjast aftur - \u00cd\u00fer\u00f3ttaf\u00e9lagi\u00f0 Gr\u00f3tta\" \/>\n<meta property=\"og:description\" content=\"\u00c6fingarnar \u00ed 9.flokki sem sl\u00f3gu \u00ed gegn \u00ed fyrra hefjast aftur \u00ed byrjun september. \u00c6fingarnar ver\u00f0a kl. 09:20-10:10 og fara fram \u00ed litla salnum \u00ed \u00ed\u00fer\u00f3ttah\u00fasinu. \u00dej\u00e1lfar ver\u00f0a \u00fe\u00e6r Arnd\u00eds [&hellip;]\" \/>\n<meta property=\"og:url\" content=\"https:\/\/grotta.is\/en\/handknattleiksdeild\/aefingar-hja-9-flokki-hefjast-aftur\/\" \/>\n<meta property=\"og:site_name\" content=\"\u00cd\u00fer\u00f3ttaf\u00e9lagi\u00f0 Gr\u00f3tta\" \/>\n<meta property=\"article:publisher\" content=\"https:\/\/www.facebook.com\/grottasport\" \/>\n<meta property=\"article:published_time\" content=\"2022-08-18T15:53:19+00:00\" \/>\n<meta property=\"article:modified_time\" content=\"2022-08-18T15:53:22+00:00\" \/>\n<meta property=\"og:image\" content=\"https:\/\/grotta.is\/wp-content\/uploads\/2022\/08\/AEfingar-i-9.flokki-timabilid-2022-2023.jpg\" \/>\n\t<meta property=\"og:image:width\" content=\"1694\" \/>\n\t<meta property=\"og:image:height\" content=\"1080\" \/>\n\t<meta property=\"og:image:type\" content=\"image\/jpeg\" \/>\n<meta name=\"author\" content=\"Andri Sigf\u00fasson\" \/>\n<meta name=\"twitter:card\" content=\"summary_large_image\" \/>\n<meta name=\"twitter:label1\" content=\"Written by\" \/>\n\t<meta name=\"twitter:data1\" content=\"Andri Sigf\u00fasson\" \/>\n\t<meta name=\"twitter:label2\" content=\"Est. reading time\" \/>\n\t<meta name=\"twitter:data2\" content=\"1 minute\" \/>\n<script type=\"application\/ld+json\" class=\"yoast-schema-graph\">{\"@context\":\"https:\/\/schema.org\",\"@graph\":[{\"@type\":\"Article\",\"@id\":\"https:\/\/grotta.is\/handknattleiksdeild\/aefingar-hja-9-flokki-hefjast-aftur\/#article\",\"isPartOf\":{\"@id\":\"https:\/\/grotta.is\/handknattleiksdeild\/aefingar-hja-9-flokki-hefjast-aftur\/\"},\"author\":{\"name\":\"Andri Sigf\u00fasson\",\"@id\":\"https:\/\/grotta.is\/#\/schema\/person\/b21e9d5dfd92c90211e343e8d7252b1c\"},\"headline\":\"\u00c6fingar hj\u00e1 9.flokki hefjast aftur\",\"datePublished\":\"2022-08-18T15:53:19+00:00\",\"dateModified\":\"2022-08-18T15:53:22+00:00\",\"mainEntityOfPage\":{\"@id\":\"https:\/\/grotta.is\/handknattleiksdeild\/aefingar-hja-9-flokki-hefjast-aftur\/\"},\"wordCount\":86,\"publisher\":{\"@id\":\"https:\/\/grotta.is\/#organization\"},\"image\":{\"@id\":\"https:\/\/grotta.is\/handknattleiksdeild\/aefingar-hja-9-flokki-hefjast-aftur\/#primaryimage\"},\"thumbnailUrl\":\"https:\/\/grotta.is\/wp-content\/uploads\/2022\/08\/AEfingar-i-9.flokki-timabilid-2022-2023.jpg\",\"keywords\":[\"Handbolti\",\"Yngri flokkar\"],\"articleSection\":[\"Handknattleiksdeild\"],\"inLanguage\":\"en-US\"},{\"@type\":\"WebPage\",\"@id\":\"https:\/\/grotta.is\/handknattleiksdeild\/aefingar-hja-9-flokki-hefjast-aftur\/\",\"url\":\"https:\/\/grotta.is\/handknattleiksdeild\/aefingar-hja-9-flokki-hefjast-aftur\/\",\"name\":\"\u00c6fingar hj\u00e1 9.flokki hefjast aftur - \u00cd\u00fer\u00f3ttaf\u00e9lagi\u00f0 Gr\u00f3tta\",\"isPartOf\":{\"@id\":\"https:\/\/grotta.is\/#website\"},\"primaryImageOfPage\":{\"@id\":\"https:\/\/grotta.is\/handknattleiksdeild\/aefingar-hja-9-flokki-hefjast-aftur\/#primaryimage\"},\"image\":{\"@id\":\"https:\/\/grotta.is\/handknattleiksdeild\/aefingar-hja-9-flokki-hefjast-aftur\/#primaryimage\"},\"thumbnailUrl\":\"https:\/\/grotta.is\/wp-content\/uploads\/2022\/08\/AEfingar-i-9.flokki-timabilid-2022-2023.jpg\",\"datePublished\":\"2022-08-18T15:53:19+00:00\",\"dateModified\":\"2022-08-18T15:53:22+00:00\",\"breadcrumb\":{\"@id\":\"https:\/\/grotta.is\/handknattleiksdeild\/aefingar-hja-9-flokki-hefjast-aftur\/#breadcrumb\"},\"inLanguage\":\"en-US\",\"potentialAction\":[{\"@type\":\"ReadAction\",\"target\":[\"https:\/\/grotta.is\/handknattleiksdeild\/aefingar-hja-9-flokki-hefjast-aftur\/\"]}]},{\"@type\":\"ImageObject\",\"inLanguage\":\"en-US\",\"@id\":\"https:\/\/grotta.is\/handknattleiksdeild\/aefingar-hja-9-flokki-hefjast-aftur\/#primaryimage\",\"url\":\"https:\/\/grotta.is\/wp-content\/uploads\/2022\/08\/AEfingar-i-9.flokki-timabilid-2022-2023.jpg\",\"contentUrl\":\"https:\/\/grotta.is\/wp-content\/uploads\/2022\/08\/AEfingar-i-9.flokki-timabilid-2022-2023.jpg\",\"width\":1694,\"height\":1080},{\"@type\":\"BreadcrumbList\",\"@id\":\"https:\/\/grotta.is\/handknattleiksdeild\/aefingar-hja-9-flokki-hefjast-aftur\/#breadcrumb\",\"itemListElement\":[{\"@type\":\"ListItem\",\"position\":1,\"name\":\"Home\",\"item\":\"https:\/\/grotta.is\/\"},{\"@type\":\"ListItem\",\"position\":2,\"name\":\"\u00c6fingar hj\u00e1 9.flokki hefjast aftur\"}]},{\"@type\":\"WebSite\",\"@id\":\"https:\/\/grotta.is\/#website\",\"url\":\"https:\/\/grotta.is\/\",\"name\":\"\u00cd\u00fer\u00f3ttaf\u00e9lagi\u00f0 Gr\u00f3tta\",\"description\":\"\u00e1 Seltjarnarnesi\",\"publisher\":{\"@id\":\"https:\/\/grotta.is\/#organization\"},\"potentialAction\":[{\"@type\":\"SearchAction\",\"target\":{\"@type\":\"EntryPoint\",\"urlTemplate\":\"https:\/\/grotta.is\/?s={search_term_string}\"},\"query-input\":{\"@type\":\"PropertyValueSpecification\",\"valueRequired\":true,\"valueName\":\"search_term_string\"}}],\"inLanguage\":\"en-US\"},{\"@type\":\"Organization\",\"@id\":\"https:\/\/grotta.is\/#organization\",\"name\":\"\u00cd\u00fer\u00f3ttaf\u00e9lagi\u00f0 Gr\u00f3tta\",\"url\":\"https:\/\/grotta.is\/\",\"logo\":{\"@type\":\"ImageObject\",\"inLanguage\":\"en-US\",\"@id\":\"https:\/\/grotta.is\/#\/schema\/logo\/image\/\",\"url\":\"https:\/\/grotta.is\/wp-content\/uploads\/2020\/02\/ithrottafelagidgrotta_logo_512x512_transparent.png\",\"contentUrl\":\"https:\/\/grotta.is\/wp-content\/uploads\/2020\/02\/ithrottafelagidgrotta_logo_512x512_transparent.png\",\"width\":512,\"height\":512,\"caption\":\"\u00cd\u00fer\u00f3ttaf\u00e9lagi\u00f0 Gr\u00f3tta\"},\"image\":{\"@id\":\"https:\/\/grotta.is\/#\/schema\/logo\/image\/\"},\"sameAs\":[\"https:\/\/www.facebook.com\/grottasport\"]},{\"@type\":\"Person\",\"@id\":\"https:\/\/grotta.is\/#\/schema\/person\/b21e9d5dfd92c90211e343e8d7252b1c\",\"name\":\"Andri Sigf\u00fasson\",\"url\":\"https:\/\/grotta.is\/en\/author\/andri\/\"}]}<\/script>\n<!-- \/ Yoast SEO plugin. -->","yoast_head_json":{"title":"\u00c6fingar hj\u00e1 9.flokki hefjast aftur - \u00cd\u00fer\u00f3ttaf\u00e9lagi\u00f0 Gr\u00f3tta","robots":{"index":"index","follow":"follow","max-snippet":"max-snippet:-1","max-image-preview":"max-image-preview:large","max-video-preview":"max-video-preview:-1"},"canonical":"https:\/\/grotta.is\/en\/handknattleiksdeild\/aefingar-hja-9-flokki-hefjast-aftur\/","og_locale":"en_US","og_type":"article","og_title":"\u00c6fingar hj\u00e1 9.flokki hefjast aftur - \u00cd\u00fer\u00f3ttaf\u00e9lagi\u00f0 Gr\u00f3tta","og_description":"\u00c6fingarnar \u00ed 9.flokki sem sl\u00f3gu \u00ed gegn \u00ed fyrra hefjast aftur \u00ed byrjun september. \u00c6fingarnar ver\u00f0a kl. 09:20-10:10 og fara fram \u00ed litla salnum \u00ed \u00ed\u00fer\u00f3ttah\u00fasinu. \u00dej\u00e1lfar ver\u00f0a \u00fe\u00e6r Arnd\u00eds [&hellip;]","og_url":"https:\/\/grotta.is\/en\/handknattleiksdeild\/aefingar-hja-9-flokki-hefjast-aftur\/","og_site_name":"\u00cd\u00fer\u00f3ttaf\u00e9lagi\u00f0 Gr\u00f3tta","article_publisher":"https:\/\/www.facebook.com\/grottasport","article_published_time":"2022-08-18T15:53:19+00:00","article_modified_time":"2022-08-18T15:53:22+00:00","og_image":[{"width":1694,"height":1080,"url":"https:\/\/grotta.is\/wp-content\/uploads\/2022\/08\/AEfingar-i-9.flokki-timabilid-2022-2023.jpg","type":"image\/jpeg"}],"author":"Andri Sigf\u00fasson","twitter_card":"summary_large_image","twitter_misc":{"Written by":"Andri Sigf\u00fasson","Est. reading time":"1 minute"},"schema":{"@context":"https:\/\/schema.org","@graph":[{"@type":"Article","@id":"https:\/\/grotta.is\/handknattleiksdeild\/aefingar-hja-9-flokki-hefjast-aftur\/#article","isPartOf":{"@id":"https:\/\/grotta.is\/handknattleiksdeild\/aefingar-hja-9-flokki-hefjast-aftur\/"},"author":{"name":"Andri Sigf\u00fasson","@id":"https:\/\/grotta.is\/#\/schema\/person\/b21e9d5dfd92c90211e343e8d7252b1c"},"headline":"\u00c6fingar hj\u00e1 9.flokki hefjast aftur","datePublished":"2022-08-18T15:53:19+00:00","dateModified":"2022-08-18T15:53:22+00:00","mainEntityOfPage":{"@id":"https:\/\/grotta.is\/handknattleiksdeild\/aefingar-hja-9-flokki-hefjast-aftur\/"},"wordCount":86,"publisher":{"@id":"https:\/\/grotta.is\/#organization"},"image":{"@id":"https:\/\/grotta.is\/handknattleiksdeild\/aefingar-hja-9-flokki-hefjast-aftur\/#primaryimage"},"thumbnailUrl":"https:\/\/grotta.is\/wp-content\/uploads\/2022\/08\/AEfingar-i-9.flokki-timabilid-2022-2023.jpg","keywords":["Handbolti","Yngri flokkar"],"articleSection":["Handknattleiksdeild"],"inLanguage":"en-US"},{"@type":"WebPage","@id":"https:\/\/grotta.is\/handknattleiksdeild\/aefingar-hja-9-flokki-hefjast-aftur\/","url":"https:\/\/grotta.is\/handknattleiksdeild\/aefingar-hja-9-flokki-hefjast-aftur\/","name":"\u00c6fingar hj\u00e1 9.flokki hefjast aftur - \u00cd\u00fer\u00f3ttaf\u00e9lagi\u00f0 Gr\u00f3tta","isPartOf":{"@id":"https:\/\/grotta.is\/#website"},"primaryImageOfPage":{"@id":"https:\/\/grotta.is\/handknattleiksdeild\/aefingar-hja-9-flokki-hefjast-aftur\/#primaryimage"},"image":{"@id":"https:\/\/grotta.is\/handknattleiksdeild\/aefingar-hja-9-flokki-hefjast-aftur\/#primaryimage"},"thumbnailUrl":"https:\/\/grotta.is\/wp-content\/uploads\/2022\/08\/AEfingar-i-9.flokki-timabilid-2022-2023.jpg","datePublished":"2022-08-18T15:53:19+00:00","dateModified":"2022-08-18T15:53:22+00:00","breadcrumb":{"@id":"https:\/\/grotta.is\/handknattleiksdeild\/aefingar-hja-9-flokki-hefjast-aftur\/#breadcrumb"},"inLanguage":"en-US","potentialAction":[{"@type":"ReadAction","target":["https:\/\/grotta.is\/handknattleiksdeild\/aefingar-hja-9-flokki-hefjast-aftur\/"]}]},{"@type":"ImageObject","inLanguage":"en-US","@id":"https:\/\/grotta.is\/handknattleiksdeild\/aefingar-hja-9-flokki-hefjast-aftur\/#primaryimage","url":"https:\/\/grotta.is\/wp-content\/uploads\/2022\/08\/AEfingar-i-9.flokki-timabilid-2022-2023.jpg","contentUrl":"https:\/\/grotta.is\/wp-content\/uploads\/2022\/08\/AEfingar-i-9.flokki-timabilid-2022-2023.jpg","width":1694,"height":1080},{"@type":"BreadcrumbList","@id":"https:\/\/grotta.is\/handknattleiksdeild\/aefingar-hja-9-flokki-hefjast-aftur\/#breadcrumb","itemListElement":[{"@type":"ListItem","position":1,"name":"Home","item":"https:\/\/grotta.is\/"},{"@type":"ListItem","position":2,"name":"\u00c6fingar hj\u00e1 9.flokki hefjast aftur"}]},{"@type":"WebSite","@id":"https:\/\/grotta.is\/#website","url":"https:\/\/grotta.is\/","name":"\u00cd\u00fer\u00f3ttaf\u00e9lagi\u00f0 Gr\u00f3tta","description":"\u00e1 Seltjarnarnesi","publisher":{"@id":"https:\/\/grotta.is\/#organization"},"potentialAction":[{"@type":"SearchAction","target":{"@type":"EntryPoint","urlTemplate":"https:\/\/grotta.is\/?s={search_term_string}"},"query-input":{"@type":"PropertyValueSpecification","valueRequired":true,"valueName":"search_term_string"}}],"inLanguage":"en-US"},{"@type":"Organization","@id":"https:\/\/grotta.is\/#organization","name":"\u00cd\u00fer\u00f3ttaf\u00e9lagi\u00f0 Gr\u00f3tta","url":"https:\/\/grotta.is\/","logo":{"@type":"ImageObject","inLanguage":"en-US","@id":"https:\/\/grotta.is\/#\/schema\/logo\/image\/","url":"https:\/\/grotta.is\/wp-content\/uploads\/2020\/02\/ithrottafelagidgrotta_logo_512x512_transparent.png","contentUrl":"https:\/\/grotta.is\/wp-content\/uploads\/2020\/02\/ithrottafelagidgrotta_logo_512x512_transparent.png","width":512,"height":512,"caption":"\u00cd\u00fer\u00f3ttaf\u00e9lagi\u00f0 Gr\u00f3tta"},"image":{"@id":"https:\/\/grotta.is\/#\/schema\/logo\/image\/"},"sameAs":["https:\/\/www.facebook.com\/grottasport"]},{"@type":"Person","@id":"https:\/\/grotta.is\/#\/schema\/person\/b21e9d5dfd92c90211e343e8d7252b1c","name":"Andri Sigf\u00fasson","url":"https:\/\/grotta.is\/en\/author\/andri\/"}]}},"_links":{"self":[{"href":"https:\/\/grotta.is\/en\/wp-json\/wp\/v2\/posts\/390480","targetHints":{"allow":["GET"]}}],"collection":[{"href":"https:\/\/grotta.is\/en\/wp-json\/wp\/v2\/posts"}],"about":[{"href":"https:\/\/grotta.is\/en\/wp-json\/wp\/v2\/types\/post"}],"author":[{"embeddable":true,"href":"https:\/\/grotta.is\/en\/wp-json\/wp\/v2\/users\/10"}],"replies":[{"embeddable":true,"href":"https:\/\/grotta.is\/en\/wp-json\/wp\/v2\/comments?post=390480"}],"version-history":[{"count":1,"href":"https:\/\/grotta.is\/en\/wp-json\/wp\/v2\/posts\/390480\/revisions"}],"predecessor-version":[{"id":390482,"href":"https:\/\/grotta.is\/en\/wp-json\/wp\/v2\/posts\/390480\/revisions\/390482"}],"wp:featuredmedia":[{"embeddable":true,"href":"https:\/\/grotta.is\/en\/wp-json\/wp\/v2\/media\/390481"}],"wp:attachment":[{"href":"https:\/\/grotta.is\/en\/wp-json\/wp\/v2\/media?parent=390480"}],"wp:term":[{"taxonomy":"category","embeddable":true,"href":"https:\/\/grotta.is\/en\/wp-json\/wp\/v2\/categories?post=390480"},{"taxonomy":"post_tag","embeddable":true,"href":"https:\/\/grotta.is\/en\/wp-json\/wp\/v2\/tags?post=390480"}],"curies":[{"name":"wp","href":"https:\/\/api.w.org\/{rel}","templated":true}]}}