{"id":387981,"date":"2022-08-05T10:35:20","date_gmt":"2022-08-05T10:35:20","guid":{"rendered":"https:\/\/grotta.is\/?p=387981"},"modified":"2022-08-05T10:35:23","modified_gmt":"2022-08-05T10:35:23","slug":"andlat-asmundur-einarsson","status":"publish","type":"post","link":"https:\/\/grotta.is\/en\/almennt\/andlat-asmundur-einarsson\/","title":{"rendered":"Andl\u00e1t &#8211; \u00c1smundur Einarsson"},"content":{"rendered":"<p>\u00dea\u00f0 voru miklar sorgarfregnir sem b\u00e1rust okkur Gr\u00f3ttuf\u00f3lki sunnudaginn 24. j\u00fal\u00ed s\u00ed\u00f0astli\u00f0inn a\u00f0 \u00c1smundur Einarsson hafi veri\u00f0 br\u00e1\u00f0kvaddur langt fyrir aldur fram. \u00c1smundur e\u00f0a \u00c1si eins og hann var jafnan kalla\u00f0ur vann fyrir handknattleiksdeild Gr\u00f3ttu um \u00e1rabil b\u00e6\u00f0i \u00ed barna- og unglingar\u00e1\u00f0i og n\u00fa s\u00ed\u00f0ast sem forma\u00f0ur handknattleiksdeildar f\u00e9lagsins. \u00c1si hefur einnig veri\u00f0 lykilma\u00f0ur \u00ed undirb\u00faningi og umgj\u00f6r\u00f0 n\u00e1nast allra heimaleikja Gr\u00f3ttu undanfarin \u00e1r. \u00c1sa ver\u00f0ur s\u00e1rt sakna\u00f0 \u00ed starfi f\u00e9lagsins.<\/p><p>\u00cd\u00fer\u00f3ttaf\u00e9lagi\u00f0 Gr\u00f3tta vottar fj\u00f6lskyldu, \u00e6ttingjum og vinum sam\u00fa\u00f0 s\u00edna og minnir um lei\u00f0 \u00e1 styrktarsj\u00f3\u00f0 barna hans: 0370-13-011901, kt. 180282-4839.<\/p>","protected":false},"excerpt":{"rendered":"<p>\u00dea\u00f0 voru miklar sorgarfregnir sem b\u00e1rust okkur Gr\u00f3ttuf\u00f3lki sunnudaginn 24. j\u00fal\u00ed s\u00ed\u00f0astli\u00f0inn a\u00f0 \u00c1smundur Einarsson hafi veri\u00f0 br\u00e1\u00f0kvaddur langt fyrir aldur fram. \u00c1smundur e\u00f0a \u00c1si eins og hann var jafnan [&hellip;]<\/p>","protected":false},"author":2,"featured_media":387979,"comment_status":"closed","ping_status":"closed","sticky":false,"template":"","format":"standard","meta":{"footnotes":""},"categories":[4,12],"tags":[],"class_list":["post-387981","post","type-post","status-publish","format-standard","has-post-thumbnail","hentry","category-almennt","category-handknattleiksdeild"],"yoast_head":"<!-- This site is optimized with the Yoast SEO plugin v24.3 - https:\/\/yoast.com\/wordpress\/plugins\/seo\/ -->\n<title>Andl\u00e1t - \u00c1smundur Einarsson - \u00cd\u00fer\u00f3ttaf\u00e9lagi\u00f0 Gr\u00f3tta<\/title>\n<meta name=\"robots\" content=\"index, follow, max-snippet:-1, max-image-preview:large, max-video-preview:-1\" \/>\n<link rel=\"canonical\" href=\"https:\/\/grotta.is\/en\/almennt\/andlat-asmundur-einarsson\/\" \/>\n<meta property=\"og:locale\" content=\"en_US\" \/>\n<meta property=\"og:type\" content=\"article\" \/>\n<meta property=\"og:title\" content=\"Andl\u00e1t - \u00c1smundur Einarsson - \u00cd\u00fer\u00f3ttaf\u00e9lagi\u00f0 Gr\u00f3tta\" \/>\n<meta property=\"og:description\" content=\"\u00dea\u00f0 voru miklar sorgarfregnir sem b\u00e1rust okkur Gr\u00f3ttuf\u00f3lki sunnudaginn 24. j\u00fal\u00ed s\u00ed\u00f0astli\u00f0inn a\u00f0 \u00c1smundur Einarsson hafi veri\u00f0 br\u00e1\u00f0kvaddur langt fyrir aldur fram. \u00c1smundur e\u00f0a \u00c1si eins og hann var jafnan [&hellip;]\" \/>\n<meta property=\"og:url\" content=\"https:\/\/grotta.is\/en\/almennt\/andlat-asmundur-einarsson\/\" \/>\n<meta property=\"og:site_name\" content=\"\u00cd\u00fer\u00f3ttaf\u00e9lagi\u00f0 Gr\u00f3tta\" \/>\n<meta property=\"article:publisher\" content=\"https:\/\/www.facebook.com\/grottasport\" \/>\n<meta property=\"article:published_time\" content=\"2022-08-05T10:35:20+00:00\" \/>\n<meta property=\"article:modified_time\" content=\"2022-08-05T10:35:23+00:00\" \/>\n<meta property=\"og:image\" content=\"https:\/\/grotta.is\/wp-content\/uploads\/2022\/08\/Asmundur-minning.jpg\" \/>\n\t<meta property=\"og:image:width\" content=\"1072\" \/>\n\t<meta property=\"og:image:height\" content=\"856\" \/>\n\t<meta property=\"og:image:type\" content=\"image\/jpeg\" \/>\n<meta name=\"author\" content=\"Grotta\" \/>\n<meta name=\"twitter:card\" content=\"summary_large_image\" \/>\n<meta name=\"twitter:label1\" content=\"Written by\" \/>\n\t<meta name=\"twitter:data1\" content=\"Grotta\" \/>\n\t<meta name=\"twitter:label2\" content=\"Est. reading time\" \/>\n\t<meta name=\"twitter:data2\" content=\"1 minute\" \/>\n<script type=\"application\/ld+json\" class=\"yoast-schema-graph\">{\"@context\":\"https:\/\/schema.org\",\"@graph\":[{\"@type\":\"Article\",\"@id\":\"https:\/\/grotta.is\/almennt\/andlat-asmundur-einarsson\/#article\",\"isPartOf\":{\"@id\":\"https:\/\/grotta.is\/almennt\/andlat-asmundur-einarsson\/\"},\"author\":{\"name\":\"Grotta\",\"@id\":\"https:\/\/grotta.is\/#\/schema\/person\/08ec57bf09ee925f1b6a01540c14a5ce\"},\"headline\":\"Andl\u00e1t &#8211; \u00c1smundur Einarsson\",\"datePublished\":\"2022-08-05T10:35:20+00:00\",\"dateModified\":\"2022-08-05T10:35:23+00:00\",\"mainEntityOfPage\":{\"@id\":\"https:\/\/grotta.is\/almennt\/andlat-asmundur-einarsson\/\"},\"wordCount\":120,\"publisher\":{\"@id\":\"https:\/\/grotta.is\/#organization\"},\"image\":{\"@id\":\"https:\/\/grotta.is\/almennt\/andlat-asmundur-einarsson\/#primaryimage\"},\"thumbnailUrl\":\"https:\/\/grotta.is\/wp-content\/uploads\/2022\/08\/Asmundur-minning.jpg\",\"articleSection\":[\"Almennt\",\"Handknattleiksdeild\"],\"inLanguage\":\"en-US\"},{\"@type\":\"WebPage\",\"@id\":\"https:\/\/grotta.is\/almennt\/andlat-asmundur-einarsson\/\",\"url\":\"https:\/\/grotta.is\/almennt\/andlat-asmundur-einarsson\/\",\"name\":\"Andl\u00e1t - \u00c1smundur Einarsson - \u00cd\u00fer\u00f3ttaf\u00e9lagi\u00f0 Gr\u00f3tta\",\"isPartOf\":{\"@id\":\"https:\/\/grotta.is\/#website\"},\"primaryImageOfPage\":{\"@id\":\"https:\/\/grotta.is\/almennt\/andlat-asmundur-einarsson\/#primaryimage\"},\"image\":{\"@id\":\"https:\/\/grotta.is\/almennt\/andlat-asmundur-einarsson\/#primaryimage\"},\"thumbnailUrl\":\"https:\/\/grotta.is\/wp-content\/uploads\/2022\/08\/Asmundur-minning.jpg\",\"datePublished\":\"2022-08-05T10:35:20+00:00\",\"dateModified\":\"2022-08-05T10:35:23+00:00\",\"breadcrumb\":{\"@id\":\"https:\/\/grotta.is\/almennt\/andlat-asmundur-einarsson\/#breadcrumb\"},\"inLanguage\":\"en-US\",\"potentialAction\":[{\"@type\":\"ReadAction\",\"target\":[\"https:\/\/grotta.is\/almennt\/andlat-asmundur-einarsson\/\"]}]},{\"@type\":\"ImageObject\",\"inLanguage\":\"en-US\",\"@id\":\"https:\/\/grotta.is\/almennt\/andlat-asmundur-einarsson\/#primaryimage\",\"url\":\"https:\/\/grotta.is\/wp-content\/uploads\/2022\/08\/Asmundur-minning.jpg\",\"contentUrl\":\"https:\/\/grotta.is\/wp-content\/uploads\/2022\/08\/Asmundur-minning.jpg\",\"width\":1072,\"height\":856},{\"@type\":\"BreadcrumbList\",\"@id\":\"https:\/\/grotta.is\/almennt\/andlat-asmundur-einarsson\/#breadcrumb\",\"itemListElement\":[{\"@type\":\"ListItem\",\"position\":1,\"name\":\"Home\",\"item\":\"https:\/\/grotta.is\/\"},{\"@type\":\"ListItem\",\"position\":2,\"name\":\"Andl\u00e1t &#8211; \u00c1smundur Einarsson\"}]},{\"@type\":\"WebSite\",\"@id\":\"https:\/\/grotta.is\/#website\",\"url\":\"https:\/\/grotta.is\/\",\"name\":\"\u00cd\u00fer\u00f3ttaf\u00e9lagi\u00f0 Gr\u00f3tta\",\"description\":\"\u00e1 Seltjarnarnesi\",\"publisher\":{\"@id\":\"https:\/\/grotta.is\/#organization\"},\"potentialAction\":[{\"@type\":\"SearchAction\",\"target\":{\"@type\":\"EntryPoint\",\"urlTemplate\":\"https:\/\/grotta.is\/?s={search_term_string}\"},\"query-input\":{\"@type\":\"PropertyValueSpecification\",\"valueRequired\":true,\"valueName\":\"search_term_string\"}}],\"inLanguage\":\"en-US\"},{\"@type\":\"Organization\",\"@id\":\"https:\/\/grotta.is\/#organization\",\"name\":\"\u00cd\u00fer\u00f3ttaf\u00e9lagi\u00f0 Gr\u00f3tta\",\"url\":\"https:\/\/grotta.is\/\",\"logo\":{\"@type\":\"ImageObject\",\"inLanguage\":\"en-US\",\"@id\":\"https:\/\/grotta.is\/#\/schema\/logo\/image\/\",\"url\":\"https:\/\/grotta.is\/wp-content\/uploads\/2020\/02\/ithrottafelagidgrotta_logo_512x512_transparent.png\",\"contentUrl\":\"https:\/\/grotta.is\/wp-content\/uploads\/2020\/02\/ithrottafelagidgrotta_logo_512x512_transparent.png\",\"width\":512,\"height\":512,\"caption\":\"\u00cd\u00fer\u00f3ttaf\u00e9lagi\u00f0 Gr\u00f3tta\"},\"image\":{\"@id\":\"https:\/\/grotta.is\/#\/schema\/logo\/image\/\"},\"sameAs\":[\"https:\/\/www.facebook.com\/grottasport\"]},{\"@type\":\"Person\",\"@id\":\"https:\/\/grotta.is\/#\/schema\/person\/08ec57bf09ee925f1b6a01540c14a5ce\",\"name\":\"Grotta\",\"url\":\"https:\/\/grotta.is\/en\/author\/inga\/\"}]}<\/script>\n<!-- \/ Yoast SEO plugin. -->","yoast_head_json":{"title":"Andl\u00e1t - \u00c1smundur Einarsson - \u00cd\u00fer\u00f3ttaf\u00e9lagi\u00f0 Gr\u00f3tta","robots":{"index":"index","follow":"follow","max-snippet":"max-snippet:-1","max-image-preview":"max-image-preview:large","max-video-preview":"max-video-preview:-1"},"canonical":"https:\/\/grotta.is\/en\/almennt\/andlat-asmundur-einarsson\/","og_locale":"en_US","og_type":"article","og_title":"Andl\u00e1t - \u00c1smundur Einarsson - \u00cd\u00fer\u00f3ttaf\u00e9lagi\u00f0 Gr\u00f3tta","og_description":"\u00dea\u00f0 voru miklar sorgarfregnir sem b\u00e1rust okkur Gr\u00f3ttuf\u00f3lki sunnudaginn 24. j\u00fal\u00ed s\u00ed\u00f0astli\u00f0inn a\u00f0 \u00c1smundur Einarsson hafi veri\u00f0 br\u00e1\u00f0kvaddur langt fyrir aldur fram. \u00c1smundur e\u00f0a \u00c1si eins og hann var jafnan [&hellip;]","og_url":"https:\/\/grotta.is\/en\/almennt\/andlat-asmundur-einarsson\/","og_site_name":"\u00cd\u00fer\u00f3ttaf\u00e9lagi\u00f0 Gr\u00f3tta","article_publisher":"https:\/\/www.facebook.com\/grottasport","article_published_time":"2022-08-05T10:35:20+00:00","article_modified_time":"2022-08-05T10:35:23+00:00","og_image":[{"width":1072,"height":856,"url":"https:\/\/grotta.is\/wp-content\/uploads\/2022\/08\/Asmundur-minning.jpg","type":"image\/jpeg"}],"author":"Grotta","twitter_card":"summary_large_image","twitter_misc":{"Written by":"Grotta","Est. reading time":"1 minute"},"schema":{"@context":"https:\/\/schema.org","@graph":[{"@type":"Article","@id":"https:\/\/grotta.is\/almennt\/andlat-asmundur-einarsson\/#article","isPartOf":{"@id":"https:\/\/grotta.is\/almennt\/andlat-asmundur-einarsson\/"},"author":{"name":"Grotta","@id":"https:\/\/grotta.is\/#\/schema\/person\/08ec57bf09ee925f1b6a01540c14a5ce"},"headline":"Andl\u00e1t &#8211; \u00c1smundur Einarsson","datePublished":"2022-08-05T10:35:20+00:00","dateModified":"2022-08-05T10:35:23+00:00","mainEntityOfPage":{"@id":"https:\/\/grotta.is\/almennt\/andlat-asmundur-einarsson\/"},"wordCount":120,"publisher":{"@id":"https:\/\/grotta.is\/#organization"},"image":{"@id":"https:\/\/grotta.is\/almennt\/andlat-asmundur-einarsson\/#primaryimage"},"thumbnailUrl":"https:\/\/grotta.is\/wp-content\/uploads\/2022\/08\/Asmundur-minning.jpg","articleSection":["Almennt","Handknattleiksdeild"],"inLanguage":"en-US"},{"@type":"WebPage","@id":"https:\/\/grotta.is\/almennt\/andlat-asmundur-einarsson\/","url":"https:\/\/grotta.is\/almennt\/andlat-asmundur-einarsson\/","name":"Andl\u00e1t - \u00c1smundur Einarsson - \u00cd\u00fer\u00f3ttaf\u00e9lagi\u00f0 Gr\u00f3tta","isPartOf":{"@id":"https:\/\/grotta.is\/#website"},"primaryImageOfPage":{"@id":"https:\/\/grotta.is\/almennt\/andlat-asmundur-einarsson\/#primaryimage"},"image":{"@id":"https:\/\/grotta.is\/almennt\/andlat-asmundur-einarsson\/#primaryimage"},"thumbnailUrl":"https:\/\/grotta.is\/wp-content\/uploads\/2022\/08\/Asmundur-minning.jpg","datePublished":"2022-08-05T10:35:20+00:00","dateModified":"2022-08-05T10:35:23+00:00","breadcrumb":{"@id":"https:\/\/grotta.is\/almennt\/andlat-asmundur-einarsson\/#breadcrumb"},"inLanguage":"en-US","potentialAction":[{"@type":"ReadAction","target":["https:\/\/grotta.is\/almennt\/andlat-asmundur-einarsson\/"]}]},{"@type":"ImageObject","inLanguage":"en-US","@id":"https:\/\/grotta.is\/almennt\/andlat-asmundur-einarsson\/#primaryimage","url":"https:\/\/grotta.is\/wp-content\/uploads\/2022\/08\/Asmundur-minning.jpg","contentUrl":"https:\/\/grotta.is\/wp-content\/uploads\/2022\/08\/Asmundur-minning.jpg","width":1072,"height":856},{"@type":"BreadcrumbList","@id":"https:\/\/grotta.is\/almennt\/andlat-asmundur-einarsson\/#breadcrumb","itemListElement":[{"@type":"ListItem","position":1,"name":"Home","item":"https:\/\/grotta.is\/"},{"@type":"ListItem","position":2,"name":"Andl\u00e1t &#8211; \u00c1smundur Einarsson"}]},{"@type":"WebSite","@id":"https:\/\/grotta.is\/#website","url":"https:\/\/grotta.is\/","name":"\u00cd\u00fer\u00f3ttaf\u00e9lagi\u00f0 Gr\u00f3tta","description":"\u00e1 Seltjarnarnesi","publisher":{"@id":"https:\/\/grotta.is\/#organization"},"potentialAction":[{"@type":"SearchAction","target":{"@type":"EntryPoint","urlTemplate":"https:\/\/grotta.is\/?s={search_term_string}"},"query-input":{"@type":"PropertyValueSpecification","valueRequired":true,"valueName":"search_term_string"}}],"inLanguage":"en-US"},{"@type":"Organization","@id":"https:\/\/grotta.is\/#organization","name":"\u00cd\u00fer\u00f3ttaf\u00e9lagi\u00f0 Gr\u00f3tta","url":"https:\/\/grotta.is\/","logo":{"@type":"ImageObject","inLanguage":"en-US","@id":"https:\/\/grotta.is\/#\/schema\/logo\/image\/","url":"https:\/\/grotta.is\/wp-content\/uploads\/2020\/02\/ithrottafelagidgrotta_logo_512x512_transparent.png","contentUrl":"https:\/\/grotta.is\/wp-content\/uploads\/2020\/02\/ithrottafelagidgrotta_logo_512x512_transparent.png","width":512,"height":512,"caption":"\u00cd\u00fer\u00f3ttaf\u00e9lagi\u00f0 Gr\u00f3tta"},"image":{"@id":"https:\/\/grotta.is\/#\/schema\/logo\/image\/"},"sameAs":["https:\/\/www.facebook.com\/grottasport"]},{"@type":"Person","@id":"https:\/\/grotta.is\/#\/schema\/person\/08ec57bf09ee925f1b6a01540c14a5ce","name":"Grotta","url":"https:\/\/grotta.is\/en\/author\/inga\/"}]}},"_links":{"self":[{"href":"https:\/\/grotta.is\/en\/wp-json\/wp\/v2\/posts\/387981","targetHints":{"allow":["GET"]}}],"collection":[{"href":"https:\/\/grotta.is\/en\/wp-json\/wp\/v2\/posts"}],"about":[{"href":"https:\/\/grotta.is\/en\/wp-json\/wp\/v2\/types\/post"}],"author":[{"embeddable":true,"href":"https:\/\/grotta.is\/en\/wp-json\/wp\/v2\/users\/2"}],"replies":[{"embeddable":true,"href":"https:\/\/grotta.is\/en\/wp-json\/wp\/v2\/comments?post=387981"}],"version-history":[{"count":1,"href":"https:\/\/grotta.is\/en\/wp-json\/wp\/v2\/posts\/387981\/revisions"}],"predecessor-version":[{"id":388003,"href":"https:\/\/grotta.is\/en\/wp-json\/wp\/v2\/posts\/387981\/revisions\/388003"}],"wp:featuredmedia":[{"embeddable":true,"href":"https:\/\/grotta.is\/en\/wp-json\/wp\/v2\/media\/387979"}],"wp:attachment":[{"href":"https:\/\/grotta.is\/en\/wp-json\/wp\/v2\/media?parent=387981"}],"wp:term":[{"taxonomy":"category","embeddable":true,"href":"https:\/\/grotta.is\/en\/wp-json\/wp\/v2\/categories?post=387981"},{"taxonomy":"post_tag","embeddable":true,"href":"https:\/\/grotta.is\/en\/wp-json\/wp\/v2\/tags?post=387981"}],"curies":[{"name":"wp","href":"https:\/\/api.w.org\/{rel}","templated":true}]}}