{"id":386846,"date":"2022-07-27T13:00:58","date_gmt":"2022-07-27T13:00:58","guid":{"rendered":"https:\/\/grotta.is\/?p=386846"},"modified":"2022-07-27T13:01:01","modified_gmt":"2022-07-27T13:01:01","slug":"handboltaskoli-grottu-i-agust-2","status":"publish","type":"post","link":"https:\/\/grotta.is\/en\/handknattleiksdeild\/handboltaskoli-grottu-i-agust-2\/","title":{"rendered":"Handboltask\u00f3li Gr\u00f3ttu \u00ed \u00e1g\u00fast"},"content":{"rendered":"<p>L\u00edkt og undanfarin \u00e1r ver\u00f0ur handboltask\u00f3li Gr\u00f3ttu \u00e1 s\u00ednum sta\u00f0. Sk\u00f3linn er haldinn dagana 2. &#8211; 19.\u00e1g\u00fast en h\u00e6gt er a\u00f0 skr\u00e1 sig \u00e1 einstakar vikur. Sk\u00f3linn er kl. 09:00-12:00 en bo\u00f0i\u00f0 er upp \u00e1 \u00f3keypis g\u00e6slu fr\u00e1 kl. 08:00 og til kl. 13:00.<\/p><p>Handboltask\u00f3linn er fyrir krakka f. 2016 &#8211; 2011 og ver\u00f0ur vel teki\u00f0 \u00e1 m\u00f3ti \u00f6llum byrjendum. \u00de\u00e1tttakendum ver\u00f0ur skipt upp eftir aldri.<\/p><p>Undanfarin \u00e1r hefur Handboltask\u00f3linn veri\u00f0 vel s\u00f3ttir enda markar hann upphaf handboltat\u00edmabilsins. Sk\u00f3lastj\u00f3ri sk\u00f3lans er Maksim Akbachev yfir\u00fej\u00e1lfari en auk hans mun Andri Sigf\u00fasson, Birgir Steinn J\u00f3nsson, Hrafnhildur Hekla Gr\u00edmsd\u00f3ttir, Edda Steingr\u00edmsd\u00f3ttir, Patrekur P\u00e9tursson Sanko koma a\u00f0 \u00fej\u00e1lfuninni auk annarra g\u00f3\u00f0ra \u00fej\u00e1lfara hj\u00e1 deildinni.<\/p><p>Ver\u00f0:<\/p><p>Vika 1 (2. &#8211; 5.\u00e1g\u00fast) &#8211; 5500 kr<br>Vika 2 (8. &#8211; 12.\u00e1g\u00fast) &#8211; 7000 kr<br>Vika 3 (15 &#8211; 19.\u00e1g\u00fast) &#8211; 7000 kr<\/p><p>Allar vikurnar (2. &#8211; 19.\u00e1g\u00fast) &#8211; 18.000 kr<\/p><p>Skr\u00e1ning \u00ed Handboltask\u00f3la Gr\u00f3ttu fer fram h\u00e9rna:<\/p><p><a href=\"http:\/\/www.sportabler.com\/shop\/grotta\/handbolti?fbclid=IwAR0WU6WxSV_VhRKJlajYp-Dh86-zour15kl93yvcJ71melMrttKrzxEnuSs\" rel=\"noreferrer noopener\" target=\"_blank\">www.sportabler.com\/shop\/grotta\/handbolti<\/a><\/p>","protected":false},"excerpt":{"rendered":"<p>L\u00edkt og undanfarin \u00e1r ver\u00f0ur handboltask\u00f3li Gr\u00f3ttu \u00e1 s\u00ednum sta\u00f0. Sk\u00f3linn er haldinn dagana 2. &#8211; 19.\u00e1g\u00fast en h\u00e6gt er a\u00f0 skr\u00e1 sig \u00e1 einstakar vikur. Sk\u00f3linn er kl. 09:00-12:00 [&hellip;]<\/p>","protected":false},"author":10,"featured_media":386847,"comment_status":"closed","ping_status":"closed","sticky":false,"template":"","format":"standard","meta":{"footnotes":""},"categories":[12],"tags":[106,13,15],"class_list":["post-386846","post","type-post","status-publish","format-standard","has-post-thumbnail","hentry","category-handknattleiksdeild","tag-handboltaskoli","tag-handbolti","tag-yngri-flokkar"],"yoast_head":"<!-- This site is optimized with the Yoast SEO plugin v24.3 - https:\/\/yoast.com\/wordpress\/plugins\/seo\/ -->\n<title>Handboltask\u00f3li Gr\u00f3ttu \u00ed \u00e1g\u00fast - \u00cd\u00fer\u00f3ttaf\u00e9lagi\u00f0 Gr\u00f3tta<\/title>\n<meta name=\"robots\" content=\"index, follow, max-snippet:-1, max-image-preview:large, max-video-preview:-1\" \/>\n<link rel=\"canonical\" href=\"https:\/\/grotta.is\/en\/handknattleiksdeild\/handboltaskoli-grottu-i-agust-2\/\" \/>\n<meta property=\"og:locale\" content=\"en_US\" \/>\n<meta property=\"og:type\" content=\"article\" \/>\n<meta property=\"og:title\" content=\"Handboltask\u00f3li Gr\u00f3ttu \u00ed \u00e1g\u00fast - \u00cd\u00fer\u00f3ttaf\u00e9lagi\u00f0 Gr\u00f3tta\" \/>\n<meta property=\"og:description\" content=\"L\u00edkt og undanfarin \u00e1r ver\u00f0ur handboltask\u00f3li Gr\u00f3ttu \u00e1 s\u00ednum sta\u00f0. Sk\u00f3linn er haldinn dagana 2. &#8211; 19.\u00e1g\u00fast en h\u00e6gt er a\u00f0 skr\u00e1 sig \u00e1 einstakar vikur. Sk\u00f3linn er kl. 09:00-12:00 [&hellip;]\" \/>\n<meta property=\"og:url\" content=\"https:\/\/grotta.is\/en\/handknattleiksdeild\/handboltaskoli-grottu-i-agust-2\/\" \/>\n<meta property=\"og:site_name\" content=\"\u00cd\u00fer\u00f3ttaf\u00e9lagi\u00f0 Gr\u00f3tta\" \/>\n<meta property=\"article:publisher\" content=\"https:\/\/www.facebook.com\/grottasport\" \/>\n<meta property=\"article:published_time\" content=\"2022-07-27T13:00:58+00:00\" \/>\n<meta property=\"article:modified_time\" content=\"2022-07-27T13:01:01+00:00\" \/>\n<meta property=\"og:image\" content=\"https:\/\/grotta.is\/wp-content\/uploads\/2022\/07\/NY-Handboltaskoli-Grottu-2022-1024x724.jpg\" \/>\n\t<meta property=\"og:image:width\" content=\"1024\" \/>\n\t<meta property=\"og:image:height\" content=\"724\" \/>\n\t<meta property=\"og:image:type\" content=\"image\/jpeg\" \/>\n<meta name=\"author\" content=\"Andri Sigf\u00fasson\" \/>\n<meta name=\"twitter:card\" content=\"summary_large_image\" \/>\n<meta name=\"twitter:label1\" content=\"Written by\" \/>\n\t<meta name=\"twitter:data1\" content=\"Andri Sigf\u00fasson\" \/>\n\t<meta name=\"twitter:label2\" content=\"Est. reading time\" \/>\n\t<meta name=\"twitter:data2\" content=\"1 minute\" \/>\n<script type=\"application\/ld+json\" class=\"yoast-schema-graph\">{\"@context\":\"https:\/\/schema.org\",\"@graph\":[{\"@type\":\"Article\",\"@id\":\"https:\/\/grotta.is\/handknattleiksdeild\/handboltaskoli-grottu-i-agust-2\/#article\",\"isPartOf\":{\"@id\":\"https:\/\/grotta.is\/handknattleiksdeild\/handboltaskoli-grottu-i-agust-2\/\"},\"author\":{\"name\":\"Andri Sigf\u00fasson\",\"@id\":\"https:\/\/grotta.is\/#\/schema\/person\/b21e9d5dfd92c90211e343e8d7252b1c\"},\"headline\":\"Handboltask\u00f3li Gr\u00f3ttu \u00ed \u00e1g\u00fast\",\"datePublished\":\"2022-07-27T13:00:58+00:00\",\"dateModified\":\"2022-07-27T13:01:01+00:00\",\"mainEntityOfPage\":{\"@id\":\"https:\/\/grotta.is\/handknattleiksdeild\/handboltaskoli-grottu-i-agust-2\/\"},\"wordCount\":180,\"publisher\":{\"@id\":\"https:\/\/grotta.is\/#organization\"},\"image\":{\"@id\":\"https:\/\/grotta.is\/handknattleiksdeild\/handboltaskoli-grottu-i-agust-2\/#primaryimage\"},\"thumbnailUrl\":\"https:\/\/grotta.is\/wp-content\/uploads\/2022\/07\/NY-Handboltaskoli-Grottu-2022.jpg\",\"keywords\":[\"handboltask\u00f3li\",\"Handbolti\",\"Yngri flokkar\"],\"articleSection\":[\"Handknattleiksdeild\"],\"inLanguage\":\"en-US\"},{\"@type\":\"WebPage\",\"@id\":\"https:\/\/grotta.is\/handknattleiksdeild\/handboltaskoli-grottu-i-agust-2\/\",\"url\":\"https:\/\/grotta.is\/handknattleiksdeild\/handboltaskoli-grottu-i-agust-2\/\",\"name\":\"Handboltask\u00f3li Gr\u00f3ttu \u00ed \u00e1g\u00fast - \u00cd\u00fer\u00f3ttaf\u00e9lagi\u00f0 Gr\u00f3tta\",\"isPartOf\":{\"@id\":\"https:\/\/grotta.is\/#website\"},\"primaryImageOfPage\":{\"@id\":\"https:\/\/grotta.is\/handknattleiksdeild\/handboltaskoli-grottu-i-agust-2\/#primaryimage\"},\"image\":{\"@id\":\"https:\/\/grotta.is\/handknattleiksdeild\/handboltaskoli-grottu-i-agust-2\/#primaryimage\"},\"thumbnailUrl\":\"https:\/\/grotta.is\/wp-content\/uploads\/2022\/07\/NY-Handboltaskoli-Grottu-2022.jpg\",\"datePublished\":\"2022-07-27T13:00:58+00:00\",\"dateModified\":\"2022-07-27T13:01:01+00:00\",\"breadcrumb\":{\"@id\":\"https:\/\/grotta.is\/handknattleiksdeild\/handboltaskoli-grottu-i-agust-2\/#breadcrumb\"},\"inLanguage\":\"en-US\",\"potentialAction\":[{\"@type\":\"ReadAction\",\"target\":[\"https:\/\/grotta.is\/handknattleiksdeild\/handboltaskoli-grottu-i-agust-2\/\"]}]},{\"@type\":\"ImageObject\",\"inLanguage\":\"en-US\",\"@id\":\"https:\/\/grotta.is\/handknattleiksdeild\/handboltaskoli-grottu-i-agust-2\/#primaryimage\",\"url\":\"https:\/\/grotta.is\/wp-content\/uploads\/2022\/07\/NY-Handboltaskoli-Grottu-2022.jpg\",\"contentUrl\":\"https:\/\/grotta.is\/wp-content\/uploads\/2022\/07\/NY-Handboltaskoli-Grottu-2022.jpg\",\"width\":2970,\"height\":2100},{\"@type\":\"BreadcrumbList\",\"@id\":\"https:\/\/grotta.is\/handknattleiksdeild\/handboltaskoli-grottu-i-agust-2\/#breadcrumb\",\"itemListElement\":[{\"@type\":\"ListItem\",\"position\":1,\"name\":\"Home\",\"item\":\"https:\/\/grotta.is\/\"},{\"@type\":\"ListItem\",\"position\":2,\"name\":\"Handboltask\u00f3li Gr\u00f3ttu \u00ed \u00e1g\u00fast\"}]},{\"@type\":\"WebSite\",\"@id\":\"https:\/\/grotta.is\/#website\",\"url\":\"https:\/\/grotta.is\/\",\"name\":\"\u00cd\u00fer\u00f3ttaf\u00e9lagi\u00f0 Gr\u00f3tta\",\"description\":\"\u00e1 Seltjarnarnesi\",\"publisher\":{\"@id\":\"https:\/\/grotta.is\/#organization\"},\"potentialAction\":[{\"@type\":\"SearchAction\",\"target\":{\"@type\":\"EntryPoint\",\"urlTemplate\":\"https:\/\/grotta.is\/?s={search_term_string}\"},\"query-input\":{\"@type\":\"PropertyValueSpecification\",\"valueRequired\":true,\"valueName\":\"search_term_string\"}}],\"inLanguage\":\"en-US\"},{\"@type\":\"Organization\",\"@id\":\"https:\/\/grotta.is\/#organization\",\"name\":\"\u00cd\u00fer\u00f3ttaf\u00e9lagi\u00f0 Gr\u00f3tta\",\"url\":\"https:\/\/grotta.is\/\",\"logo\":{\"@type\":\"ImageObject\",\"inLanguage\":\"en-US\",\"@id\":\"https:\/\/grotta.is\/#\/schema\/logo\/image\/\",\"url\":\"https:\/\/grotta.is\/wp-content\/uploads\/2020\/02\/ithrottafelagidgrotta_logo_512x512_transparent.png\",\"contentUrl\":\"https:\/\/grotta.is\/wp-content\/uploads\/2020\/02\/ithrottafelagidgrotta_logo_512x512_transparent.png\",\"width\":512,\"height\":512,\"caption\":\"\u00cd\u00fer\u00f3ttaf\u00e9lagi\u00f0 Gr\u00f3tta\"},\"image\":{\"@id\":\"https:\/\/grotta.is\/#\/schema\/logo\/image\/\"},\"sameAs\":[\"https:\/\/www.facebook.com\/grottasport\"]},{\"@type\":\"Person\",\"@id\":\"https:\/\/grotta.is\/#\/schema\/person\/b21e9d5dfd92c90211e343e8d7252b1c\",\"name\":\"Andri Sigf\u00fasson\",\"url\":\"https:\/\/grotta.is\/en\/author\/andri\/\"}]}<\/script>\n<!-- \/ Yoast SEO plugin. -->","yoast_head_json":{"title":"Handboltask\u00f3li Gr\u00f3ttu \u00ed \u00e1g\u00fast - \u00cd\u00fer\u00f3ttaf\u00e9lagi\u00f0 Gr\u00f3tta","robots":{"index":"index","follow":"follow","max-snippet":"max-snippet:-1","max-image-preview":"max-image-preview:large","max-video-preview":"max-video-preview:-1"},"canonical":"https:\/\/grotta.is\/en\/handknattleiksdeild\/handboltaskoli-grottu-i-agust-2\/","og_locale":"en_US","og_type":"article","og_title":"Handboltask\u00f3li Gr\u00f3ttu \u00ed \u00e1g\u00fast - \u00cd\u00fer\u00f3ttaf\u00e9lagi\u00f0 Gr\u00f3tta","og_description":"L\u00edkt og undanfarin \u00e1r ver\u00f0ur handboltask\u00f3li Gr\u00f3ttu \u00e1 s\u00ednum sta\u00f0. Sk\u00f3linn er haldinn dagana 2. &#8211; 19.\u00e1g\u00fast en h\u00e6gt er a\u00f0 skr\u00e1 sig \u00e1 einstakar vikur. Sk\u00f3linn er kl. 09:00-12:00 [&hellip;]","og_url":"https:\/\/grotta.is\/en\/handknattleiksdeild\/handboltaskoli-grottu-i-agust-2\/","og_site_name":"\u00cd\u00fer\u00f3ttaf\u00e9lagi\u00f0 Gr\u00f3tta","article_publisher":"https:\/\/www.facebook.com\/grottasport","article_published_time":"2022-07-27T13:00:58+00:00","article_modified_time":"2022-07-27T13:01:01+00:00","og_image":[{"width":1024,"height":724,"url":"https:\/\/grotta.is\/wp-content\/uploads\/2022\/07\/NY-Handboltaskoli-Grottu-2022-1024x724.jpg","type":"image\/jpeg"}],"author":"Andri Sigf\u00fasson","twitter_card":"summary_large_image","twitter_misc":{"Written by":"Andri Sigf\u00fasson","Est. reading time":"1 minute"},"schema":{"@context":"https:\/\/schema.org","@graph":[{"@type":"Article","@id":"https:\/\/grotta.is\/handknattleiksdeild\/handboltaskoli-grottu-i-agust-2\/#article","isPartOf":{"@id":"https:\/\/grotta.is\/handknattleiksdeild\/handboltaskoli-grottu-i-agust-2\/"},"author":{"name":"Andri Sigf\u00fasson","@id":"https:\/\/grotta.is\/#\/schema\/person\/b21e9d5dfd92c90211e343e8d7252b1c"},"headline":"Handboltask\u00f3li Gr\u00f3ttu \u00ed \u00e1g\u00fast","datePublished":"2022-07-27T13:00:58+00:00","dateModified":"2022-07-27T13:01:01+00:00","mainEntityOfPage":{"@id":"https:\/\/grotta.is\/handknattleiksdeild\/handboltaskoli-grottu-i-agust-2\/"},"wordCount":180,"publisher":{"@id":"https:\/\/grotta.is\/#organization"},"image":{"@id":"https:\/\/grotta.is\/handknattleiksdeild\/handboltaskoli-grottu-i-agust-2\/#primaryimage"},"thumbnailUrl":"https:\/\/grotta.is\/wp-content\/uploads\/2022\/07\/NY-Handboltaskoli-Grottu-2022.jpg","keywords":["handboltask\u00f3li","Handbolti","Yngri flokkar"],"articleSection":["Handknattleiksdeild"],"inLanguage":"en-US"},{"@type":"WebPage","@id":"https:\/\/grotta.is\/handknattleiksdeild\/handboltaskoli-grottu-i-agust-2\/","url":"https:\/\/grotta.is\/handknattleiksdeild\/handboltaskoli-grottu-i-agust-2\/","name":"Handboltask\u00f3li Gr\u00f3ttu \u00ed \u00e1g\u00fast - \u00cd\u00fer\u00f3ttaf\u00e9lagi\u00f0 Gr\u00f3tta","isPartOf":{"@id":"https:\/\/grotta.is\/#website"},"primaryImageOfPage":{"@id":"https:\/\/grotta.is\/handknattleiksdeild\/handboltaskoli-grottu-i-agust-2\/#primaryimage"},"image":{"@id":"https:\/\/grotta.is\/handknattleiksdeild\/handboltaskoli-grottu-i-agust-2\/#primaryimage"},"thumbnailUrl":"https:\/\/grotta.is\/wp-content\/uploads\/2022\/07\/NY-Handboltaskoli-Grottu-2022.jpg","datePublished":"2022-07-27T13:00:58+00:00","dateModified":"2022-07-27T13:01:01+00:00","breadcrumb":{"@id":"https:\/\/grotta.is\/handknattleiksdeild\/handboltaskoli-grottu-i-agust-2\/#breadcrumb"},"inLanguage":"en-US","potentialAction":[{"@type":"ReadAction","target":["https:\/\/grotta.is\/handknattleiksdeild\/handboltaskoli-grottu-i-agust-2\/"]}]},{"@type":"ImageObject","inLanguage":"en-US","@id":"https:\/\/grotta.is\/handknattleiksdeild\/handboltaskoli-grottu-i-agust-2\/#primaryimage","url":"https:\/\/grotta.is\/wp-content\/uploads\/2022\/07\/NY-Handboltaskoli-Grottu-2022.jpg","contentUrl":"https:\/\/grotta.is\/wp-content\/uploads\/2022\/07\/NY-Handboltaskoli-Grottu-2022.jpg","width":2970,"height":2100},{"@type":"BreadcrumbList","@id":"https:\/\/grotta.is\/handknattleiksdeild\/handboltaskoli-grottu-i-agust-2\/#breadcrumb","itemListElement":[{"@type":"ListItem","position":1,"name":"Home","item":"https:\/\/grotta.is\/"},{"@type":"ListItem","position":2,"name":"Handboltask\u00f3li Gr\u00f3ttu \u00ed \u00e1g\u00fast"}]},{"@type":"WebSite","@id":"https:\/\/grotta.is\/#website","url":"https:\/\/grotta.is\/","name":"\u00cd\u00fer\u00f3ttaf\u00e9lagi\u00f0 Gr\u00f3tta","description":"\u00e1 Seltjarnarnesi","publisher":{"@id":"https:\/\/grotta.is\/#organization"},"potentialAction":[{"@type":"SearchAction","target":{"@type":"EntryPoint","urlTemplate":"https:\/\/grotta.is\/?s={search_term_string}"},"query-input":{"@type":"PropertyValueSpecification","valueRequired":true,"valueName":"search_term_string"}}],"inLanguage":"en-US"},{"@type":"Organization","@id":"https:\/\/grotta.is\/#organization","name":"\u00cd\u00fer\u00f3ttaf\u00e9lagi\u00f0 Gr\u00f3tta","url":"https:\/\/grotta.is\/","logo":{"@type":"ImageObject","inLanguage":"en-US","@id":"https:\/\/grotta.is\/#\/schema\/logo\/image\/","url":"https:\/\/grotta.is\/wp-content\/uploads\/2020\/02\/ithrottafelagidgrotta_logo_512x512_transparent.png","contentUrl":"https:\/\/grotta.is\/wp-content\/uploads\/2020\/02\/ithrottafelagidgrotta_logo_512x512_transparent.png","width":512,"height":512,"caption":"\u00cd\u00fer\u00f3ttaf\u00e9lagi\u00f0 Gr\u00f3tta"},"image":{"@id":"https:\/\/grotta.is\/#\/schema\/logo\/image\/"},"sameAs":["https:\/\/www.facebook.com\/grottasport"]},{"@type":"Person","@id":"https:\/\/grotta.is\/#\/schema\/person\/b21e9d5dfd92c90211e343e8d7252b1c","name":"Andri Sigf\u00fasson","url":"https:\/\/grotta.is\/en\/author\/andri\/"}]}},"_links":{"self":[{"href":"https:\/\/grotta.is\/en\/wp-json\/wp\/v2\/posts\/386846","targetHints":{"allow":["GET"]}}],"collection":[{"href":"https:\/\/grotta.is\/en\/wp-json\/wp\/v2\/posts"}],"about":[{"href":"https:\/\/grotta.is\/en\/wp-json\/wp\/v2\/types\/post"}],"author":[{"embeddable":true,"href":"https:\/\/grotta.is\/en\/wp-json\/wp\/v2\/users\/10"}],"replies":[{"embeddable":true,"href":"https:\/\/grotta.is\/en\/wp-json\/wp\/v2\/comments?post=386846"}],"version-history":[{"count":1,"href":"https:\/\/grotta.is\/en\/wp-json\/wp\/v2\/posts\/386846\/revisions"}],"predecessor-version":[{"id":386848,"href":"https:\/\/grotta.is\/en\/wp-json\/wp\/v2\/posts\/386846\/revisions\/386848"}],"wp:featuredmedia":[{"embeddable":true,"href":"https:\/\/grotta.is\/en\/wp-json\/wp\/v2\/media\/386847"}],"wp:attachment":[{"href":"https:\/\/grotta.is\/en\/wp-json\/wp\/v2\/media?parent=386846"}],"wp:term":[{"taxonomy":"category","embeddable":true,"href":"https:\/\/grotta.is\/en\/wp-json\/wp\/v2\/categories?post=386846"},{"taxonomy":"post_tag","embeddable":true,"href":"https:\/\/grotta.is\/en\/wp-json\/wp\/v2\/tags?post=386846"}],"curies":[{"name":"wp","href":"https:\/\/api.w.org\/{rel}","templated":true}]}}