{"id":385120,"date":"2023-07-01T17:41:00","date_gmt":"2023-07-01T17:41:00","guid":{"rendered":"https:\/\/grotta.is\/?p=385120"},"modified":"2023-07-31T13:25:36","modified_gmt":"2023-07-31T13:25:36","slug":"handbolta-og-afreksskoli-grottu-i-agust","status":"publish","type":"post","link":"https:\/\/grotta.is\/en\/handknattleiksdeild\/handbolta-og-afreksskoli-grottu-i-agust\/","title":{"rendered":"Handbolta- og afrekssk\u00f3li Gr\u00f3ttu \u00ed \u00e1g\u00fast"},"content":{"rendered":"<p><strong>Handboltask\u00f3linn:<\/strong><\/p><p>L\u00edkt og undanfarin \u00e1r ver\u00f0ur handboltask\u00f3li Gr\u00f3ttu \u00e1 s\u00ednum sta\u00f0. Sk\u00f3linn er haldinn dagana <strong>31. j\u00fal\u00ed. \u2013 18. \u00e1g\u00fast<\/strong> en h\u00e6gt er a\u00f0 skr\u00e1 sig \u00e1 einstakar vikur. Sk\u00f3linn ver\u00f0ur alla daga fr\u00e1 kl. 09:00 \u2013 12:00, en bo\u00f0i\u00f0 ver\u00f0ur upp \u00e1 g\u00e6slu fr\u00e1 kl. 08:00 og a\u00f0 sk\u00f3la loknum til kl. 13:00. Handboltask\u00f3lanum l\u00fdkur me\u00f0 grillveislu fyrir alla \u00fe\u00e1tttakendur f\u00f6studaginn 18. \u00e1g\u00fast.<\/p><p>Handboltask\u00f3linn er fyrir krakka f. 2012 &#8211; 2017 og ver\u00f0ur vel teki\u00f0 \u00e1 m\u00f3ti \u00f6llum byrjendum. \u00de\u00e1tttakendum ver\u00f0ur skipt upp eftir aldri.<\/p><p>Vanda\u00f0 ver\u00f0ur til verka vi\u00f0 val \u00e1 \u00fej\u00e1lfurum og lei\u00f0beinendum vi\u00f0 sk\u00f3lann, l\u00edkt og undanfarin \u00e1r. Me\u00f0al \u00feeirra sem koma a\u00f0 \u00fej\u00e1lfuninni eru leikmenn og \u00fej\u00e1lfarar handknattleiksdeildar. Byrjendur eru s\u00e9rstaklega velkomnir \u00e1 \u00feessi n\u00e1mskei\u00f0. <\/p><p><strong>Ver\u00f0:<\/strong><\/p><ul class=\"wp-block-list\"><li>Vika 1 \u2013 kr. 8.000 kr (31 j\u00fal\u00ed. \u2013 4. \u00e1g\u00fast)<\/li>\n\n<li>Vika 2 \u2013 kr. 6.500 kr (8. \u2013 11. \u00e1g\u00fast)<\/li>\n\n<li>Vika 3 \u2013 kr. 8.000 kr (14. \u2013 18. \u00e1g\u00fast)<\/li>\n\n<li>Ef allar vikur eru teknar kostar \u00fea\u00f0 20.000 kr.<\/li><\/ul><hr class=\"wp-block-separator has-alpha-channel-opacity is-style-wide\"\/><div style=\"height:22px\" aria-hidden=\"true\" class=\"wp-block-spacer\"><\/div><p><strong>Afrekssk\u00f3linn:<\/strong><\/p><p>Handknattleiksdeild Gr\u00f3ttu ver\u00f0ur einnig me\u00f0 s\u00e9rstakan afrekssk\u00f3la en hann er starfr\u00e6ktur fr\u00e1, 31. j\u00fal\u00ed &#8211; 18. \u00e1g\u00fast fyrir i\u00f0kendur sem ver\u00f0a \u00ed 5. og 4.flokki n\u00e6sta vetur (f. 2008-2011).<\/p><p>\u00c6fingar fara fram \u00e1 m\u00e1nud\u00f6gum, \u00feri\u00f0jud\u00f6gum, mi\u00f0vikud\u00f6gum og fimmtud\u00f6gum kl. 12:30- 14:00. \u00cd afrekssk\u00f3lanum ver\u00f0ur a\u00f0 miklu leyti fari\u00f0 \u00ed fl\u00f3knari t\u00e6kniatri\u00f0i en \u00ed handboltask\u00f3lanum og meiri afrekshugsun \u00ed fyrirr\u00fami.<\/p><p><strong>Ver\u00f0 og t\u00edmasetning:<\/strong><\/p><ul class=\"wp-block-list\"><li><strong>Vika 1 \u2013 kr. 6.000 (31 j\u00fal\u00ed. \u2013 4. \u00e1g\u00fast)<\/strong><\/li>\n\n<li><strong>Vika 2 \u2013 kr. 6.000 (7. \u2013 11. \u00e1g\u00fast)<\/strong><\/li>\n\n<li><strong>Vika 3 \u2013 kr. 6.000 (14. \u2013 18. \u00e1g\u00fast)<\/strong><\/li>\n\n<li>Ef allar vikurnar eru teknar \u00fe\u00e1 kostar \u00fea\u00f0 14.000 kr<\/li><\/ul><p>Afrekssk\u00f3lanum l\u00fdkur me\u00f0 grillveislu fyrir alla \u00fe\u00e1tttakendur f\u00f6studaginn 18<\/p><h4 class=\"wp-block-heading\">Skr\u00e1ning \u00ed handboltask\u00f3la Gr\u00f3ttu fer fram \u00ed gegnum Sportabler <a href=\"https:\/\/www.sportabler.com\/shop\/grotta\/handbolti\" target=\"_blank\" rel=\"noreferrer noopener\">sportabler.com\/shop\/grotta\/handbolti<\/a><\/h4>","protected":false},"excerpt":{"rendered":"<p>L\u00edkt og undanfarin \u00e1r ver\u00f0ur handboltask\u00f3li Gr\u00f3ttu \u00e1 s\u00ednum sta\u00f0. Sk\u00f3linn er haldinn dagana 31. j\u00fal\u00ed. \u2013 18. \u00e1g\u00fast en h\u00e6gt er a\u00f0 skr\u00e1 sig \u00e1 einstakar vikur. Handboltask\u00f3linn er fyrir krakka f. 2012 &#8211; 2017 og ver\u00f0ur vel teki\u00f0 \u00e1 m\u00f3ti \u00f6llum byrjendum. <\/p>","protected":false},"author":10,"featured_media":186724,"comment_status":"closed","ping_status":"closed","sticky":false,"template":"","format":"standard","meta":{"footnotes":""},"categories":[12],"tags":[13],"class_list":["post-385120","post","type-post","status-publish","format-standard","has-post-thumbnail","hentry","category-handknattleiksdeild","tag-handbolti"],"yoast_head":"<!-- This site is optimized with the Yoast SEO plugin v24.3 - https:\/\/yoast.com\/wordpress\/plugins\/seo\/ -->\n<title>Handbolta- og afrekssk\u00f3li Gr\u00f3ttu \u00ed \u00e1g\u00fast - \u00cd\u00fer\u00f3ttaf\u00e9lagi\u00f0 Gr\u00f3tta<\/title>\n<meta name=\"robots\" content=\"index, follow, max-snippet:-1, max-image-preview:large, max-video-preview:-1\" \/>\n<link rel=\"canonical\" href=\"https:\/\/grotta.is\/en\/handknattleiksdeild\/handbolta-og-afreksskoli-grottu-i-agust\/\" \/>\n<meta property=\"og:locale\" content=\"en_US\" \/>\n<meta property=\"og:type\" content=\"article\" \/>\n<meta property=\"og:title\" content=\"Handbolta- og afrekssk\u00f3li Gr\u00f3ttu \u00ed \u00e1g\u00fast - \u00cd\u00fer\u00f3ttaf\u00e9lagi\u00f0 Gr\u00f3tta\" \/>\n<meta property=\"og:description\" content=\"L\u00edkt og undanfarin \u00e1r ver\u00f0ur handboltask\u00f3li Gr\u00f3ttu \u00e1 s\u00ednum sta\u00f0. Sk\u00f3linn er haldinn dagana 31. j\u00fal\u00ed. \u2013 18. \u00e1g\u00fast en h\u00e6gt er a\u00f0 skr\u00e1 sig \u00e1 einstakar vikur. Handboltask\u00f3linn er fyrir krakka f. 2012 - 2017 og ver\u00f0ur vel teki\u00f0 \u00e1 m\u00f3ti \u00f6llum byrjendum.\" \/>\n<meta property=\"og:url\" content=\"https:\/\/grotta.is\/en\/handknattleiksdeild\/handbolta-og-afreksskoli-grottu-i-agust\/\" \/>\n<meta property=\"og:site_name\" content=\"\u00cd\u00fer\u00f3ttaf\u00e9lagi\u00f0 Gr\u00f3tta\" \/>\n<meta property=\"article:publisher\" content=\"https:\/\/www.facebook.com\/grottasport\" \/>\n<meta property=\"article:published_time\" content=\"2023-07-01T17:41:00+00:00\" \/>\n<meta property=\"article:modified_time\" content=\"2023-07-31T13:25:36+00:00\" \/>\n<meta property=\"og:image\" content=\"https:\/\/grotta.is\/wp-content\/uploads\/2020\/11\/ithrottafelagid_grotta_frettir.012.jpg\" \/>\n\t<meta property=\"og:image:width\" content=\"2048\" \/>\n\t<meta property=\"og:image:height\" content=\"1366\" \/>\n\t<meta property=\"og:image:type\" content=\"image\/jpeg\" \/>\n<meta name=\"author\" content=\"Andri Sigf\u00fasson\" \/>\n<meta name=\"twitter:card\" content=\"summary_large_image\" \/>\n<meta name=\"twitter:label1\" content=\"Written by\" \/>\n\t<meta name=\"twitter:data1\" content=\"Andri Sigf\u00fasson\" \/>\n\t<meta name=\"twitter:label2\" content=\"Est. reading time\" \/>\n\t<meta name=\"twitter:data2\" content=\"2 minutes\" \/>\n<script type=\"application\/ld+json\" class=\"yoast-schema-graph\">{\"@context\":\"https:\/\/schema.org\",\"@graph\":[{\"@type\":\"Article\",\"@id\":\"https:\/\/grotta.is\/handknattleiksdeild\/handbolta-og-afreksskoli-grottu-i-agust\/#article\",\"isPartOf\":{\"@id\":\"https:\/\/grotta.is\/handknattleiksdeild\/handbolta-og-afreksskoli-grottu-i-agust\/\"},\"author\":{\"name\":\"Andri Sigf\u00fasson\",\"@id\":\"https:\/\/grotta.is\/#\/schema\/person\/b21e9d5dfd92c90211e343e8d7252b1c\"},\"headline\":\"Handbolta- og afrekssk\u00f3li Gr\u00f3ttu \u00ed \u00e1g\u00fast\",\"datePublished\":\"2023-07-01T17:41:00+00:00\",\"dateModified\":\"2023-07-31T13:25:36+00:00\",\"mainEntityOfPage\":{\"@id\":\"https:\/\/grotta.is\/handknattleiksdeild\/handbolta-og-afreksskoli-grottu-i-agust\/\"},\"wordCount\":298,\"publisher\":{\"@id\":\"https:\/\/grotta.is\/#organization\"},\"image\":{\"@id\":\"https:\/\/grotta.is\/handknattleiksdeild\/handbolta-og-afreksskoli-grottu-i-agust\/#primaryimage\"},\"thumbnailUrl\":\"https:\/\/grotta.is\/wp-content\/uploads\/2020\/11\/ithrottafelagid_grotta_frettir.012.jpg\",\"keywords\":[\"Handbolti\"],\"articleSection\":[\"Handknattleiksdeild\"],\"inLanguage\":\"en-US\"},{\"@type\":\"WebPage\",\"@id\":\"https:\/\/grotta.is\/handknattleiksdeild\/handbolta-og-afreksskoli-grottu-i-agust\/\",\"url\":\"https:\/\/grotta.is\/handknattleiksdeild\/handbolta-og-afreksskoli-grottu-i-agust\/\",\"name\":\"Handbolta- og afrekssk\u00f3li Gr\u00f3ttu \u00ed \u00e1g\u00fast - \u00cd\u00fer\u00f3ttaf\u00e9lagi\u00f0 Gr\u00f3tta\",\"isPartOf\":{\"@id\":\"https:\/\/grotta.is\/#website\"},\"primaryImageOfPage\":{\"@id\":\"https:\/\/grotta.is\/handknattleiksdeild\/handbolta-og-afreksskoli-grottu-i-agust\/#primaryimage\"},\"image\":{\"@id\":\"https:\/\/grotta.is\/handknattleiksdeild\/handbolta-og-afreksskoli-grottu-i-agust\/#primaryimage\"},\"thumbnailUrl\":\"https:\/\/grotta.is\/wp-content\/uploads\/2020\/11\/ithrottafelagid_grotta_frettir.012.jpg\",\"datePublished\":\"2023-07-01T17:41:00+00:00\",\"dateModified\":\"2023-07-31T13:25:36+00:00\",\"breadcrumb\":{\"@id\":\"https:\/\/grotta.is\/handknattleiksdeild\/handbolta-og-afreksskoli-grottu-i-agust\/#breadcrumb\"},\"inLanguage\":\"en-US\",\"potentialAction\":[{\"@type\":\"ReadAction\",\"target\":[\"https:\/\/grotta.is\/handknattleiksdeild\/handbolta-og-afreksskoli-grottu-i-agust\/\"]}]},{\"@type\":\"ImageObject\",\"inLanguage\":\"en-US\",\"@id\":\"https:\/\/grotta.is\/handknattleiksdeild\/handbolta-og-afreksskoli-grottu-i-agust\/#primaryimage\",\"url\":\"https:\/\/grotta.is\/wp-content\/uploads\/2020\/11\/ithrottafelagid_grotta_frettir.012.jpg\",\"contentUrl\":\"https:\/\/grotta.is\/wp-content\/uploads\/2020\/11\/ithrottafelagid_grotta_frettir.012.jpg\",\"width\":2048,\"height\":1366},{\"@type\":\"BreadcrumbList\",\"@id\":\"https:\/\/grotta.is\/handknattleiksdeild\/handbolta-og-afreksskoli-grottu-i-agust\/#breadcrumb\",\"itemListElement\":[{\"@type\":\"ListItem\",\"position\":1,\"name\":\"Home\",\"item\":\"https:\/\/grotta.is\/\"},{\"@type\":\"ListItem\",\"position\":2,\"name\":\"Handbolta- og afrekssk\u00f3li Gr\u00f3ttu \u00ed \u00e1g\u00fast\"}]},{\"@type\":\"WebSite\",\"@id\":\"https:\/\/grotta.is\/#website\",\"url\":\"https:\/\/grotta.is\/\",\"name\":\"\u00cd\u00fer\u00f3ttaf\u00e9lagi\u00f0 Gr\u00f3tta\",\"description\":\"\u00e1 Seltjarnarnesi\",\"publisher\":{\"@id\":\"https:\/\/grotta.is\/#organization\"},\"potentialAction\":[{\"@type\":\"SearchAction\",\"target\":{\"@type\":\"EntryPoint\",\"urlTemplate\":\"https:\/\/grotta.is\/?s={search_term_string}\"},\"query-input\":{\"@type\":\"PropertyValueSpecification\",\"valueRequired\":true,\"valueName\":\"search_term_string\"}}],\"inLanguage\":\"en-US\"},{\"@type\":\"Organization\",\"@id\":\"https:\/\/grotta.is\/#organization\",\"name\":\"\u00cd\u00fer\u00f3ttaf\u00e9lagi\u00f0 Gr\u00f3tta\",\"url\":\"https:\/\/grotta.is\/\",\"logo\":{\"@type\":\"ImageObject\",\"inLanguage\":\"en-US\",\"@id\":\"https:\/\/grotta.is\/#\/schema\/logo\/image\/\",\"url\":\"https:\/\/grotta.is\/wp-content\/uploads\/2020\/02\/ithrottafelagidgrotta_logo_512x512_transparent.png\",\"contentUrl\":\"https:\/\/grotta.is\/wp-content\/uploads\/2020\/02\/ithrottafelagidgrotta_logo_512x512_transparent.png\",\"width\":512,\"height\":512,\"caption\":\"\u00cd\u00fer\u00f3ttaf\u00e9lagi\u00f0 Gr\u00f3tta\"},\"image\":{\"@id\":\"https:\/\/grotta.is\/#\/schema\/logo\/image\/\"},\"sameAs\":[\"https:\/\/www.facebook.com\/grottasport\"]},{\"@type\":\"Person\",\"@id\":\"https:\/\/grotta.is\/#\/schema\/person\/b21e9d5dfd92c90211e343e8d7252b1c\",\"name\":\"Andri Sigf\u00fasson\",\"url\":\"https:\/\/grotta.is\/en\/author\/andri\/\"}]}<\/script>\n<!-- \/ Yoast SEO plugin. -->","yoast_head_json":{"title":"Handbolta- og afrekssk\u00f3li Gr\u00f3ttu \u00ed \u00e1g\u00fast - \u00cd\u00fer\u00f3ttaf\u00e9lagi\u00f0 Gr\u00f3tta","robots":{"index":"index","follow":"follow","max-snippet":"max-snippet:-1","max-image-preview":"max-image-preview:large","max-video-preview":"max-video-preview:-1"},"canonical":"https:\/\/grotta.is\/en\/handknattleiksdeild\/handbolta-og-afreksskoli-grottu-i-agust\/","og_locale":"en_US","og_type":"article","og_title":"Handbolta- og afrekssk\u00f3li Gr\u00f3ttu \u00ed \u00e1g\u00fast - \u00cd\u00fer\u00f3ttaf\u00e9lagi\u00f0 Gr\u00f3tta","og_description":"L\u00edkt og undanfarin \u00e1r ver\u00f0ur handboltask\u00f3li Gr\u00f3ttu \u00e1 s\u00ednum sta\u00f0. Sk\u00f3linn er haldinn dagana 31. j\u00fal\u00ed. \u2013 18. \u00e1g\u00fast en h\u00e6gt er a\u00f0 skr\u00e1 sig \u00e1 einstakar vikur. Handboltask\u00f3linn er fyrir krakka f. 2012 - 2017 og ver\u00f0ur vel teki\u00f0 \u00e1 m\u00f3ti \u00f6llum byrjendum.","og_url":"https:\/\/grotta.is\/en\/handknattleiksdeild\/handbolta-og-afreksskoli-grottu-i-agust\/","og_site_name":"\u00cd\u00fer\u00f3ttaf\u00e9lagi\u00f0 Gr\u00f3tta","article_publisher":"https:\/\/www.facebook.com\/grottasport","article_published_time":"2023-07-01T17:41:00+00:00","article_modified_time":"2023-07-31T13:25:36+00:00","og_image":[{"width":2048,"height":1366,"url":"https:\/\/grotta.is\/wp-content\/uploads\/2020\/11\/ithrottafelagid_grotta_frettir.012.jpg","type":"image\/jpeg"}],"author":"Andri Sigf\u00fasson","twitter_card":"summary_large_image","twitter_misc":{"Written by":"Andri Sigf\u00fasson","Est. reading time":"2 minutes"},"schema":{"@context":"https:\/\/schema.org","@graph":[{"@type":"Article","@id":"https:\/\/grotta.is\/handknattleiksdeild\/handbolta-og-afreksskoli-grottu-i-agust\/#article","isPartOf":{"@id":"https:\/\/grotta.is\/handknattleiksdeild\/handbolta-og-afreksskoli-grottu-i-agust\/"},"author":{"name":"Andri Sigf\u00fasson","@id":"https:\/\/grotta.is\/#\/schema\/person\/b21e9d5dfd92c90211e343e8d7252b1c"},"headline":"Handbolta- og afrekssk\u00f3li Gr\u00f3ttu \u00ed \u00e1g\u00fast","datePublished":"2023-07-01T17:41:00+00:00","dateModified":"2023-07-31T13:25:36+00:00","mainEntityOfPage":{"@id":"https:\/\/grotta.is\/handknattleiksdeild\/handbolta-og-afreksskoli-grottu-i-agust\/"},"wordCount":298,"publisher":{"@id":"https:\/\/grotta.is\/#organization"},"image":{"@id":"https:\/\/grotta.is\/handknattleiksdeild\/handbolta-og-afreksskoli-grottu-i-agust\/#primaryimage"},"thumbnailUrl":"https:\/\/grotta.is\/wp-content\/uploads\/2020\/11\/ithrottafelagid_grotta_frettir.012.jpg","keywords":["Handbolti"],"articleSection":["Handknattleiksdeild"],"inLanguage":"en-US"},{"@type":"WebPage","@id":"https:\/\/grotta.is\/handknattleiksdeild\/handbolta-og-afreksskoli-grottu-i-agust\/","url":"https:\/\/grotta.is\/handknattleiksdeild\/handbolta-og-afreksskoli-grottu-i-agust\/","name":"Handbolta- og afrekssk\u00f3li Gr\u00f3ttu \u00ed \u00e1g\u00fast - \u00cd\u00fer\u00f3ttaf\u00e9lagi\u00f0 Gr\u00f3tta","isPartOf":{"@id":"https:\/\/grotta.is\/#website"},"primaryImageOfPage":{"@id":"https:\/\/grotta.is\/handknattleiksdeild\/handbolta-og-afreksskoli-grottu-i-agust\/#primaryimage"},"image":{"@id":"https:\/\/grotta.is\/handknattleiksdeild\/handbolta-og-afreksskoli-grottu-i-agust\/#primaryimage"},"thumbnailUrl":"https:\/\/grotta.is\/wp-content\/uploads\/2020\/11\/ithrottafelagid_grotta_frettir.012.jpg","datePublished":"2023-07-01T17:41:00+00:00","dateModified":"2023-07-31T13:25:36+00:00","breadcrumb":{"@id":"https:\/\/grotta.is\/handknattleiksdeild\/handbolta-og-afreksskoli-grottu-i-agust\/#breadcrumb"},"inLanguage":"en-US","potentialAction":[{"@type":"ReadAction","target":["https:\/\/grotta.is\/handknattleiksdeild\/handbolta-og-afreksskoli-grottu-i-agust\/"]}]},{"@type":"ImageObject","inLanguage":"en-US","@id":"https:\/\/grotta.is\/handknattleiksdeild\/handbolta-og-afreksskoli-grottu-i-agust\/#primaryimage","url":"https:\/\/grotta.is\/wp-content\/uploads\/2020\/11\/ithrottafelagid_grotta_frettir.012.jpg","contentUrl":"https:\/\/grotta.is\/wp-content\/uploads\/2020\/11\/ithrottafelagid_grotta_frettir.012.jpg","width":2048,"height":1366},{"@type":"BreadcrumbList","@id":"https:\/\/grotta.is\/handknattleiksdeild\/handbolta-og-afreksskoli-grottu-i-agust\/#breadcrumb","itemListElement":[{"@type":"ListItem","position":1,"name":"Home","item":"https:\/\/grotta.is\/"},{"@type":"ListItem","position":2,"name":"Handbolta- og afrekssk\u00f3li Gr\u00f3ttu \u00ed \u00e1g\u00fast"}]},{"@type":"WebSite","@id":"https:\/\/grotta.is\/#website","url":"https:\/\/grotta.is\/","name":"\u00cd\u00fer\u00f3ttaf\u00e9lagi\u00f0 Gr\u00f3tta","description":"\u00e1 Seltjarnarnesi","publisher":{"@id":"https:\/\/grotta.is\/#organization"},"potentialAction":[{"@type":"SearchAction","target":{"@type":"EntryPoint","urlTemplate":"https:\/\/grotta.is\/?s={search_term_string}"},"query-input":{"@type":"PropertyValueSpecification","valueRequired":true,"valueName":"search_term_string"}}],"inLanguage":"en-US"},{"@type":"Organization","@id":"https:\/\/grotta.is\/#organization","name":"\u00cd\u00fer\u00f3ttaf\u00e9lagi\u00f0 Gr\u00f3tta","url":"https:\/\/grotta.is\/","logo":{"@type":"ImageObject","inLanguage":"en-US","@id":"https:\/\/grotta.is\/#\/schema\/logo\/image\/","url":"https:\/\/grotta.is\/wp-content\/uploads\/2020\/02\/ithrottafelagidgrotta_logo_512x512_transparent.png","contentUrl":"https:\/\/grotta.is\/wp-content\/uploads\/2020\/02\/ithrottafelagidgrotta_logo_512x512_transparent.png","width":512,"height":512,"caption":"\u00cd\u00fer\u00f3ttaf\u00e9lagi\u00f0 Gr\u00f3tta"},"image":{"@id":"https:\/\/grotta.is\/#\/schema\/logo\/image\/"},"sameAs":["https:\/\/www.facebook.com\/grottasport"]},{"@type":"Person","@id":"https:\/\/grotta.is\/#\/schema\/person\/b21e9d5dfd92c90211e343e8d7252b1c","name":"Andri Sigf\u00fasson","url":"https:\/\/grotta.is\/en\/author\/andri\/"}]}},"_links":{"self":[{"href":"https:\/\/grotta.is\/en\/wp-json\/wp\/v2\/posts\/385120","targetHints":{"allow":["GET"]}}],"collection":[{"href":"https:\/\/grotta.is\/en\/wp-json\/wp\/v2\/posts"}],"about":[{"href":"https:\/\/grotta.is\/en\/wp-json\/wp\/v2\/types\/post"}],"author":[{"embeddable":true,"href":"https:\/\/grotta.is\/en\/wp-json\/wp\/v2\/users\/10"}],"replies":[{"embeddable":true,"href":"https:\/\/grotta.is\/en\/wp-json\/wp\/v2\/comments?post=385120"}],"version-history":[{"count":5,"href":"https:\/\/grotta.is\/en\/wp-json\/wp\/v2\/posts\/385120\/revisions"}],"predecessor-version":[{"id":429854,"href":"https:\/\/grotta.is\/en\/wp-json\/wp\/v2\/posts\/385120\/revisions\/429854"}],"wp:featuredmedia":[{"embeddable":true,"href":"https:\/\/grotta.is\/en\/wp-json\/wp\/v2\/media\/186724"}],"wp:attachment":[{"href":"https:\/\/grotta.is\/en\/wp-json\/wp\/v2\/media?parent=385120"}],"wp:term":[{"taxonomy":"category","embeddable":true,"href":"https:\/\/grotta.is\/en\/wp-json\/wp\/v2\/categories?post=385120"},{"taxonomy":"post_tag","embeddable":true,"href":"https:\/\/grotta.is\/en\/wp-json\/wp\/v2\/tags?post=385120"}],"curies":[{"name":"wp","href":"https:\/\/api.w.org\/{rel}","templated":true}]}}