{"id":383675,"date":"2022-06-21T11:50:41","date_gmt":"2022-06-21T11:50:41","guid":{"rendered":"https:\/\/grotta.is\/?p=383675"},"modified":"2022-06-21T11:50:44","modified_gmt":"2022-06-21T11:50:44","slug":"thora-maria-i-grottu","status":"publish","type":"post","link":"https:\/\/grotta.is\/en\/handknattleiksdeild\/thora-maria-i-grottu\/","title":{"rendered":"\u00de\u00f3ra Mar\u00eda \u00ed Gr\u00f3ttu"},"content":{"rendered":"<p>\u00de\u00f3ra Mar\u00eda Sigurj\u00f3nsd\u00f3ttir hefur skrifa\u00f0 undir tveggja \u00e1ra samning vi\u00f0 Handknattleiksdeild Gr\u00f3ttu. \u00de\u00f3ra Mar\u00eda er 21 \u00e1ra gamall leikstj\u00f3rnandi og er \u00f6flugur varnarma\u00f0ur. H\u00fan kemur fr\u00e1 HK \u00fear sem h\u00fan hefur leiki\u00f0 seinustu tv\u00f6 t\u00edmabilin. \u00c1 n\u00fdafst\u00f6\u00f0nu t\u00edmabili skora\u00f0i h\u00fan 27 m\u00f6rk me\u00f0 li\u00f0inu \u00ed Ol\u00edsdeildinni. \u00c1\u00f0ur en h\u00fan kom til HK l\u00e9k \u00de\u00f3ra Mar\u00eda me\u00f0 Aftureldingu \u00fear sem h\u00fan er uppalin. H\u00fan hefur leiki\u00f0 me\u00f0 \u00f6llum yngri landsli\u00f0um HS\u00cd.<\/p><p>\u00dea\u00f0 eru mikill fengur a\u00f0 \u00de\u00f3ra Mar\u00eda s\u00e9 komin til Gr\u00f3ttu enda fr\u00e1b\u00e6r leikma\u00f0ur sem styrkir li\u00f0i\u00f0 miki\u00f0.<\/p><p>Frekari fr\u00e9ttir af leikmannam\u00e1lum m\u00e1 v\u00e6nta n\u00e6stu daga.<\/p>","protected":false},"excerpt":{"rendered":"<p>\u00de\u00f3ra Mar\u00eda Sigurj\u00f3nsd\u00f3ttir hefur skrifa\u00f0 undir tveggja \u00e1ra samning vi\u00f0 Handknattleiksdeild Gr\u00f3ttu. \u00de\u00f3ra Mar\u00eda er 21 \u00e1ra gamall leikstj\u00f3rnandi og er \u00f6flugur varnarma\u00f0ur. H\u00fan kemur fr\u00e1 HK \u00fear sem h\u00fan [&hellip;]<\/p>","protected":false},"author":10,"featured_media":383676,"comment_status":"closed","ping_status":"closed","sticky":false,"template":"","format":"standard","meta":{"footnotes":""},"categories":[12],"tags":[13,18],"class_list":["post-383675","post","type-post","status-publish","format-standard","has-post-thumbnail","hentry","category-handknattleiksdeild","tag-handbolti","tag-mfl-kvk"],"yoast_head":"<!-- This site is optimized with the Yoast SEO plugin v24.3 - https:\/\/yoast.com\/wordpress\/plugins\/seo\/ -->\n<title>\u00de\u00f3ra Mar\u00eda \u00ed Gr\u00f3ttu - \u00cd\u00fer\u00f3ttaf\u00e9lagi\u00f0 Gr\u00f3tta<\/title>\n<meta name=\"robots\" content=\"index, follow, max-snippet:-1, max-image-preview:large, max-video-preview:-1\" \/>\n<link rel=\"canonical\" href=\"https:\/\/grotta.is\/en\/handknattleiksdeild\/thora-maria-i-grottu\/\" \/>\n<meta property=\"og:locale\" content=\"en_US\" \/>\n<meta property=\"og:type\" content=\"article\" \/>\n<meta property=\"og:title\" content=\"\u00de\u00f3ra Mar\u00eda \u00ed Gr\u00f3ttu - \u00cd\u00fer\u00f3ttaf\u00e9lagi\u00f0 Gr\u00f3tta\" \/>\n<meta property=\"og:description\" content=\"\u00de\u00f3ra Mar\u00eda Sigurj\u00f3nsd\u00f3ttir hefur skrifa\u00f0 undir tveggja \u00e1ra samning vi\u00f0 Handknattleiksdeild Gr\u00f3ttu. \u00de\u00f3ra Mar\u00eda er 21 \u00e1ra gamall leikstj\u00f3rnandi og er \u00f6flugur varnarma\u00f0ur. H\u00fan kemur fr\u00e1 HK \u00fear sem h\u00fan [&hellip;]\" \/>\n<meta property=\"og:url\" content=\"https:\/\/grotta.is\/en\/handknattleiksdeild\/thora-maria-i-grottu\/\" \/>\n<meta property=\"og:site_name\" content=\"\u00cd\u00fer\u00f3ttaf\u00e9lagi\u00f0 Gr\u00f3tta\" \/>\n<meta property=\"article:publisher\" content=\"https:\/\/www.facebook.com\/grottasport\" \/>\n<meta property=\"article:published_time\" content=\"2022-06-21T11:50:41+00:00\" \/>\n<meta property=\"article:modified_time\" content=\"2022-06-21T11:50:44+00:00\" \/>\n<meta property=\"og:image\" content=\"https:\/\/grotta.is\/wp-content\/uploads\/2022\/06\/THora-Maria.jpg\" \/>\n\t<meta property=\"og:image:width\" content=\"2048\" \/>\n\t<meta property=\"og:image:height\" content=\"1534\" \/>\n\t<meta property=\"og:image:type\" content=\"image\/jpeg\" \/>\n<meta name=\"author\" content=\"Andri Sigf\u00fasson\" \/>\n<meta name=\"twitter:card\" content=\"summary_large_image\" \/>\n<meta name=\"twitter:label1\" content=\"Written by\" \/>\n\t<meta name=\"twitter:data1\" content=\"Andri Sigf\u00fasson\" \/>\n\t<meta name=\"twitter:label2\" content=\"Est. reading time\" \/>\n\t<meta name=\"twitter:data2\" content=\"1 minute\" \/>\n<script type=\"application\/ld+json\" class=\"yoast-schema-graph\">{\"@context\":\"https:\/\/schema.org\",\"@graph\":[{\"@type\":\"Article\",\"@id\":\"https:\/\/grotta.is\/handknattleiksdeild\/thora-maria-i-grottu\/#article\",\"isPartOf\":{\"@id\":\"https:\/\/grotta.is\/handknattleiksdeild\/thora-maria-i-grottu\/\"},\"author\":{\"name\":\"Andri Sigf\u00fasson\",\"@id\":\"https:\/\/grotta.is\/#\/schema\/person\/b21e9d5dfd92c90211e343e8d7252b1c\"},\"headline\":\"\u00de\u00f3ra Mar\u00eda \u00ed Gr\u00f3ttu\",\"datePublished\":\"2022-06-21T11:50:41+00:00\",\"dateModified\":\"2022-06-21T11:50:44+00:00\",\"mainEntityOfPage\":{\"@id\":\"https:\/\/grotta.is\/handknattleiksdeild\/thora-maria-i-grottu\/\"},\"wordCount\":131,\"publisher\":{\"@id\":\"https:\/\/grotta.is\/#organization\"},\"image\":{\"@id\":\"https:\/\/grotta.is\/handknattleiksdeild\/thora-maria-i-grottu\/#primaryimage\"},\"thumbnailUrl\":\"https:\/\/grotta.is\/wp-content\/uploads\/2022\/06\/THora-Maria.jpg\",\"keywords\":[\"Handbolti\",\"Mfl.kvk\"],\"articleSection\":[\"Handknattleiksdeild\"],\"inLanguage\":\"en-US\"},{\"@type\":\"WebPage\",\"@id\":\"https:\/\/grotta.is\/handknattleiksdeild\/thora-maria-i-grottu\/\",\"url\":\"https:\/\/grotta.is\/handknattleiksdeild\/thora-maria-i-grottu\/\",\"name\":\"\u00de\u00f3ra Mar\u00eda \u00ed Gr\u00f3ttu - \u00cd\u00fer\u00f3ttaf\u00e9lagi\u00f0 Gr\u00f3tta\",\"isPartOf\":{\"@id\":\"https:\/\/grotta.is\/#website\"},\"primaryImageOfPage\":{\"@id\":\"https:\/\/grotta.is\/handknattleiksdeild\/thora-maria-i-grottu\/#primaryimage\"},\"image\":{\"@id\":\"https:\/\/grotta.is\/handknattleiksdeild\/thora-maria-i-grottu\/#primaryimage\"},\"thumbnailUrl\":\"https:\/\/grotta.is\/wp-content\/uploads\/2022\/06\/THora-Maria.jpg\",\"datePublished\":\"2022-06-21T11:50:41+00:00\",\"dateModified\":\"2022-06-21T11:50:44+00:00\",\"breadcrumb\":{\"@id\":\"https:\/\/grotta.is\/handknattleiksdeild\/thora-maria-i-grottu\/#breadcrumb\"},\"inLanguage\":\"en-US\",\"potentialAction\":[{\"@type\":\"ReadAction\",\"target\":[\"https:\/\/grotta.is\/handknattleiksdeild\/thora-maria-i-grottu\/\"]}]},{\"@type\":\"ImageObject\",\"inLanguage\":\"en-US\",\"@id\":\"https:\/\/grotta.is\/handknattleiksdeild\/thora-maria-i-grottu\/#primaryimage\",\"url\":\"https:\/\/grotta.is\/wp-content\/uploads\/2022\/06\/THora-Maria.jpg\",\"contentUrl\":\"https:\/\/grotta.is\/wp-content\/uploads\/2022\/06\/THora-Maria.jpg\",\"width\":2048,\"height\":1534},{\"@type\":\"BreadcrumbList\",\"@id\":\"https:\/\/grotta.is\/handknattleiksdeild\/thora-maria-i-grottu\/#breadcrumb\",\"itemListElement\":[{\"@type\":\"ListItem\",\"position\":1,\"name\":\"Home\",\"item\":\"https:\/\/grotta.is\/\"},{\"@type\":\"ListItem\",\"position\":2,\"name\":\"\u00de\u00f3ra Mar\u00eda \u00ed Gr\u00f3ttu\"}]},{\"@type\":\"WebSite\",\"@id\":\"https:\/\/grotta.is\/#website\",\"url\":\"https:\/\/grotta.is\/\",\"name\":\"\u00cd\u00fer\u00f3ttaf\u00e9lagi\u00f0 Gr\u00f3tta\",\"description\":\"\u00e1 Seltjarnarnesi\",\"publisher\":{\"@id\":\"https:\/\/grotta.is\/#organization\"},\"potentialAction\":[{\"@type\":\"SearchAction\",\"target\":{\"@type\":\"EntryPoint\",\"urlTemplate\":\"https:\/\/grotta.is\/?s={search_term_string}\"},\"query-input\":{\"@type\":\"PropertyValueSpecification\",\"valueRequired\":true,\"valueName\":\"search_term_string\"}}],\"inLanguage\":\"en-US\"},{\"@type\":\"Organization\",\"@id\":\"https:\/\/grotta.is\/#organization\",\"name\":\"\u00cd\u00fer\u00f3ttaf\u00e9lagi\u00f0 Gr\u00f3tta\",\"url\":\"https:\/\/grotta.is\/\",\"logo\":{\"@type\":\"ImageObject\",\"inLanguage\":\"en-US\",\"@id\":\"https:\/\/grotta.is\/#\/schema\/logo\/image\/\",\"url\":\"https:\/\/grotta.is\/wp-content\/uploads\/2020\/02\/ithrottafelagidgrotta_logo_512x512_transparent.png\",\"contentUrl\":\"https:\/\/grotta.is\/wp-content\/uploads\/2020\/02\/ithrottafelagidgrotta_logo_512x512_transparent.png\",\"width\":512,\"height\":512,\"caption\":\"\u00cd\u00fer\u00f3ttaf\u00e9lagi\u00f0 Gr\u00f3tta\"},\"image\":{\"@id\":\"https:\/\/grotta.is\/#\/schema\/logo\/image\/\"},\"sameAs\":[\"https:\/\/www.facebook.com\/grottasport\"]},{\"@type\":\"Person\",\"@id\":\"https:\/\/grotta.is\/#\/schema\/person\/b21e9d5dfd92c90211e343e8d7252b1c\",\"name\":\"Andri Sigf\u00fasson\",\"url\":\"https:\/\/grotta.is\/en\/author\/andri\/\"}]}<\/script>\n<!-- \/ Yoast SEO plugin. -->","yoast_head_json":{"title":"\u00de\u00f3ra Mar\u00eda \u00ed Gr\u00f3ttu - \u00cd\u00fer\u00f3ttaf\u00e9lagi\u00f0 Gr\u00f3tta","robots":{"index":"index","follow":"follow","max-snippet":"max-snippet:-1","max-image-preview":"max-image-preview:large","max-video-preview":"max-video-preview:-1"},"canonical":"https:\/\/grotta.is\/en\/handknattleiksdeild\/thora-maria-i-grottu\/","og_locale":"en_US","og_type":"article","og_title":"\u00de\u00f3ra Mar\u00eda \u00ed Gr\u00f3ttu - \u00cd\u00fer\u00f3ttaf\u00e9lagi\u00f0 Gr\u00f3tta","og_description":"\u00de\u00f3ra Mar\u00eda Sigurj\u00f3nsd\u00f3ttir hefur skrifa\u00f0 undir tveggja \u00e1ra samning vi\u00f0 Handknattleiksdeild Gr\u00f3ttu. \u00de\u00f3ra Mar\u00eda er 21 \u00e1ra gamall leikstj\u00f3rnandi og er \u00f6flugur varnarma\u00f0ur. H\u00fan kemur fr\u00e1 HK \u00fear sem h\u00fan [&hellip;]","og_url":"https:\/\/grotta.is\/en\/handknattleiksdeild\/thora-maria-i-grottu\/","og_site_name":"\u00cd\u00fer\u00f3ttaf\u00e9lagi\u00f0 Gr\u00f3tta","article_publisher":"https:\/\/www.facebook.com\/grottasport","article_published_time":"2022-06-21T11:50:41+00:00","article_modified_time":"2022-06-21T11:50:44+00:00","og_image":[{"width":2048,"height":1534,"url":"https:\/\/grotta.is\/wp-content\/uploads\/2022\/06\/THora-Maria.jpg","type":"image\/jpeg"}],"author":"Andri Sigf\u00fasson","twitter_card":"summary_large_image","twitter_misc":{"Written by":"Andri Sigf\u00fasson","Est. reading time":"1 minute"},"schema":{"@context":"https:\/\/schema.org","@graph":[{"@type":"Article","@id":"https:\/\/grotta.is\/handknattleiksdeild\/thora-maria-i-grottu\/#article","isPartOf":{"@id":"https:\/\/grotta.is\/handknattleiksdeild\/thora-maria-i-grottu\/"},"author":{"name":"Andri Sigf\u00fasson","@id":"https:\/\/grotta.is\/#\/schema\/person\/b21e9d5dfd92c90211e343e8d7252b1c"},"headline":"\u00de\u00f3ra Mar\u00eda \u00ed Gr\u00f3ttu","datePublished":"2022-06-21T11:50:41+00:00","dateModified":"2022-06-21T11:50:44+00:00","mainEntityOfPage":{"@id":"https:\/\/grotta.is\/handknattleiksdeild\/thora-maria-i-grottu\/"},"wordCount":131,"publisher":{"@id":"https:\/\/grotta.is\/#organization"},"image":{"@id":"https:\/\/grotta.is\/handknattleiksdeild\/thora-maria-i-grottu\/#primaryimage"},"thumbnailUrl":"https:\/\/grotta.is\/wp-content\/uploads\/2022\/06\/THora-Maria.jpg","keywords":["Handbolti","Mfl.kvk"],"articleSection":["Handknattleiksdeild"],"inLanguage":"en-US"},{"@type":"WebPage","@id":"https:\/\/grotta.is\/handknattleiksdeild\/thora-maria-i-grottu\/","url":"https:\/\/grotta.is\/handknattleiksdeild\/thora-maria-i-grottu\/","name":"\u00de\u00f3ra Mar\u00eda \u00ed Gr\u00f3ttu - \u00cd\u00fer\u00f3ttaf\u00e9lagi\u00f0 Gr\u00f3tta","isPartOf":{"@id":"https:\/\/grotta.is\/#website"},"primaryImageOfPage":{"@id":"https:\/\/grotta.is\/handknattleiksdeild\/thora-maria-i-grottu\/#primaryimage"},"image":{"@id":"https:\/\/grotta.is\/handknattleiksdeild\/thora-maria-i-grottu\/#primaryimage"},"thumbnailUrl":"https:\/\/grotta.is\/wp-content\/uploads\/2022\/06\/THora-Maria.jpg","datePublished":"2022-06-21T11:50:41+00:00","dateModified":"2022-06-21T11:50:44+00:00","breadcrumb":{"@id":"https:\/\/grotta.is\/handknattleiksdeild\/thora-maria-i-grottu\/#breadcrumb"},"inLanguage":"en-US","potentialAction":[{"@type":"ReadAction","target":["https:\/\/grotta.is\/handknattleiksdeild\/thora-maria-i-grottu\/"]}]},{"@type":"ImageObject","inLanguage":"en-US","@id":"https:\/\/grotta.is\/handknattleiksdeild\/thora-maria-i-grottu\/#primaryimage","url":"https:\/\/grotta.is\/wp-content\/uploads\/2022\/06\/THora-Maria.jpg","contentUrl":"https:\/\/grotta.is\/wp-content\/uploads\/2022\/06\/THora-Maria.jpg","width":2048,"height":1534},{"@type":"BreadcrumbList","@id":"https:\/\/grotta.is\/handknattleiksdeild\/thora-maria-i-grottu\/#breadcrumb","itemListElement":[{"@type":"ListItem","position":1,"name":"Home","item":"https:\/\/grotta.is\/"},{"@type":"ListItem","position":2,"name":"\u00de\u00f3ra Mar\u00eda \u00ed Gr\u00f3ttu"}]},{"@type":"WebSite","@id":"https:\/\/grotta.is\/#website","url":"https:\/\/grotta.is\/","name":"\u00cd\u00fer\u00f3ttaf\u00e9lagi\u00f0 Gr\u00f3tta","description":"\u00e1 Seltjarnarnesi","publisher":{"@id":"https:\/\/grotta.is\/#organization"},"potentialAction":[{"@type":"SearchAction","target":{"@type":"EntryPoint","urlTemplate":"https:\/\/grotta.is\/?s={search_term_string}"},"query-input":{"@type":"PropertyValueSpecification","valueRequired":true,"valueName":"search_term_string"}}],"inLanguage":"en-US"},{"@type":"Organization","@id":"https:\/\/grotta.is\/#organization","name":"\u00cd\u00fer\u00f3ttaf\u00e9lagi\u00f0 Gr\u00f3tta","url":"https:\/\/grotta.is\/","logo":{"@type":"ImageObject","inLanguage":"en-US","@id":"https:\/\/grotta.is\/#\/schema\/logo\/image\/","url":"https:\/\/grotta.is\/wp-content\/uploads\/2020\/02\/ithrottafelagidgrotta_logo_512x512_transparent.png","contentUrl":"https:\/\/grotta.is\/wp-content\/uploads\/2020\/02\/ithrottafelagidgrotta_logo_512x512_transparent.png","width":512,"height":512,"caption":"\u00cd\u00fer\u00f3ttaf\u00e9lagi\u00f0 Gr\u00f3tta"},"image":{"@id":"https:\/\/grotta.is\/#\/schema\/logo\/image\/"},"sameAs":["https:\/\/www.facebook.com\/grottasport"]},{"@type":"Person","@id":"https:\/\/grotta.is\/#\/schema\/person\/b21e9d5dfd92c90211e343e8d7252b1c","name":"Andri Sigf\u00fasson","url":"https:\/\/grotta.is\/en\/author\/andri\/"}]}},"_links":{"self":[{"href":"https:\/\/grotta.is\/en\/wp-json\/wp\/v2\/posts\/383675","targetHints":{"allow":["GET"]}}],"collection":[{"href":"https:\/\/grotta.is\/en\/wp-json\/wp\/v2\/posts"}],"about":[{"href":"https:\/\/grotta.is\/en\/wp-json\/wp\/v2\/types\/post"}],"author":[{"embeddable":true,"href":"https:\/\/grotta.is\/en\/wp-json\/wp\/v2\/users\/10"}],"replies":[{"embeddable":true,"href":"https:\/\/grotta.is\/en\/wp-json\/wp\/v2\/comments?post=383675"}],"version-history":[{"count":1,"href":"https:\/\/grotta.is\/en\/wp-json\/wp\/v2\/posts\/383675\/revisions"}],"predecessor-version":[{"id":383677,"href":"https:\/\/grotta.is\/en\/wp-json\/wp\/v2\/posts\/383675\/revisions\/383677"}],"wp:featuredmedia":[{"embeddable":true,"href":"https:\/\/grotta.is\/en\/wp-json\/wp\/v2\/media\/383676"}],"wp:attachment":[{"href":"https:\/\/grotta.is\/en\/wp-json\/wp\/v2\/media?parent=383675"}],"wp:term":[{"taxonomy":"category","embeddable":true,"href":"https:\/\/grotta.is\/en\/wp-json\/wp\/v2\/categories?post=383675"},{"taxonomy":"post_tag","embeddable":true,"href":"https:\/\/grotta.is\/en\/wp-json\/wp\/v2\/tags?post=383675"}],"curies":[{"name":"wp","href":"https:\/\/api.w.org\/{rel}","templated":true}]}}