{"id":382862,"date":"2022-06-16T15:29:54","date_gmt":"2022-06-16T15:29:54","guid":{"rendered":"https:\/\/grotta.is\/?p=382862"},"modified":"2022-06-16T15:29:56","modified_gmt":"2022-06-16T15:29:56","slug":"thrju-a-aefingum-haefileikamotunar-hsi","status":"publish","type":"post","link":"https:\/\/grotta.is\/en\/handknattleiksdeild\/thrju-a-aefingum-haefileikamotunar-hsi\/","title":{"rendered":"\u00derj\u00fa \u00e1 \u00e6fingum H\u00e6fileikam\u00f3tunar HS\u00cd"},"content":{"rendered":"<p>\u00cd lok ma\u00ed f\u00f3r fram lokahluti H\u00e6fileikam\u00f3tunar HS\u00cd \u00e1 \u00feessu t\u00edmabili og f\u00f3ru \u00e6fingar fram \u00e1 Laugarvatni. \u00der\u00edr fulltr\u00faar fr\u00e1 okkur voru valdir \u00e1 \u00e6fingarnar og voru \u00feeir \u00feessir:<\/p><p>Arnar Magn\u00fas Andrason<br>Arna Katr\u00edn Vigg\u00f3sd\u00f3ttir<br>Sara Kristj\u00e1nsd\u00f3ttir<\/p><p>Vi\u00f0 \u00f3skum \u00feessum fulltr\u00fam okkar hjartanlega til hamingju me\u00f0 vali\u00f0 !<\/p><p><img fetchpriority=\"high\" decoding=\"async\" width=\"600\" height=\"520\" class=\"wp-image-382864\" style=\"width: 600px;\" src=\"https:\/\/grotta.is\/wp-content\/uploads\/2022\/06\/Haefileikamotun.jpg\" alt=\"\" srcset=\"https:\/\/grotta.is\/wp-content\/uploads\/2022\/06\/Haefileikamotun.jpg 1491w, https:\/\/grotta.is\/wp-content\/uploads\/2022\/06\/Haefileikamotun-300x260.jpg 300w, https:\/\/grotta.is\/wp-content\/uploads\/2022\/06\/Haefileikamotun-1024x888.jpg 1024w, https:\/\/grotta.is\/wp-content\/uploads\/2022\/06\/Haefileikamotun-768x666.jpg 768w, https:\/\/grotta.is\/wp-content\/uploads\/2022\/06\/Haefileikamotun-14x12.jpg 14w, https:\/\/grotta.is\/wp-content\/uploads\/2022\/06\/Haefileikamotun-600x520.jpg 600w\" sizes=\"(max-width: 600px) 100vw, 600px\" \/><\/p>","protected":false},"excerpt":{"rendered":"<p>\u00cd lok ma\u00ed f\u00f3r fram lokahluti H\u00e6fileikam\u00f3tunar HS\u00cd \u00e1 \u00feessu t\u00edmabili og f\u00f3ru \u00e6fingar fram \u00e1 Laugarvatni. \u00der\u00edr fulltr\u00faar fr\u00e1 okkur voru valdir \u00e1 \u00e6fingarnar og voru \u00feeir \u00feessir: Arnar [&hellip;]<\/p>","protected":false},"author":10,"featured_media":382863,"comment_status":"closed","ping_status":"closed","sticky":false,"template":"","format":"standard","meta":{"footnotes":""},"categories":[12],"tags":[13,15],"class_list":["post-382862","post","type-post","status-publish","format-standard","has-post-thumbnail","hentry","category-handknattleiksdeild","tag-handbolti","tag-yngri-flokkar"],"yoast_head":"<!-- This site is optimized with the Yoast SEO plugin v24.3 - https:\/\/yoast.com\/wordpress\/plugins\/seo\/ -->\n<title>\u00derj\u00fa \u00e1 \u00e6fingum H\u00e6fileikam\u00f3tunar HS\u00cd - \u00cd\u00fer\u00f3ttaf\u00e9lagi\u00f0 Gr\u00f3tta<\/title>\n<meta name=\"robots\" content=\"index, follow, max-snippet:-1, max-image-preview:large, max-video-preview:-1\" \/>\n<link rel=\"canonical\" href=\"https:\/\/grotta.is\/en\/handknattleiksdeild\/thrju-a-aefingum-haefileikamotunar-hsi\/\" \/>\n<meta property=\"og:locale\" content=\"en_US\" \/>\n<meta property=\"og:type\" content=\"article\" \/>\n<meta property=\"og:title\" content=\"\u00derj\u00fa \u00e1 \u00e6fingum H\u00e6fileikam\u00f3tunar HS\u00cd - \u00cd\u00fer\u00f3ttaf\u00e9lagi\u00f0 Gr\u00f3tta\" \/>\n<meta property=\"og:description\" content=\"\u00cd lok ma\u00ed f\u00f3r fram lokahluti H\u00e6fileikam\u00f3tunar HS\u00cd \u00e1 \u00feessu t\u00edmabili og f\u00f3ru \u00e6fingar fram \u00e1 Laugarvatni. \u00der\u00edr fulltr\u00faar fr\u00e1 okkur voru valdir \u00e1 \u00e6fingarnar og voru \u00feeir \u00feessir: Arnar [&hellip;]\" \/>\n<meta property=\"og:url\" content=\"https:\/\/grotta.is\/en\/handknattleiksdeild\/thrju-a-aefingum-haefileikamotunar-hsi\/\" \/>\n<meta property=\"og:site_name\" content=\"\u00cd\u00fer\u00f3ttaf\u00e9lagi\u00f0 Gr\u00f3tta\" \/>\n<meta property=\"article:publisher\" content=\"https:\/\/www.facebook.com\/grottasport\" \/>\n<meta property=\"article:published_time\" content=\"2022-06-16T15:29:54+00:00\" \/>\n<meta property=\"article:modified_time\" content=\"2022-06-16T15:29:56+00:00\" \/>\n<meta property=\"og:image\" content=\"https:\/\/grotta.is\/wp-content\/uploads\/2022\/06\/Haefileikamotun-2022.jpg\" \/>\n\t<meta property=\"og:image:width\" content=\"1506\" \/>\n\t<meta property=\"og:image:height\" content=\"1463\" \/>\n\t<meta property=\"og:image:type\" content=\"image\/jpeg\" \/>\n<meta name=\"author\" content=\"Andri Sigf\u00fasson\" \/>\n<meta name=\"twitter:card\" content=\"summary_large_image\" \/>\n<meta name=\"twitter:label1\" content=\"Written by\" \/>\n\t<meta name=\"twitter:data1\" content=\"Andri Sigf\u00fasson\" \/>\n\t<meta name=\"twitter:label2\" content=\"Est. reading time\" \/>\n\t<meta name=\"twitter:data2\" content=\"1 minute\" \/>\n<script type=\"application\/ld+json\" class=\"yoast-schema-graph\">{\"@context\":\"https:\/\/schema.org\",\"@graph\":[{\"@type\":\"Article\",\"@id\":\"https:\/\/grotta.is\/handknattleiksdeild\/thrju-a-aefingum-haefileikamotunar-hsi\/#article\",\"isPartOf\":{\"@id\":\"https:\/\/grotta.is\/handknattleiksdeild\/thrju-a-aefingum-haefileikamotunar-hsi\/\"},\"author\":{\"name\":\"Andri Sigf\u00fasson\",\"@id\":\"https:\/\/grotta.is\/#\/schema\/person\/b21e9d5dfd92c90211e343e8d7252b1c\"},\"headline\":\"\u00derj\u00fa \u00e1 \u00e6fingum H\u00e6fileikam\u00f3tunar HS\u00cd\",\"datePublished\":\"2022-06-16T15:29:54+00:00\",\"dateModified\":\"2022-06-16T15:29:56+00:00\",\"mainEntityOfPage\":{\"@id\":\"https:\/\/grotta.is\/handknattleiksdeild\/thrju-a-aefingum-haefileikamotunar-hsi\/\"},\"wordCount\":61,\"publisher\":{\"@id\":\"https:\/\/grotta.is\/#organization\"},\"image\":{\"@id\":\"https:\/\/grotta.is\/handknattleiksdeild\/thrju-a-aefingum-haefileikamotunar-hsi\/#primaryimage\"},\"thumbnailUrl\":\"https:\/\/grotta.is\/wp-content\/uploads\/2022\/06\/Haefileikamotun-2022.jpg\",\"keywords\":[\"Handbolti\",\"Yngri flokkar\"],\"articleSection\":[\"Handknattleiksdeild\"],\"inLanguage\":\"en-US\"},{\"@type\":\"WebPage\",\"@id\":\"https:\/\/grotta.is\/handknattleiksdeild\/thrju-a-aefingum-haefileikamotunar-hsi\/\",\"url\":\"https:\/\/grotta.is\/handknattleiksdeild\/thrju-a-aefingum-haefileikamotunar-hsi\/\",\"name\":\"\u00derj\u00fa \u00e1 \u00e6fingum H\u00e6fileikam\u00f3tunar HS\u00cd - \u00cd\u00fer\u00f3ttaf\u00e9lagi\u00f0 Gr\u00f3tta\",\"isPartOf\":{\"@id\":\"https:\/\/grotta.is\/#website\"},\"primaryImageOfPage\":{\"@id\":\"https:\/\/grotta.is\/handknattleiksdeild\/thrju-a-aefingum-haefileikamotunar-hsi\/#primaryimage\"},\"image\":{\"@id\":\"https:\/\/grotta.is\/handknattleiksdeild\/thrju-a-aefingum-haefileikamotunar-hsi\/#primaryimage\"},\"thumbnailUrl\":\"https:\/\/grotta.is\/wp-content\/uploads\/2022\/06\/Haefileikamotun-2022.jpg\",\"datePublished\":\"2022-06-16T15:29:54+00:00\",\"dateModified\":\"2022-06-16T15:29:56+00:00\",\"breadcrumb\":{\"@id\":\"https:\/\/grotta.is\/handknattleiksdeild\/thrju-a-aefingum-haefileikamotunar-hsi\/#breadcrumb\"},\"inLanguage\":\"en-US\",\"potentialAction\":[{\"@type\":\"ReadAction\",\"target\":[\"https:\/\/grotta.is\/handknattleiksdeild\/thrju-a-aefingum-haefileikamotunar-hsi\/\"]}]},{\"@type\":\"ImageObject\",\"inLanguage\":\"en-US\",\"@id\":\"https:\/\/grotta.is\/handknattleiksdeild\/thrju-a-aefingum-haefileikamotunar-hsi\/#primaryimage\",\"url\":\"https:\/\/grotta.is\/wp-content\/uploads\/2022\/06\/Haefileikamotun-2022.jpg\",\"contentUrl\":\"https:\/\/grotta.is\/wp-content\/uploads\/2022\/06\/Haefileikamotun-2022.jpg\",\"width\":1506,\"height\":1463},{\"@type\":\"BreadcrumbList\",\"@id\":\"https:\/\/grotta.is\/handknattleiksdeild\/thrju-a-aefingum-haefileikamotunar-hsi\/#breadcrumb\",\"itemListElement\":[{\"@type\":\"ListItem\",\"position\":1,\"name\":\"Home\",\"item\":\"https:\/\/grotta.is\/\"},{\"@type\":\"ListItem\",\"position\":2,\"name\":\"\u00derj\u00fa \u00e1 \u00e6fingum H\u00e6fileikam\u00f3tunar HS\u00cd\"}]},{\"@type\":\"WebSite\",\"@id\":\"https:\/\/grotta.is\/#website\",\"url\":\"https:\/\/grotta.is\/\",\"name\":\"\u00cd\u00fer\u00f3ttaf\u00e9lagi\u00f0 Gr\u00f3tta\",\"description\":\"\u00e1 Seltjarnarnesi\",\"publisher\":{\"@id\":\"https:\/\/grotta.is\/#organization\"},\"potentialAction\":[{\"@type\":\"SearchAction\",\"target\":{\"@type\":\"EntryPoint\",\"urlTemplate\":\"https:\/\/grotta.is\/?s={search_term_string}\"},\"query-input\":{\"@type\":\"PropertyValueSpecification\",\"valueRequired\":true,\"valueName\":\"search_term_string\"}}],\"inLanguage\":\"en-US\"},{\"@type\":\"Organization\",\"@id\":\"https:\/\/grotta.is\/#organization\",\"name\":\"\u00cd\u00fer\u00f3ttaf\u00e9lagi\u00f0 Gr\u00f3tta\",\"url\":\"https:\/\/grotta.is\/\",\"logo\":{\"@type\":\"ImageObject\",\"inLanguage\":\"en-US\",\"@id\":\"https:\/\/grotta.is\/#\/schema\/logo\/image\/\",\"url\":\"https:\/\/grotta.is\/wp-content\/uploads\/2020\/02\/ithrottafelagidgrotta_logo_512x512_transparent.png\",\"contentUrl\":\"https:\/\/grotta.is\/wp-content\/uploads\/2020\/02\/ithrottafelagidgrotta_logo_512x512_transparent.png\",\"width\":512,\"height\":512,\"caption\":\"\u00cd\u00fer\u00f3ttaf\u00e9lagi\u00f0 Gr\u00f3tta\"},\"image\":{\"@id\":\"https:\/\/grotta.is\/#\/schema\/logo\/image\/\"},\"sameAs\":[\"https:\/\/www.facebook.com\/grottasport\"]},{\"@type\":\"Person\",\"@id\":\"https:\/\/grotta.is\/#\/schema\/person\/b21e9d5dfd92c90211e343e8d7252b1c\",\"name\":\"Andri Sigf\u00fasson\",\"url\":\"https:\/\/grotta.is\/en\/author\/andri\/\"}]}<\/script>\n<!-- \/ Yoast SEO plugin. -->","yoast_head_json":{"title":"\u00derj\u00fa \u00e1 \u00e6fingum H\u00e6fileikam\u00f3tunar HS\u00cd - \u00cd\u00fer\u00f3ttaf\u00e9lagi\u00f0 Gr\u00f3tta","robots":{"index":"index","follow":"follow","max-snippet":"max-snippet:-1","max-image-preview":"max-image-preview:large","max-video-preview":"max-video-preview:-1"},"canonical":"https:\/\/grotta.is\/en\/handknattleiksdeild\/thrju-a-aefingum-haefileikamotunar-hsi\/","og_locale":"en_US","og_type":"article","og_title":"\u00derj\u00fa \u00e1 \u00e6fingum H\u00e6fileikam\u00f3tunar HS\u00cd - \u00cd\u00fer\u00f3ttaf\u00e9lagi\u00f0 Gr\u00f3tta","og_description":"\u00cd lok ma\u00ed f\u00f3r fram lokahluti H\u00e6fileikam\u00f3tunar HS\u00cd \u00e1 \u00feessu t\u00edmabili og f\u00f3ru \u00e6fingar fram \u00e1 Laugarvatni. \u00der\u00edr fulltr\u00faar fr\u00e1 okkur voru valdir \u00e1 \u00e6fingarnar og voru \u00feeir \u00feessir: Arnar [&hellip;]","og_url":"https:\/\/grotta.is\/en\/handknattleiksdeild\/thrju-a-aefingum-haefileikamotunar-hsi\/","og_site_name":"\u00cd\u00fer\u00f3ttaf\u00e9lagi\u00f0 Gr\u00f3tta","article_publisher":"https:\/\/www.facebook.com\/grottasport","article_published_time":"2022-06-16T15:29:54+00:00","article_modified_time":"2022-06-16T15:29:56+00:00","og_image":[{"width":1506,"height":1463,"url":"https:\/\/grotta.is\/wp-content\/uploads\/2022\/06\/Haefileikamotun-2022.jpg","type":"image\/jpeg"}],"author":"Andri Sigf\u00fasson","twitter_card":"summary_large_image","twitter_misc":{"Written by":"Andri Sigf\u00fasson","Est. reading time":"1 minute"},"schema":{"@context":"https:\/\/schema.org","@graph":[{"@type":"Article","@id":"https:\/\/grotta.is\/handknattleiksdeild\/thrju-a-aefingum-haefileikamotunar-hsi\/#article","isPartOf":{"@id":"https:\/\/grotta.is\/handknattleiksdeild\/thrju-a-aefingum-haefileikamotunar-hsi\/"},"author":{"name":"Andri Sigf\u00fasson","@id":"https:\/\/grotta.is\/#\/schema\/person\/b21e9d5dfd92c90211e343e8d7252b1c"},"headline":"\u00derj\u00fa \u00e1 \u00e6fingum H\u00e6fileikam\u00f3tunar HS\u00cd","datePublished":"2022-06-16T15:29:54+00:00","dateModified":"2022-06-16T15:29:56+00:00","mainEntityOfPage":{"@id":"https:\/\/grotta.is\/handknattleiksdeild\/thrju-a-aefingum-haefileikamotunar-hsi\/"},"wordCount":61,"publisher":{"@id":"https:\/\/grotta.is\/#organization"},"image":{"@id":"https:\/\/grotta.is\/handknattleiksdeild\/thrju-a-aefingum-haefileikamotunar-hsi\/#primaryimage"},"thumbnailUrl":"https:\/\/grotta.is\/wp-content\/uploads\/2022\/06\/Haefileikamotun-2022.jpg","keywords":["Handbolti","Yngri flokkar"],"articleSection":["Handknattleiksdeild"],"inLanguage":"en-US"},{"@type":"WebPage","@id":"https:\/\/grotta.is\/handknattleiksdeild\/thrju-a-aefingum-haefileikamotunar-hsi\/","url":"https:\/\/grotta.is\/handknattleiksdeild\/thrju-a-aefingum-haefileikamotunar-hsi\/","name":"\u00derj\u00fa \u00e1 \u00e6fingum H\u00e6fileikam\u00f3tunar HS\u00cd - \u00cd\u00fer\u00f3ttaf\u00e9lagi\u00f0 Gr\u00f3tta","isPartOf":{"@id":"https:\/\/grotta.is\/#website"},"primaryImageOfPage":{"@id":"https:\/\/grotta.is\/handknattleiksdeild\/thrju-a-aefingum-haefileikamotunar-hsi\/#primaryimage"},"image":{"@id":"https:\/\/grotta.is\/handknattleiksdeild\/thrju-a-aefingum-haefileikamotunar-hsi\/#primaryimage"},"thumbnailUrl":"https:\/\/grotta.is\/wp-content\/uploads\/2022\/06\/Haefileikamotun-2022.jpg","datePublished":"2022-06-16T15:29:54+00:00","dateModified":"2022-06-16T15:29:56+00:00","breadcrumb":{"@id":"https:\/\/grotta.is\/handknattleiksdeild\/thrju-a-aefingum-haefileikamotunar-hsi\/#breadcrumb"},"inLanguage":"en-US","potentialAction":[{"@type":"ReadAction","target":["https:\/\/grotta.is\/handknattleiksdeild\/thrju-a-aefingum-haefileikamotunar-hsi\/"]}]},{"@type":"ImageObject","inLanguage":"en-US","@id":"https:\/\/grotta.is\/handknattleiksdeild\/thrju-a-aefingum-haefileikamotunar-hsi\/#primaryimage","url":"https:\/\/grotta.is\/wp-content\/uploads\/2022\/06\/Haefileikamotun-2022.jpg","contentUrl":"https:\/\/grotta.is\/wp-content\/uploads\/2022\/06\/Haefileikamotun-2022.jpg","width":1506,"height":1463},{"@type":"BreadcrumbList","@id":"https:\/\/grotta.is\/handknattleiksdeild\/thrju-a-aefingum-haefileikamotunar-hsi\/#breadcrumb","itemListElement":[{"@type":"ListItem","position":1,"name":"Home","item":"https:\/\/grotta.is\/"},{"@type":"ListItem","position":2,"name":"\u00derj\u00fa \u00e1 \u00e6fingum H\u00e6fileikam\u00f3tunar HS\u00cd"}]},{"@type":"WebSite","@id":"https:\/\/grotta.is\/#website","url":"https:\/\/grotta.is\/","name":"\u00cd\u00fer\u00f3ttaf\u00e9lagi\u00f0 Gr\u00f3tta","description":"\u00e1 Seltjarnarnesi","publisher":{"@id":"https:\/\/grotta.is\/#organization"},"potentialAction":[{"@type":"SearchAction","target":{"@type":"EntryPoint","urlTemplate":"https:\/\/grotta.is\/?s={search_term_string}"},"query-input":{"@type":"PropertyValueSpecification","valueRequired":true,"valueName":"search_term_string"}}],"inLanguage":"en-US"},{"@type":"Organization","@id":"https:\/\/grotta.is\/#organization","name":"\u00cd\u00fer\u00f3ttaf\u00e9lagi\u00f0 Gr\u00f3tta","url":"https:\/\/grotta.is\/","logo":{"@type":"ImageObject","inLanguage":"en-US","@id":"https:\/\/grotta.is\/#\/schema\/logo\/image\/","url":"https:\/\/grotta.is\/wp-content\/uploads\/2020\/02\/ithrottafelagidgrotta_logo_512x512_transparent.png","contentUrl":"https:\/\/grotta.is\/wp-content\/uploads\/2020\/02\/ithrottafelagidgrotta_logo_512x512_transparent.png","width":512,"height":512,"caption":"\u00cd\u00fer\u00f3ttaf\u00e9lagi\u00f0 Gr\u00f3tta"},"image":{"@id":"https:\/\/grotta.is\/#\/schema\/logo\/image\/"},"sameAs":["https:\/\/www.facebook.com\/grottasport"]},{"@type":"Person","@id":"https:\/\/grotta.is\/#\/schema\/person\/b21e9d5dfd92c90211e343e8d7252b1c","name":"Andri Sigf\u00fasson","url":"https:\/\/grotta.is\/en\/author\/andri\/"}]}},"_links":{"self":[{"href":"https:\/\/grotta.is\/en\/wp-json\/wp\/v2\/posts\/382862","targetHints":{"allow":["GET"]}}],"collection":[{"href":"https:\/\/grotta.is\/en\/wp-json\/wp\/v2\/posts"}],"about":[{"href":"https:\/\/grotta.is\/en\/wp-json\/wp\/v2\/types\/post"}],"author":[{"embeddable":true,"href":"https:\/\/grotta.is\/en\/wp-json\/wp\/v2\/users\/10"}],"replies":[{"embeddable":true,"href":"https:\/\/grotta.is\/en\/wp-json\/wp\/v2\/comments?post=382862"}],"version-history":[{"count":1,"href":"https:\/\/grotta.is\/en\/wp-json\/wp\/v2\/posts\/382862\/revisions"}],"predecessor-version":[{"id":382865,"href":"https:\/\/grotta.is\/en\/wp-json\/wp\/v2\/posts\/382862\/revisions\/382865"}],"wp:featuredmedia":[{"embeddable":true,"href":"https:\/\/grotta.is\/en\/wp-json\/wp\/v2\/media\/382863"}],"wp:attachment":[{"href":"https:\/\/grotta.is\/en\/wp-json\/wp\/v2\/media?parent=382862"}],"wp:term":[{"taxonomy":"category","embeddable":true,"href":"https:\/\/grotta.is\/en\/wp-json\/wp\/v2\/categories?post=382862"},{"taxonomy":"post_tag","embeddable":true,"href":"https:\/\/grotta.is\/en\/wp-json\/wp\/v2\/tags?post=382862"}],"curies":[{"name":"wp","href":"https:\/\/api.w.org\/{rel}","templated":true}]}}