{"id":382219,"date":"2022-06-03T17:33:54","date_gmt":"2022-06-03T17:33:54","guid":{"rendered":"https:\/\/grotta.is\/?p=382219"},"modified":"2022-06-03T17:33:57","modified_gmt":"2022-06-03T17:33:57","slug":"robbi-gunn-thjalfar-grottu","status":"publish","type":"post","link":"https:\/\/grotta.is\/en\/handknattleiksdeild\/robbi-gunn-thjalfar-grottu\/","title":{"rendered":"Robbi Gunn \u00fej\u00e1lfar Gr\u00f3ttu"},"content":{"rendered":"<p>\u00dej\u00e1lfarateymi meistaraflokks karla Arnar Da\u00f0i Arnarsson og Maksim Akbackev hafa \u00f3ska\u00f0 eftir a\u00f0 l\u00e1ta af st\u00f6rfum sem \u00fej\u00e1lfarar karlali\u00f0sins og hefur stj\u00f3rn Handknattleiksdeildar Gr\u00f3ttu sam\u00feykkt upps\u00f6gnina. <\/p><p>\u00c1 sama t\u00edma hefur R\u00f3bert Gunnarsson veri\u00f0 r\u00e1\u00f0inn \u00fej\u00e1lfari meistaraflokks karla \u00ed Gr\u00f3ttu. R\u00f3bert \u00feekkja allir sem hafa fylgst me\u00f0 handbolta undanfarin \u00e1r en hann l\u00e9k me\u00f0 \u00edslenska landsli\u00f0inu til margra \u00e1ra, fr\u00e1 2001 til 2016. R\u00f3bert vann silfur \u00e1 \u00d3lymp\u00eduleikunum \u00ed Peking 2008 og brons \u00e1 EM \u00ed Austurr\u00edki 2010 me\u00f0 landsli\u00f0inu. Hann l\u00e9k me\u00f0al annars me\u00f0 Gummersbach, Rhein Neckar L\u00f6wen og PSG \u00e1 fars\u00e6lum atvinnumannaferli. <\/p><p>R\u00f3bert er f\u00e6ddur \u00e1ri\u00f0 1980 og flutti \u00e1 Seltjarnarnes s\u00ed\u00f0astli\u00f0i\u00f0 sumar eftir a\u00f0 hafa \u00fej\u00e1lfa\u00f0 19 \u00e1ra li\u00f0 \u00c5rhus, \u00fej\u00e1lfa\u00f0 \u00ed ungli\u00f0aakadem\u00edu li\u00f0sins og veri\u00f0 \u00ed \u00fej\u00e1lfarateymi a\u00f0alli\u00f0s \u00c5rhus. Hann er n\u00faverandi landsli\u00f0s\u00fej\u00e1lfari U21 \u00e1rs landsli\u00f0sins.Dav\u00ed\u00f0 \u00d6rn Hl\u00f6\u00f0versson hefur veri\u00f0 r\u00e1\u00f0inn a\u00f0sto\u00f0ar\u00fej\u00e1lfari li\u00f0sins. <\/p><p>Dav\u00ed\u00f0 Hl\u00f6\u00f0vers \u00feekkja allir sem hafa komi\u00f0 n\u00e1l\u00e6gt handbolta \u00e1 Nesinu undanfarin \u00e1r. N\u00fana \u00ed vetur \u00fej\u00e1lfari Dav\u00ed\u00f0 5. og 3.flokks kvenna \u00e1samt \u00fev\u00ed a\u00f0 vera a\u00f0sto\u00f0ar\u00fej\u00e1lfari meistaraflokks kvenna.<\/p><p>Arnari Da\u00f0a og Maksim er \u00feakka\u00f0 miki\u00f0 og \u00f3eigingjarnt starf \u00ed \u00fe\u00e1gu Gr\u00f3ttu undanfarin \u00e1r en Arnar Da\u00f0i kom til f\u00e9lagsins sumari\u00f0 2019 og st\u00fdr\u00f0i meistaraflokki \u00ed \u00ferj\u00fa \u00e1r. Maksim kom til Gr\u00f3ttu vori\u00f0 2020 og hefur veri\u00f0 a\u00f0sto\u00f0ar\u00fej\u00e1lfari karlali\u00f0sins s\u00ed\u00f0an \u00fe\u00e1. Saman hafa \u00feeir n\u00e1\u00f0 eftirtektarver\u00f0um \u00e1rangri me\u00f0 Gr\u00f3ttuli\u00f0i\u00f0 s\u00ed\u00f0ustu t\u00edmabil en h\u00e1rsbreidd vanta\u00f0i a\u00f0 li\u00f0i\u00f0 k\u00e6mist \u00ed \u00farslitakeppnina \u00ed vor.<\/p>","protected":false},"excerpt":{"rendered":"<p>\u00dej\u00e1lfarateymi meistaraflokks karla Arnar Da\u00f0i Arnarsson og Maksim Akbackev hafa \u00f3ska\u00f0 eftir a\u00f0 l\u00e1ta af st\u00f6rfum sem \u00fej\u00e1lfarar karlali\u00f0sins og hefur stj\u00f3rn Handknattleiksdeildar Gr\u00f3ttu sam\u00feykkt upps\u00f6gnina. \u00c1 sama t\u00edma hefur [&hellip;]<\/p>","protected":false},"author":10,"featured_media":382220,"comment_status":"closed","ping_status":"closed","sticky":false,"template":"","format":"standard","meta":{"footnotes":""},"categories":[12],"tags":[13,20],"class_list":["post-382219","post","type-post","status-publish","format-standard","has-post-thumbnail","hentry","category-handknattleiksdeild","tag-handbolti","tag-mfl-kk"],"yoast_head":"<!-- This site is optimized with the Yoast SEO plugin v24.3 - https:\/\/yoast.com\/wordpress\/plugins\/seo\/ -->\n<title>Robbi Gunn \u00fej\u00e1lfar Gr\u00f3ttu - \u00cd\u00fer\u00f3ttaf\u00e9lagi\u00f0 Gr\u00f3tta<\/title>\n<meta name=\"robots\" content=\"index, follow, max-snippet:-1, max-image-preview:large, max-video-preview:-1\" \/>\n<link rel=\"canonical\" href=\"https:\/\/grotta.is\/en\/handknattleiksdeild\/robbi-gunn-thjalfar-grottu\/\" \/>\n<meta property=\"og:locale\" content=\"en_US\" \/>\n<meta property=\"og:type\" content=\"article\" \/>\n<meta property=\"og:title\" content=\"Robbi Gunn \u00fej\u00e1lfar Gr\u00f3ttu - \u00cd\u00fer\u00f3ttaf\u00e9lagi\u00f0 Gr\u00f3tta\" \/>\n<meta property=\"og:description\" content=\"\u00dej\u00e1lfarateymi meistaraflokks karla Arnar Da\u00f0i Arnarsson og Maksim Akbackev hafa \u00f3ska\u00f0 eftir a\u00f0 l\u00e1ta af st\u00f6rfum sem \u00fej\u00e1lfarar karlali\u00f0sins og hefur stj\u00f3rn Handknattleiksdeildar Gr\u00f3ttu sam\u00feykkt upps\u00f6gnina. \u00c1 sama t\u00edma hefur [&hellip;]\" \/>\n<meta property=\"og:url\" content=\"https:\/\/grotta.is\/en\/handknattleiksdeild\/robbi-gunn-thjalfar-grottu\/\" \/>\n<meta property=\"og:site_name\" content=\"\u00cd\u00fer\u00f3ttaf\u00e9lagi\u00f0 Gr\u00f3tta\" \/>\n<meta property=\"article:publisher\" content=\"https:\/\/www.facebook.com\/grottasport\" \/>\n<meta property=\"article:published_time\" content=\"2022-06-03T17:33:54+00:00\" \/>\n<meta property=\"article:modified_time\" content=\"2022-06-03T17:33:57+00:00\" \/>\n<meta property=\"og:image\" content=\"https:\/\/grotta.is\/wp-content\/uploads\/2022\/06\/Robbi-Gunn.jpg\" \/>\n\t<meta property=\"og:image:width\" content=\"2048\" \/>\n\t<meta property=\"og:image:height\" content=\"1463\" \/>\n\t<meta property=\"og:image:type\" content=\"image\/jpeg\" \/>\n<meta name=\"author\" content=\"Andri Sigf\u00fasson\" \/>\n<meta name=\"twitter:card\" content=\"summary_large_image\" \/>\n<meta name=\"twitter:label1\" content=\"Written by\" \/>\n\t<meta name=\"twitter:data1\" content=\"Andri Sigf\u00fasson\" \/>\n\t<meta name=\"twitter:label2\" content=\"Est. reading time\" \/>\n\t<meta name=\"twitter:data2\" content=\"2 minutes\" \/>\n<script type=\"application\/ld+json\" class=\"yoast-schema-graph\">{\"@context\":\"https:\/\/schema.org\",\"@graph\":[{\"@type\":\"Article\",\"@id\":\"https:\/\/grotta.is\/handknattleiksdeild\/robbi-gunn-thjalfar-grottu\/#article\",\"isPartOf\":{\"@id\":\"https:\/\/grotta.is\/handknattleiksdeild\/robbi-gunn-thjalfar-grottu\/\"},\"author\":{\"name\":\"Andri Sigf\u00fasson\",\"@id\":\"https:\/\/grotta.is\/#\/schema\/person\/b21e9d5dfd92c90211e343e8d7252b1c\"},\"headline\":\"Robbi Gunn \u00fej\u00e1lfar Gr\u00f3ttu\",\"datePublished\":\"2022-06-03T17:33:54+00:00\",\"dateModified\":\"2022-06-03T17:33:57+00:00\",\"mainEntityOfPage\":{\"@id\":\"https:\/\/grotta.is\/handknattleiksdeild\/robbi-gunn-thjalfar-grottu\/\"},\"wordCount\":289,\"publisher\":{\"@id\":\"https:\/\/grotta.is\/#organization\"},\"image\":{\"@id\":\"https:\/\/grotta.is\/handknattleiksdeild\/robbi-gunn-thjalfar-grottu\/#primaryimage\"},\"thumbnailUrl\":\"https:\/\/grotta.is\/wp-content\/uploads\/2022\/06\/Robbi-Gunn.jpg\",\"keywords\":[\"Handbolti\",\"Mfl.kk\"],\"articleSection\":[\"Handknattleiksdeild\"],\"inLanguage\":\"en-US\"},{\"@type\":\"WebPage\",\"@id\":\"https:\/\/grotta.is\/handknattleiksdeild\/robbi-gunn-thjalfar-grottu\/\",\"url\":\"https:\/\/grotta.is\/handknattleiksdeild\/robbi-gunn-thjalfar-grottu\/\",\"name\":\"Robbi Gunn \u00fej\u00e1lfar Gr\u00f3ttu - \u00cd\u00fer\u00f3ttaf\u00e9lagi\u00f0 Gr\u00f3tta\",\"isPartOf\":{\"@id\":\"https:\/\/grotta.is\/#website\"},\"primaryImageOfPage\":{\"@id\":\"https:\/\/grotta.is\/handknattleiksdeild\/robbi-gunn-thjalfar-grottu\/#primaryimage\"},\"image\":{\"@id\":\"https:\/\/grotta.is\/handknattleiksdeild\/robbi-gunn-thjalfar-grottu\/#primaryimage\"},\"thumbnailUrl\":\"https:\/\/grotta.is\/wp-content\/uploads\/2022\/06\/Robbi-Gunn.jpg\",\"datePublished\":\"2022-06-03T17:33:54+00:00\",\"dateModified\":\"2022-06-03T17:33:57+00:00\",\"breadcrumb\":{\"@id\":\"https:\/\/grotta.is\/handknattleiksdeild\/robbi-gunn-thjalfar-grottu\/#breadcrumb\"},\"inLanguage\":\"en-US\",\"potentialAction\":[{\"@type\":\"ReadAction\",\"target\":[\"https:\/\/grotta.is\/handknattleiksdeild\/robbi-gunn-thjalfar-grottu\/\"]}]},{\"@type\":\"ImageObject\",\"inLanguage\":\"en-US\",\"@id\":\"https:\/\/grotta.is\/handknattleiksdeild\/robbi-gunn-thjalfar-grottu\/#primaryimage\",\"url\":\"https:\/\/grotta.is\/wp-content\/uploads\/2022\/06\/Robbi-Gunn.jpg\",\"contentUrl\":\"https:\/\/grotta.is\/wp-content\/uploads\/2022\/06\/Robbi-Gunn.jpg\",\"width\":2048,\"height\":1463},{\"@type\":\"BreadcrumbList\",\"@id\":\"https:\/\/grotta.is\/handknattleiksdeild\/robbi-gunn-thjalfar-grottu\/#breadcrumb\",\"itemListElement\":[{\"@type\":\"ListItem\",\"position\":1,\"name\":\"Home\",\"item\":\"https:\/\/grotta.is\/\"},{\"@type\":\"ListItem\",\"position\":2,\"name\":\"Robbi Gunn \u00fej\u00e1lfar Gr\u00f3ttu\"}]},{\"@type\":\"WebSite\",\"@id\":\"https:\/\/grotta.is\/#website\",\"url\":\"https:\/\/grotta.is\/\",\"name\":\"\u00cd\u00fer\u00f3ttaf\u00e9lagi\u00f0 Gr\u00f3tta\",\"description\":\"\u00e1 Seltjarnarnesi\",\"publisher\":{\"@id\":\"https:\/\/grotta.is\/#organization\"},\"potentialAction\":[{\"@type\":\"SearchAction\",\"target\":{\"@type\":\"EntryPoint\",\"urlTemplate\":\"https:\/\/grotta.is\/?s={search_term_string}\"},\"query-input\":{\"@type\":\"PropertyValueSpecification\",\"valueRequired\":true,\"valueName\":\"search_term_string\"}}],\"inLanguage\":\"en-US\"},{\"@type\":\"Organization\",\"@id\":\"https:\/\/grotta.is\/#organization\",\"name\":\"\u00cd\u00fer\u00f3ttaf\u00e9lagi\u00f0 Gr\u00f3tta\",\"url\":\"https:\/\/grotta.is\/\",\"logo\":{\"@type\":\"ImageObject\",\"inLanguage\":\"en-US\",\"@id\":\"https:\/\/grotta.is\/#\/schema\/logo\/image\/\",\"url\":\"https:\/\/grotta.is\/wp-content\/uploads\/2020\/02\/ithrottafelagidgrotta_logo_512x512_transparent.png\",\"contentUrl\":\"https:\/\/grotta.is\/wp-content\/uploads\/2020\/02\/ithrottafelagidgrotta_logo_512x512_transparent.png\",\"width\":512,\"height\":512,\"caption\":\"\u00cd\u00fer\u00f3ttaf\u00e9lagi\u00f0 Gr\u00f3tta\"},\"image\":{\"@id\":\"https:\/\/grotta.is\/#\/schema\/logo\/image\/\"},\"sameAs\":[\"https:\/\/www.facebook.com\/grottasport\"]},{\"@type\":\"Person\",\"@id\":\"https:\/\/grotta.is\/#\/schema\/person\/b21e9d5dfd92c90211e343e8d7252b1c\",\"name\":\"Andri Sigf\u00fasson\",\"url\":\"https:\/\/grotta.is\/en\/author\/andri\/\"}]}<\/script>\n<!-- \/ Yoast SEO plugin. -->","yoast_head_json":{"title":"Robbi Gunn \u00fej\u00e1lfar Gr\u00f3ttu - \u00cd\u00fer\u00f3ttaf\u00e9lagi\u00f0 Gr\u00f3tta","robots":{"index":"index","follow":"follow","max-snippet":"max-snippet:-1","max-image-preview":"max-image-preview:large","max-video-preview":"max-video-preview:-1"},"canonical":"https:\/\/grotta.is\/en\/handknattleiksdeild\/robbi-gunn-thjalfar-grottu\/","og_locale":"en_US","og_type":"article","og_title":"Robbi Gunn \u00fej\u00e1lfar Gr\u00f3ttu - \u00cd\u00fer\u00f3ttaf\u00e9lagi\u00f0 Gr\u00f3tta","og_description":"\u00dej\u00e1lfarateymi meistaraflokks karla Arnar Da\u00f0i Arnarsson og Maksim Akbackev hafa \u00f3ska\u00f0 eftir a\u00f0 l\u00e1ta af st\u00f6rfum sem \u00fej\u00e1lfarar karlali\u00f0sins og hefur stj\u00f3rn Handknattleiksdeildar Gr\u00f3ttu sam\u00feykkt upps\u00f6gnina. \u00c1 sama t\u00edma hefur [&hellip;]","og_url":"https:\/\/grotta.is\/en\/handknattleiksdeild\/robbi-gunn-thjalfar-grottu\/","og_site_name":"\u00cd\u00fer\u00f3ttaf\u00e9lagi\u00f0 Gr\u00f3tta","article_publisher":"https:\/\/www.facebook.com\/grottasport","article_published_time":"2022-06-03T17:33:54+00:00","article_modified_time":"2022-06-03T17:33:57+00:00","og_image":[{"width":2048,"height":1463,"url":"https:\/\/grotta.is\/wp-content\/uploads\/2022\/06\/Robbi-Gunn.jpg","type":"image\/jpeg"}],"author":"Andri Sigf\u00fasson","twitter_card":"summary_large_image","twitter_misc":{"Written by":"Andri Sigf\u00fasson","Est. reading time":"2 minutes"},"schema":{"@context":"https:\/\/schema.org","@graph":[{"@type":"Article","@id":"https:\/\/grotta.is\/handknattleiksdeild\/robbi-gunn-thjalfar-grottu\/#article","isPartOf":{"@id":"https:\/\/grotta.is\/handknattleiksdeild\/robbi-gunn-thjalfar-grottu\/"},"author":{"name":"Andri Sigf\u00fasson","@id":"https:\/\/grotta.is\/#\/schema\/person\/b21e9d5dfd92c90211e343e8d7252b1c"},"headline":"Robbi Gunn \u00fej\u00e1lfar Gr\u00f3ttu","datePublished":"2022-06-03T17:33:54+00:00","dateModified":"2022-06-03T17:33:57+00:00","mainEntityOfPage":{"@id":"https:\/\/grotta.is\/handknattleiksdeild\/robbi-gunn-thjalfar-grottu\/"},"wordCount":289,"publisher":{"@id":"https:\/\/grotta.is\/#organization"},"image":{"@id":"https:\/\/grotta.is\/handknattleiksdeild\/robbi-gunn-thjalfar-grottu\/#primaryimage"},"thumbnailUrl":"https:\/\/grotta.is\/wp-content\/uploads\/2022\/06\/Robbi-Gunn.jpg","keywords":["Handbolti","Mfl.kk"],"articleSection":["Handknattleiksdeild"],"inLanguage":"en-US"},{"@type":"WebPage","@id":"https:\/\/grotta.is\/handknattleiksdeild\/robbi-gunn-thjalfar-grottu\/","url":"https:\/\/grotta.is\/handknattleiksdeild\/robbi-gunn-thjalfar-grottu\/","name":"Robbi Gunn \u00fej\u00e1lfar Gr\u00f3ttu - \u00cd\u00fer\u00f3ttaf\u00e9lagi\u00f0 Gr\u00f3tta","isPartOf":{"@id":"https:\/\/grotta.is\/#website"},"primaryImageOfPage":{"@id":"https:\/\/grotta.is\/handknattleiksdeild\/robbi-gunn-thjalfar-grottu\/#primaryimage"},"image":{"@id":"https:\/\/grotta.is\/handknattleiksdeild\/robbi-gunn-thjalfar-grottu\/#primaryimage"},"thumbnailUrl":"https:\/\/grotta.is\/wp-content\/uploads\/2022\/06\/Robbi-Gunn.jpg","datePublished":"2022-06-03T17:33:54+00:00","dateModified":"2022-06-03T17:33:57+00:00","breadcrumb":{"@id":"https:\/\/grotta.is\/handknattleiksdeild\/robbi-gunn-thjalfar-grottu\/#breadcrumb"},"inLanguage":"en-US","potentialAction":[{"@type":"ReadAction","target":["https:\/\/grotta.is\/handknattleiksdeild\/robbi-gunn-thjalfar-grottu\/"]}]},{"@type":"ImageObject","inLanguage":"en-US","@id":"https:\/\/grotta.is\/handknattleiksdeild\/robbi-gunn-thjalfar-grottu\/#primaryimage","url":"https:\/\/grotta.is\/wp-content\/uploads\/2022\/06\/Robbi-Gunn.jpg","contentUrl":"https:\/\/grotta.is\/wp-content\/uploads\/2022\/06\/Robbi-Gunn.jpg","width":2048,"height":1463},{"@type":"BreadcrumbList","@id":"https:\/\/grotta.is\/handknattleiksdeild\/robbi-gunn-thjalfar-grottu\/#breadcrumb","itemListElement":[{"@type":"ListItem","position":1,"name":"Home","item":"https:\/\/grotta.is\/"},{"@type":"ListItem","position":2,"name":"Robbi Gunn \u00fej\u00e1lfar Gr\u00f3ttu"}]},{"@type":"WebSite","@id":"https:\/\/grotta.is\/#website","url":"https:\/\/grotta.is\/","name":"\u00cd\u00fer\u00f3ttaf\u00e9lagi\u00f0 Gr\u00f3tta","description":"\u00e1 Seltjarnarnesi","publisher":{"@id":"https:\/\/grotta.is\/#organization"},"potentialAction":[{"@type":"SearchAction","target":{"@type":"EntryPoint","urlTemplate":"https:\/\/grotta.is\/?s={search_term_string}"},"query-input":{"@type":"PropertyValueSpecification","valueRequired":true,"valueName":"search_term_string"}}],"inLanguage":"en-US"},{"@type":"Organization","@id":"https:\/\/grotta.is\/#organization","name":"\u00cd\u00fer\u00f3ttaf\u00e9lagi\u00f0 Gr\u00f3tta","url":"https:\/\/grotta.is\/","logo":{"@type":"ImageObject","inLanguage":"en-US","@id":"https:\/\/grotta.is\/#\/schema\/logo\/image\/","url":"https:\/\/grotta.is\/wp-content\/uploads\/2020\/02\/ithrottafelagidgrotta_logo_512x512_transparent.png","contentUrl":"https:\/\/grotta.is\/wp-content\/uploads\/2020\/02\/ithrottafelagidgrotta_logo_512x512_transparent.png","width":512,"height":512,"caption":"\u00cd\u00fer\u00f3ttaf\u00e9lagi\u00f0 Gr\u00f3tta"},"image":{"@id":"https:\/\/grotta.is\/#\/schema\/logo\/image\/"},"sameAs":["https:\/\/www.facebook.com\/grottasport"]},{"@type":"Person","@id":"https:\/\/grotta.is\/#\/schema\/person\/b21e9d5dfd92c90211e343e8d7252b1c","name":"Andri Sigf\u00fasson","url":"https:\/\/grotta.is\/en\/author\/andri\/"}]}},"_links":{"self":[{"href":"https:\/\/grotta.is\/en\/wp-json\/wp\/v2\/posts\/382219","targetHints":{"allow":["GET"]}}],"collection":[{"href":"https:\/\/grotta.is\/en\/wp-json\/wp\/v2\/posts"}],"about":[{"href":"https:\/\/grotta.is\/en\/wp-json\/wp\/v2\/types\/post"}],"author":[{"embeddable":true,"href":"https:\/\/grotta.is\/en\/wp-json\/wp\/v2\/users\/10"}],"replies":[{"embeddable":true,"href":"https:\/\/grotta.is\/en\/wp-json\/wp\/v2\/comments?post=382219"}],"version-history":[{"count":1,"href":"https:\/\/grotta.is\/en\/wp-json\/wp\/v2\/posts\/382219\/revisions"}],"predecessor-version":[{"id":382221,"href":"https:\/\/grotta.is\/en\/wp-json\/wp\/v2\/posts\/382219\/revisions\/382221"}],"wp:featuredmedia":[{"embeddable":true,"href":"https:\/\/grotta.is\/en\/wp-json\/wp\/v2\/media\/382220"}],"wp:attachment":[{"href":"https:\/\/grotta.is\/en\/wp-json\/wp\/v2\/media?parent=382219"}],"wp:term":[{"taxonomy":"category","embeddable":true,"href":"https:\/\/grotta.is\/en\/wp-json\/wp\/v2\/categories?post=382219"},{"taxonomy":"post_tag","embeddable":true,"href":"https:\/\/grotta.is\/en\/wp-json\/wp\/v2\/tags?post=382219"}],"curies":[{"name":"wp","href":"https:\/\/api.w.org\/{rel}","templated":true}]}}