{"id":3809,"date":"2020-05-06T22:56:41","date_gmt":"2020-05-06T22:56:41","guid":{"rendered":"https:\/\/grotta.is\/?p=3809"},"modified":"2020-05-21T22:18:25","modified_gmt":"2020-05-21T22:18:25","slug":"knattspyrnuskoli-grottu-fyrir-krakka-faedd-arid-2010-til-2014","status":"publish","type":"post","link":"https:\/\/grotta.is\/en\/knattspyrnudeild\/knattspyrnuskoli-grottu-fyrir-krakka-faedd-arid-2010-til-2014\/","title":{"rendered":"Knattspyrnusk\u00f3li Gr\u00f3ttu fyrir krakka f\u00e6dd \u00e1ri\u00f0 2010 til 2014"},"content":{"rendered":"<div data-elementor-type=\"wp-post\" data-elementor-id=\"3809\" class=\"elementor elementor-3809\" data-elementor-post-type=\"post\">\n\t\t\t\t<section class=\"elementor-section elementor-top-section elementor-element elementor-element-2f7b6e40 elementor-section-boxed elementor-section-height-default elementor-section-height-default\" data-id=\"2f7b6e40\" data-element_type=\"section\">\n\t\t\t\t\t\t<div class=\"elementor-container elementor-column-gap-default\">\n\t\t\t\t\t<div class=\"elementor-column elementor-col-100 elementor-top-column elementor-element elementor-element-178f29a\" data-id=\"178f29a\" data-element_type=\"column\">\n\t\t\t<div class=\"elementor-widget-wrap elementor-element-populated\">\n\t\t\t\t\t\t<div class=\"elementor-element elementor-element-1b1655d1 elementor-widget elementor-widget-text-editor\" data-id=\"1b1655d1\" data-element_type=\"widget\" data-widget_type=\"text-editor.default\">\n\t\t\t\t<div class=\"elementor-widget-container\"><p>Allir eru velkomnir \u00ed Knattspyrnusk\u00f3la Gr\u00f3ttu, jafnt i\u00f0kendur sem hafa \u00e6ft lengi sem og krakkar sem hafa \u00e1huga \u00e1 a\u00f0 pr\u00f3fa f\u00f3tbolta \u00ed fyrsta skipti. Knattspyrnusk\u00f3linn hefur veri\u00f0 starfr\u00e6ktur samfellt fr\u00e1 \u00e1rinu 1986 og hloti\u00f0 g\u00e6\u00f0avottun KS\u00cd \u00e1r eftir \u00e1r.<\/p><p>Knattspyrnusk\u00f3linn ver\u00f0ur starfr\u00e6ktur \u00e1 Vivaldivellinum vi\u00f0 Su\u00f0urstr\u00f6nd fr\u00e1 <strong>kl. 09:00 \u2013 12:00<\/strong> alla virka daga fr\u00e1 sk\u00f3lalokum til verslunarmannahelgar. Teki\u00f0 er \u00e1 m\u00f3ti b\u00f6rnunum fr\u00e1 <strong>kl. 08:00<\/strong> og ver\u00f0a b\u00f6rn f\u00e6dd \u00e1ri\u00f0 2014 s\u00f3tt \u00ed leiksk\u00f3lann og \u00feeim fylgt til baka a\u00f0 n\u00e1mskei\u00f0i loknu.<\/p><p>Sk\u00f3lastj\u00f3ri knattspyrnusk\u00f3lans ver\u00f0ur J\u00f3runn Mar\u00eda \u00deorsteinsd\u00f3ttir Bachmann, verkefnastj\u00f3ri knattspyrnudeildarinnar, leikma\u00f0ur meistaraflokks kvenna og \u00fej\u00e1lfari 7. fl. kvk \u00e1samt g\u00f3\u00f0u f\u00f6runeyti \u00fej\u00e1lfara og unglinga. L\u00f6g\u00f0 ver\u00f0ur \u00e1hersla \u00e1 a\u00f0 kenna f\u00f3tbolta \u00ed gegnum skemmtilega leiki og \u00e6fingar og ver\u00f0ur \u00fdmislegt til gamans gert \u00e1 \u00f6llum n\u00e1mskei\u00f0unum.<\/p><ul class=\"wp-block-list\">\n<li><strong>N\u00e1mskei\u00f0 1<\/strong> 10. j\u00fan\u00ed \u2013 19. j\u00fan\u00ed 5.530kr<\/li>\n<li><strong>N\u00e1mskei\u00f0 2<\/strong> 22. j\u00fan\u00ed \u2013 3. j\u00fal\u00ed 7.900kr<\/li>\n<li><strong>N\u00e1mskei\u00f0 3<\/strong> 6. j\u00fal\u00ed \u2013 17. j\u00fal\u00ed 7.900kr<\/li>\n<li><strong>N\u00e1mskei\u00f0 4<\/strong> 20. j\u00fal\u00ed \u2013 31. j\u00fal\u00ed 7.900kr<\/li>\n<\/ul><p>B\u00f6rn f\u00e6dd 2014 s\u00f3tt \u00ed leiksk\u00f3lann.<\/p><p>Athugi\u00f0! L\u00edkt og \u00e1ri\u00f0 2019 ver\u00f0a \u00e6fingar hj\u00e1 7. flokki beint \u00e1 eftir knattspyrnusk\u00f3lanum e\u00f0a kl. 12:00.<\/p><p>Krakkar sem eru \u00e1 leikjan\u00e1mskei\u00f0i eftir h\u00e1degi munu a\u00f0 sj\u00e1lfs\u00f6g\u00f0u f\u00e1 a\u00f0 fara fyrr af \u00e6fingunni.<\/p><p><strong>Auka\u00fej\u00f3nusta &#8211; fyrir krakka f\u00e6dda 2006 til 2009<\/strong><\/p><p>Knattspyrnudeild Gr\u00f3ttu mun bj\u00f3\u00f0a upp \u00e1 auka\u00fej\u00f3nustu \u00ed sta\u00f0 knattspyrnuakadem\u00edu sem hefur veri\u00f0 undanfarin \u00e1r. \u00dej\u00f3nustan ver\u00f0ur augl\u00fdst n\u00e1nar s\u00ed\u00f0ar.<\/p><p>Innritun fer fram \u00ed gegnum rafr\u00e6nt skr\u00e1ningakerfi Gr\u00f3ttu, N\u00f3ra <strong><a href=\"https:\/\/grotta.felog.is\" target=\"_blank\" rel=\"noreferrer noopener\">grotta.felog.is<\/a><\/strong><\/p><p>Uppl\u00fdsingar f\u00e1st einnig \u00e1 skrifstofu Gr\u00f3ttu \u00ed s\u00edma <a href=\"tel:561-1133\">561-1133<\/a> \u00e1 milli kl 13:00 og 16:00 e\u00f0a me\u00f0 \u00fev\u00ed a\u00f0 senda t\u00f6lvup\u00f3st \u00e1 netfangi\u00f0 <a href=\"mailto:gullijons@grotta.is\">gullijons@grotta.is<\/a>, <a href=\"mailto:jonap@seltjarnarnes.is\">jonap@seltjarnarnes.is<\/a> e\u00f0a <a href=\"mailto:laufeyg@seltjarnarnes.is\">laufeyg@seltjarnarnes.is<\/a><\/p><\/div>\n\t\t\t\t<\/div>\n\t\t\t\t\t<\/div>\n\t\t<\/div>\n\t\t\t\t\t<\/div>\n\t\t<\/section>\t\t<\/div>","protected":false},"excerpt":{"rendered":"<p>Allir eru velkomnir \u00ed Knattspyrnusk\u00f3la Gr\u00f3ttu, jafnt i\u00f0kendur sem hafa \u00e6ft lengi sem og krakkar sem hafa \u00e1huga \u00e1 a\u00f0 pr\u00f3fa f\u00f3tbolta \u00ed fyrsta skipti.<\/p>","protected":false},"author":2,"featured_media":447,"comment_status":"closed","ping_status":"closed","sticky":false,"template":"","format":"standard","meta":{"footnotes":""},"categories":[7],"tags":[6,47,31],"class_list":["post-3809","post","type-post","status-publish","format-standard","has-post-thumbnail","hentry","category-knattspyrnudeild","tag-knattspyrna","tag-knattspyrnuskolinn","tag-namskeid"],"yoast_head":"<!-- This site is optimized with the Yoast SEO plugin v24.3 - https:\/\/yoast.com\/wordpress\/plugins\/seo\/ -->\n<title>Knattspyrnusk\u00f3li Gr\u00f3ttu fyrir krakka f\u00e6dd \u00e1ri\u00f0 2010 til 2014 - \u00cd\u00fer\u00f3ttaf\u00e9lagi\u00f0 Gr\u00f3tta<\/title>\n<meta name=\"robots\" content=\"index, follow, max-snippet:-1, max-image-preview:large, max-video-preview:-1\" \/>\n<link rel=\"canonical\" href=\"https:\/\/grotta.is\/en\/knattspyrnudeild\/knattspyrnuskoli-grottu-fyrir-krakka-faedd-arid-2010-til-2014\/\" \/>\n<meta property=\"og:locale\" content=\"en_US\" \/>\n<meta property=\"og:type\" content=\"article\" \/>\n<meta property=\"og:title\" content=\"Knattspyrnusk\u00f3li Gr\u00f3ttu fyrir krakka f\u00e6dd \u00e1ri\u00f0 2010 til 2014 - \u00cd\u00fer\u00f3ttaf\u00e9lagi\u00f0 Gr\u00f3tta\" \/>\n<meta property=\"og:description\" content=\"Allir eru velkomnir \u00ed Knattspyrnusk\u00f3la Gr\u00f3ttu, jafnt i\u00f0kendur sem hafa \u00e6ft lengi sem og krakkar sem hafa \u00e1huga \u00e1 a\u00f0 pr\u00f3fa f\u00f3tbolta \u00ed fyrsta skipti.\" \/>\n<meta property=\"og:url\" content=\"https:\/\/grotta.is\/en\/knattspyrnudeild\/knattspyrnuskoli-grottu-fyrir-krakka-faedd-arid-2010-til-2014\/\" \/>\n<meta property=\"og:site_name\" content=\"\u00cd\u00fer\u00f3ttaf\u00e9lagi\u00f0 Gr\u00f3tta\" \/>\n<meta property=\"article:publisher\" content=\"https:\/\/www.facebook.com\/grottasport\" \/>\n<meta property=\"article:published_time\" content=\"2020-05-06T22:56:41+00:00\" \/>\n<meta property=\"article:modified_time\" content=\"2020-05-21T22:18:25+00:00\" \/>\n<meta property=\"og:image\" content=\"https:\/\/grotta.is\/wp-content\/uploads\/2020\/02\/Knattspyrnudeild_grotta_Frettir_yngriflokkar_13.jpg\" \/>\n\t<meta property=\"og:image:width\" content=\"1024\" \/>\n\t<meta property=\"og:image:height\" content=\"536\" \/>\n\t<meta property=\"og:image:type\" content=\"image\/jpeg\" \/>\n<meta name=\"author\" content=\"Grotta\" \/>\n<meta name=\"twitter:card\" content=\"summary_large_image\" \/>\n<meta name=\"twitter:label1\" content=\"Written by\" \/>\n\t<meta name=\"twitter:data1\" content=\"Grotta\" \/>\n\t<meta name=\"twitter:label2\" content=\"Est. reading time\" \/>\n\t<meta name=\"twitter:data2\" content=\"2 minutes\" \/>\n<script type=\"application\/ld+json\" class=\"yoast-schema-graph\">{\"@context\":\"https:\/\/schema.org\",\"@graph\":[{\"@type\":\"Article\",\"@id\":\"https:\/\/grotta.is\/knattspyrnudeild\/knattspyrnuskoli-grottu-fyrir-krakka-faedd-arid-2010-til-2014\/#article\",\"isPartOf\":{\"@id\":\"https:\/\/grotta.is\/knattspyrnudeild\/knattspyrnuskoli-grottu-fyrir-krakka-faedd-arid-2010-til-2014\/\"},\"author\":{\"name\":\"Grotta\",\"@id\":\"https:\/\/grotta.is\/#\/schema\/person\/08ec57bf09ee925f1b6a01540c14a5ce\"},\"headline\":\"Knattspyrnusk\u00f3li Gr\u00f3ttu fyrir krakka f\u00e6dd \u00e1ri\u00f0 2010 til 2014\",\"datePublished\":\"2020-05-06T22:56:41+00:00\",\"dateModified\":\"2020-05-21T22:18:25+00:00\",\"mainEntityOfPage\":{\"@id\":\"https:\/\/grotta.is\/knattspyrnudeild\/knattspyrnuskoli-grottu-fyrir-krakka-faedd-arid-2010-til-2014\/\"},\"wordCount\":326,\"publisher\":{\"@id\":\"https:\/\/grotta.is\/#organization\"},\"image\":{\"@id\":\"https:\/\/grotta.is\/knattspyrnudeild\/knattspyrnuskoli-grottu-fyrir-krakka-faedd-arid-2010-til-2014\/#primaryimage\"},\"thumbnailUrl\":\"https:\/\/grotta.is\/wp-content\/uploads\/2020\/02\/Knattspyrnudeild_grotta_Frettir_yngriflokkar_13.jpg\",\"keywords\":[\"Knattspyrna\",\"Knattspyrnusk\u00f3linn\",\"N\u00e1mskei\u00f0\"],\"articleSection\":[\"Knattspyrnudeild\"],\"inLanguage\":\"en-US\"},{\"@type\":\"WebPage\",\"@id\":\"https:\/\/grotta.is\/knattspyrnudeild\/knattspyrnuskoli-grottu-fyrir-krakka-faedd-arid-2010-til-2014\/\",\"url\":\"https:\/\/grotta.is\/knattspyrnudeild\/knattspyrnuskoli-grottu-fyrir-krakka-faedd-arid-2010-til-2014\/\",\"name\":\"Knattspyrnusk\u00f3li Gr\u00f3ttu fyrir krakka f\u00e6dd \u00e1ri\u00f0 2010 til 2014 - \u00cd\u00fer\u00f3ttaf\u00e9lagi\u00f0 Gr\u00f3tta\",\"isPartOf\":{\"@id\":\"https:\/\/grotta.is\/#website\"},\"primaryImageOfPage\":{\"@id\":\"https:\/\/grotta.is\/knattspyrnudeild\/knattspyrnuskoli-grottu-fyrir-krakka-faedd-arid-2010-til-2014\/#primaryimage\"},\"image\":{\"@id\":\"https:\/\/grotta.is\/knattspyrnudeild\/knattspyrnuskoli-grottu-fyrir-krakka-faedd-arid-2010-til-2014\/#primaryimage\"},\"thumbnailUrl\":\"https:\/\/grotta.is\/wp-content\/uploads\/2020\/02\/Knattspyrnudeild_grotta_Frettir_yngriflokkar_13.jpg\",\"datePublished\":\"2020-05-06T22:56:41+00:00\",\"dateModified\":\"2020-05-21T22:18:25+00:00\",\"breadcrumb\":{\"@id\":\"https:\/\/grotta.is\/knattspyrnudeild\/knattspyrnuskoli-grottu-fyrir-krakka-faedd-arid-2010-til-2014\/#breadcrumb\"},\"inLanguage\":\"en-US\",\"potentialAction\":[{\"@type\":\"ReadAction\",\"target\":[\"https:\/\/grotta.is\/knattspyrnudeild\/knattspyrnuskoli-grottu-fyrir-krakka-faedd-arid-2010-til-2014\/\"]}]},{\"@type\":\"ImageObject\",\"inLanguage\":\"en-US\",\"@id\":\"https:\/\/grotta.is\/knattspyrnudeild\/knattspyrnuskoli-grottu-fyrir-krakka-faedd-arid-2010-til-2014\/#primaryimage\",\"url\":\"https:\/\/grotta.is\/wp-content\/uploads\/2020\/02\/Knattspyrnudeild_grotta_Frettir_yngriflokkar_13.jpg\",\"contentUrl\":\"https:\/\/grotta.is\/wp-content\/uploads\/2020\/02\/Knattspyrnudeild_grotta_Frettir_yngriflokkar_13.jpg\",\"width\":1024,\"height\":536},{\"@type\":\"BreadcrumbList\",\"@id\":\"https:\/\/grotta.is\/knattspyrnudeild\/knattspyrnuskoli-grottu-fyrir-krakka-faedd-arid-2010-til-2014\/#breadcrumb\",\"itemListElement\":[{\"@type\":\"ListItem\",\"position\":1,\"name\":\"Home\",\"item\":\"https:\/\/grotta.is\/\"},{\"@type\":\"ListItem\",\"position\":2,\"name\":\"Knattspyrnusk\u00f3li Gr\u00f3ttu fyrir krakka f\u00e6dd \u00e1ri\u00f0 2010 til 2014\"}]},{\"@type\":\"WebSite\",\"@id\":\"https:\/\/grotta.is\/#website\",\"url\":\"https:\/\/grotta.is\/\",\"name\":\"\u00cd\u00fer\u00f3ttaf\u00e9lagi\u00f0 Gr\u00f3tta\",\"description\":\"\u00e1 Seltjarnarnesi\",\"publisher\":{\"@id\":\"https:\/\/grotta.is\/#organization\"},\"potentialAction\":[{\"@type\":\"SearchAction\",\"target\":{\"@type\":\"EntryPoint\",\"urlTemplate\":\"https:\/\/grotta.is\/?s={search_term_string}\"},\"query-input\":{\"@type\":\"PropertyValueSpecification\",\"valueRequired\":true,\"valueName\":\"search_term_string\"}}],\"inLanguage\":\"en-US\"},{\"@type\":\"Organization\",\"@id\":\"https:\/\/grotta.is\/#organization\",\"name\":\"\u00cd\u00fer\u00f3ttaf\u00e9lagi\u00f0 Gr\u00f3tta\",\"url\":\"https:\/\/grotta.is\/\",\"logo\":{\"@type\":\"ImageObject\",\"inLanguage\":\"en-US\",\"@id\":\"https:\/\/grotta.is\/#\/schema\/logo\/image\/\",\"url\":\"https:\/\/grotta.is\/wp-content\/uploads\/2020\/02\/ithrottafelagidgrotta_logo_512x512_transparent.png\",\"contentUrl\":\"https:\/\/grotta.is\/wp-content\/uploads\/2020\/02\/ithrottafelagidgrotta_logo_512x512_transparent.png\",\"width\":512,\"height\":512,\"caption\":\"\u00cd\u00fer\u00f3ttaf\u00e9lagi\u00f0 Gr\u00f3tta\"},\"image\":{\"@id\":\"https:\/\/grotta.is\/#\/schema\/logo\/image\/\"},\"sameAs\":[\"https:\/\/www.facebook.com\/grottasport\"]},{\"@type\":\"Person\",\"@id\":\"https:\/\/grotta.is\/#\/schema\/person\/08ec57bf09ee925f1b6a01540c14a5ce\",\"name\":\"Grotta\",\"url\":\"https:\/\/grotta.is\/en\/author\/inga\/\"}]}<\/script>\n<!-- \/ Yoast SEO plugin. -->","yoast_head_json":{"title":"Knattspyrnusk\u00f3li Gr\u00f3ttu fyrir krakka f\u00e6dd \u00e1ri\u00f0 2010 til 2014 - \u00cd\u00fer\u00f3ttaf\u00e9lagi\u00f0 Gr\u00f3tta","robots":{"index":"index","follow":"follow","max-snippet":"max-snippet:-1","max-image-preview":"max-image-preview:large","max-video-preview":"max-video-preview:-1"},"canonical":"https:\/\/grotta.is\/en\/knattspyrnudeild\/knattspyrnuskoli-grottu-fyrir-krakka-faedd-arid-2010-til-2014\/","og_locale":"en_US","og_type":"article","og_title":"Knattspyrnusk\u00f3li Gr\u00f3ttu fyrir krakka f\u00e6dd \u00e1ri\u00f0 2010 til 2014 - \u00cd\u00fer\u00f3ttaf\u00e9lagi\u00f0 Gr\u00f3tta","og_description":"Allir eru velkomnir \u00ed Knattspyrnusk\u00f3la Gr\u00f3ttu, jafnt i\u00f0kendur sem hafa \u00e6ft lengi sem og krakkar sem hafa \u00e1huga \u00e1 a\u00f0 pr\u00f3fa f\u00f3tbolta \u00ed fyrsta skipti.","og_url":"https:\/\/grotta.is\/en\/knattspyrnudeild\/knattspyrnuskoli-grottu-fyrir-krakka-faedd-arid-2010-til-2014\/","og_site_name":"\u00cd\u00fer\u00f3ttaf\u00e9lagi\u00f0 Gr\u00f3tta","article_publisher":"https:\/\/www.facebook.com\/grottasport","article_published_time":"2020-05-06T22:56:41+00:00","article_modified_time":"2020-05-21T22:18:25+00:00","og_image":[{"width":1024,"height":536,"url":"https:\/\/grotta.is\/wp-content\/uploads\/2020\/02\/Knattspyrnudeild_grotta_Frettir_yngriflokkar_13.jpg","type":"image\/jpeg"}],"author":"Grotta","twitter_card":"summary_large_image","twitter_misc":{"Written by":"Grotta","Est. reading time":"2 minutes"},"schema":{"@context":"https:\/\/schema.org","@graph":[{"@type":"Article","@id":"https:\/\/grotta.is\/knattspyrnudeild\/knattspyrnuskoli-grottu-fyrir-krakka-faedd-arid-2010-til-2014\/#article","isPartOf":{"@id":"https:\/\/grotta.is\/knattspyrnudeild\/knattspyrnuskoli-grottu-fyrir-krakka-faedd-arid-2010-til-2014\/"},"author":{"name":"Grotta","@id":"https:\/\/grotta.is\/#\/schema\/person\/08ec57bf09ee925f1b6a01540c14a5ce"},"headline":"Knattspyrnusk\u00f3li Gr\u00f3ttu fyrir krakka f\u00e6dd \u00e1ri\u00f0 2010 til 2014","datePublished":"2020-05-06T22:56:41+00:00","dateModified":"2020-05-21T22:18:25+00:00","mainEntityOfPage":{"@id":"https:\/\/grotta.is\/knattspyrnudeild\/knattspyrnuskoli-grottu-fyrir-krakka-faedd-arid-2010-til-2014\/"},"wordCount":326,"publisher":{"@id":"https:\/\/grotta.is\/#organization"},"image":{"@id":"https:\/\/grotta.is\/knattspyrnudeild\/knattspyrnuskoli-grottu-fyrir-krakka-faedd-arid-2010-til-2014\/#primaryimage"},"thumbnailUrl":"https:\/\/grotta.is\/wp-content\/uploads\/2020\/02\/Knattspyrnudeild_grotta_Frettir_yngriflokkar_13.jpg","keywords":["Knattspyrna","Knattspyrnusk\u00f3linn","N\u00e1mskei\u00f0"],"articleSection":["Knattspyrnudeild"],"inLanguage":"en-US"},{"@type":"WebPage","@id":"https:\/\/grotta.is\/knattspyrnudeild\/knattspyrnuskoli-grottu-fyrir-krakka-faedd-arid-2010-til-2014\/","url":"https:\/\/grotta.is\/knattspyrnudeild\/knattspyrnuskoli-grottu-fyrir-krakka-faedd-arid-2010-til-2014\/","name":"Knattspyrnusk\u00f3li Gr\u00f3ttu fyrir krakka f\u00e6dd \u00e1ri\u00f0 2010 til 2014 - \u00cd\u00fer\u00f3ttaf\u00e9lagi\u00f0 Gr\u00f3tta","isPartOf":{"@id":"https:\/\/grotta.is\/#website"},"primaryImageOfPage":{"@id":"https:\/\/grotta.is\/knattspyrnudeild\/knattspyrnuskoli-grottu-fyrir-krakka-faedd-arid-2010-til-2014\/#primaryimage"},"image":{"@id":"https:\/\/grotta.is\/knattspyrnudeild\/knattspyrnuskoli-grottu-fyrir-krakka-faedd-arid-2010-til-2014\/#primaryimage"},"thumbnailUrl":"https:\/\/grotta.is\/wp-content\/uploads\/2020\/02\/Knattspyrnudeild_grotta_Frettir_yngriflokkar_13.jpg","datePublished":"2020-05-06T22:56:41+00:00","dateModified":"2020-05-21T22:18:25+00:00","breadcrumb":{"@id":"https:\/\/grotta.is\/knattspyrnudeild\/knattspyrnuskoli-grottu-fyrir-krakka-faedd-arid-2010-til-2014\/#breadcrumb"},"inLanguage":"en-US","potentialAction":[{"@type":"ReadAction","target":["https:\/\/grotta.is\/knattspyrnudeild\/knattspyrnuskoli-grottu-fyrir-krakka-faedd-arid-2010-til-2014\/"]}]},{"@type":"ImageObject","inLanguage":"en-US","@id":"https:\/\/grotta.is\/knattspyrnudeild\/knattspyrnuskoli-grottu-fyrir-krakka-faedd-arid-2010-til-2014\/#primaryimage","url":"https:\/\/grotta.is\/wp-content\/uploads\/2020\/02\/Knattspyrnudeild_grotta_Frettir_yngriflokkar_13.jpg","contentUrl":"https:\/\/grotta.is\/wp-content\/uploads\/2020\/02\/Knattspyrnudeild_grotta_Frettir_yngriflokkar_13.jpg","width":1024,"height":536},{"@type":"BreadcrumbList","@id":"https:\/\/grotta.is\/knattspyrnudeild\/knattspyrnuskoli-grottu-fyrir-krakka-faedd-arid-2010-til-2014\/#breadcrumb","itemListElement":[{"@type":"ListItem","position":1,"name":"Home","item":"https:\/\/grotta.is\/"},{"@type":"ListItem","position":2,"name":"Knattspyrnusk\u00f3li Gr\u00f3ttu fyrir krakka f\u00e6dd \u00e1ri\u00f0 2010 til 2014"}]},{"@type":"WebSite","@id":"https:\/\/grotta.is\/#website","url":"https:\/\/grotta.is\/","name":"\u00cd\u00fer\u00f3ttaf\u00e9lagi\u00f0 Gr\u00f3tta","description":"\u00e1 Seltjarnarnesi","publisher":{"@id":"https:\/\/grotta.is\/#organization"},"potentialAction":[{"@type":"SearchAction","target":{"@type":"EntryPoint","urlTemplate":"https:\/\/grotta.is\/?s={search_term_string}"},"query-input":{"@type":"PropertyValueSpecification","valueRequired":true,"valueName":"search_term_string"}}],"inLanguage":"en-US"},{"@type":"Organization","@id":"https:\/\/grotta.is\/#organization","name":"\u00cd\u00fer\u00f3ttaf\u00e9lagi\u00f0 Gr\u00f3tta","url":"https:\/\/grotta.is\/","logo":{"@type":"ImageObject","inLanguage":"en-US","@id":"https:\/\/grotta.is\/#\/schema\/logo\/image\/","url":"https:\/\/grotta.is\/wp-content\/uploads\/2020\/02\/ithrottafelagidgrotta_logo_512x512_transparent.png","contentUrl":"https:\/\/grotta.is\/wp-content\/uploads\/2020\/02\/ithrottafelagidgrotta_logo_512x512_transparent.png","width":512,"height":512,"caption":"\u00cd\u00fer\u00f3ttaf\u00e9lagi\u00f0 Gr\u00f3tta"},"image":{"@id":"https:\/\/grotta.is\/#\/schema\/logo\/image\/"},"sameAs":["https:\/\/www.facebook.com\/grottasport"]},{"@type":"Person","@id":"https:\/\/grotta.is\/#\/schema\/person\/08ec57bf09ee925f1b6a01540c14a5ce","name":"Grotta","url":"https:\/\/grotta.is\/en\/author\/inga\/"}]}},"_links":{"self":[{"href":"https:\/\/grotta.is\/en\/wp-json\/wp\/v2\/posts\/3809","targetHints":{"allow":["GET"]}}],"collection":[{"href":"https:\/\/grotta.is\/en\/wp-json\/wp\/v2\/posts"}],"about":[{"href":"https:\/\/grotta.is\/en\/wp-json\/wp\/v2\/types\/post"}],"author":[{"embeddable":true,"href":"https:\/\/grotta.is\/en\/wp-json\/wp\/v2\/users\/2"}],"replies":[{"embeddable":true,"href":"https:\/\/grotta.is\/en\/wp-json\/wp\/v2\/comments?post=3809"}],"version-history":[{"count":12,"href":"https:\/\/grotta.is\/en\/wp-json\/wp\/v2\/posts\/3809\/revisions"}],"predecessor-version":[{"id":7997,"href":"https:\/\/grotta.is\/en\/wp-json\/wp\/v2\/posts\/3809\/revisions\/7997"}],"wp:featuredmedia":[{"embeddable":true,"href":"https:\/\/grotta.is\/en\/wp-json\/wp\/v2\/media\/447"}],"wp:attachment":[{"href":"https:\/\/grotta.is\/en\/wp-json\/wp\/v2\/media?parent=3809"}],"wp:term":[{"taxonomy":"category","embeddable":true,"href":"https:\/\/grotta.is\/en\/wp-json\/wp\/v2\/categories?post=3809"},{"taxonomy":"post_tag","embeddable":true,"href":"https:\/\/grotta.is\/en\/wp-json\/wp\/v2\/tags?post=3809"}],"curies":[{"name":"wp","href":"https:\/\/api.w.org\/{rel}","templated":true}]}}