{"id":380250,"date":"2022-05-22T21:52:39","date_gmt":"2022-05-22T21:52:39","guid":{"rendered":"https:\/\/grotta.is\/?p=380250"},"modified":"2022-05-22T21:59:25","modified_gmt":"2022-05-22T21:59:25","slug":"grotta-fer-vel-af-stad-i-2-deild-kvenna","status":"publish","type":"post","link":"https:\/\/grotta.is\/en\/knattspyrnudeild\/grotta-fer-vel-af-stad-i-2-deild-kvenna\/","title":{"rendered":"Gr\u00f3tta fer vel af sta\u00f0 \u00ed 2. deild kvenna"},"content":{"rendered":"<p>Meistaraflokkur kvenna fer vel af sta\u00f0 \u00ed 2. deildinni en \u00fe\u00e6r h\u00f3fu leik \u00e1 f\u00f6studagskv\u00f6ld. Gr\u00f3tta t\u00f3k \u00e1 m\u00f3ti \u00cdH \u00ed fyrsta leik \u00cdslandsm\u00f3tsins \u00e1 Vivaldivellinum f\u00f6studaginn 20. ma\u00ed. Heimakonur unnu \u00f6ruggan sigur en leikurinn f\u00f3r 9-1 fyrir Gr\u00f3ttu! M\u00f6rk Gr\u00f3ttu skoru\u00f0u Mar\u00eda Lov\u00edsa J\u00f3nsd\u00f3ttir (2), Tinna Bjarkar J\u00f3nsd\u00f3ttir (2), Bjargey Sigurborg \u00d3lafsson (2), Lilja L\u00edv Margr\u00e9tard\u00f3ttir, Arnfr\u00ed\u00f0ur Au\u00f0ur Arnarsd\u00f3ttir og Lilja Dav\u00ed\u00f0sd\u00f3ttir Scheving.<br>N\u00e6sti leikur hj\u00e1 stelpunum er \u00e1 fimmtudaginn \u00e1 Vopnafir\u00f0i gegn Einherja.<\/p><figure class=\"wp-block-image size-large\"><img fetchpriority=\"high\" decoding=\"async\" width=\"828\" height=\"1024\" src=\"https:\/\/grotta.is\/wp-content\/uploads\/2022\/05\/Screen-Shot-2022-05-22-at-21.53.02-828x1024.jpg\" alt=\"\" class=\"wp-image-380251\" srcset=\"https:\/\/grotta.is\/wp-content\/uploads\/2022\/05\/Screen-Shot-2022-05-22-at-21.53.02-828x1024.jpg 828w, https:\/\/grotta.is\/wp-content\/uploads\/2022\/05\/Screen-Shot-2022-05-22-at-21.53.02-243x300.jpg 243w, https:\/\/grotta.is\/wp-content\/uploads\/2022\/05\/Screen-Shot-2022-05-22-at-21.53.02-768x950.jpg 768w, https:\/\/grotta.is\/wp-content\/uploads\/2022\/05\/Screen-Shot-2022-05-22-at-21.53.02-10x12.png 10w, https:\/\/grotta.is\/wp-content\/uploads\/2022\/05\/Screen-Shot-2022-05-22-at-21.53.02-600x742.jpg 600w, https:\/\/grotta.is\/wp-content\/uploads\/2022\/05\/Screen-Shot-2022-05-22-at-21.53.02.jpg 1014w\" sizes=\"(max-width: 828px) 100vw, 828px\" \/><\/figure>","protected":false},"excerpt":{"rendered":"<p>Meistaraflokkur kvenna fer vel af sta\u00f0 \u00ed 2. deildinni en \u00fe\u00e6r h\u00f3fu leik \u00e1 f\u00f6studagskv\u00f6ld. Gr\u00f3tta t\u00f3k \u00e1 m\u00f3ti \u00cdH \u00ed fyrsta leik \u00cdslandsm\u00f3tsins \u00e1 Vivaldivellinum f\u00f6studaginn 20. ma\u00ed. Heimakonur [&hellip;]<\/p>","protected":false},"author":4,"featured_media":380251,"comment_status":"closed","ping_status":"closed","sticky":false,"template":"","format":"standard","meta":{"footnotes":""},"categories":[7],"tags":[6,18],"class_list":["post-380250","post","type-post","status-publish","format-standard","has-post-thumbnail","hentry","category-knattspyrnudeild","tag-knattspyrna","tag-mfl-kvk"],"yoast_head":"<!-- This site is optimized with the Yoast SEO plugin v24.3 - https:\/\/yoast.com\/wordpress\/plugins\/seo\/ -->\n<title>Gr\u00f3tta fer vel af sta\u00f0 \u00ed 2. deild kvenna - \u00cd\u00fer\u00f3ttaf\u00e9lagi\u00f0 Gr\u00f3tta<\/title>\n<meta name=\"robots\" content=\"index, follow, max-snippet:-1, max-image-preview:large, max-video-preview:-1\" \/>\n<link rel=\"canonical\" href=\"https:\/\/grotta.is\/en\/knattspyrnudeild\/grotta-fer-vel-af-stad-i-2-deild-kvenna\/\" \/>\n<meta property=\"og:locale\" content=\"en_US\" \/>\n<meta property=\"og:type\" content=\"article\" \/>\n<meta property=\"og:title\" content=\"Gr\u00f3tta fer vel af sta\u00f0 \u00ed 2. deild kvenna - \u00cd\u00fer\u00f3ttaf\u00e9lagi\u00f0 Gr\u00f3tta\" \/>\n<meta property=\"og:description\" content=\"Meistaraflokkur kvenna fer vel af sta\u00f0 \u00ed 2. deildinni en \u00fe\u00e6r h\u00f3fu leik \u00e1 f\u00f6studagskv\u00f6ld. Gr\u00f3tta t\u00f3k \u00e1 m\u00f3ti \u00cdH \u00ed fyrsta leik \u00cdslandsm\u00f3tsins \u00e1 Vivaldivellinum f\u00f6studaginn 20. ma\u00ed. Heimakonur [&hellip;]\" \/>\n<meta property=\"og:url\" content=\"https:\/\/grotta.is\/en\/knattspyrnudeild\/grotta-fer-vel-af-stad-i-2-deild-kvenna\/\" \/>\n<meta property=\"og:site_name\" content=\"\u00cd\u00fer\u00f3ttaf\u00e9lagi\u00f0 Gr\u00f3tta\" \/>\n<meta property=\"article:publisher\" content=\"https:\/\/www.facebook.com\/grottasport\" \/>\n<meta property=\"article:published_time\" content=\"2022-05-22T21:52:39+00:00\" \/>\n<meta property=\"article:modified_time\" content=\"2022-05-22T21:59:25+00:00\" \/>\n<meta property=\"og:image\" content=\"https:\/\/grotta.is\/wp-content\/uploads\/2022\/05\/Screen-Shot-2022-05-22-at-21.53.02.jpg\" \/>\n\t<meta property=\"og:image:width\" content=\"1014\" \/>\n\t<meta property=\"og:image:height\" content=\"1254\" \/>\n\t<meta property=\"og:image:type\" content=\"image\/jpeg\" \/>\n<meta name=\"author\" content=\"J\u00f3runn M. \u00deorsteinsd\u00f3ttir\" \/>\n<meta name=\"twitter:card\" content=\"summary_large_image\" \/>\n<meta name=\"twitter:label1\" content=\"Written by\" \/>\n\t<meta name=\"twitter:data1\" content=\"J\u00f3runn M. \u00deorsteinsd\u00f3ttir\" \/>\n\t<meta name=\"twitter:label2\" content=\"Est. reading time\" \/>\n\t<meta name=\"twitter:data2\" content=\"1 minute\" \/>\n<script type=\"application\/ld+json\" class=\"yoast-schema-graph\">{\"@context\":\"https:\/\/schema.org\",\"@graph\":[{\"@type\":\"Article\",\"@id\":\"https:\/\/grotta.is\/knattspyrnudeild\/grotta-fer-vel-af-stad-i-2-deild-kvenna\/#article\",\"isPartOf\":{\"@id\":\"https:\/\/grotta.is\/knattspyrnudeild\/grotta-fer-vel-af-stad-i-2-deild-kvenna\/\"},\"author\":{\"name\":\"J\u00f3runn M. \u00deorsteinsd\u00f3ttir\",\"@id\":\"https:\/\/grotta.is\/#\/schema\/person\/f1fea6a85a554e8069771c3486efbd84\"},\"headline\":\"Gr\u00f3tta fer vel af sta\u00f0 \u00ed 2. deild kvenna\",\"datePublished\":\"2022-05-22T21:52:39+00:00\",\"dateModified\":\"2022-05-22T21:59:25+00:00\",\"mainEntityOfPage\":{\"@id\":\"https:\/\/grotta.is\/knattspyrnudeild\/grotta-fer-vel-af-stad-i-2-deild-kvenna\/\"},\"wordCount\":100,\"publisher\":{\"@id\":\"https:\/\/grotta.is\/#organization\"},\"image\":{\"@id\":\"https:\/\/grotta.is\/knattspyrnudeild\/grotta-fer-vel-af-stad-i-2-deild-kvenna\/#primaryimage\"},\"thumbnailUrl\":\"https:\/\/grotta.is\/wp-content\/uploads\/2022\/05\/Screen-Shot-2022-05-22-at-21.53.02.jpg\",\"keywords\":[\"Knattspyrna\",\"Mfl.kvk\"],\"articleSection\":[\"Knattspyrnudeild\"],\"inLanguage\":\"en-US\"},{\"@type\":\"WebPage\",\"@id\":\"https:\/\/grotta.is\/knattspyrnudeild\/grotta-fer-vel-af-stad-i-2-deild-kvenna\/\",\"url\":\"https:\/\/grotta.is\/knattspyrnudeild\/grotta-fer-vel-af-stad-i-2-deild-kvenna\/\",\"name\":\"Gr\u00f3tta fer vel af sta\u00f0 \u00ed 2. deild kvenna - \u00cd\u00fer\u00f3ttaf\u00e9lagi\u00f0 Gr\u00f3tta\",\"isPartOf\":{\"@id\":\"https:\/\/grotta.is\/#website\"},\"primaryImageOfPage\":{\"@id\":\"https:\/\/grotta.is\/knattspyrnudeild\/grotta-fer-vel-af-stad-i-2-deild-kvenna\/#primaryimage\"},\"image\":{\"@id\":\"https:\/\/grotta.is\/knattspyrnudeild\/grotta-fer-vel-af-stad-i-2-deild-kvenna\/#primaryimage\"},\"thumbnailUrl\":\"https:\/\/grotta.is\/wp-content\/uploads\/2022\/05\/Screen-Shot-2022-05-22-at-21.53.02.jpg\",\"datePublished\":\"2022-05-22T21:52:39+00:00\",\"dateModified\":\"2022-05-22T21:59:25+00:00\",\"breadcrumb\":{\"@id\":\"https:\/\/grotta.is\/knattspyrnudeild\/grotta-fer-vel-af-stad-i-2-deild-kvenna\/#breadcrumb\"},\"inLanguage\":\"en-US\",\"potentialAction\":[{\"@type\":\"ReadAction\",\"target\":[\"https:\/\/grotta.is\/knattspyrnudeild\/grotta-fer-vel-af-stad-i-2-deild-kvenna\/\"]}]},{\"@type\":\"ImageObject\",\"inLanguage\":\"en-US\",\"@id\":\"https:\/\/grotta.is\/knattspyrnudeild\/grotta-fer-vel-af-stad-i-2-deild-kvenna\/#primaryimage\",\"url\":\"https:\/\/grotta.is\/wp-content\/uploads\/2022\/05\/Screen-Shot-2022-05-22-at-21.53.02.jpg\",\"contentUrl\":\"https:\/\/grotta.is\/wp-content\/uploads\/2022\/05\/Screen-Shot-2022-05-22-at-21.53.02.jpg\",\"width\":1014,\"height\":1254},{\"@type\":\"BreadcrumbList\",\"@id\":\"https:\/\/grotta.is\/knattspyrnudeild\/grotta-fer-vel-af-stad-i-2-deild-kvenna\/#breadcrumb\",\"itemListElement\":[{\"@type\":\"ListItem\",\"position\":1,\"name\":\"Home\",\"item\":\"https:\/\/grotta.is\/\"},{\"@type\":\"ListItem\",\"position\":2,\"name\":\"Gr\u00f3tta fer vel af sta\u00f0 \u00ed 2. deild kvenna\"}]},{\"@type\":\"WebSite\",\"@id\":\"https:\/\/grotta.is\/#website\",\"url\":\"https:\/\/grotta.is\/\",\"name\":\"\u00cd\u00fer\u00f3ttaf\u00e9lagi\u00f0 Gr\u00f3tta\",\"description\":\"\u00e1 Seltjarnarnesi\",\"publisher\":{\"@id\":\"https:\/\/grotta.is\/#organization\"},\"potentialAction\":[{\"@type\":\"SearchAction\",\"target\":{\"@type\":\"EntryPoint\",\"urlTemplate\":\"https:\/\/grotta.is\/?s={search_term_string}\"},\"query-input\":{\"@type\":\"PropertyValueSpecification\",\"valueRequired\":true,\"valueName\":\"search_term_string\"}}],\"inLanguage\":\"en-US\"},{\"@type\":\"Organization\",\"@id\":\"https:\/\/grotta.is\/#organization\",\"name\":\"\u00cd\u00fer\u00f3ttaf\u00e9lagi\u00f0 Gr\u00f3tta\",\"url\":\"https:\/\/grotta.is\/\",\"logo\":{\"@type\":\"ImageObject\",\"inLanguage\":\"en-US\",\"@id\":\"https:\/\/grotta.is\/#\/schema\/logo\/image\/\",\"url\":\"https:\/\/grotta.is\/wp-content\/uploads\/2020\/02\/ithrottafelagidgrotta_logo_512x512_transparent.png\",\"contentUrl\":\"https:\/\/grotta.is\/wp-content\/uploads\/2020\/02\/ithrottafelagidgrotta_logo_512x512_transparent.png\",\"width\":512,\"height\":512,\"caption\":\"\u00cd\u00fer\u00f3ttaf\u00e9lagi\u00f0 Gr\u00f3tta\"},\"image\":{\"@id\":\"https:\/\/grotta.is\/#\/schema\/logo\/image\/\"},\"sameAs\":[\"https:\/\/www.facebook.com\/grottasport\"]},{\"@type\":\"Person\",\"@id\":\"https:\/\/grotta.is\/#\/schema\/person\/f1fea6a85a554e8069771c3486efbd84\",\"name\":\"J\u00f3runn M. \u00deorsteinsd\u00f3ttir\",\"url\":\"https:\/\/grotta.is\/en\/author\/jorunn\/\"}]}<\/script>\n<!-- \/ Yoast SEO plugin. -->","yoast_head_json":{"title":"Gr\u00f3tta fer vel af sta\u00f0 \u00ed 2. deild kvenna - \u00cd\u00fer\u00f3ttaf\u00e9lagi\u00f0 Gr\u00f3tta","robots":{"index":"index","follow":"follow","max-snippet":"max-snippet:-1","max-image-preview":"max-image-preview:large","max-video-preview":"max-video-preview:-1"},"canonical":"https:\/\/grotta.is\/en\/knattspyrnudeild\/grotta-fer-vel-af-stad-i-2-deild-kvenna\/","og_locale":"en_US","og_type":"article","og_title":"Gr\u00f3tta fer vel af sta\u00f0 \u00ed 2. deild kvenna - \u00cd\u00fer\u00f3ttaf\u00e9lagi\u00f0 Gr\u00f3tta","og_description":"Meistaraflokkur kvenna fer vel af sta\u00f0 \u00ed 2. deildinni en \u00fe\u00e6r h\u00f3fu leik \u00e1 f\u00f6studagskv\u00f6ld. Gr\u00f3tta t\u00f3k \u00e1 m\u00f3ti \u00cdH \u00ed fyrsta leik \u00cdslandsm\u00f3tsins \u00e1 Vivaldivellinum f\u00f6studaginn 20. ma\u00ed. Heimakonur [&hellip;]","og_url":"https:\/\/grotta.is\/en\/knattspyrnudeild\/grotta-fer-vel-af-stad-i-2-deild-kvenna\/","og_site_name":"\u00cd\u00fer\u00f3ttaf\u00e9lagi\u00f0 Gr\u00f3tta","article_publisher":"https:\/\/www.facebook.com\/grottasport","article_published_time":"2022-05-22T21:52:39+00:00","article_modified_time":"2022-05-22T21:59:25+00:00","og_image":[{"width":1014,"height":1254,"url":"https:\/\/grotta.is\/wp-content\/uploads\/2022\/05\/Screen-Shot-2022-05-22-at-21.53.02.jpg","type":"image\/jpeg"}],"author":"J\u00f3runn M. \u00deorsteinsd\u00f3ttir","twitter_card":"summary_large_image","twitter_misc":{"Written by":"J\u00f3runn M. \u00deorsteinsd\u00f3ttir","Est. reading time":"1 minute"},"schema":{"@context":"https:\/\/schema.org","@graph":[{"@type":"Article","@id":"https:\/\/grotta.is\/knattspyrnudeild\/grotta-fer-vel-af-stad-i-2-deild-kvenna\/#article","isPartOf":{"@id":"https:\/\/grotta.is\/knattspyrnudeild\/grotta-fer-vel-af-stad-i-2-deild-kvenna\/"},"author":{"name":"J\u00f3runn M. \u00deorsteinsd\u00f3ttir","@id":"https:\/\/grotta.is\/#\/schema\/person\/f1fea6a85a554e8069771c3486efbd84"},"headline":"Gr\u00f3tta fer vel af sta\u00f0 \u00ed 2. deild kvenna","datePublished":"2022-05-22T21:52:39+00:00","dateModified":"2022-05-22T21:59:25+00:00","mainEntityOfPage":{"@id":"https:\/\/grotta.is\/knattspyrnudeild\/grotta-fer-vel-af-stad-i-2-deild-kvenna\/"},"wordCount":100,"publisher":{"@id":"https:\/\/grotta.is\/#organization"},"image":{"@id":"https:\/\/grotta.is\/knattspyrnudeild\/grotta-fer-vel-af-stad-i-2-deild-kvenna\/#primaryimage"},"thumbnailUrl":"https:\/\/grotta.is\/wp-content\/uploads\/2022\/05\/Screen-Shot-2022-05-22-at-21.53.02.jpg","keywords":["Knattspyrna","Mfl.kvk"],"articleSection":["Knattspyrnudeild"],"inLanguage":"en-US"},{"@type":"WebPage","@id":"https:\/\/grotta.is\/knattspyrnudeild\/grotta-fer-vel-af-stad-i-2-deild-kvenna\/","url":"https:\/\/grotta.is\/knattspyrnudeild\/grotta-fer-vel-af-stad-i-2-deild-kvenna\/","name":"Gr\u00f3tta fer vel af sta\u00f0 \u00ed 2. deild kvenna - \u00cd\u00fer\u00f3ttaf\u00e9lagi\u00f0 Gr\u00f3tta","isPartOf":{"@id":"https:\/\/grotta.is\/#website"},"primaryImageOfPage":{"@id":"https:\/\/grotta.is\/knattspyrnudeild\/grotta-fer-vel-af-stad-i-2-deild-kvenna\/#primaryimage"},"image":{"@id":"https:\/\/grotta.is\/knattspyrnudeild\/grotta-fer-vel-af-stad-i-2-deild-kvenna\/#primaryimage"},"thumbnailUrl":"https:\/\/grotta.is\/wp-content\/uploads\/2022\/05\/Screen-Shot-2022-05-22-at-21.53.02.jpg","datePublished":"2022-05-22T21:52:39+00:00","dateModified":"2022-05-22T21:59:25+00:00","breadcrumb":{"@id":"https:\/\/grotta.is\/knattspyrnudeild\/grotta-fer-vel-af-stad-i-2-deild-kvenna\/#breadcrumb"},"inLanguage":"en-US","potentialAction":[{"@type":"ReadAction","target":["https:\/\/grotta.is\/knattspyrnudeild\/grotta-fer-vel-af-stad-i-2-deild-kvenna\/"]}]},{"@type":"ImageObject","inLanguage":"en-US","@id":"https:\/\/grotta.is\/knattspyrnudeild\/grotta-fer-vel-af-stad-i-2-deild-kvenna\/#primaryimage","url":"https:\/\/grotta.is\/wp-content\/uploads\/2022\/05\/Screen-Shot-2022-05-22-at-21.53.02.jpg","contentUrl":"https:\/\/grotta.is\/wp-content\/uploads\/2022\/05\/Screen-Shot-2022-05-22-at-21.53.02.jpg","width":1014,"height":1254},{"@type":"BreadcrumbList","@id":"https:\/\/grotta.is\/knattspyrnudeild\/grotta-fer-vel-af-stad-i-2-deild-kvenna\/#breadcrumb","itemListElement":[{"@type":"ListItem","position":1,"name":"Home","item":"https:\/\/grotta.is\/"},{"@type":"ListItem","position":2,"name":"Gr\u00f3tta fer vel af sta\u00f0 \u00ed 2. deild kvenna"}]},{"@type":"WebSite","@id":"https:\/\/grotta.is\/#website","url":"https:\/\/grotta.is\/","name":"\u00cd\u00fer\u00f3ttaf\u00e9lagi\u00f0 Gr\u00f3tta","description":"\u00e1 Seltjarnarnesi","publisher":{"@id":"https:\/\/grotta.is\/#organization"},"potentialAction":[{"@type":"SearchAction","target":{"@type":"EntryPoint","urlTemplate":"https:\/\/grotta.is\/?s={search_term_string}"},"query-input":{"@type":"PropertyValueSpecification","valueRequired":true,"valueName":"search_term_string"}}],"inLanguage":"en-US"},{"@type":"Organization","@id":"https:\/\/grotta.is\/#organization","name":"\u00cd\u00fer\u00f3ttaf\u00e9lagi\u00f0 Gr\u00f3tta","url":"https:\/\/grotta.is\/","logo":{"@type":"ImageObject","inLanguage":"en-US","@id":"https:\/\/grotta.is\/#\/schema\/logo\/image\/","url":"https:\/\/grotta.is\/wp-content\/uploads\/2020\/02\/ithrottafelagidgrotta_logo_512x512_transparent.png","contentUrl":"https:\/\/grotta.is\/wp-content\/uploads\/2020\/02\/ithrottafelagidgrotta_logo_512x512_transparent.png","width":512,"height":512,"caption":"\u00cd\u00fer\u00f3ttaf\u00e9lagi\u00f0 Gr\u00f3tta"},"image":{"@id":"https:\/\/grotta.is\/#\/schema\/logo\/image\/"},"sameAs":["https:\/\/www.facebook.com\/grottasport"]},{"@type":"Person","@id":"https:\/\/grotta.is\/#\/schema\/person\/f1fea6a85a554e8069771c3486efbd84","name":"J\u00f3runn M. \u00deorsteinsd\u00f3ttir","url":"https:\/\/grotta.is\/en\/author\/jorunn\/"}]}},"_links":{"self":[{"href":"https:\/\/grotta.is\/en\/wp-json\/wp\/v2\/posts\/380250","targetHints":{"allow":["GET"]}}],"collection":[{"href":"https:\/\/grotta.is\/en\/wp-json\/wp\/v2\/posts"}],"about":[{"href":"https:\/\/grotta.is\/en\/wp-json\/wp\/v2\/types\/post"}],"author":[{"embeddable":true,"href":"https:\/\/grotta.is\/en\/wp-json\/wp\/v2\/users\/4"}],"replies":[{"embeddable":true,"href":"https:\/\/grotta.is\/en\/wp-json\/wp\/v2\/comments?post=380250"}],"version-history":[{"count":2,"href":"https:\/\/grotta.is\/en\/wp-json\/wp\/v2\/posts\/380250\/revisions"}],"predecessor-version":[{"id":380254,"href":"https:\/\/grotta.is\/en\/wp-json\/wp\/v2\/posts\/380250\/revisions\/380254"}],"wp:featuredmedia":[{"embeddable":true,"href":"https:\/\/grotta.is\/en\/wp-json\/wp\/v2\/media\/380251"}],"wp:attachment":[{"href":"https:\/\/grotta.is\/en\/wp-json\/wp\/v2\/media?parent=380250"}],"wp:term":[{"taxonomy":"category","embeddable":true,"href":"https:\/\/grotta.is\/en\/wp-json\/wp\/v2\/categories?post=380250"},{"taxonomy":"post_tag","embeddable":true,"href":"https:\/\/grotta.is\/en\/wp-json\/wp\/v2\/tags?post=380250"}],"curies":[{"name":"wp","href":"https:\/\/api.w.org\/{rel}","templated":true}]}}