{"id":3799,"date":"2020-05-06T22:42:36","date_gmt":"2020-05-06T22:42:36","guid":{"rendered":"https:\/\/grotta.is\/?p=3799"},"modified":"2020-08-03T12:21:45","modified_gmt":"2020-08-03T12:21:45","slug":"handboltanamskeid-grottu-2020","status":"publish","type":"post","link":"https:\/\/grotta.is\/en\/handknattleiksdeild\/handboltanamskeid-grottu-2020\/","title":{"rendered":"Handboltan\u00e1mskei\u00f0 Gr\u00f3ttu 2020"},"content":{"rendered":"<div data-elementor-type=\"wp-post\" data-elementor-id=\"3799\" class=\"elementor elementor-3799\" data-elementor-post-type=\"post\">\n\t\t\t\t<section class=\"elementor-section elementor-top-section elementor-element elementor-element-5e34bd7a elementor-section-boxed elementor-section-height-default elementor-section-height-default\" data-id=\"5e34bd7a\" data-element_type=\"section\">\n\t\t\t\t\t\t<div class=\"elementor-container elementor-column-gap-default\">\n\t\t\t\t\t<div class=\"elementor-column elementor-col-100 elementor-top-column elementor-element elementor-element-30f6265a\" data-id=\"30f6265a\" data-element_type=\"column\">\n\t\t\t<div class=\"elementor-widget-wrap elementor-element-populated\">\n\t\t\t\t\t\t<div class=\"elementor-element elementor-element-383f76aa elementor-widget elementor-widget-text-editor\" data-id=\"383f76aa\" data-element_type=\"widget\" data-widget_type=\"text-editor.default\">\n\t\t\t\t<div class=\"elementor-widget-container\">\n\t\t\t\t\t\t\t\t\t<p><\/p>\n<p>Handknattleiksdeild Gr\u00f3ttu ver\u00f0ur, l\u00edkt og s\u00ed\u00f0ustu \u00e1r me\u00f0 \u00f6flugt sumarstarf fyrir b\u00f6rn og unglinga.<\/p>\n<p><\/p>\n<p><\/p>\n<p>\u00cd sumar ver\u00f0ur bo\u00f0i\u00f0 upp \u00e1 handboltaask\u00f3la \u00ed \u00ferj\u00e1r vikur, \u00fe.e. fr\u00e1 <strong>6. \u2013 21. \u00e1g\u00fast<\/strong>. \u00cd handboltask\u00f3lanum, sem er fyrir b\u00f6rn f\u00e6dd 2009-2014, ver\u00f0ur b\u00f6rnum skipt eftir aldri til a\u00f0 koma til m\u00f3ts vi\u00f0 \u00fearfir hvers og eins. Fari\u00f0 ver\u00f0ur \u00ed grunnatri\u00f0i fyrir yngsta aldursh\u00f3pinn og fl\u00f3knari \u00e6fingar fyrir eldri h\u00f3pa.<\/p>\n<p><\/p>\n<p><\/p>\n<p>Vanda\u00f0 ver\u00f0ur til verka vi\u00f0 val \u00e1 \u00fej\u00e1lfurum og lei\u00f0beinendum vi\u00f0 sk\u00f3lann, l\u00edkt og undanfarin \u00e1r. Me\u00f0al \u00feeirra sem koma a\u00f0 \u00fej\u00e1lfuninni eru leikmenn og \u00fej\u00e1lfarar handknattleiksdeildar. Umsj\u00f3narma\u00f0ur n\u00e1mskei\u00f0sins er H\u00e1kon Bridde, yfir\u00fej\u00e1lfari handknattleiksdeildar. Byrjendur eru s\u00e9rstaklega velkomnir \u00e1 \u00feessi n\u00e1mskei\u00f0.<\/p>\n<p><\/p>\n<p><\/p>\n<p>Sk\u00f3linn ver\u00f0ur alla daga fr\u00e1 <strong>kl. 09:00 \u2013 12:00<\/strong>, en bo\u00f0i\u00f0 ver\u00f0ur upp \u00e1 g\u00e6slu fr\u00e1 <strong>kl. 08:00<\/strong> og a\u00f0 sk\u00f3la loknum til <strong>kl. 13:00<\/strong>.<\/p>\n<p><\/p>\n<p><\/p>\n<p>Handboltask\u00f3lanum l\u00fdkur me\u00f0 grillveislu fyrir alla \u00fe\u00e1tttakendur f\u00f6studaginn 21. \u00e1g\u00fast.<\/p>\n<p><\/p>\n<p><\/p>\n<p><strong>Ver\u00f0:<\/strong><\/p>\n<p><\/p>\n<p><\/p>\n<ul class=\"wp-block-list\">\n<li>Vika 1 &#8211; 5.200kr (4. \u2013 7. \u00e1g\u00fast)<\/li>\n<li>Vika 2 &#8211; 6.500kr (10. \u2013 14. \u00e1g\u00fast)<\/li>\n<li>Vika 3 &#8211; 6.500kr (17. \u2013 21. \u00e1g\u00fast)<\/li>\n<li>Ef allar vikur eru teknar kostar \u00fea\u00f0 16.000 kr<\/li>\n<\/ul>\n<div>\n<p>Innritun fer fram \u00ed gegnum rafr\u00e6nt skr\u00e1ningakerfi Gr\u00f3ttu, N\u00f3ra\u00a0<span style=\"font-weight: bolder;\"><a href=\"https:\/\/grotta.felog.is\/\" target=\"_blank\" rel=\"noreferrer noopener\">grotta.felog.is<\/a><\/span><\/p>\n<p>\u00a0<\/p>\n<p>Uppl\u00fdsingar f\u00e1st einnig \u00e1 skrifstofu Gr\u00f3ttu \u00ed s\u00edma\u00a0<a href=\"tel:561-1133\">561-1133<\/a>\u00a0\u00e1 milli kl 13:00 og 16:00 e\u00f0a me\u00f0 \u00fev\u00ed a\u00f0 senda t\u00f6lvup\u00f3st \u00e1 netfangi\u00f0\u00a0<a href=\"mailto:gullijons@grotta.is\">gullijons@grotta.is<\/a>\u00a0e\u00f0a\u00a0<a href=\"mailto:jonap@seltjarnarnes.is\">jonap@seltjarnarnes.is<\/a>,\u00a0<a href=\"mailto:laufeyg@seltjarnarnes.is\">laufeyg@seltjarnarnes.is<\/a><\/p>\n<p>Handknattleiksdeild Gr\u00f3ttu ver\u00f0ur einnig me\u00f0 s\u00e9rstakan <strong>afrekssk\u00f3la<\/strong> en hann er starfr\u00e6ktur fr\u00e1, <strong>4. &#8211; 21. \u00e1g\u00fast<\/strong> fyrir i\u00f0kendur sem ver\u00f0a \u00ed 5. og 4.flokki n\u00e6sta vetur (f. 2005-2008).<\/p>\n<\/div>\n<p><\/p>\n<p><\/p>\n<p>\u00c6fingar fara fram\u00a0 m\u00e1nudaga &#8211; fimmtudaga\u00a0 <strong>kl. 12:30 &#8211; 14:00<\/strong>. \u00cd afrekssk\u00f3lanum ver\u00f0ur a\u00f0 miklu leyti fari\u00f0 \u00ed fl\u00f3knari t\u00e6kniatri\u00f0i en \u00ed handboltask\u00f3lanum og meiri afrekshugsun \u00ed fyrirr\u00fami.<\/p>\n<p><\/p>\n<p><\/p>\n<p><strong>Ver\u00f0:<\/strong><\/p>\n<p><\/p>\n<p><\/p>\n<ul class=\"wp-block-list\">\n<li>Vika 1 &#8211; 3.750kr (4.- 6. \u00e1g\u00fast)<\/li>\n<li>Vika 2 &#8211; 5.000kr (10.-13. \u00e1g\u00fast)<\/li>\n<li>Vika 3 &#8211; 5.000kr (17.- 20. \u00e1g\u00fast)<\/li>\n<li>Ef allar vikurnar eru teknar \u00fe\u00e1 kostar \u00fea\u00f0 11.500kr<\/li>\n<\/ul>\n<p><\/p>\n<p><\/p>\n<p>Afrekssk\u00f3lanum l\u00fdkur me\u00f0 grillveislu fyrir alla \u00fe\u00e1tttakendur fimmtudaginn 20.\u00e1g\u00fast.<\/p>\n<p><\/p>\t\t\t\t\t\t\t\t<\/div>\n\t\t\t\t<\/div>\n\t\t\t\t\t<\/div>\n\t\t<\/div>\n\t\t\t\t\t<\/div>\n\t\t<\/section>\t\t<\/div>","protected":false},"excerpt":{"rendered":"<p>Handknattleiksdeild Gr\u00f3ttu ver\u00f0ur, l\u00edkt og s\u00ed\u00f0ustu \u00e1r me\u00f0 \u00f6flugt sumarstarf fyrir b\u00f6rn og unglinga.<\/p>","protected":false},"author":2,"featured_media":10460,"comment_status":"closed","ping_status":"closed","sticky":false,"template":"","format":"standard","meta":{"footnotes":""},"categories":[12],"tags":[16,13,31],"class_list":["post-3799","post","type-post","status-publish","format-standard","has-post-thumbnail","hentry","category-handknattleiksdeild","tag-handboltaskolinn","tag-handbolti","tag-namskeid"],"yoast_head":"<!-- This site is optimized with the Yoast SEO plugin v24.3 - https:\/\/yoast.com\/wordpress\/plugins\/seo\/ -->\n<title>Handboltan\u00e1mskei\u00f0 Gr\u00f3ttu 2020 - \u00cd\u00fer\u00f3ttaf\u00e9lagi\u00f0 Gr\u00f3tta<\/title>\n<meta name=\"robots\" content=\"index, follow, max-snippet:-1, max-image-preview:large, max-video-preview:-1\" \/>\n<link rel=\"canonical\" href=\"https:\/\/grotta.is\/en\/handknattleiksdeild\/handboltanamskeid-grottu-2020\/\" \/>\n<meta property=\"og:locale\" content=\"en_US\" \/>\n<meta property=\"og:type\" content=\"article\" \/>\n<meta property=\"og:title\" content=\"Handboltan\u00e1mskei\u00f0 Gr\u00f3ttu 2020 - \u00cd\u00fer\u00f3ttaf\u00e9lagi\u00f0 Gr\u00f3tta\" \/>\n<meta property=\"og:description\" content=\"Handknattleiksdeild Gr\u00f3ttu ver\u00f0ur, l\u00edkt og s\u00ed\u00f0ustu \u00e1r me\u00f0 \u00f6flugt sumarstarf fyrir b\u00f6rn og unglinga.\" \/>\n<meta property=\"og:url\" content=\"https:\/\/grotta.is\/en\/handknattleiksdeild\/handboltanamskeid-grottu-2020\/\" \/>\n<meta property=\"og:site_name\" content=\"\u00cd\u00fer\u00f3ttaf\u00e9lagi\u00f0 Gr\u00f3tta\" \/>\n<meta property=\"article:publisher\" content=\"https:\/\/www.facebook.com\/grottasport\" \/>\n<meta property=\"article:published_time\" content=\"2020-05-06T22:42:36+00:00\" \/>\n<meta property=\"article:modified_time\" content=\"2020-08-03T12:21:45+00:00\" \/>\n<meta property=\"og:image\" content=\"https:\/\/grotta.is\/wp-content\/uploads\/2020\/05\/Handbolti_yngriflokkar_grotta_handboltaskoli_2020.jpg\" \/>\n\t<meta property=\"og:image:width\" content=\"1200\" \/>\n\t<meta property=\"og:image:height\" content=\"800\" \/>\n\t<meta property=\"og:image:type\" content=\"image\/jpeg\" \/>\n<meta name=\"author\" content=\"Grotta\" \/>\n<meta name=\"twitter:card\" content=\"summary_large_image\" \/>\n<meta name=\"twitter:label1\" content=\"Written by\" \/>\n\t<meta name=\"twitter:data1\" content=\"Grotta\" \/>\n\t<meta name=\"twitter:label2\" content=\"Est. reading time\" \/>\n\t<meta name=\"twitter:data2\" content=\"2 minutes\" \/>\n<script type=\"application\/ld+json\" class=\"yoast-schema-graph\">{\"@context\":\"https:\/\/schema.org\",\"@graph\":[{\"@type\":\"Article\",\"@id\":\"https:\/\/grotta.is\/handknattleiksdeild\/handboltanamskeid-grottu-2020\/#article\",\"isPartOf\":{\"@id\":\"https:\/\/grotta.is\/handknattleiksdeild\/handboltanamskeid-grottu-2020\/\"},\"author\":{\"name\":\"Grotta\",\"@id\":\"https:\/\/grotta.is\/#\/schema\/person\/08ec57bf09ee925f1b6a01540c14a5ce\"},\"headline\":\"Handboltan\u00e1mskei\u00f0 Gr\u00f3ttu 2020\",\"datePublished\":\"2020-05-06T22:42:36+00:00\",\"dateModified\":\"2020-08-03T12:21:45+00:00\",\"mainEntityOfPage\":{\"@id\":\"https:\/\/grotta.is\/handknattleiksdeild\/handboltanamskeid-grottu-2020\/\"},\"wordCount\":353,\"publisher\":{\"@id\":\"https:\/\/grotta.is\/#organization\"},\"image\":{\"@id\":\"https:\/\/grotta.is\/handknattleiksdeild\/handboltanamskeid-grottu-2020\/#primaryimage\"},\"thumbnailUrl\":\"https:\/\/grotta.is\/wp-content\/uploads\/2020\/05\/Handbolti_yngriflokkar_grotta_handboltaskoli_2020.jpg\",\"keywords\":[\"Handboltask\u00f3linn\",\"Handbolti\",\"N\u00e1mskei\u00f0\"],\"articleSection\":[\"Handknattleiksdeild\"],\"inLanguage\":\"en-US\"},{\"@type\":\"WebPage\",\"@id\":\"https:\/\/grotta.is\/handknattleiksdeild\/handboltanamskeid-grottu-2020\/\",\"url\":\"https:\/\/grotta.is\/handknattleiksdeild\/handboltanamskeid-grottu-2020\/\",\"name\":\"Handboltan\u00e1mskei\u00f0 Gr\u00f3ttu 2020 - \u00cd\u00fer\u00f3ttaf\u00e9lagi\u00f0 Gr\u00f3tta\",\"isPartOf\":{\"@id\":\"https:\/\/grotta.is\/#website\"},\"primaryImageOfPage\":{\"@id\":\"https:\/\/grotta.is\/handknattleiksdeild\/handboltanamskeid-grottu-2020\/#primaryimage\"},\"image\":{\"@id\":\"https:\/\/grotta.is\/handknattleiksdeild\/handboltanamskeid-grottu-2020\/#primaryimage\"},\"thumbnailUrl\":\"https:\/\/grotta.is\/wp-content\/uploads\/2020\/05\/Handbolti_yngriflokkar_grotta_handboltaskoli_2020.jpg\",\"datePublished\":\"2020-05-06T22:42:36+00:00\",\"dateModified\":\"2020-08-03T12:21:45+00:00\",\"breadcrumb\":{\"@id\":\"https:\/\/grotta.is\/handknattleiksdeild\/handboltanamskeid-grottu-2020\/#breadcrumb\"},\"inLanguage\":\"en-US\",\"potentialAction\":[{\"@type\":\"ReadAction\",\"target\":[\"https:\/\/grotta.is\/handknattleiksdeild\/handboltanamskeid-grottu-2020\/\"]}]},{\"@type\":\"ImageObject\",\"inLanguage\":\"en-US\",\"@id\":\"https:\/\/grotta.is\/handknattleiksdeild\/handboltanamskeid-grottu-2020\/#primaryimage\",\"url\":\"https:\/\/grotta.is\/wp-content\/uploads\/2020\/05\/Handbolti_yngriflokkar_grotta_handboltaskoli_2020.jpg\",\"contentUrl\":\"https:\/\/grotta.is\/wp-content\/uploads\/2020\/05\/Handbolti_yngriflokkar_grotta_handboltaskoli_2020.jpg\",\"width\":1200,\"height\":800},{\"@type\":\"BreadcrumbList\",\"@id\":\"https:\/\/grotta.is\/handknattleiksdeild\/handboltanamskeid-grottu-2020\/#breadcrumb\",\"itemListElement\":[{\"@type\":\"ListItem\",\"position\":1,\"name\":\"Home\",\"item\":\"https:\/\/grotta.is\/\"},{\"@type\":\"ListItem\",\"position\":2,\"name\":\"Handboltan\u00e1mskei\u00f0 Gr\u00f3ttu 2020\"}]},{\"@type\":\"WebSite\",\"@id\":\"https:\/\/grotta.is\/#website\",\"url\":\"https:\/\/grotta.is\/\",\"name\":\"\u00cd\u00fer\u00f3ttaf\u00e9lagi\u00f0 Gr\u00f3tta\",\"description\":\"\u00e1 Seltjarnarnesi\",\"publisher\":{\"@id\":\"https:\/\/grotta.is\/#organization\"},\"potentialAction\":[{\"@type\":\"SearchAction\",\"target\":{\"@type\":\"EntryPoint\",\"urlTemplate\":\"https:\/\/grotta.is\/?s={search_term_string}\"},\"query-input\":{\"@type\":\"PropertyValueSpecification\",\"valueRequired\":true,\"valueName\":\"search_term_string\"}}],\"inLanguage\":\"en-US\"},{\"@type\":\"Organization\",\"@id\":\"https:\/\/grotta.is\/#organization\",\"name\":\"\u00cd\u00fer\u00f3ttaf\u00e9lagi\u00f0 Gr\u00f3tta\",\"url\":\"https:\/\/grotta.is\/\",\"logo\":{\"@type\":\"ImageObject\",\"inLanguage\":\"en-US\",\"@id\":\"https:\/\/grotta.is\/#\/schema\/logo\/image\/\",\"url\":\"https:\/\/grotta.is\/wp-content\/uploads\/2020\/02\/ithrottafelagidgrotta_logo_512x512_transparent.png\",\"contentUrl\":\"https:\/\/grotta.is\/wp-content\/uploads\/2020\/02\/ithrottafelagidgrotta_logo_512x512_transparent.png\",\"width\":512,\"height\":512,\"caption\":\"\u00cd\u00fer\u00f3ttaf\u00e9lagi\u00f0 Gr\u00f3tta\"},\"image\":{\"@id\":\"https:\/\/grotta.is\/#\/schema\/logo\/image\/\"},\"sameAs\":[\"https:\/\/www.facebook.com\/grottasport\"]},{\"@type\":\"Person\",\"@id\":\"https:\/\/grotta.is\/#\/schema\/person\/08ec57bf09ee925f1b6a01540c14a5ce\",\"name\":\"Grotta\",\"url\":\"https:\/\/grotta.is\/en\/author\/inga\/\"}]}<\/script>\n<!-- \/ Yoast SEO plugin. -->","yoast_head_json":{"title":"Handboltan\u00e1mskei\u00f0 Gr\u00f3ttu 2020 - \u00cd\u00fer\u00f3ttaf\u00e9lagi\u00f0 Gr\u00f3tta","robots":{"index":"index","follow":"follow","max-snippet":"max-snippet:-1","max-image-preview":"max-image-preview:large","max-video-preview":"max-video-preview:-1"},"canonical":"https:\/\/grotta.is\/en\/handknattleiksdeild\/handboltanamskeid-grottu-2020\/","og_locale":"en_US","og_type":"article","og_title":"Handboltan\u00e1mskei\u00f0 Gr\u00f3ttu 2020 - \u00cd\u00fer\u00f3ttaf\u00e9lagi\u00f0 Gr\u00f3tta","og_description":"Handknattleiksdeild Gr\u00f3ttu ver\u00f0ur, l\u00edkt og s\u00ed\u00f0ustu \u00e1r me\u00f0 \u00f6flugt sumarstarf fyrir b\u00f6rn og unglinga.","og_url":"https:\/\/grotta.is\/en\/handknattleiksdeild\/handboltanamskeid-grottu-2020\/","og_site_name":"\u00cd\u00fer\u00f3ttaf\u00e9lagi\u00f0 Gr\u00f3tta","article_publisher":"https:\/\/www.facebook.com\/grottasport","article_published_time":"2020-05-06T22:42:36+00:00","article_modified_time":"2020-08-03T12:21:45+00:00","og_image":[{"width":1200,"height":800,"url":"https:\/\/grotta.is\/wp-content\/uploads\/2020\/05\/Handbolti_yngriflokkar_grotta_handboltaskoli_2020.jpg","type":"image\/jpeg"}],"author":"Grotta","twitter_card":"summary_large_image","twitter_misc":{"Written by":"Grotta","Est. reading time":"2 minutes"},"schema":{"@context":"https:\/\/schema.org","@graph":[{"@type":"Article","@id":"https:\/\/grotta.is\/handknattleiksdeild\/handboltanamskeid-grottu-2020\/#article","isPartOf":{"@id":"https:\/\/grotta.is\/handknattleiksdeild\/handboltanamskeid-grottu-2020\/"},"author":{"name":"Grotta","@id":"https:\/\/grotta.is\/#\/schema\/person\/08ec57bf09ee925f1b6a01540c14a5ce"},"headline":"Handboltan\u00e1mskei\u00f0 Gr\u00f3ttu 2020","datePublished":"2020-05-06T22:42:36+00:00","dateModified":"2020-08-03T12:21:45+00:00","mainEntityOfPage":{"@id":"https:\/\/grotta.is\/handknattleiksdeild\/handboltanamskeid-grottu-2020\/"},"wordCount":353,"publisher":{"@id":"https:\/\/grotta.is\/#organization"},"image":{"@id":"https:\/\/grotta.is\/handknattleiksdeild\/handboltanamskeid-grottu-2020\/#primaryimage"},"thumbnailUrl":"https:\/\/grotta.is\/wp-content\/uploads\/2020\/05\/Handbolti_yngriflokkar_grotta_handboltaskoli_2020.jpg","keywords":["Handboltask\u00f3linn","Handbolti","N\u00e1mskei\u00f0"],"articleSection":["Handknattleiksdeild"],"inLanguage":"en-US"},{"@type":"WebPage","@id":"https:\/\/grotta.is\/handknattleiksdeild\/handboltanamskeid-grottu-2020\/","url":"https:\/\/grotta.is\/handknattleiksdeild\/handboltanamskeid-grottu-2020\/","name":"Handboltan\u00e1mskei\u00f0 Gr\u00f3ttu 2020 - \u00cd\u00fer\u00f3ttaf\u00e9lagi\u00f0 Gr\u00f3tta","isPartOf":{"@id":"https:\/\/grotta.is\/#website"},"primaryImageOfPage":{"@id":"https:\/\/grotta.is\/handknattleiksdeild\/handboltanamskeid-grottu-2020\/#primaryimage"},"image":{"@id":"https:\/\/grotta.is\/handknattleiksdeild\/handboltanamskeid-grottu-2020\/#primaryimage"},"thumbnailUrl":"https:\/\/grotta.is\/wp-content\/uploads\/2020\/05\/Handbolti_yngriflokkar_grotta_handboltaskoli_2020.jpg","datePublished":"2020-05-06T22:42:36+00:00","dateModified":"2020-08-03T12:21:45+00:00","breadcrumb":{"@id":"https:\/\/grotta.is\/handknattleiksdeild\/handboltanamskeid-grottu-2020\/#breadcrumb"},"inLanguage":"en-US","potentialAction":[{"@type":"ReadAction","target":["https:\/\/grotta.is\/handknattleiksdeild\/handboltanamskeid-grottu-2020\/"]}]},{"@type":"ImageObject","inLanguage":"en-US","@id":"https:\/\/grotta.is\/handknattleiksdeild\/handboltanamskeid-grottu-2020\/#primaryimage","url":"https:\/\/grotta.is\/wp-content\/uploads\/2020\/05\/Handbolti_yngriflokkar_grotta_handboltaskoli_2020.jpg","contentUrl":"https:\/\/grotta.is\/wp-content\/uploads\/2020\/05\/Handbolti_yngriflokkar_grotta_handboltaskoli_2020.jpg","width":1200,"height":800},{"@type":"BreadcrumbList","@id":"https:\/\/grotta.is\/handknattleiksdeild\/handboltanamskeid-grottu-2020\/#breadcrumb","itemListElement":[{"@type":"ListItem","position":1,"name":"Home","item":"https:\/\/grotta.is\/"},{"@type":"ListItem","position":2,"name":"Handboltan\u00e1mskei\u00f0 Gr\u00f3ttu 2020"}]},{"@type":"WebSite","@id":"https:\/\/grotta.is\/#website","url":"https:\/\/grotta.is\/","name":"\u00cd\u00fer\u00f3ttaf\u00e9lagi\u00f0 Gr\u00f3tta","description":"\u00e1 Seltjarnarnesi","publisher":{"@id":"https:\/\/grotta.is\/#organization"},"potentialAction":[{"@type":"SearchAction","target":{"@type":"EntryPoint","urlTemplate":"https:\/\/grotta.is\/?s={search_term_string}"},"query-input":{"@type":"PropertyValueSpecification","valueRequired":true,"valueName":"search_term_string"}}],"inLanguage":"en-US"},{"@type":"Organization","@id":"https:\/\/grotta.is\/#organization","name":"\u00cd\u00fer\u00f3ttaf\u00e9lagi\u00f0 Gr\u00f3tta","url":"https:\/\/grotta.is\/","logo":{"@type":"ImageObject","inLanguage":"en-US","@id":"https:\/\/grotta.is\/#\/schema\/logo\/image\/","url":"https:\/\/grotta.is\/wp-content\/uploads\/2020\/02\/ithrottafelagidgrotta_logo_512x512_transparent.png","contentUrl":"https:\/\/grotta.is\/wp-content\/uploads\/2020\/02\/ithrottafelagidgrotta_logo_512x512_transparent.png","width":512,"height":512,"caption":"\u00cd\u00fer\u00f3ttaf\u00e9lagi\u00f0 Gr\u00f3tta"},"image":{"@id":"https:\/\/grotta.is\/#\/schema\/logo\/image\/"},"sameAs":["https:\/\/www.facebook.com\/grottasport"]},{"@type":"Person","@id":"https:\/\/grotta.is\/#\/schema\/person\/08ec57bf09ee925f1b6a01540c14a5ce","name":"Grotta","url":"https:\/\/grotta.is\/en\/author\/inga\/"}]}},"_links":{"self":[{"href":"https:\/\/grotta.is\/en\/wp-json\/wp\/v2\/posts\/3799","targetHints":{"allow":["GET"]}}],"collection":[{"href":"https:\/\/grotta.is\/en\/wp-json\/wp\/v2\/posts"}],"about":[{"href":"https:\/\/grotta.is\/en\/wp-json\/wp\/v2\/types\/post"}],"author":[{"embeddable":true,"href":"https:\/\/grotta.is\/en\/wp-json\/wp\/v2\/users\/2"}],"replies":[{"embeddable":true,"href":"https:\/\/grotta.is\/en\/wp-json\/wp\/v2\/comments?post=3799"}],"version-history":[{"count":21,"href":"https:\/\/grotta.is\/en\/wp-json\/wp\/v2\/posts\/3799\/revisions"}],"predecessor-version":[{"id":13312,"href":"https:\/\/grotta.is\/en\/wp-json\/wp\/v2\/posts\/3799\/revisions\/13312"}],"wp:featuredmedia":[{"embeddable":true,"href":"https:\/\/grotta.is\/en\/wp-json\/wp\/v2\/media\/10460"}],"wp:attachment":[{"href":"https:\/\/grotta.is\/en\/wp-json\/wp\/v2\/media?parent=3799"}],"wp:term":[{"taxonomy":"category","embeddable":true,"href":"https:\/\/grotta.is\/en\/wp-json\/wp\/v2\/categories?post=3799"},{"taxonomy":"post_tag","embeddable":true,"href":"https:\/\/grotta.is\/en\/wp-json\/wp\/v2\/tags?post=3799"}],"curies":[{"name":"wp","href":"https:\/\/api.w.org\/{rel}","templated":true}]}}