{"id":379691,"date":"2022-05-16T14:41:35","date_gmt":"2022-05-16T14:41:35","guid":{"rendered":"https:\/\/grotta.is\/?p=379691"},"modified":"2022-05-16T14:44:33","modified_gmt":"2022-05-16T14:44:33","slug":"gunni-gunn-thjalfar-grott","status":"publish","type":"post","link":"https:\/\/grotta.is\/en\/handknattleiksdeild\/gunni-gunn-thjalfar-grott\/","title":{"rendered":"Gunni Gunn \u00fej\u00e1lfar Gr\u00f3ttu"},"content":{"rendered":"<p>Gunnar Gunnarsson hefur veri\u00f0 r\u00e1\u00f0inn \u00fej\u00e1lfari meistaraflokks kvenna til n\u00e6stu \u00feriggja \u00e1ra. Gunnar \u00fearf vart a\u00f0 kynna fyrir Gr\u00f3ttuf\u00f3lki og hva\u00f0 \u00fe\u00e1 handbolta\u00e1hugaf\u00f3lki enda margreyndur \u00fej\u00e1lfari og landsli\u00f0sma\u00f0ur \u00fear \u00e1 undan. Gunnar \u00feekkir vel til \u00e1 Nesinu en hann \u00fej\u00e1lfa\u00f0i kvennali\u00f0 f\u00e9lagsins \u00e1rin 1998-2000 og aftur 2001-2002. \u00c1ri\u00f0 2000 st\u00fdr\u00f0i hann li\u00f0inu alla lei\u00f0 \u00ed bikar\u00farslit og \u00ed \u00farslitaeinv\u00edgi\u00f0 um \u00cdslandsmeistaratitilinn. Tveimur \u00e1rum s\u00ed\u00f0ar f\u00f3r li\u00f0i\u00f0 aftur \u00ed bikar\u00farslit undir stj\u00f3rn Gunna.<\/p><p>Undanfarin tv\u00f6 t\u00edmabil hefur Gunni \u00fej\u00e1lfa\u00f0 kvennali\u00f0 Hauka og n\u00e1\u00f0 fr\u00e1b\u00e6rum \u00e1rangri me\u00f0 li\u00f0i\u00f0. \u00c1\u00f0ur \u00fej\u00e1lfa\u00f0i hann karlali\u00f0 V\u00edkings og Selfoss en hann hefur einnig \u00fej\u00e1lfa\u00f0 Elverum og Drammen \u00ed Noregi.<\/p><p>\u00dea\u00f0 r\u00edkir mikil \u00e1n\u00e6gja me\u00f0 a\u00f0 Gunnar s\u00e9 kominn \u00e1 Nesi\u00f0 enda fr\u00e1b\u00e6r \u00fej\u00e1lfari me\u00f0 mikla reynslu. K\u00e1ra Gar\u00f0arssyni sem hefur \u00fej\u00e1lfa\u00f0 li\u00f0i\u00f0 undanfarin tv\u00f6 t\u00edmabilin er \u00feakka\u00f0 miki\u00f0 og gott starf.<\/p><p>\u00c1 myndinni eru Gunnar Gunnarsson og Arnkell Bergmann Arnkelsson varaforma\u00f0ur handknattleiksdeildar a\u00f0 skrifa undir samninginn. Mynd: Eyj\u00f3lfur Gar\u00f0arsson<\/p>","protected":false},"excerpt":{"rendered":"<p>Gunnar Gunnarsson hefur veri\u00f0 r\u00e1\u00f0inn \u00fej\u00e1lfari meistaraflokks kvenna til n\u00e6stu \u00feriggja \u00e1ra. Gunnar \u00fearf vart a\u00f0 kynna fyrir Gr\u00f3ttuf\u00f3lki og hva\u00f0 \u00fe\u00e1 handbolta\u00e1hugaf\u00f3lki enda margreyndur \u00fej\u00e1lfari og landsli\u00f0sma\u00f0ur \u00fear \u00e1 [&hellip;]<\/p>","protected":false},"author":10,"featured_media":379692,"comment_status":"closed","ping_status":"closed","sticky":false,"template":"","format":"standard","meta":{"footnotes":""},"categories":[12],"tags":[13,18],"class_list":["post-379691","post","type-post","status-publish","format-standard","has-post-thumbnail","hentry","category-handknattleiksdeild","tag-handbolti","tag-mfl-kvk"],"yoast_head":"<!-- This site is optimized with the Yoast SEO plugin v24.3 - https:\/\/yoast.com\/wordpress\/plugins\/seo\/ -->\n<title>Gunni Gunn \u00fej\u00e1lfar Gr\u00f3ttu - \u00cd\u00fer\u00f3ttaf\u00e9lagi\u00f0 Gr\u00f3tta<\/title>\n<meta name=\"robots\" content=\"index, follow, max-snippet:-1, max-image-preview:large, max-video-preview:-1\" \/>\n<link rel=\"canonical\" href=\"https:\/\/grotta.is\/en\/handknattleiksdeild\/gunni-gunn-thjalfar-grott\/\" \/>\n<meta property=\"og:locale\" content=\"en_US\" \/>\n<meta property=\"og:type\" content=\"article\" \/>\n<meta property=\"og:title\" content=\"Gunni Gunn \u00fej\u00e1lfar Gr\u00f3ttu - \u00cd\u00fer\u00f3ttaf\u00e9lagi\u00f0 Gr\u00f3tta\" \/>\n<meta property=\"og:description\" content=\"Gunnar Gunnarsson hefur veri\u00f0 r\u00e1\u00f0inn \u00fej\u00e1lfari meistaraflokks kvenna til n\u00e6stu \u00feriggja \u00e1ra. Gunnar \u00fearf vart a\u00f0 kynna fyrir Gr\u00f3ttuf\u00f3lki og hva\u00f0 \u00fe\u00e1 handbolta\u00e1hugaf\u00f3lki enda margreyndur \u00fej\u00e1lfari og landsli\u00f0sma\u00f0ur \u00fear \u00e1 [&hellip;]\" \/>\n<meta property=\"og:url\" content=\"https:\/\/grotta.is\/en\/handknattleiksdeild\/gunni-gunn-thjalfar-grott\/\" \/>\n<meta property=\"og:site_name\" content=\"\u00cd\u00fer\u00f3ttaf\u00e9lagi\u00f0 Gr\u00f3tta\" \/>\n<meta property=\"article:publisher\" content=\"https:\/\/www.facebook.com\/grottasport\" \/>\n<meta property=\"article:published_time\" content=\"2022-05-16T14:41:35+00:00\" \/>\n<meta property=\"article:modified_time\" content=\"2022-05-16T14:44:33+00:00\" \/>\n<meta property=\"og:image\" content=\"https:\/\/grotta.is\/wp-content\/uploads\/2022\/05\/Grotta-undirskriftiri-001-scaled.jpg\" \/>\n\t<meta property=\"og:image:width\" content=\"2560\" \/>\n\t<meta property=\"og:image:height\" content=\"1707\" \/>\n\t<meta property=\"og:image:type\" content=\"image\/jpeg\" \/>\n<meta name=\"author\" content=\"Andri Sigf\u00fasson\" \/>\n<meta name=\"twitter:card\" content=\"summary_large_image\" \/>\n<meta name=\"twitter:label1\" content=\"Written by\" \/>\n\t<meta name=\"twitter:data1\" content=\"Andri Sigf\u00fasson\" \/>\n\t<meta name=\"twitter:label2\" content=\"Est. reading time\" \/>\n\t<meta name=\"twitter:data2\" content=\"1 minute\" \/>\n<script type=\"application\/ld+json\" class=\"yoast-schema-graph\">{\"@context\":\"https:\/\/schema.org\",\"@graph\":[{\"@type\":\"Article\",\"@id\":\"https:\/\/grotta.is\/en\/handknattleiksdeild\/gunni-gunn-thjalfar-grott\/#article\",\"isPartOf\":{\"@id\":\"https:\/\/grotta.is\/en\/handknattleiksdeild\/gunni-gunn-thjalfar-grott\/\"},\"author\":{\"name\":\"Andri Sigf\u00fasson\",\"@id\":\"https:\/\/grotta.is\/#\/schema\/person\/b21e9d5dfd92c90211e343e8d7252b1c\"},\"headline\":\"Gunni Gunn \u00fej\u00e1lfar Gr\u00f3ttu\",\"datePublished\":\"2022-05-16T14:41:35+00:00\",\"dateModified\":\"2022-05-16T14:44:33+00:00\",\"mainEntityOfPage\":{\"@id\":\"https:\/\/grotta.is\/en\/handknattleiksdeild\/gunni-gunn-thjalfar-grott\/\"},\"wordCount\":194,\"publisher\":{\"@id\":\"https:\/\/grotta.is\/#organization\"},\"image\":{\"@id\":\"https:\/\/grotta.is\/en\/handknattleiksdeild\/gunni-gunn-thjalfar-grott\/#primaryimage\"},\"thumbnailUrl\":\"https:\/\/grotta.is\/wp-content\/uploads\/2022\/05\/Grotta-undirskriftiri-001-scaled.jpg\",\"keywords\":[\"Handbolti\",\"Mfl.kvk\"],\"articleSection\":[\"Handknattleiksdeild\"],\"inLanguage\":\"en-US\"},{\"@type\":\"WebPage\",\"@id\":\"https:\/\/grotta.is\/en\/handknattleiksdeild\/gunni-gunn-thjalfar-grott\/\",\"url\":\"https:\/\/grotta.is\/en\/handknattleiksdeild\/gunni-gunn-thjalfar-grott\/\",\"name\":\"Gunni Gunn \u00fej\u00e1lfar Gr\u00f3ttu - \u00cd\u00fer\u00f3ttaf\u00e9lagi\u00f0 Gr\u00f3tta\",\"isPartOf\":{\"@id\":\"https:\/\/grotta.is\/#website\"},\"primaryImageOfPage\":{\"@id\":\"https:\/\/grotta.is\/en\/handknattleiksdeild\/gunni-gunn-thjalfar-grott\/#primaryimage\"},\"image\":{\"@id\":\"https:\/\/grotta.is\/en\/handknattleiksdeild\/gunni-gunn-thjalfar-grott\/#primaryimage\"},\"thumbnailUrl\":\"https:\/\/grotta.is\/wp-content\/uploads\/2022\/05\/Grotta-undirskriftiri-001-scaled.jpg\",\"datePublished\":\"2022-05-16T14:41:35+00:00\",\"dateModified\":\"2022-05-16T14:44:33+00:00\",\"breadcrumb\":{\"@id\":\"https:\/\/grotta.is\/en\/handknattleiksdeild\/gunni-gunn-thjalfar-grott\/#breadcrumb\"},\"inLanguage\":\"en-US\",\"potentialAction\":[{\"@type\":\"ReadAction\",\"target\":[\"https:\/\/grotta.is\/en\/handknattleiksdeild\/gunni-gunn-thjalfar-grott\/\"]}]},{\"@type\":\"ImageObject\",\"inLanguage\":\"en-US\",\"@id\":\"https:\/\/grotta.is\/en\/handknattleiksdeild\/gunni-gunn-thjalfar-grott\/#primaryimage\",\"url\":\"https:\/\/grotta.is\/wp-content\/uploads\/2022\/05\/Grotta-undirskriftiri-001-scaled.jpg\",\"contentUrl\":\"https:\/\/grotta.is\/wp-content\/uploads\/2022\/05\/Grotta-undirskriftiri-001-scaled.jpg\",\"width\":2560,\"height\":1707},{\"@type\":\"BreadcrumbList\",\"@id\":\"https:\/\/grotta.is\/en\/handknattleiksdeild\/gunni-gunn-thjalfar-grott\/#breadcrumb\",\"itemListElement\":[{\"@type\":\"ListItem\",\"position\":1,\"name\":\"Home\",\"item\":\"https:\/\/grotta.is\/\"},{\"@type\":\"ListItem\",\"position\":2,\"name\":\"Gunni Gunn \u00fej\u00e1lfar Gr\u00f3ttu\"}]},{\"@type\":\"WebSite\",\"@id\":\"https:\/\/grotta.is\/#website\",\"url\":\"https:\/\/grotta.is\/\",\"name\":\"\u00cd\u00fer\u00f3ttaf\u00e9lagi\u00f0 Gr\u00f3tta\",\"description\":\"\u00e1 Seltjarnarnesi\",\"publisher\":{\"@id\":\"https:\/\/grotta.is\/#organization\"},\"potentialAction\":[{\"@type\":\"SearchAction\",\"target\":{\"@type\":\"EntryPoint\",\"urlTemplate\":\"https:\/\/grotta.is\/?s={search_term_string}\"},\"query-input\":{\"@type\":\"PropertyValueSpecification\",\"valueRequired\":true,\"valueName\":\"search_term_string\"}}],\"inLanguage\":\"en-US\"},{\"@type\":\"Organization\",\"@id\":\"https:\/\/grotta.is\/#organization\",\"name\":\"\u00cd\u00fer\u00f3ttaf\u00e9lagi\u00f0 Gr\u00f3tta\",\"url\":\"https:\/\/grotta.is\/\",\"logo\":{\"@type\":\"ImageObject\",\"inLanguage\":\"en-US\",\"@id\":\"https:\/\/grotta.is\/#\/schema\/logo\/image\/\",\"url\":\"https:\/\/grotta.is\/wp-content\/uploads\/2020\/02\/ithrottafelagidgrotta_logo_512x512_transparent.png\",\"contentUrl\":\"https:\/\/grotta.is\/wp-content\/uploads\/2020\/02\/ithrottafelagidgrotta_logo_512x512_transparent.png\",\"width\":512,\"height\":512,\"caption\":\"\u00cd\u00fer\u00f3ttaf\u00e9lagi\u00f0 Gr\u00f3tta\"},\"image\":{\"@id\":\"https:\/\/grotta.is\/#\/schema\/logo\/image\/\"},\"sameAs\":[\"https:\/\/www.facebook.com\/grottasport\"]},{\"@type\":\"Person\",\"@id\":\"https:\/\/grotta.is\/#\/schema\/person\/b21e9d5dfd92c90211e343e8d7252b1c\",\"name\":\"Andri Sigf\u00fasson\",\"url\":\"https:\/\/grotta.is\/en\/author\/andri\/\"}]}<\/script>\n<!-- \/ Yoast SEO plugin. -->","yoast_head_json":{"title":"Gunni Gunn \u00fej\u00e1lfar Gr\u00f3ttu - \u00cd\u00fer\u00f3ttaf\u00e9lagi\u00f0 Gr\u00f3tta","robots":{"index":"index","follow":"follow","max-snippet":"max-snippet:-1","max-image-preview":"max-image-preview:large","max-video-preview":"max-video-preview:-1"},"canonical":"https:\/\/grotta.is\/en\/handknattleiksdeild\/gunni-gunn-thjalfar-grott\/","og_locale":"en_US","og_type":"article","og_title":"Gunni Gunn \u00fej\u00e1lfar Gr\u00f3ttu - \u00cd\u00fer\u00f3ttaf\u00e9lagi\u00f0 Gr\u00f3tta","og_description":"Gunnar Gunnarsson hefur veri\u00f0 r\u00e1\u00f0inn \u00fej\u00e1lfari meistaraflokks kvenna til n\u00e6stu \u00feriggja \u00e1ra. Gunnar \u00fearf vart a\u00f0 kynna fyrir Gr\u00f3ttuf\u00f3lki og hva\u00f0 \u00fe\u00e1 handbolta\u00e1hugaf\u00f3lki enda margreyndur \u00fej\u00e1lfari og landsli\u00f0sma\u00f0ur \u00fear \u00e1 [&hellip;]","og_url":"https:\/\/grotta.is\/en\/handknattleiksdeild\/gunni-gunn-thjalfar-grott\/","og_site_name":"\u00cd\u00fer\u00f3ttaf\u00e9lagi\u00f0 Gr\u00f3tta","article_publisher":"https:\/\/www.facebook.com\/grottasport","article_published_time":"2022-05-16T14:41:35+00:00","article_modified_time":"2022-05-16T14:44:33+00:00","og_image":[{"width":2560,"height":1707,"url":"https:\/\/grotta.is\/wp-content\/uploads\/2022\/05\/Grotta-undirskriftiri-001-scaled.jpg","type":"image\/jpeg"}],"author":"Andri Sigf\u00fasson","twitter_card":"summary_large_image","twitter_misc":{"Written by":"Andri Sigf\u00fasson","Est. reading time":"1 minute"},"schema":{"@context":"https:\/\/schema.org","@graph":[{"@type":"Article","@id":"https:\/\/grotta.is\/en\/handknattleiksdeild\/gunni-gunn-thjalfar-grott\/#article","isPartOf":{"@id":"https:\/\/grotta.is\/en\/handknattleiksdeild\/gunni-gunn-thjalfar-grott\/"},"author":{"name":"Andri Sigf\u00fasson","@id":"https:\/\/grotta.is\/#\/schema\/person\/b21e9d5dfd92c90211e343e8d7252b1c"},"headline":"Gunni Gunn \u00fej\u00e1lfar Gr\u00f3ttu","datePublished":"2022-05-16T14:41:35+00:00","dateModified":"2022-05-16T14:44:33+00:00","mainEntityOfPage":{"@id":"https:\/\/grotta.is\/en\/handknattleiksdeild\/gunni-gunn-thjalfar-grott\/"},"wordCount":194,"publisher":{"@id":"https:\/\/grotta.is\/#organization"},"image":{"@id":"https:\/\/grotta.is\/en\/handknattleiksdeild\/gunni-gunn-thjalfar-grott\/#primaryimage"},"thumbnailUrl":"https:\/\/grotta.is\/wp-content\/uploads\/2022\/05\/Grotta-undirskriftiri-001-scaled.jpg","keywords":["Handbolti","Mfl.kvk"],"articleSection":["Handknattleiksdeild"],"inLanguage":"en-US"},{"@type":"WebPage","@id":"https:\/\/grotta.is\/en\/handknattleiksdeild\/gunni-gunn-thjalfar-grott\/","url":"https:\/\/grotta.is\/en\/handknattleiksdeild\/gunni-gunn-thjalfar-grott\/","name":"Gunni Gunn \u00fej\u00e1lfar Gr\u00f3ttu - \u00cd\u00fer\u00f3ttaf\u00e9lagi\u00f0 Gr\u00f3tta","isPartOf":{"@id":"https:\/\/grotta.is\/#website"},"primaryImageOfPage":{"@id":"https:\/\/grotta.is\/en\/handknattleiksdeild\/gunni-gunn-thjalfar-grott\/#primaryimage"},"image":{"@id":"https:\/\/grotta.is\/en\/handknattleiksdeild\/gunni-gunn-thjalfar-grott\/#primaryimage"},"thumbnailUrl":"https:\/\/grotta.is\/wp-content\/uploads\/2022\/05\/Grotta-undirskriftiri-001-scaled.jpg","datePublished":"2022-05-16T14:41:35+00:00","dateModified":"2022-05-16T14:44:33+00:00","breadcrumb":{"@id":"https:\/\/grotta.is\/en\/handknattleiksdeild\/gunni-gunn-thjalfar-grott\/#breadcrumb"},"inLanguage":"en-US","potentialAction":[{"@type":"ReadAction","target":["https:\/\/grotta.is\/en\/handknattleiksdeild\/gunni-gunn-thjalfar-grott\/"]}]},{"@type":"ImageObject","inLanguage":"en-US","@id":"https:\/\/grotta.is\/en\/handknattleiksdeild\/gunni-gunn-thjalfar-grott\/#primaryimage","url":"https:\/\/grotta.is\/wp-content\/uploads\/2022\/05\/Grotta-undirskriftiri-001-scaled.jpg","contentUrl":"https:\/\/grotta.is\/wp-content\/uploads\/2022\/05\/Grotta-undirskriftiri-001-scaled.jpg","width":2560,"height":1707},{"@type":"BreadcrumbList","@id":"https:\/\/grotta.is\/en\/handknattleiksdeild\/gunni-gunn-thjalfar-grott\/#breadcrumb","itemListElement":[{"@type":"ListItem","position":1,"name":"Home","item":"https:\/\/grotta.is\/"},{"@type":"ListItem","position":2,"name":"Gunni Gunn \u00fej\u00e1lfar Gr\u00f3ttu"}]},{"@type":"WebSite","@id":"https:\/\/grotta.is\/#website","url":"https:\/\/grotta.is\/","name":"\u00cd\u00fer\u00f3ttaf\u00e9lagi\u00f0 Gr\u00f3tta","description":"\u00e1 Seltjarnarnesi","publisher":{"@id":"https:\/\/grotta.is\/#organization"},"potentialAction":[{"@type":"SearchAction","target":{"@type":"EntryPoint","urlTemplate":"https:\/\/grotta.is\/?s={search_term_string}"},"query-input":{"@type":"PropertyValueSpecification","valueRequired":true,"valueName":"search_term_string"}}],"inLanguage":"en-US"},{"@type":"Organization","@id":"https:\/\/grotta.is\/#organization","name":"\u00cd\u00fer\u00f3ttaf\u00e9lagi\u00f0 Gr\u00f3tta","url":"https:\/\/grotta.is\/","logo":{"@type":"ImageObject","inLanguage":"en-US","@id":"https:\/\/grotta.is\/#\/schema\/logo\/image\/","url":"https:\/\/grotta.is\/wp-content\/uploads\/2020\/02\/ithrottafelagidgrotta_logo_512x512_transparent.png","contentUrl":"https:\/\/grotta.is\/wp-content\/uploads\/2020\/02\/ithrottafelagidgrotta_logo_512x512_transparent.png","width":512,"height":512,"caption":"\u00cd\u00fer\u00f3ttaf\u00e9lagi\u00f0 Gr\u00f3tta"},"image":{"@id":"https:\/\/grotta.is\/#\/schema\/logo\/image\/"},"sameAs":["https:\/\/www.facebook.com\/grottasport"]},{"@type":"Person","@id":"https:\/\/grotta.is\/#\/schema\/person\/b21e9d5dfd92c90211e343e8d7252b1c","name":"Andri Sigf\u00fasson","url":"https:\/\/grotta.is\/en\/author\/andri\/"}]}},"_links":{"self":[{"href":"https:\/\/grotta.is\/en\/wp-json\/wp\/v2\/posts\/379691","targetHints":{"allow":["GET"]}}],"collection":[{"href":"https:\/\/grotta.is\/en\/wp-json\/wp\/v2\/posts"}],"about":[{"href":"https:\/\/grotta.is\/en\/wp-json\/wp\/v2\/types\/post"}],"author":[{"embeddable":true,"href":"https:\/\/grotta.is\/en\/wp-json\/wp\/v2\/users\/10"}],"replies":[{"embeddable":true,"href":"https:\/\/grotta.is\/en\/wp-json\/wp\/v2\/comments?post=379691"}],"version-history":[{"count":2,"href":"https:\/\/grotta.is\/en\/wp-json\/wp\/v2\/posts\/379691\/revisions"}],"predecessor-version":[{"id":379698,"href":"https:\/\/grotta.is\/en\/wp-json\/wp\/v2\/posts\/379691\/revisions\/379698"}],"wp:featuredmedia":[{"embeddable":true,"href":"https:\/\/grotta.is\/en\/wp-json\/wp\/v2\/media\/379692"}],"wp:attachment":[{"href":"https:\/\/grotta.is\/en\/wp-json\/wp\/v2\/media?parent=379691"}],"wp:term":[{"taxonomy":"category","embeddable":true,"href":"https:\/\/grotta.is\/en\/wp-json\/wp\/v2\/categories?post=379691"},{"taxonomy":"post_tag","embeddable":true,"href":"https:\/\/grotta.is\/en\/wp-json\/wp\/v2\/tags?post=379691"}],"curies":[{"name":"wp","href":"https:\/\/api.w.org\/{rel}","templated":true}]}}