{"id":377129,"date":"2022-04-27T13:59:42","date_gmt":"2022-04-27T13:59:42","guid":{"rendered":"https:\/\/grotta.is\/?p=377129"},"modified":"2022-04-27T14:33:52","modified_gmt":"2022-04-27T14:33:52","slug":"adalfundir-grottu-throstur-nyr-formadur","status":"publish","type":"post","link":"https:\/\/grotta.is\/en\/almennt\/adalfundir-grottu-throstur-nyr-formadur\/","title":{"rendered":"A\u00f0alfundir Gr\u00f3ttu &#8211; \u00der\u00f6stur n\u00fdr forma\u00f0ur"},"content":{"rendered":"<p>A\u00f0alfundir deilda og r\u00e1\u00f0a \u00cd\u00fer\u00f3ttaf\u00e9lagsins Gr\u00f3ttu f\u00f3ru fram \u00ed g\u00e6rkv\u00f6ldi, \u00feri\u00f0judaginn 26. apr\u00edl og f\u00f3ru \u00feeir fram \u00ed h\u00e1t\u00ed\u00f0arsal f\u00e9lagsins.\u00a0<\/p><p>Gu\u00f0mundur Sigurbergsson forma\u00f0ur UMSK h\u00e9lt um fundarstj\u00f3rnina en fundurinn h\u00f3fst me\u00f0 sk\u00fdrslu Braga Bj\u00f6rnssonar, formanns a\u00f0alstj\u00f3rnar og \u00ed kj\u00f6lfari\u00f0 komu formenn og gjaldkerar deilda og r\u00e1\u00f0a \u00ed pontu og f\u00f3ru yfir starfi\u00f0 \u00e1 \u00e1rinu og rekstrarni\u00f0urst\u00f6\u00f0ur.&nbsp;<\/p><p>Heilt yfir gekk rekstur f\u00e9lagsins vel \u00e1 \u00e1rinu og hefur reksturinn almennt veri\u00f0 \u00ed g\u00f3\u00f0u jafnv\u00e6gi \u00e1 \u00e1rinu 2021 \u00fer\u00e1tt fyrir a\u00f0 covid faraldurinn haf\u00f0i minnt \u00e1 sig. <\/p><p>\u00der\u00f6stur Gu\u00f0mundsson t\u00f3k vi\u00f0 formennsku a\u00f0alstj\u00f3rnar af Braga Bj\u00f6rnssonar sem l\u00e6tur af st\u00f6rfum eftir formennsku \u00ed 4 \u00e1r. \u00a0 A\u00f0rar breytingar \u00e1 a\u00f0alstj\u00f3rn eru a\u00f0 Anna Bj\u00f6rg Erlingsd\u00f3ttir og Svala Sigur\u00f0ard\u00f3ttir koma n\u00fdjar \u00ed stj\u00f3rn en Bragi og Fanney R\u00fanarsd\u00f3ttir fara \u00far stj\u00f3rn.\u00a0<\/p><p>Stj\u00f3rn fimleikadeildar og handknattleiksdeildar er \u00f3breytt.<br>\u00cd stj\u00f3rn unglingar\u00e1\u00f0s handknattleiksdeildar var s\u00fa breyting a\u00f0 Gu\u00f0r\u00fan D\u00f3ra Bjarnad\u00f3ttir kemur inn \u00ed sta\u00f0 Hildar \u00ddrar Hj\u00e1lmarsd\u00f3ttir.\u00a0<\/p><p>Stj\u00f3rn knattspyrndudeildar er s\u00fa breyting a\u00f0 P\u00e9tur \u00cdvarsson og Margr\u00e9t Dagbj\u00f6rt Flygenring P\u00e9tursd\u00f3ttir hverfa \u00far stj\u00f3rn en inn koma Helgi H\u00e9\u00f0insson, Hildur \u00d3lafsd\u00f3ttir og Stef\u00e1n Bjarnason.&nbsp;<\/p><p>Gefin var \u00fat gl\u00e6sileg \u00e1rsk\u00fdrsla fyrir s\u00ed\u00f0asta \u00e1r:<br><a href=\"https:\/\/grotta.is\/wp-content\/uploads\/2022\/04\/A%CC%81rssky%CC%81rsla-Gro%CC%81ttu-2021-ok-web.pdf\">https:\/\/grotta.is\/wp-content\/uploads\/2022\/04\/A%CC%81rssky%CC%81rsla-Gro%CC%81ttu-2021-ok-web.pdf<\/a><\/p><p>Eyj\u00f3lfur Gar\u00f0arsson lj\u00f3smyndari f\u00e9lagsins m\u00e6tti sv\u00e6\u00f0i\u00f0 og t\u00f3k fr\u00e1b\u00e6rar myndir sem l\u00fdsa vel heppnu\u00f0um a\u00f0alfundi.\u00a0<\/p><figure class=\"wp-block-image size-large\"><img fetchpriority=\"high\" decoding=\"async\" width=\"1024\" height=\"683\" src=\"https:\/\/grotta.is\/wp-content\/uploads\/2022\/04\/Grotta-adalfundir-2022-036-1024x683.jpg\" alt=\"\" class=\"wp-image-377124\" srcset=\"https:\/\/grotta.is\/wp-content\/uploads\/2022\/04\/Grotta-adalfundir-2022-036-1024x683.jpg 1024w, https:\/\/grotta.is\/wp-content\/uploads\/2022\/04\/Grotta-adalfundir-2022-036-300x200.jpg 300w, https:\/\/grotta.is\/wp-content\/uploads\/2022\/04\/Grotta-adalfundir-2022-036-768x512.jpg 768w, https:\/\/grotta.is\/wp-content\/uploads\/2022\/04\/Grotta-adalfundir-2022-036-1536x1024.jpg 1536w, https:\/\/grotta.is\/wp-content\/uploads\/2022\/04\/Grotta-adalfundir-2022-036-2048x1365.jpg 2048w, https:\/\/grotta.is\/wp-content\/uploads\/2022\/04\/Grotta-adalfundir-2022-036-18x12.jpg 18w, https:\/\/grotta.is\/wp-content\/uploads\/2022\/04\/Grotta-adalfundir-2022-036-600x400.jpg 600w\" sizes=\"(max-width: 1024px) 100vw, 1024px\" \/><\/figure><figure class=\"wp-block-image size-large\"><img decoding=\"async\" width=\"1024\" height=\"683\" data-src=\"https:\/\/grotta.is\/wp-content\/uploads\/2022\/04\/Grotta-adalfundir-2022-008-1024x683.jpg\" alt=\"\" class=\"wp-image-377123 lazyload\" data-srcset=\"https:\/\/grotta.is\/wp-content\/uploads\/2022\/04\/Grotta-adalfundir-2022-008-1024x683.jpg 1024w, https:\/\/grotta.is\/wp-content\/uploads\/2022\/04\/Grotta-adalfundir-2022-008-300x200.jpg 300w, https:\/\/grotta.is\/wp-content\/uploads\/2022\/04\/Grotta-adalfundir-2022-008-768x512.jpg 768w, https:\/\/grotta.is\/wp-content\/uploads\/2022\/04\/Grotta-adalfundir-2022-008-1536x1025.jpg 1536w, https:\/\/grotta.is\/wp-content\/uploads\/2022\/04\/Grotta-adalfundir-2022-008-2048x1366.jpg 2048w, https:\/\/grotta.is\/wp-content\/uploads\/2022\/04\/Grotta-adalfundir-2022-008-18x12.jpg 18w, https:\/\/grotta.is\/wp-content\/uploads\/2022\/04\/Grotta-adalfundir-2022-008-600x400.jpg 600w\" data-sizes=\"(max-width: 1024px) 100vw, 1024px\" src=\"data:image\/gif;base64,R0lGODlhAQABAAAAACH5BAEKAAEALAAAAAABAAEAAAICTAEAOw==\" style=\"--smush-placeholder-width: 1024px; --smush-placeholder-aspect-ratio: 1024\/683;\" \/><\/figure><figure class=\"wp-block-image size-large\"><img decoding=\"async\" width=\"1024\" height=\"683\" data-src=\"https:\/\/grotta.is\/wp-content\/uploads\/2022\/04\/Grotta-adalfundir-2022-016-1024x683.jpg\" alt=\"\" class=\"wp-image-377126 lazyload\" data-srcset=\"https:\/\/grotta.is\/wp-content\/uploads\/2022\/04\/Grotta-adalfundir-2022-016-1024x683.jpg 1024w, https:\/\/grotta.is\/wp-content\/uploads\/2022\/04\/Grotta-adalfundir-2022-016-300x200.jpg 300w, https:\/\/grotta.is\/wp-content\/uploads\/2022\/04\/Grotta-adalfundir-2022-016-768x512.jpg 768w, https:\/\/grotta.is\/wp-content\/uploads\/2022\/04\/Grotta-adalfundir-2022-016-1536x1024.jpg 1536w, https:\/\/grotta.is\/wp-content\/uploads\/2022\/04\/Grotta-adalfundir-2022-016-2048x1365.jpg 2048w, https:\/\/grotta.is\/wp-content\/uploads\/2022\/04\/Grotta-adalfundir-2022-016-18x12.jpg 18w, https:\/\/grotta.is\/wp-content\/uploads\/2022\/04\/Grotta-adalfundir-2022-016-600x400.jpg 600w\" data-sizes=\"(max-width: 1024px) 100vw, 1024px\" src=\"data:image\/gif;base64,R0lGODlhAQABAAAAACH5BAEKAAEALAAAAAABAAEAAAICTAEAOw==\" style=\"--smush-placeholder-width: 1024px; --smush-placeholder-aspect-ratio: 1024\/683;\" \/><\/figure>","protected":false},"excerpt":{"rendered":"<p>A\u00f0alfundir deilda og r\u00e1\u00f0a \u00cd\u00fer\u00f3ttaf\u00e9lagsins Gr\u00f3ttu f\u00f3ru fram \u00ed g\u00e6rkv\u00f6ldi, \u00feri\u00f0judaginn 26. apr\u00edl og f\u00f3ru \u00feeir fram \u00ed h\u00e1t\u00ed\u00f0arsal f\u00e9lagsins.\u00a0 Gu\u00f0mundur Sigurbergsson forma\u00f0ur UMSK h\u00e9lt um fundarstj\u00f3rnina en fundurinn h\u00f3fst [&hellip;]<\/p>","protected":false},"author":2,"featured_media":377122,"comment_status":"closed","ping_status":"closed","sticky":false,"template":"","format":"standard","meta":{"footnotes":""},"categories":[4,9,12,7],"tags":[],"class_list":["post-377129","post","type-post","status-publish","format-standard","has-post-thumbnail","hentry","category-almennt","category-fimleikadeild","category-handknattleiksdeild","category-knattspyrnudeild"],"yoast_head":"<!-- This site is optimized with the Yoast SEO plugin v24.3 - https:\/\/yoast.com\/wordpress\/plugins\/seo\/ -->\n<title>A\u00f0alfundir Gr\u00f3ttu - \u00der\u00f6stur n\u00fdr forma\u00f0ur - \u00cd\u00fer\u00f3ttaf\u00e9lagi\u00f0 Gr\u00f3tta<\/title>\n<meta name=\"robots\" content=\"index, follow, max-snippet:-1, max-image-preview:large, max-video-preview:-1\" \/>\n<link rel=\"canonical\" href=\"https:\/\/grotta.is\/en\/almennt\/adalfundir-grottu-throstur-nyr-formadur\/\" \/>\n<meta property=\"og:locale\" content=\"en_US\" \/>\n<meta property=\"og:type\" content=\"article\" \/>\n<meta property=\"og:title\" content=\"A\u00f0alfundir Gr\u00f3ttu - \u00der\u00f6stur n\u00fdr forma\u00f0ur - \u00cd\u00fer\u00f3ttaf\u00e9lagi\u00f0 Gr\u00f3tta\" \/>\n<meta property=\"og:description\" content=\"A\u00f0alfundir deilda og r\u00e1\u00f0a \u00cd\u00fer\u00f3ttaf\u00e9lagsins Gr\u00f3ttu f\u00f3ru fram \u00ed g\u00e6rkv\u00f6ldi, \u00feri\u00f0judaginn 26. apr\u00edl og f\u00f3ru \u00feeir fram \u00ed h\u00e1t\u00ed\u00f0arsal f\u00e9lagsins.\u00a0 Gu\u00f0mundur Sigurbergsson forma\u00f0ur UMSK h\u00e9lt um fundarstj\u00f3rnina en fundurinn h\u00f3fst [&hellip;]\" \/>\n<meta property=\"og:url\" content=\"https:\/\/grotta.is\/en\/almennt\/adalfundir-grottu-throstur-nyr-formadur\/\" \/>\n<meta property=\"og:site_name\" content=\"\u00cd\u00fer\u00f3ttaf\u00e9lagi\u00f0 Gr\u00f3tta\" \/>\n<meta property=\"article:publisher\" content=\"https:\/\/www.facebook.com\/grottasport\" \/>\n<meta property=\"article:published_time\" content=\"2022-04-27T13:59:42+00:00\" \/>\n<meta property=\"article:modified_time\" content=\"2022-04-27T14:33:52+00:00\" \/>\n<meta property=\"og:image\" content=\"https:\/\/grotta.is\/wp-content\/uploads\/2022\/04\/Grotta-adalfundir-2022-049-scaled.jpg\" \/>\n\t<meta property=\"og:image:width\" content=\"2560\" \/>\n\t<meta property=\"og:image:height\" content=\"1707\" \/>\n\t<meta property=\"og:image:type\" content=\"image\/jpeg\" \/>\n<meta name=\"author\" content=\"Grotta\" \/>\n<meta name=\"twitter:card\" content=\"summary_large_image\" \/>\n<meta name=\"twitter:label1\" content=\"Written by\" \/>\n\t<meta name=\"twitter:data1\" content=\"Grotta\" \/>\n\t<meta name=\"twitter:label2\" content=\"Est. reading time\" \/>\n\t<meta name=\"twitter:data2\" content=\"2 minutes\" \/>\n<script type=\"application\/ld+json\" class=\"yoast-schema-graph\">{\"@context\":\"https:\/\/schema.org\",\"@graph\":[{\"@type\":\"Article\",\"@id\":\"https:\/\/grotta.is\/almennt\/adalfundir-grottu-throstur-nyr-formadur\/#article\",\"isPartOf\":{\"@id\":\"https:\/\/grotta.is\/almennt\/adalfundir-grottu-throstur-nyr-formadur\/\"},\"author\":{\"name\":\"Grotta\",\"@id\":\"https:\/\/grotta.is\/#\/schema\/person\/08ec57bf09ee925f1b6a01540c14a5ce\"},\"headline\":\"A\u00f0alfundir Gr\u00f3ttu &#8211; \u00der\u00f6stur n\u00fdr forma\u00f0ur\",\"datePublished\":\"2022-04-27T13:59:42+00:00\",\"dateModified\":\"2022-04-27T14:33:52+00:00\",\"mainEntityOfPage\":{\"@id\":\"https:\/\/grotta.is\/almennt\/adalfundir-grottu-throstur-nyr-formadur\/\"},\"wordCount\":296,\"publisher\":{\"@id\":\"https:\/\/grotta.is\/#organization\"},\"image\":{\"@id\":\"https:\/\/grotta.is\/almennt\/adalfundir-grottu-throstur-nyr-formadur\/#primaryimage\"},\"thumbnailUrl\":\"https:\/\/grotta.is\/wp-content\/uploads\/2022\/04\/Grotta-adalfundir-2022-049-scaled.jpg\",\"articleSection\":[\"Almennt\",\"Fimleikadeild\",\"Handknattleiksdeild\",\"Knattspyrnudeild\"],\"inLanguage\":\"en-US\"},{\"@type\":\"WebPage\",\"@id\":\"https:\/\/grotta.is\/almennt\/adalfundir-grottu-throstur-nyr-formadur\/\",\"url\":\"https:\/\/grotta.is\/almennt\/adalfundir-grottu-throstur-nyr-formadur\/\",\"name\":\"A\u00f0alfundir Gr\u00f3ttu - \u00der\u00f6stur n\u00fdr forma\u00f0ur - \u00cd\u00fer\u00f3ttaf\u00e9lagi\u00f0 Gr\u00f3tta\",\"isPartOf\":{\"@id\":\"https:\/\/grotta.is\/#website\"},\"primaryImageOfPage\":{\"@id\":\"https:\/\/grotta.is\/almennt\/adalfundir-grottu-throstur-nyr-formadur\/#primaryimage\"},\"image\":{\"@id\":\"https:\/\/grotta.is\/almennt\/adalfundir-grottu-throstur-nyr-formadur\/#primaryimage\"},\"thumbnailUrl\":\"https:\/\/grotta.is\/wp-content\/uploads\/2022\/04\/Grotta-adalfundir-2022-049-scaled.jpg\",\"datePublished\":\"2022-04-27T13:59:42+00:00\",\"dateModified\":\"2022-04-27T14:33:52+00:00\",\"breadcrumb\":{\"@id\":\"https:\/\/grotta.is\/almennt\/adalfundir-grottu-throstur-nyr-formadur\/#breadcrumb\"},\"inLanguage\":\"en-US\",\"potentialAction\":[{\"@type\":\"ReadAction\",\"target\":[\"https:\/\/grotta.is\/almennt\/adalfundir-grottu-throstur-nyr-formadur\/\"]}]},{\"@type\":\"ImageObject\",\"inLanguage\":\"en-US\",\"@id\":\"https:\/\/grotta.is\/almennt\/adalfundir-grottu-throstur-nyr-formadur\/#primaryimage\",\"url\":\"https:\/\/grotta.is\/wp-content\/uploads\/2022\/04\/Grotta-adalfundir-2022-049-scaled.jpg\",\"contentUrl\":\"https:\/\/grotta.is\/wp-content\/uploads\/2022\/04\/Grotta-adalfundir-2022-049-scaled.jpg\",\"width\":2560,\"height\":1707},{\"@type\":\"BreadcrumbList\",\"@id\":\"https:\/\/grotta.is\/almennt\/adalfundir-grottu-throstur-nyr-formadur\/#breadcrumb\",\"itemListElement\":[{\"@type\":\"ListItem\",\"position\":1,\"name\":\"Home\",\"item\":\"https:\/\/grotta.is\/\"},{\"@type\":\"ListItem\",\"position\":2,\"name\":\"A\u00f0alfundir Gr\u00f3ttu &#8211; \u00der\u00f6stur n\u00fdr forma\u00f0ur\"}]},{\"@type\":\"WebSite\",\"@id\":\"https:\/\/grotta.is\/#website\",\"url\":\"https:\/\/grotta.is\/\",\"name\":\"\u00cd\u00fer\u00f3ttaf\u00e9lagi\u00f0 Gr\u00f3tta\",\"description\":\"\u00e1 Seltjarnarnesi\",\"publisher\":{\"@id\":\"https:\/\/grotta.is\/#organization\"},\"potentialAction\":[{\"@type\":\"SearchAction\",\"target\":{\"@type\":\"EntryPoint\",\"urlTemplate\":\"https:\/\/grotta.is\/?s={search_term_string}\"},\"query-input\":{\"@type\":\"PropertyValueSpecification\",\"valueRequired\":true,\"valueName\":\"search_term_string\"}}],\"inLanguage\":\"en-US\"},{\"@type\":\"Organization\",\"@id\":\"https:\/\/grotta.is\/#organization\",\"name\":\"\u00cd\u00fer\u00f3ttaf\u00e9lagi\u00f0 Gr\u00f3tta\",\"url\":\"https:\/\/grotta.is\/\",\"logo\":{\"@type\":\"ImageObject\",\"inLanguage\":\"en-US\",\"@id\":\"https:\/\/grotta.is\/#\/schema\/logo\/image\/\",\"url\":\"https:\/\/grotta.is\/wp-content\/uploads\/2020\/02\/ithrottafelagidgrotta_logo_512x512_transparent.png\",\"contentUrl\":\"https:\/\/grotta.is\/wp-content\/uploads\/2020\/02\/ithrottafelagidgrotta_logo_512x512_transparent.png\",\"width\":512,\"height\":512,\"caption\":\"\u00cd\u00fer\u00f3ttaf\u00e9lagi\u00f0 Gr\u00f3tta\"},\"image\":{\"@id\":\"https:\/\/grotta.is\/#\/schema\/logo\/image\/\"},\"sameAs\":[\"https:\/\/www.facebook.com\/grottasport\"]},{\"@type\":\"Person\",\"@id\":\"https:\/\/grotta.is\/#\/schema\/person\/08ec57bf09ee925f1b6a01540c14a5ce\",\"name\":\"Grotta\",\"url\":\"https:\/\/grotta.is\/en\/author\/inga\/\"}]}<\/script>\n<!-- \/ Yoast SEO plugin. -->","yoast_head_json":{"title":"A\u00f0alfundir Gr\u00f3ttu - \u00der\u00f6stur n\u00fdr forma\u00f0ur - \u00cd\u00fer\u00f3ttaf\u00e9lagi\u00f0 Gr\u00f3tta","robots":{"index":"index","follow":"follow","max-snippet":"max-snippet:-1","max-image-preview":"max-image-preview:large","max-video-preview":"max-video-preview:-1"},"canonical":"https:\/\/grotta.is\/en\/almennt\/adalfundir-grottu-throstur-nyr-formadur\/","og_locale":"en_US","og_type":"article","og_title":"A\u00f0alfundir Gr\u00f3ttu - \u00der\u00f6stur n\u00fdr forma\u00f0ur - \u00cd\u00fer\u00f3ttaf\u00e9lagi\u00f0 Gr\u00f3tta","og_description":"A\u00f0alfundir deilda og r\u00e1\u00f0a \u00cd\u00fer\u00f3ttaf\u00e9lagsins Gr\u00f3ttu f\u00f3ru fram \u00ed g\u00e6rkv\u00f6ldi, \u00feri\u00f0judaginn 26. apr\u00edl og f\u00f3ru \u00feeir fram \u00ed h\u00e1t\u00ed\u00f0arsal f\u00e9lagsins.\u00a0 Gu\u00f0mundur Sigurbergsson forma\u00f0ur UMSK h\u00e9lt um fundarstj\u00f3rnina en fundurinn h\u00f3fst [&hellip;]","og_url":"https:\/\/grotta.is\/en\/almennt\/adalfundir-grottu-throstur-nyr-formadur\/","og_site_name":"\u00cd\u00fer\u00f3ttaf\u00e9lagi\u00f0 Gr\u00f3tta","article_publisher":"https:\/\/www.facebook.com\/grottasport","article_published_time":"2022-04-27T13:59:42+00:00","article_modified_time":"2022-04-27T14:33:52+00:00","og_image":[{"width":2560,"height":1707,"url":"https:\/\/grotta.is\/wp-content\/uploads\/2022\/04\/Grotta-adalfundir-2022-049-scaled.jpg","type":"image\/jpeg"}],"author":"Grotta","twitter_card":"summary_large_image","twitter_misc":{"Written by":"Grotta","Est. reading time":"2 minutes"},"schema":{"@context":"https:\/\/schema.org","@graph":[{"@type":"Article","@id":"https:\/\/grotta.is\/almennt\/adalfundir-grottu-throstur-nyr-formadur\/#article","isPartOf":{"@id":"https:\/\/grotta.is\/almennt\/adalfundir-grottu-throstur-nyr-formadur\/"},"author":{"name":"Grotta","@id":"https:\/\/grotta.is\/#\/schema\/person\/08ec57bf09ee925f1b6a01540c14a5ce"},"headline":"A\u00f0alfundir Gr\u00f3ttu &#8211; \u00der\u00f6stur n\u00fdr forma\u00f0ur","datePublished":"2022-04-27T13:59:42+00:00","dateModified":"2022-04-27T14:33:52+00:00","mainEntityOfPage":{"@id":"https:\/\/grotta.is\/almennt\/adalfundir-grottu-throstur-nyr-formadur\/"},"wordCount":296,"publisher":{"@id":"https:\/\/grotta.is\/#organization"},"image":{"@id":"https:\/\/grotta.is\/almennt\/adalfundir-grottu-throstur-nyr-formadur\/#primaryimage"},"thumbnailUrl":"https:\/\/grotta.is\/wp-content\/uploads\/2022\/04\/Grotta-adalfundir-2022-049-scaled.jpg","articleSection":["Almennt","Fimleikadeild","Handknattleiksdeild","Knattspyrnudeild"],"inLanguage":"en-US"},{"@type":"WebPage","@id":"https:\/\/grotta.is\/almennt\/adalfundir-grottu-throstur-nyr-formadur\/","url":"https:\/\/grotta.is\/almennt\/adalfundir-grottu-throstur-nyr-formadur\/","name":"A\u00f0alfundir Gr\u00f3ttu - \u00der\u00f6stur n\u00fdr forma\u00f0ur - \u00cd\u00fer\u00f3ttaf\u00e9lagi\u00f0 Gr\u00f3tta","isPartOf":{"@id":"https:\/\/grotta.is\/#website"},"primaryImageOfPage":{"@id":"https:\/\/grotta.is\/almennt\/adalfundir-grottu-throstur-nyr-formadur\/#primaryimage"},"image":{"@id":"https:\/\/grotta.is\/almennt\/adalfundir-grottu-throstur-nyr-formadur\/#primaryimage"},"thumbnailUrl":"https:\/\/grotta.is\/wp-content\/uploads\/2022\/04\/Grotta-adalfundir-2022-049-scaled.jpg","datePublished":"2022-04-27T13:59:42+00:00","dateModified":"2022-04-27T14:33:52+00:00","breadcrumb":{"@id":"https:\/\/grotta.is\/almennt\/adalfundir-grottu-throstur-nyr-formadur\/#breadcrumb"},"inLanguage":"en-US","potentialAction":[{"@type":"ReadAction","target":["https:\/\/grotta.is\/almennt\/adalfundir-grottu-throstur-nyr-formadur\/"]}]},{"@type":"ImageObject","inLanguage":"en-US","@id":"https:\/\/grotta.is\/almennt\/adalfundir-grottu-throstur-nyr-formadur\/#primaryimage","url":"https:\/\/grotta.is\/wp-content\/uploads\/2022\/04\/Grotta-adalfundir-2022-049-scaled.jpg","contentUrl":"https:\/\/grotta.is\/wp-content\/uploads\/2022\/04\/Grotta-adalfundir-2022-049-scaled.jpg","width":2560,"height":1707},{"@type":"BreadcrumbList","@id":"https:\/\/grotta.is\/almennt\/adalfundir-grottu-throstur-nyr-formadur\/#breadcrumb","itemListElement":[{"@type":"ListItem","position":1,"name":"Home","item":"https:\/\/grotta.is\/"},{"@type":"ListItem","position":2,"name":"A\u00f0alfundir Gr\u00f3ttu &#8211; \u00der\u00f6stur n\u00fdr forma\u00f0ur"}]},{"@type":"WebSite","@id":"https:\/\/grotta.is\/#website","url":"https:\/\/grotta.is\/","name":"\u00cd\u00fer\u00f3ttaf\u00e9lagi\u00f0 Gr\u00f3tta","description":"\u00e1 Seltjarnarnesi","publisher":{"@id":"https:\/\/grotta.is\/#organization"},"potentialAction":[{"@type":"SearchAction","target":{"@type":"EntryPoint","urlTemplate":"https:\/\/grotta.is\/?s={search_term_string}"},"query-input":{"@type":"PropertyValueSpecification","valueRequired":true,"valueName":"search_term_string"}}],"inLanguage":"en-US"},{"@type":"Organization","@id":"https:\/\/grotta.is\/#organization","name":"\u00cd\u00fer\u00f3ttaf\u00e9lagi\u00f0 Gr\u00f3tta","url":"https:\/\/grotta.is\/","logo":{"@type":"ImageObject","inLanguage":"en-US","@id":"https:\/\/grotta.is\/#\/schema\/logo\/image\/","url":"https:\/\/grotta.is\/wp-content\/uploads\/2020\/02\/ithrottafelagidgrotta_logo_512x512_transparent.png","contentUrl":"https:\/\/grotta.is\/wp-content\/uploads\/2020\/02\/ithrottafelagidgrotta_logo_512x512_transparent.png","width":512,"height":512,"caption":"\u00cd\u00fer\u00f3ttaf\u00e9lagi\u00f0 Gr\u00f3tta"},"image":{"@id":"https:\/\/grotta.is\/#\/schema\/logo\/image\/"},"sameAs":["https:\/\/www.facebook.com\/grottasport"]},{"@type":"Person","@id":"https:\/\/grotta.is\/#\/schema\/person\/08ec57bf09ee925f1b6a01540c14a5ce","name":"Grotta","url":"https:\/\/grotta.is\/en\/author\/inga\/"}]}},"_links":{"self":[{"href":"https:\/\/grotta.is\/en\/wp-json\/wp\/v2\/posts\/377129","targetHints":{"allow":["GET"]}}],"collection":[{"href":"https:\/\/grotta.is\/en\/wp-json\/wp\/v2\/posts"}],"about":[{"href":"https:\/\/grotta.is\/en\/wp-json\/wp\/v2\/types\/post"}],"author":[{"embeddable":true,"href":"https:\/\/grotta.is\/en\/wp-json\/wp\/v2\/users\/2"}],"replies":[{"embeddable":true,"href":"https:\/\/grotta.is\/en\/wp-json\/wp\/v2\/comments?post=377129"}],"version-history":[{"count":2,"href":"https:\/\/grotta.is\/en\/wp-json\/wp\/v2\/posts\/377129\/revisions"}],"predecessor-version":[{"id":377138,"href":"https:\/\/grotta.is\/en\/wp-json\/wp\/v2\/posts\/377129\/revisions\/377138"}],"wp:featuredmedia":[{"embeddable":true,"href":"https:\/\/grotta.is\/en\/wp-json\/wp\/v2\/media\/377122"}],"wp:attachment":[{"href":"https:\/\/grotta.is\/en\/wp-json\/wp\/v2\/media?parent=377129"}],"wp:term":[{"taxonomy":"category","embeddable":true,"href":"https:\/\/grotta.is\/en\/wp-json\/wp\/v2\/categories?post=377129"},{"taxonomy":"post_tag","embeddable":true,"href":"https:\/\/grotta.is\/en\/wp-json\/wp\/v2\/tags?post=377129"}],"curies":[{"name":"wp","href":"https:\/\/api.w.org\/{rel}","templated":true}]}}