{"id":375420,"date":"2022-04-23T15:00:51","date_gmt":"2022-04-23T15:00:51","guid":{"rendered":"https:\/\/grotta.is\/?p=375420"},"modified":"2022-04-23T15:00:56","modified_gmt":"2022-04-23T15:00:56","slug":"grotta-komnir-afram-i-32-lida-urslit-mjolkurbikarsins","status":"publish","type":"post","link":"https:\/\/grotta.is\/en\/knattspyrnudeild\/grotta-komnir-afram-i-32-lida-urslit-mjolkurbikarsins\/","title":{"rendered":"Gr\u00f3tta komnir \u00e1fram \u00ed 32-li\u00f0a \u00farslit Mj\u00f3lkurbikarsins"},"content":{"rendered":"<p>Meistaraflokkur karla unnu st\u00f3rsigur gegn 4-deildarli\u00f0i KM \u00e1 Vivaldivellinum \u00ed g\u00e6rkv\u00f6ldi! <\/p><p>\u00c1horfendur kv\u00f6ldsins voru ekki sviknir \u00ed g\u00e6rkv\u00f6ldi \u00feegar Gr\u00f3tta ger\u00f0i s\u00e9r l\u00edti\u00f0 fyrir og vann KM 12-0 \u00ed annarri umfer\u00f0 Mj\u00f3lkurbikarsins \u00e1 Vivaldivellinum! <br>M\u00f6rk Gr\u00f3ttu skoru\u00f0u Kjartan K\u00e1ri Halld\u00f3rsson, Arnar \u00de\u00f3r Helgason (4), Luke Rae, Gunnar J\u00f3nas Hauksson, Sigur\u00f0ur Hrannar \u00deorsteinsson, Benjamin Friesen (3) og Arnar Dan\u00edel A\u00f0alsteinsson \u26bd\ufe0f<\/p><figure class=\"wp-block-image size-large\"><img fetchpriority=\"high\" decoding=\"async\" width=\"1024\" height=\"682\" src=\"https:\/\/grotta.is\/wp-content\/uploads\/2022\/04\/1DX29441-1024x682.jpeg\" alt=\"\" class=\"wp-image-375421\" srcset=\"https:\/\/grotta.is\/wp-content\/uploads\/2022\/04\/1DX29441-1024x682.jpeg 1024w, https:\/\/grotta.is\/wp-content\/uploads\/2022\/04\/1DX29441-300x200.jpeg 300w, https:\/\/grotta.is\/wp-content\/uploads\/2022\/04\/1DX29441-768x512.jpeg 768w, https:\/\/grotta.is\/wp-content\/uploads\/2022\/04\/1DX29441-1536x1023.jpeg 1536w, https:\/\/grotta.is\/wp-content\/uploads\/2022\/04\/1DX29441-18x12.jpeg 18w, https:\/\/grotta.is\/wp-content\/uploads\/2022\/04\/1DX29441-600x400.jpeg 600w, https:\/\/grotta.is\/wp-content\/uploads\/2022\/04\/1DX29441.jpeg 1891w\" sizes=\"(max-width: 1024px) 100vw, 1024px\" \/><\/figure>","protected":false},"excerpt":{"rendered":"<p>Meistaraflokkur karla unnu st\u00f3rsigur gegn 4-deildarli\u00f0i KM \u00e1 Vivaldivellinum \u00ed g\u00e6rkv\u00f6ldi! \u00c1horfendur kv\u00f6ldsins voru ekki sviknir \u00ed g\u00e6rkv\u00f6ldi \u00feegar Gr\u00f3tta ger\u00f0i s\u00e9r l\u00edti\u00f0 fyrir og vann KM 12-0 \u00ed annarri [&hellip;]<\/p>","protected":false},"author":4,"featured_media":375421,"comment_status":"closed","ping_status":"closed","sticky":false,"template":"","format":"standard","meta":{"footnotes":""},"categories":[7],"tags":[6,20],"class_list":["post-375420","post","type-post","status-publish","format-standard","has-post-thumbnail","hentry","category-knattspyrnudeild","tag-knattspyrna","tag-mfl-kk"],"yoast_head":"<!-- This site is optimized with the Yoast SEO plugin v24.3 - https:\/\/yoast.com\/wordpress\/plugins\/seo\/ -->\n<title>Gr\u00f3tta komnir \u00e1fram \u00ed 32-li\u00f0a \u00farslit Mj\u00f3lkurbikarsins - \u00cd\u00fer\u00f3ttaf\u00e9lagi\u00f0 Gr\u00f3tta<\/title>\n<meta name=\"robots\" content=\"index, follow, max-snippet:-1, max-image-preview:large, max-video-preview:-1\" \/>\n<link rel=\"canonical\" href=\"https:\/\/grotta.is\/en\/knattspyrnudeild\/grotta-komnir-afram-i-32-lida-urslit-mjolkurbikarsins\/\" \/>\n<meta property=\"og:locale\" content=\"en_US\" \/>\n<meta property=\"og:type\" content=\"article\" \/>\n<meta property=\"og:title\" content=\"Gr\u00f3tta komnir \u00e1fram \u00ed 32-li\u00f0a \u00farslit Mj\u00f3lkurbikarsins - \u00cd\u00fer\u00f3ttaf\u00e9lagi\u00f0 Gr\u00f3tta\" \/>\n<meta property=\"og:description\" content=\"Meistaraflokkur karla unnu st\u00f3rsigur gegn 4-deildarli\u00f0i KM \u00e1 Vivaldivellinum \u00ed g\u00e6rkv\u00f6ldi! \u00c1horfendur kv\u00f6ldsins voru ekki sviknir \u00ed g\u00e6rkv\u00f6ldi \u00feegar Gr\u00f3tta ger\u00f0i s\u00e9r l\u00edti\u00f0 fyrir og vann KM 12-0 \u00ed annarri [&hellip;]\" \/>\n<meta property=\"og:url\" content=\"https:\/\/grotta.is\/en\/knattspyrnudeild\/grotta-komnir-afram-i-32-lida-urslit-mjolkurbikarsins\/\" \/>\n<meta property=\"og:site_name\" content=\"\u00cd\u00fer\u00f3ttaf\u00e9lagi\u00f0 Gr\u00f3tta\" \/>\n<meta property=\"article:publisher\" content=\"https:\/\/www.facebook.com\/grottasport\" \/>\n<meta property=\"article:published_time\" content=\"2022-04-23T15:00:51+00:00\" \/>\n<meta property=\"article:modified_time\" content=\"2022-04-23T15:00:56+00:00\" \/>\n<meta property=\"og:image\" content=\"https:\/\/grotta.is\/wp-content\/uploads\/2022\/04\/1DX29441.jpeg\" \/>\n\t<meta property=\"og:image:width\" content=\"1891\" \/>\n\t<meta property=\"og:image:height\" content=\"1260\" \/>\n\t<meta property=\"og:image:type\" content=\"image\/jpeg\" \/>\n<meta name=\"author\" content=\"J\u00f3runn M. \u00deorsteinsd\u00f3ttir\" \/>\n<meta name=\"twitter:card\" content=\"summary_large_image\" \/>\n<meta name=\"twitter:label1\" content=\"Written by\" \/>\n\t<meta name=\"twitter:data1\" content=\"J\u00f3runn M. \u00deorsteinsd\u00f3ttir\" \/>\n\t<meta name=\"twitter:label2\" content=\"Est. reading time\" \/>\n\t<meta name=\"twitter:data2\" content=\"1 minute\" \/>\n<script type=\"application\/ld+json\" class=\"yoast-schema-graph\">{\"@context\":\"https:\/\/schema.org\",\"@graph\":[{\"@type\":\"Article\",\"@id\":\"https:\/\/grotta.is\/knattspyrnudeild\/grotta-komnir-afram-i-32-lida-urslit-mjolkurbikarsins\/#article\",\"isPartOf\":{\"@id\":\"https:\/\/grotta.is\/knattspyrnudeild\/grotta-komnir-afram-i-32-lida-urslit-mjolkurbikarsins\/\"},\"author\":{\"name\":\"J\u00f3runn M. \u00deorsteinsd\u00f3ttir\",\"@id\":\"https:\/\/grotta.is\/#\/schema\/person\/f1fea6a85a554e8069771c3486efbd84\"},\"headline\":\"Gr\u00f3tta komnir \u00e1fram \u00ed 32-li\u00f0a \u00farslit Mj\u00f3lkurbikarsins\",\"datePublished\":\"2022-04-23T15:00:51+00:00\",\"dateModified\":\"2022-04-23T15:00:56+00:00\",\"mainEntityOfPage\":{\"@id\":\"https:\/\/grotta.is\/knattspyrnudeild\/grotta-komnir-afram-i-32-lida-urslit-mjolkurbikarsins\/\"},\"wordCount\":82,\"publisher\":{\"@id\":\"https:\/\/grotta.is\/#organization\"},\"image\":{\"@id\":\"https:\/\/grotta.is\/knattspyrnudeild\/grotta-komnir-afram-i-32-lida-urslit-mjolkurbikarsins\/#primaryimage\"},\"thumbnailUrl\":\"https:\/\/grotta.is\/wp-content\/uploads\/2022\/04\/1DX29441.jpeg\",\"keywords\":[\"Knattspyrna\",\"Mfl.kk\"],\"articleSection\":[\"Knattspyrnudeild\"],\"inLanguage\":\"en-US\"},{\"@type\":\"WebPage\",\"@id\":\"https:\/\/grotta.is\/knattspyrnudeild\/grotta-komnir-afram-i-32-lida-urslit-mjolkurbikarsins\/\",\"url\":\"https:\/\/grotta.is\/knattspyrnudeild\/grotta-komnir-afram-i-32-lida-urslit-mjolkurbikarsins\/\",\"name\":\"Gr\u00f3tta komnir \u00e1fram \u00ed 32-li\u00f0a \u00farslit Mj\u00f3lkurbikarsins - \u00cd\u00fer\u00f3ttaf\u00e9lagi\u00f0 Gr\u00f3tta\",\"isPartOf\":{\"@id\":\"https:\/\/grotta.is\/#website\"},\"primaryImageOfPage\":{\"@id\":\"https:\/\/grotta.is\/knattspyrnudeild\/grotta-komnir-afram-i-32-lida-urslit-mjolkurbikarsins\/#primaryimage\"},\"image\":{\"@id\":\"https:\/\/grotta.is\/knattspyrnudeild\/grotta-komnir-afram-i-32-lida-urslit-mjolkurbikarsins\/#primaryimage\"},\"thumbnailUrl\":\"https:\/\/grotta.is\/wp-content\/uploads\/2022\/04\/1DX29441.jpeg\",\"datePublished\":\"2022-04-23T15:00:51+00:00\",\"dateModified\":\"2022-04-23T15:00:56+00:00\",\"breadcrumb\":{\"@id\":\"https:\/\/grotta.is\/knattspyrnudeild\/grotta-komnir-afram-i-32-lida-urslit-mjolkurbikarsins\/#breadcrumb\"},\"inLanguage\":\"en-US\",\"potentialAction\":[{\"@type\":\"ReadAction\",\"target\":[\"https:\/\/grotta.is\/knattspyrnudeild\/grotta-komnir-afram-i-32-lida-urslit-mjolkurbikarsins\/\"]}]},{\"@type\":\"ImageObject\",\"inLanguage\":\"en-US\",\"@id\":\"https:\/\/grotta.is\/knattspyrnudeild\/grotta-komnir-afram-i-32-lida-urslit-mjolkurbikarsins\/#primaryimage\",\"url\":\"https:\/\/grotta.is\/wp-content\/uploads\/2022\/04\/1DX29441.jpeg\",\"contentUrl\":\"https:\/\/grotta.is\/wp-content\/uploads\/2022\/04\/1DX29441.jpeg\",\"width\":1891,\"height\":1260},{\"@type\":\"BreadcrumbList\",\"@id\":\"https:\/\/grotta.is\/knattspyrnudeild\/grotta-komnir-afram-i-32-lida-urslit-mjolkurbikarsins\/#breadcrumb\",\"itemListElement\":[{\"@type\":\"ListItem\",\"position\":1,\"name\":\"Home\",\"item\":\"https:\/\/grotta.is\/\"},{\"@type\":\"ListItem\",\"position\":2,\"name\":\"Gr\u00f3tta komnir \u00e1fram \u00ed 32-li\u00f0a \u00farslit Mj\u00f3lkurbikarsins\"}]},{\"@type\":\"WebSite\",\"@id\":\"https:\/\/grotta.is\/#website\",\"url\":\"https:\/\/grotta.is\/\",\"name\":\"\u00cd\u00fer\u00f3ttaf\u00e9lagi\u00f0 Gr\u00f3tta\",\"description\":\"\u00e1 Seltjarnarnesi\",\"publisher\":{\"@id\":\"https:\/\/grotta.is\/#organization\"},\"potentialAction\":[{\"@type\":\"SearchAction\",\"target\":{\"@type\":\"EntryPoint\",\"urlTemplate\":\"https:\/\/grotta.is\/?s={search_term_string}\"},\"query-input\":{\"@type\":\"PropertyValueSpecification\",\"valueRequired\":true,\"valueName\":\"search_term_string\"}}],\"inLanguage\":\"en-US\"},{\"@type\":\"Organization\",\"@id\":\"https:\/\/grotta.is\/#organization\",\"name\":\"\u00cd\u00fer\u00f3ttaf\u00e9lagi\u00f0 Gr\u00f3tta\",\"url\":\"https:\/\/grotta.is\/\",\"logo\":{\"@type\":\"ImageObject\",\"inLanguage\":\"en-US\",\"@id\":\"https:\/\/grotta.is\/#\/schema\/logo\/image\/\",\"url\":\"https:\/\/grotta.is\/wp-content\/uploads\/2020\/02\/ithrottafelagidgrotta_logo_512x512_transparent.png\",\"contentUrl\":\"https:\/\/grotta.is\/wp-content\/uploads\/2020\/02\/ithrottafelagidgrotta_logo_512x512_transparent.png\",\"width\":512,\"height\":512,\"caption\":\"\u00cd\u00fer\u00f3ttaf\u00e9lagi\u00f0 Gr\u00f3tta\"},\"image\":{\"@id\":\"https:\/\/grotta.is\/#\/schema\/logo\/image\/\"},\"sameAs\":[\"https:\/\/www.facebook.com\/grottasport\"]},{\"@type\":\"Person\",\"@id\":\"https:\/\/grotta.is\/#\/schema\/person\/f1fea6a85a554e8069771c3486efbd84\",\"name\":\"J\u00f3runn M. \u00deorsteinsd\u00f3ttir\",\"url\":\"https:\/\/grotta.is\/en\/author\/jorunn\/\"}]}<\/script>\n<!-- \/ Yoast SEO plugin. -->","yoast_head_json":{"title":"Gr\u00f3tta komnir \u00e1fram \u00ed 32-li\u00f0a \u00farslit Mj\u00f3lkurbikarsins - \u00cd\u00fer\u00f3ttaf\u00e9lagi\u00f0 Gr\u00f3tta","robots":{"index":"index","follow":"follow","max-snippet":"max-snippet:-1","max-image-preview":"max-image-preview:large","max-video-preview":"max-video-preview:-1"},"canonical":"https:\/\/grotta.is\/en\/knattspyrnudeild\/grotta-komnir-afram-i-32-lida-urslit-mjolkurbikarsins\/","og_locale":"en_US","og_type":"article","og_title":"Gr\u00f3tta komnir \u00e1fram \u00ed 32-li\u00f0a \u00farslit Mj\u00f3lkurbikarsins - \u00cd\u00fer\u00f3ttaf\u00e9lagi\u00f0 Gr\u00f3tta","og_description":"Meistaraflokkur karla unnu st\u00f3rsigur gegn 4-deildarli\u00f0i KM \u00e1 Vivaldivellinum \u00ed g\u00e6rkv\u00f6ldi! \u00c1horfendur kv\u00f6ldsins voru ekki sviknir \u00ed g\u00e6rkv\u00f6ldi \u00feegar Gr\u00f3tta ger\u00f0i s\u00e9r l\u00edti\u00f0 fyrir og vann KM 12-0 \u00ed annarri [&hellip;]","og_url":"https:\/\/grotta.is\/en\/knattspyrnudeild\/grotta-komnir-afram-i-32-lida-urslit-mjolkurbikarsins\/","og_site_name":"\u00cd\u00fer\u00f3ttaf\u00e9lagi\u00f0 Gr\u00f3tta","article_publisher":"https:\/\/www.facebook.com\/grottasport","article_published_time":"2022-04-23T15:00:51+00:00","article_modified_time":"2022-04-23T15:00:56+00:00","og_image":[{"width":1891,"height":1260,"url":"https:\/\/grotta.is\/wp-content\/uploads\/2022\/04\/1DX29441.jpeg","type":"image\/jpeg"}],"author":"J\u00f3runn M. \u00deorsteinsd\u00f3ttir","twitter_card":"summary_large_image","twitter_misc":{"Written by":"J\u00f3runn M. \u00deorsteinsd\u00f3ttir","Est. reading time":"1 minute"},"schema":{"@context":"https:\/\/schema.org","@graph":[{"@type":"Article","@id":"https:\/\/grotta.is\/knattspyrnudeild\/grotta-komnir-afram-i-32-lida-urslit-mjolkurbikarsins\/#article","isPartOf":{"@id":"https:\/\/grotta.is\/knattspyrnudeild\/grotta-komnir-afram-i-32-lida-urslit-mjolkurbikarsins\/"},"author":{"name":"J\u00f3runn M. \u00deorsteinsd\u00f3ttir","@id":"https:\/\/grotta.is\/#\/schema\/person\/f1fea6a85a554e8069771c3486efbd84"},"headline":"Gr\u00f3tta komnir \u00e1fram \u00ed 32-li\u00f0a \u00farslit Mj\u00f3lkurbikarsins","datePublished":"2022-04-23T15:00:51+00:00","dateModified":"2022-04-23T15:00:56+00:00","mainEntityOfPage":{"@id":"https:\/\/grotta.is\/knattspyrnudeild\/grotta-komnir-afram-i-32-lida-urslit-mjolkurbikarsins\/"},"wordCount":82,"publisher":{"@id":"https:\/\/grotta.is\/#organization"},"image":{"@id":"https:\/\/grotta.is\/knattspyrnudeild\/grotta-komnir-afram-i-32-lida-urslit-mjolkurbikarsins\/#primaryimage"},"thumbnailUrl":"https:\/\/grotta.is\/wp-content\/uploads\/2022\/04\/1DX29441.jpeg","keywords":["Knattspyrna","Mfl.kk"],"articleSection":["Knattspyrnudeild"],"inLanguage":"en-US"},{"@type":"WebPage","@id":"https:\/\/grotta.is\/knattspyrnudeild\/grotta-komnir-afram-i-32-lida-urslit-mjolkurbikarsins\/","url":"https:\/\/grotta.is\/knattspyrnudeild\/grotta-komnir-afram-i-32-lida-urslit-mjolkurbikarsins\/","name":"Gr\u00f3tta komnir \u00e1fram \u00ed 32-li\u00f0a \u00farslit Mj\u00f3lkurbikarsins - \u00cd\u00fer\u00f3ttaf\u00e9lagi\u00f0 Gr\u00f3tta","isPartOf":{"@id":"https:\/\/grotta.is\/#website"},"primaryImageOfPage":{"@id":"https:\/\/grotta.is\/knattspyrnudeild\/grotta-komnir-afram-i-32-lida-urslit-mjolkurbikarsins\/#primaryimage"},"image":{"@id":"https:\/\/grotta.is\/knattspyrnudeild\/grotta-komnir-afram-i-32-lida-urslit-mjolkurbikarsins\/#primaryimage"},"thumbnailUrl":"https:\/\/grotta.is\/wp-content\/uploads\/2022\/04\/1DX29441.jpeg","datePublished":"2022-04-23T15:00:51+00:00","dateModified":"2022-04-23T15:00:56+00:00","breadcrumb":{"@id":"https:\/\/grotta.is\/knattspyrnudeild\/grotta-komnir-afram-i-32-lida-urslit-mjolkurbikarsins\/#breadcrumb"},"inLanguage":"en-US","potentialAction":[{"@type":"ReadAction","target":["https:\/\/grotta.is\/knattspyrnudeild\/grotta-komnir-afram-i-32-lida-urslit-mjolkurbikarsins\/"]}]},{"@type":"ImageObject","inLanguage":"en-US","@id":"https:\/\/grotta.is\/knattspyrnudeild\/grotta-komnir-afram-i-32-lida-urslit-mjolkurbikarsins\/#primaryimage","url":"https:\/\/grotta.is\/wp-content\/uploads\/2022\/04\/1DX29441.jpeg","contentUrl":"https:\/\/grotta.is\/wp-content\/uploads\/2022\/04\/1DX29441.jpeg","width":1891,"height":1260},{"@type":"BreadcrumbList","@id":"https:\/\/grotta.is\/knattspyrnudeild\/grotta-komnir-afram-i-32-lida-urslit-mjolkurbikarsins\/#breadcrumb","itemListElement":[{"@type":"ListItem","position":1,"name":"Home","item":"https:\/\/grotta.is\/"},{"@type":"ListItem","position":2,"name":"Gr\u00f3tta komnir \u00e1fram \u00ed 32-li\u00f0a \u00farslit Mj\u00f3lkurbikarsins"}]},{"@type":"WebSite","@id":"https:\/\/grotta.is\/#website","url":"https:\/\/grotta.is\/","name":"\u00cd\u00fer\u00f3ttaf\u00e9lagi\u00f0 Gr\u00f3tta","description":"\u00e1 Seltjarnarnesi","publisher":{"@id":"https:\/\/grotta.is\/#organization"},"potentialAction":[{"@type":"SearchAction","target":{"@type":"EntryPoint","urlTemplate":"https:\/\/grotta.is\/?s={search_term_string}"},"query-input":{"@type":"PropertyValueSpecification","valueRequired":true,"valueName":"search_term_string"}}],"inLanguage":"en-US"},{"@type":"Organization","@id":"https:\/\/grotta.is\/#organization","name":"\u00cd\u00fer\u00f3ttaf\u00e9lagi\u00f0 Gr\u00f3tta","url":"https:\/\/grotta.is\/","logo":{"@type":"ImageObject","inLanguage":"en-US","@id":"https:\/\/grotta.is\/#\/schema\/logo\/image\/","url":"https:\/\/grotta.is\/wp-content\/uploads\/2020\/02\/ithrottafelagidgrotta_logo_512x512_transparent.png","contentUrl":"https:\/\/grotta.is\/wp-content\/uploads\/2020\/02\/ithrottafelagidgrotta_logo_512x512_transparent.png","width":512,"height":512,"caption":"\u00cd\u00fer\u00f3ttaf\u00e9lagi\u00f0 Gr\u00f3tta"},"image":{"@id":"https:\/\/grotta.is\/#\/schema\/logo\/image\/"},"sameAs":["https:\/\/www.facebook.com\/grottasport"]},{"@type":"Person","@id":"https:\/\/grotta.is\/#\/schema\/person\/f1fea6a85a554e8069771c3486efbd84","name":"J\u00f3runn M. \u00deorsteinsd\u00f3ttir","url":"https:\/\/grotta.is\/en\/author\/jorunn\/"}]}},"_links":{"self":[{"href":"https:\/\/grotta.is\/en\/wp-json\/wp\/v2\/posts\/375420","targetHints":{"allow":["GET"]}}],"collection":[{"href":"https:\/\/grotta.is\/en\/wp-json\/wp\/v2\/posts"}],"about":[{"href":"https:\/\/grotta.is\/en\/wp-json\/wp\/v2\/types\/post"}],"author":[{"embeddable":true,"href":"https:\/\/grotta.is\/en\/wp-json\/wp\/v2\/users\/4"}],"replies":[{"embeddable":true,"href":"https:\/\/grotta.is\/en\/wp-json\/wp\/v2\/comments?post=375420"}],"version-history":[{"count":1,"href":"https:\/\/grotta.is\/en\/wp-json\/wp\/v2\/posts\/375420\/revisions"}],"predecessor-version":[{"id":375422,"href":"https:\/\/grotta.is\/en\/wp-json\/wp\/v2\/posts\/375420\/revisions\/375422"}],"wp:featuredmedia":[{"embeddable":true,"href":"https:\/\/grotta.is\/en\/wp-json\/wp\/v2\/media\/375421"}],"wp:attachment":[{"href":"https:\/\/grotta.is\/en\/wp-json\/wp\/v2\/media?parent=375420"}],"wp:term":[{"taxonomy":"category","embeddable":true,"href":"https:\/\/grotta.is\/en\/wp-json\/wp\/v2\/categories?post=375420"},{"taxonomy":"post_tag","embeddable":true,"href":"https:\/\/grotta.is\/en\/wp-json\/wp\/v2\/tags?post=375420"}],"curies":[{"name":"wp","href":"https:\/\/api.w.org\/{rel}","templated":true}]}}