{"id":374261,"date":"2022-04-12T19:35:12","date_gmt":"2022-04-12T19:35:12","guid":{"rendered":"https:\/\/grotta.is\/?p=374261"},"modified":"2022-04-12T19:37:46","modified_gmt":"2022-04-12T19:37:46","slug":"birgir-steinn-afram-a-nesinu","status":"publish","type":"post","link":"https:\/\/grotta.is\/en\/handknattleiksdeild\/birgir-steinn-afram-a-nesinu\/","title":{"rendered":"Birgir Steinn framlengir"},"content":{"rendered":"<p>Birgir Steinn J\u00f3nsson hefur skrifa\u00f0 undir n\u00fdjan tveggja \u00e1ra samning vi\u00f0 Handknattleiksdeild Gr\u00f3ttu. Birgir Steinn hefur veri\u00f0 \u00ed herb\u00fa\u00f0um Gr\u00f3ttu undanfarin tv\u00f6 \u00e1r og sta\u00f0i\u00f0 sig fr\u00e1b\u00e6rlega. \u00dea\u00f0 eru \u00fev\u00ed fr\u00e1b\u00e6r t\u00ed\u00f0indi a\u00f0 hann ver\u00f0i \u00e1fram \u00e1 Nesinu. Birgir skora\u00f0i 125 m\u00f6rk \u00ed vetur og var\u00f0 fj\u00f3r\u00f0i markah\u00e6sti leikma\u00f0ur deildarinnar. Ef fr\u00e1 eru talin m\u00f6rk \u00far v\u00edtak\u00f6stum, \u00fe\u00e1 er \u00feetta anna\u00f0 t\u00edmabili\u00f0 \u00ed r\u00f6\u00f0 sem Birgir Steinn er markah\u00e6sti leikma\u00f0ur deildarinnar.&nbsp; Hann gaf flestar sto\u00f0sendingar \u00ed deildinni \u00ed vetur. N\u00fdveri\u00f0 var hann valinn besti leikma\u00f0ur deildarinnar samkv\u00e6mt t\u00f6lfr\u00e6\u00f0i HBstatz og \u00ed li\u00f0i t\u00edmabilsins.<\/p><p>\u201e\u00c9g er virkilega spenntur fyrir komandi t\u00edmum hj\u00e1 Gr\u00f3ttu. Vi\u00f0 h\u00f6fum s\u00fdnt \u00fea\u00f0 \u00ed vetur a\u00f0 vi\u00f0 erum me\u00f0 h\u00f6rkugott li\u00f0 en \u00e9g hef tr\u00fa \u00e1 \u00fev\u00ed a\u00f0 \u00feessi h\u00f3pur geti n\u00e1\u00f0 enn lengra \u00e1 n\u00e6sta t\u00edmabili og \u00e1 n\u00e6stu \u00e1rum\u201c, sag\u00f0i Birgir Steinn vi\u00f0 undirritunina.<\/p><p>\u201e\u00deetta eru st\u00f3r t\u00ed\u00f0indi fyrir Gr\u00f3ttu enda Birgir Steinn stimpla\u00f0 sig inn sem einn albesti leikma\u00f0ur deildarinnar og m\u00f6rg li\u00f0 sem horf\u00f0u h\u00fdru auga til hans. Hann hefur b\u00e6tt leik sinn gr\u00ed\u00f0arlega undanfarin \u00e1r og ver\u00f0ur fr\u00e1b\u00e6rt a\u00f0 vinna \u00e1fram me\u00f0 honum n\u00e6stu tv\u00f6 \u00e1rin\u201c, sag\u00f0i Arnar Da\u00f0i Arnarsson \u00fej\u00e1lfari Gr\u00f3ttuli\u00f0sins.<br><br>Mynd: Eyj\u00f3lfur Gar\u00f0arsson<\/p>","protected":false},"excerpt":{"rendered":"<p>Birgir Steinn J\u00f3nsson hefur skrifa\u00f0 undir n\u00fdjan tveggja \u00e1ra samning vi\u00f0 Handknattleiksdeild Gr\u00f3ttu. Birgir Steinn hefur veri\u00f0 \u00ed herb\u00fa\u00f0um Gr\u00f3ttu undanfarin tv\u00f6 \u00e1r og sta\u00f0i\u00f0 sig fr\u00e1b\u00e6rlega. \u00dea\u00f0 eru \u00fev\u00ed [&hellip;]<\/p>","protected":false},"author":10,"featured_media":374262,"comment_status":"closed","ping_status":"closed","sticky":false,"template":"","format":"standard","meta":{"footnotes":""},"categories":[12],"tags":[13,20],"class_list":["post-374261","post","type-post","status-publish","format-standard","has-post-thumbnail","hentry","category-handknattleiksdeild","tag-handbolti","tag-mfl-kk"],"yoast_head":"<!-- This site is optimized with the Yoast SEO plugin v24.3 - https:\/\/yoast.com\/wordpress\/plugins\/seo\/ -->\n<title>Birgir Steinn framlengir - \u00cd\u00fer\u00f3ttaf\u00e9lagi\u00f0 Gr\u00f3tta<\/title>\n<meta name=\"robots\" content=\"index, follow, max-snippet:-1, max-image-preview:large, max-video-preview:-1\" \/>\n<link rel=\"canonical\" href=\"https:\/\/grotta.is\/en\/handknattleiksdeild\/birgir-steinn-afram-a-nesinu\/\" \/>\n<meta property=\"og:locale\" content=\"en_US\" \/>\n<meta property=\"og:type\" content=\"article\" \/>\n<meta property=\"og:title\" content=\"Birgir Steinn framlengir - \u00cd\u00fer\u00f3ttaf\u00e9lagi\u00f0 Gr\u00f3tta\" \/>\n<meta property=\"og:description\" content=\"Birgir Steinn J\u00f3nsson hefur skrifa\u00f0 undir n\u00fdjan tveggja \u00e1ra samning vi\u00f0 Handknattleiksdeild Gr\u00f3ttu. Birgir Steinn hefur veri\u00f0 \u00ed herb\u00fa\u00f0um Gr\u00f3ttu undanfarin tv\u00f6 \u00e1r og sta\u00f0i\u00f0 sig fr\u00e1b\u00e6rlega. \u00dea\u00f0 eru \u00fev\u00ed [&hellip;]\" \/>\n<meta property=\"og:url\" content=\"https:\/\/grotta.is\/en\/handknattleiksdeild\/birgir-steinn-afram-a-nesinu\/\" \/>\n<meta property=\"og:site_name\" content=\"\u00cd\u00fer\u00f3ttaf\u00e9lagi\u00f0 Gr\u00f3tta\" \/>\n<meta property=\"article:publisher\" content=\"https:\/\/www.facebook.com\/grottasport\" \/>\n<meta property=\"article:published_time\" content=\"2022-04-12T19:35:12+00:00\" \/>\n<meta property=\"article:modified_time\" content=\"2022-04-12T19:37:46+00:00\" \/>\n<meta property=\"og:image\" content=\"https:\/\/grotta.is\/wp-content\/uploads\/2022\/04\/1DX26628-scaled.jpg\" \/>\n\t<meta property=\"og:image:width\" content=\"2560\" \/>\n\t<meta property=\"og:image:height\" content=\"2560\" \/>\n\t<meta property=\"og:image:type\" content=\"image\/jpeg\" \/>\n<meta name=\"author\" content=\"Andri Sigf\u00fasson\" \/>\n<meta name=\"twitter:card\" content=\"summary_large_image\" \/>\n<meta name=\"twitter:label1\" content=\"Written by\" \/>\n\t<meta name=\"twitter:data1\" content=\"Andri Sigf\u00fasson\" \/>\n\t<meta name=\"twitter:label2\" content=\"Est. reading time\" \/>\n\t<meta name=\"twitter:data2\" content=\"2 minutes\" \/>\n<script type=\"application\/ld+json\" class=\"yoast-schema-graph\">{\"@context\":\"https:\/\/schema.org\",\"@graph\":[{\"@type\":\"Article\",\"@id\":\"https:\/\/grotta.is\/handknattleiksdeild\/birgir-steinn-afram-a-nesinu\/#article\",\"isPartOf\":{\"@id\":\"https:\/\/grotta.is\/handknattleiksdeild\/birgir-steinn-afram-a-nesinu\/\"},\"author\":{\"name\":\"Andri Sigf\u00fasson\",\"@id\":\"https:\/\/grotta.is\/#\/schema\/person\/b21e9d5dfd92c90211e343e8d7252b1c\"},\"headline\":\"Birgir Steinn framlengir\",\"datePublished\":\"2022-04-12T19:35:12+00:00\",\"dateModified\":\"2022-04-12T19:37:46+00:00\",\"mainEntityOfPage\":{\"@id\":\"https:\/\/grotta.is\/handknattleiksdeild\/birgir-steinn-afram-a-nesinu\/\"},\"wordCount\":246,\"publisher\":{\"@id\":\"https:\/\/grotta.is\/#organization\"},\"image\":{\"@id\":\"https:\/\/grotta.is\/handknattleiksdeild\/birgir-steinn-afram-a-nesinu\/#primaryimage\"},\"thumbnailUrl\":\"https:\/\/grotta.is\/wp-content\/uploads\/2022\/04\/1DX26628-scaled.jpg\",\"keywords\":[\"Handbolti\",\"Mfl.kk\"],\"articleSection\":[\"Handknattleiksdeild\"],\"inLanguage\":\"en-US\"},{\"@type\":\"WebPage\",\"@id\":\"https:\/\/grotta.is\/handknattleiksdeild\/birgir-steinn-afram-a-nesinu\/\",\"url\":\"https:\/\/grotta.is\/handknattleiksdeild\/birgir-steinn-afram-a-nesinu\/\",\"name\":\"Birgir Steinn framlengir - \u00cd\u00fer\u00f3ttaf\u00e9lagi\u00f0 Gr\u00f3tta\",\"isPartOf\":{\"@id\":\"https:\/\/grotta.is\/#website\"},\"primaryImageOfPage\":{\"@id\":\"https:\/\/grotta.is\/handknattleiksdeild\/birgir-steinn-afram-a-nesinu\/#primaryimage\"},\"image\":{\"@id\":\"https:\/\/grotta.is\/handknattleiksdeild\/birgir-steinn-afram-a-nesinu\/#primaryimage\"},\"thumbnailUrl\":\"https:\/\/grotta.is\/wp-content\/uploads\/2022\/04\/1DX26628-scaled.jpg\",\"datePublished\":\"2022-04-12T19:35:12+00:00\",\"dateModified\":\"2022-04-12T19:37:46+00:00\",\"breadcrumb\":{\"@id\":\"https:\/\/grotta.is\/handknattleiksdeild\/birgir-steinn-afram-a-nesinu\/#breadcrumb\"},\"inLanguage\":\"en-US\",\"potentialAction\":[{\"@type\":\"ReadAction\",\"target\":[\"https:\/\/grotta.is\/handknattleiksdeild\/birgir-steinn-afram-a-nesinu\/\"]}]},{\"@type\":\"ImageObject\",\"inLanguage\":\"en-US\",\"@id\":\"https:\/\/grotta.is\/handknattleiksdeild\/birgir-steinn-afram-a-nesinu\/#primaryimage\",\"url\":\"https:\/\/grotta.is\/wp-content\/uploads\/2022\/04\/1DX26628-scaled.jpg\",\"contentUrl\":\"https:\/\/grotta.is\/wp-content\/uploads\/2022\/04\/1DX26628-scaled.jpg\",\"width\":2560,\"height\":2560},{\"@type\":\"BreadcrumbList\",\"@id\":\"https:\/\/grotta.is\/handknattleiksdeild\/birgir-steinn-afram-a-nesinu\/#breadcrumb\",\"itemListElement\":[{\"@type\":\"ListItem\",\"position\":1,\"name\":\"Home\",\"item\":\"https:\/\/grotta.is\/\"},{\"@type\":\"ListItem\",\"position\":2,\"name\":\"Birgir Steinn framlengir\"}]},{\"@type\":\"WebSite\",\"@id\":\"https:\/\/grotta.is\/#website\",\"url\":\"https:\/\/grotta.is\/\",\"name\":\"\u00cd\u00fer\u00f3ttaf\u00e9lagi\u00f0 Gr\u00f3tta\",\"description\":\"\u00e1 Seltjarnarnesi\",\"publisher\":{\"@id\":\"https:\/\/grotta.is\/#organization\"},\"potentialAction\":[{\"@type\":\"SearchAction\",\"target\":{\"@type\":\"EntryPoint\",\"urlTemplate\":\"https:\/\/grotta.is\/?s={search_term_string}\"},\"query-input\":{\"@type\":\"PropertyValueSpecification\",\"valueRequired\":true,\"valueName\":\"search_term_string\"}}],\"inLanguage\":\"en-US\"},{\"@type\":\"Organization\",\"@id\":\"https:\/\/grotta.is\/#organization\",\"name\":\"\u00cd\u00fer\u00f3ttaf\u00e9lagi\u00f0 Gr\u00f3tta\",\"url\":\"https:\/\/grotta.is\/\",\"logo\":{\"@type\":\"ImageObject\",\"inLanguage\":\"en-US\",\"@id\":\"https:\/\/grotta.is\/#\/schema\/logo\/image\/\",\"url\":\"https:\/\/grotta.is\/wp-content\/uploads\/2020\/02\/ithrottafelagidgrotta_logo_512x512_transparent.png\",\"contentUrl\":\"https:\/\/grotta.is\/wp-content\/uploads\/2020\/02\/ithrottafelagidgrotta_logo_512x512_transparent.png\",\"width\":512,\"height\":512,\"caption\":\"\u00cd\u00fer\u00f3ttaf\u00e9lagi\u00f0 Gr\u00f3tta\"},\"image\":{\"@id\":\"https:\/\/grotta.is\/#\/schema\/logo\/image\/\"},\"sameAs\":[\"https:\/\/www.facebook.com\/grottasport\"]},{\"@type\":\"Person\",\"@id\":\"https:\/\/grotta.is\/#\/schema\/person\/b21e9d5dfd92c90211e343e8d7252b1c\",\"name\":\"Andri Sigf\u00fasson\",\"url\":\"https:\/\/grotta.is\/en\/author\/andri\/\"}]}<\/script>\n<!-- \/ Yoast SEO plugin. -->","yoast_head_json":{"title":"Birgir Steinn framlengir - \u00cd\u00fer\u00f3ttaf\u00e9lagi\u00f0 Gr\u00f3tta","robots":{"index":"index","follow":"follow","max-snippet":"max-snippet:-1","max-image-preview":"max-image-preview:large","max-video-preview":"max-video-preview:-1"},"canonical":"https:\/\/grotta.is\/en\/handknattleiksdeild\/birgir-steinn-afram-a-nesinu\/","og_locale":"en_US","og_type":"article","og_title":"Birgir Steinn framlengir - \u00cd\u00fer\u00f3ttaf\u00e9lagi\u00f0 Gr\u00f3tta","og_description":"Birgir Steinn J\u00f3nsson hefur skrifa\u00f0 undir n\u00fdjan tveggja \u00e1ra samning vi\u00f0 Handknattleiksdeild Gr\u00f3ttu. Birgir Steinn hefur veri\u00f0 \u00ed herb\u00fa\u00f0um Gr\u00f3ttu undanfarin tv\u00f6 \u00e1r og sta\u00f0i\u00f0 sig fr\u00e1b\u00e6rlega. \u00dea\u00f0 eru \u00fev\u00ed [&hellip;]","og_url":"https:\/\/grotta.is\/en\/handknattleiksdeild\/birgir-steinn-afram-a-nesinu\/","og_site_name":"\u00cd\u00fer\u00f3ttaf\u00e9lagi\u00f0 Gr\u00f3tta","article_publisher":"https:\/\/www.facebook.com\/grottasport","article_published_time":"2022-04-12T19:35:12+00:00","article_modified_time":"2022-04-12T19:37:46+00:00","og_image":[{"width":2560,"height":2560,"url":"https:\/\/grotta.is\/wp-content\/uploads\/2022\/04\/1DX26628-scaled.jpg","type":"image\/jpeg"}],"author":"Andri Sigf\u00fasson","twitter_card":"summary_large_image","twitter_misc":{"Written by":"Andri Sigf\u00fasson","Est. reading time":"2 minutes"},"schema":{"@context":"https:\/\/schema.org","@graph":[{"@type":"Article","@id":"https:\/\/grotta.is\/handknattleiksdeild\/birgir-steinn-afram-a-nesinu\/#article","isPartOf":{"@id":"https:\/\/grotta.is\/handknattleiksdeild\/birgir-steinn-afram-a-nesinu\/"},"author":{"name":"Andri Sigf\u00fasson","@id":"https:\/\/grotta.is\/#\/schema\/person\/b21e9d5dfd92c90211e343e8d7252b1c"},"headline":"Birgir Steinn framlengir","datePublished":"2022-04-12T19:35:12+00:00","dateModified":"2022-04-12T19:37:46+00:00","mainEntityOfPage":{"@id":"https:\/\/grotta.is\/handknattleiksdeild\/birgir-steinn-afram-a-nesinu\/"},"wordCount":246,"publisher":{"@id":"https:\/\/grotta.is\/#organization"},"image":{"@id":"https:\/\/grotta.is\/handknattleiksdeild\/birgir-steinn-afram-a-nesinu\/#primaryimage"},"thumbnailUrl":"https:\/\/grotta.is\/wp-content\/uploads\/2022\/04\/1DX26628-scaled.jpg","keywords":["Handbolti","Mfl.kk"],"articleSection":["Handknattleiksdeild"],"inLanguage":"en-US"},{"@type":"WebPage","@id":"https:\/\/grotta.is\/handknattleiksdeild\/birgir-steinn-afram-a-nesinu\/","url":"https:\/\/grotta.is\/handknattleiksdeild\/birgir-steinn-afram-a-nesinu\/","name":"Birgir Steinn framlengir - \u00cd\u00fer\u00f3ttaf\u00e9lagi\u00f0 Gr\u00f3tta","isPartOf":{"@id":"https:\/\/grotta.is\/#website"},"primaryImageOfPage":{"@id":"https:\/\/grotta.is\/handknattleiksdeild\/birgir-steinn-afram-a-nesinu\/#primaryimage"},"image":{"@id":"https:\/\/grotta.is\/handknattleiksdeild\/birgir-steinn-afram-a-nesinu\/#primaryimage"},"thumbnailUrl":"https:\/\/grotta.is\/wp-content\/uploads\/2022\/04\/1DX26628-scaled.jpg","datePublished":"2022-04-12T19:35:12+00:00","dateModified":"2022-04-12T19:37:46+00:00","breadcrumb":{"@id":"https:\/\/grotta.is\/handknattleiksdeild\/birgir-steinn-afram-a-nesinu\/#breadcrumb"},"inLanguage":"en-US","potentialAction":[{"@type":"ReadAction","target":["https:\/\/grotta.is\/handknattleiksdeild\/birgir-steinn-afram-a-nesinu\/"]}]},{"@type":"ImageObject","inLanguage":"en-US","@id":"https:\/\/grotta.is\/handknattleiksdeild\/birgir-steinn-afram-a-nesinu\/#primaryimage","url":"https:\/\/grotta.is\/wp-content\/uploads\/2022\/04\/1DX26628-scaled.jpg","contentUrl":"https:\/\/grotta.is\/wp-content\/uploads\/2022\/04\/1DX26628-scaled.jpg","width":2560,"height":2560},{"@type":"BreadcrumbList","@id":"https:\/\/grotta.is\/handknattleiksdeild\/birgir-steinn-afram-a-nesinu\/#breadcrumb","itemListElement":[{"@type":"ListItem","position":1,"name":"Home","item":"https:\/\/grotta.is\/"},{"@type":"ListItem","position":2,"name":"Birgir Steinn framlengir"}]},{"@type":"WebSite","@id":"https:\/\/grotta.is\/#website","url":"https:\/\/grotta.is\/","name":"\u00cd\u00fer\u00f3ttaf\u00e9lagi\u00f0 Gr\u00f3tta","description":"\u00e1 Seltjarnarnesi","publisher":{"@id":"https:\/\/grotta.is\/#organization"},"potentialAction":[{"@type":"SearchAction","target":{"@type":"EntryPoint","urlTemplate":"https:\/\/grotta.is\/?s={search_term_string}"},"query-input":{"@type":"PropertyValueSpecification","valueRequired":true,"valueName":"search_term_string"}}],"inLanguage":"en-US"},{"@type":"Organization","@id":"https:\/\/grotta.is\/#organization","name":"\u00cd\u00fer\u00f3ttaf\u00e9lagi\u00f0 Gr\u00f3tta","url":"https:\/\/grotta.is\/","logo":{"@type":"ImageObject","inLanguage":"en-US","@id":"https:\/\/grotta.is\/#\/schema\/logo\/image\/","url":"https:\/\/grotta.is\/wp-content\/uploads\/2020\/02\/ithrottafelagidgrotta_logo_512x512_transparent.png","contentUrl":"https:\/\/grotta.is\/wp-content\/uploads\/2020\/02\/ithrottafelagidgrotta_logo_512x512_transparent.png","width":512,"height":512,"caption":"\u00cd\u00fer\u00f3ttaf\u00e9lagi\u00f0 Gr\u00f3tta"},"image":{"@id":"https:\/\/grotta.is\/#\/schema\/logo\/image\/"},"sameAs":["https:\/\/www.facebook.com\/grottasport"]},{"@type":"Person","@id":"https:\/\/grotta.is\/#\/schema\/person\/b21e9d5dfd92c90211e343e8d7252b1c","name":"Andri Sigf\u00fasson","url":"https:\/\/grotta.is\/en\/author\/andri\/"}]}},"_links":{"self":[{"href":"https:\/\/grotta.is\/en\/wp-json\/wp\/v2\/posts\/374261","targetHints":{"allow":["GET"]}}],"collection":[{"href":"https:\/\/grotta.is\/en\/wp-json\/wp\/v2\/posts"}],"about":[{"href":"https:\/\/grotta.is\/en\/wp-json\/wp\/v2\/types\/post"}],"author":[{"embeddable":true,"href":"https:\/\/grotta.is\/en\/wp-json\/wp\/v2\/users\/10"}],"replies":[{"embeddable":true,"href":"https:\/\/grotta.is\/en\/wp-json\/wp\/v2\/comments?post=374261"}],"version-history":[{"count":4,"href":"https:\/\/grotta.is\/en\/wp-json\/wp\/v2\/posts\/374261\/revisions"}],"predecessor-version":[{"id":374266,"href":"https:\/\/grotta.is\/en\/wp-json\/wp\/v2\/posts\/374261\/revisions\/374266"}],"wp:featuredmedia":[{"embeddable":true,"href":"https:\/\/grotta.is\/en\/wp-json\/wp\/v2\/media\/374262"}],"wp:attachment":[{"href":"https:\/\/grotta.is\/en\/wp-json\/wp\/v2\/media?parent=374261"}],"wp:term":[{"taxonomy":"category","embeddable":true,"href":"https:\/\/grotta.is\/en\/wp-json\/wp\/v2\/categories?post=374261"},{"taxonomy":"post_tag","embeddable":true,"href":"https:\/\/grotta.is\/en\/wp-json\/wp\/v2\/tags?post=374261"}],"curies":[{"name":"wp","href":"https:\/\/api.w.org\/{rel}","templated":true}]}}