{"id":374233,"date":"2022-04-11T09:32:23","date_gmt":"2022-04-11T09:32:23","guid":{"rendered":"https:\/\/grotta.is\/?p=374233"},"modified":"2022-04-11T09:32:29","modified_gmt":"2022-04-11T09:32:29","slug":"eyrun-rebekka-sara-og-aufi-valdar-i-haefileikamotun-ksi","status":"publish","type":"post","link":"https:\/\/grotta.is\/en\/knattspyrnudeild\/eyrun-rebekka-sara-og-aufi-valdar-i-haefileikamotun-ksi\/","title":{"rendered":"Eyr\u00fan, Rebekka, Sara og Auf\u00ed valdar \u00ed H\u00e6fileikam\u00f3tun KS\u00cd"},"content":{"rendered":"<p>Gr\u00f3ttust\u00falkurnar Eyr\u00fan \u00de\u00f3rhallsd\u00f3ttir, Rebekka Sif Brynjarsd\u00f3ttir, Sara Bj\u00f6rk Arnarsd\u00f3ttir og Arnfr\u00ed\u00f0ur Au\u00f0ur Arnarsd\u00f3ttir voru valdar til a\u00f0 taka \u00fe\u00e1tt \u00ed H\u00e6fileikam\u00f3tun N1 og KS\u00cd \u00feann 5. apr\u00edl \u00ed s\u00ed\u00f0ustu viku. \u00c6fingin f\u00f3r fram \u00e1 Vivaldivellinum og voru 25 st\u00falkur fr\u00e1 Gr\u00f3ttu, KR, Val, V\u00edking R. og \u00der\u00f3tti R. \u00ed h\u00f3pnum sem \u00e6f\u00f0i saman. Vel gert stelpur!\u00a0<\/p><figure class=\"wp-block-image size-large\"><img fetchpriority=\"high\" decoding=\"async\" width=\"1024\" height=\"683\" src=\"https:\/\/grotta.is\/wp-content\/uploads\/2022\/04\/5D4_5912-1024x683.jpeg\" alt=\"\" class=\"wp-image-374234\" srcset=\"https:\/\/grotta.is\/wp-content\/uploads\/2022\/04\/5D4_5912-1024x683.jpeg 1024w, https:\/\/grotta.is\/wp-content\/uploads\/2022\/04\/5D4_5912-300x200.jpeg 300w, https:\/\/grotta.is\/wp-content\/uploads\/2022\/04\/5D4_5912-768x512.jpeg 768w, https:\/\/grotta.is\/wp-content\/uploads\/2022\/04\/5D4_5912-1536x1024.jpeg 1536w, https:\/\/grotta.is\/wp-content\/uploads\/2022\/04\/5D4_5912-18x12.jpeg 18w, https:\/\/grotta.is\/wp-content\/uploads\/2022\/04\/5D4_5912-600x400.jpeg 600w, https:\/\/grotta.is\/wp-content\/uploads\/2022\/04\/5D4_5912.jpeg 1887w\" sizes=\"(max-width: 1024px) 100vw, 1024px\" \/><\/figure>","protected":false},"excerpt":{"rendered":"<p>Gr\u00f3ttust\u00falkurnar Eyr\u00fan \u00de\u00f3rhallsd\u00f3ttir, Rebekka Sif Brynjarsd\u00f3ttir, Sara Bj\u00f6rk Arnarsd\u00f3ttir og Arnfr\u00ed\u00f0ur Au\u00f0ur Arnarsd\u00f3ttir voru valdar til a\u00f0 taka \u00fe\u00e1tt \u00ed H\u00e6fileikam\u00f3tun N1 og KS\u00cd \u00feann 5. apr\u00edl \u00ed s\u00ed\u00f0ustu viku. [&hellip;]<\/p>","protected":false},"author":4,"featured_media":374234,"comment_status":"closed","ping_status":"closed","sticky":false,"template":"","format":"standard","meta":{"footnotes":""},"categories":[7],"tags":[6,15],"class_list":["post-374233","post","type-post","status-publish","format-standard","has-post-thumbnail","hentry","category-knattspyrnudeild","tag-knattspyrna","tag-yngri-flokkar"],"yoast_head":"<!-- This site is optimized with the Yoast SEO plugin v24.3 - https:\/\/yoast.com\/wordpress\/plugins\/seo\/ -->\n<title>Eyr\u00fan, Rebekka, Sara og Auf\u00ed valdar \u00ed H\u00e6fileikam\u00f3tun KS\u00cd - \u00cd\u00fer\u00f3ttaf\u00e9lagi\u00f0 Gr\u00f3tta<\/title>\n<meta name=\"robots\" content=\"index, follow, max-snippet:-1, max-image-preview:large, max-video-preview:-1\" \/>\n<link rel=\"canonical\" href=\"https:\/\/grotta.is\/en\/knattspyrnudeild\/eyrun-rebekka-sara-og-aufi-valdar-i-haefileikamotun-ksi\/\" \/>\n<meta property=\"og:locale\" content=\"en_US\" \/>\n<meta property=\"og:type\" content=\"article\" \/>\n<meta property=\"og:title\" content=\"Eyr\u00fan, Rebekka, Sara og Auf\u00ed valdar \u00ed H\u00e6fileikam\u00f3tun KS\u00cd - \u00cd\u00fer\u00f3ttaf\u00e9lagi\u00f0 Gr\u00f3tta\" \/>\n<meta property=\"og:description\" content=\"Gr\u00f3ttust\u00falkurnar Eyr\u00fan \u00de\u00f3rhallsd\u00f3ttir, Rebekka Sif Brynjarsd\u00f3ttir, Sara Bj\u00f6rk Arnarsd\u00f3ttir og Arnfr\u00ed\u00f0ur Au\u00f0ur Arnarsd\u00f3ttir voru valdar til a\u00f0 taka \u00fe\u00e1tt \u00ed H\u00e6fileikam\u00f3tun N1 og KS\u00cd \u00feann 5. apr\u00edl \u00ed s\u00ed\u00f0ustu viku. [&hellip;]\" \/>\n<meta property=\"og:url\" content=\"https:\/\/grotta.is\/en\/knattspyrnudeild\/eyrun-rebekka-sara-og-aufi-valdar-i-haefileikamotun-ksi\/\" \/>\n<meta property=\"og:site_name\" content=\"\u00cd\u00fer\u00f3ttaf\u00e9lagi\u00f0 Gr\u00f3tta\" \/>\n<meta property=\"article:publisher\" content=\"https:\/\/www.facebook.com\/grottasport\" \/>\n<meta property=\"article:published_time\" content=\"2022-04-11T09:32:23+00:00\" \/>\n<meta property=\"article:modified_time\" content=\"2022-04-11T09:32:29+00:00\" \/>\n<meta property=\"og:image\" content=\"https:\/\/grotta.is\/wp-content\/uploads\/2022\/04\/5D4_5912.jpeg\" \/>\n\t<meta property=\"og:image:width\" content=\"1887\" \/>\n\t<meta property=\"og:image:height\" content=\"1258\" \/>\n\t<meta property=\"og:image:type\" content=\"image\/jpeg\" \/>\n<meta name=\"author\" content=\"J\u00f3runn M. \u00deorsteinsd\u00f3ttir\" \/>\n<meta name=\"twitter:card\" content=\"summary_large_image\" \/>\n<meta name=\"twitter:label1\" content=\"Written by\" \/>\n\t<meta name=\"twitter:data1\" content=\"J\u00f3runn M. \u00deorsteinsd\u00f3ttir\" \/>\n\t<meta name=\"twitter:label2\" content=\"Est. reading time\" \/>\n\t<meta name=\"twitter:data2\" content=\"1 minute\" \/>\n<script type=\"application\/ld+json\" class=\"yoast-schema-graph\">{\"@context\":\"https:\/\/schema.org\",\"@graph\":[{\"@type\":\"Article\",\"@id\":\"https:\/\/grotta.is\/knattspyrnudeild\/eyrun-rebekka-sara-og-aufi-valdar-i-haefileikamotun-ksi\/#article\",\"isPartOf\":{\"@id\":\"https:\/\/grotta.is\/knattspyrnudeild\/eyrun-rebekka-sara-og-aufi-valdar-i-haefileikamotun-ksi\/\"},\"author\":{\"name\":\"J\u00f3runn M. \u00deorsteinsd\u00f3ttir\",\"@id\":\"https:\/\/grotta.is\/#\/schema\/person\/f1fea6a85a554e8069771c3486efbd84\"},\"headline\":\"Eyr\u00fan, Rebekka, Sara og Auf\u00ed valdar \u00ed H\u00e6fileikam\u00f3tun KS\u00cd\",\"datePublished\":\"2022-04-11T09:32:23+00:00\",\"dateModified\":\"2022-04-11T09:32:29+00:00\",\"mainEntityOfPage\":{\"@id\":\"https:\/\/grotta.is\/knattspyrnudeild\/eyrun-rebekka-sara-og-aufi-valdar-i-haefileikamotun-ksi\/\"},\"wordCount\":82,\"publisher\":{\"@id\":\"https:\/\/grotta.is\/#organization\"},\"image\":{\"@id\":\"https:\/\/grotta.is\/knattspyrnudeild\/eyrun-rebekka-sara-og-aufi-valdar-i-haefileikamotun-ksi\/#primaryimage\"},\"thumbnailUrl\":\"https:\/\/grotta.is\/wp-content\/uploads\/2022\/04\/5D4_5912.jpeg\",\"keywords\":[\"Knattspyrna\",\"Yngri flokkar\"],\"articleSection\":[\"Knattspyrnudeild\"],\"inLanguage\":\"en-US\"},{\"@type\":\"WebPage\",\"@id\":\"https:\/\/grotta.is\/knattspyrnudeild\/eyrun-rebekka-sara-og-aufi-valdar-i-haefileikamotun-ksi\/\",\"url\":\"https:\/\/grotta.is\/knattspyrnudeild\/eyrun-rebekka-sara-og-aufi-valdar-i-haefileikamotun-ksi\/\",\"name\":\"Eyr\u00fan, Rebekka, Sara og Auf\u00ed valdar \u00ed H\u00e6fileikam\u00f3tun KS\u00cd - \u00cd\u00fer\u00f3ttaf\u00e9lagi\u00f0 Gr\u00f3tta\",\"isPartOf\":{\"@id\":\"https:\/\/grotta.is\/#website\"},\"primaryImageOfPage\":{\"@id\":\"https:\/\/grotta.is\/knattspyrnudeild\/eyrun-rebekka-sara-og-aufi-valdar-i-haefileikamotun-ksi\/#primaryimage\"},\"image\":{\"@id\":\"https:\/\/grotta.is\/knattspyrnudeild\/eyrun-rebekka-sara-og-aufi-valdar-i-haefileikamotun-ksi\/#primaryimage\"},\"thumbnailUrl\":\"https:\/\/grotta.is\/wp-content\/uploads\/2022\/04\/5D4_5912.jpeg\",\"datePublished\":\"2022-04-11T09:32:23+00:00\",\"dateModified\":\"2022-04-11T09:32:29+00:00\",\"breadcrumb\":{\"@id\":\"https:\/\/grotta.is\/knattspyrnudeild\/eyrun-rebekka-sara-og-aufi-valdar-i-haefileikamotun-ksi\/#breadcrumb\"},\"inLanguage\":\"en-US\",\"potentialAction\":[{\"@type\":\"ReadAction\",\"target\":[\"https:\/\/grotta.is\/knattspyrnudeild\/eyrun-rebekka-sara-og-aufi-valdar-i-haefileikamotun-ksi\/\"]}]},{\"@type\":\"ImageObject\",\"inLanguage\":\"en-US\",\"@id\":\"https:\/\/grotta.is\/knattspyrnudeild\/eyrun-rebekka-sara-og-aufi-valdar-i-haefileikamotun-ksi\/#primaryimage\",\"url\":\"https:\/\/grotta.is\/wp-content\/uploads\/2022\/04\/5D4_5912.jpeg\",\"contentUrl\":\"https:\/\/grotta.is\/wp-content\/uploads\/2022\/04\/5D4_5912.jpeg\",\"width\":1887,\"height\":1258},{\"@type\":\"BreadcrumbList\",\"@id\":\"https:\/\/grotta.is\/knattspyrnudeild\/eyrun-rebekka-sara-og-aufi-valdar-i-haefileikamotun-ksi\/#breadcrumb\",\"itemListElement\":[{\"@type\":\"ListItem\",\"position\":1,\"name\":\"Home\",\"item\":\"https:\/\/grotta.is\/\"},{\"@type\":\"ListItem\",\"position\":2,\"name\":\"Eyr\u00fan, Rebekka, Sara og Auf\u00ed valdar \u00ed H\u00e6fileikam\u00f3tun KS\u00cd\"}]},{\"@type\":\"WebSite\",\"@id\":\"https:\/\/grotta.is\/#website\",\"url\":\"https:\/\/grotta.is\/\",\"name\":\"\u00cd\u00fer\u00f3ttaf\u00e9lagi\u00f0 Gr\u00f3tta\",\"description\":\"\u00e1 Seltjarnarnesi\",\"publisher\":{\"@id\":\"https:\/\/grotta.is\/#organization\"},\"potentialAction\":[{\"@type\":\"SearchAction\",\"target\":{\"@type\":\"EntryPoint\",\"urlTemplate\":\"https:\/\/grotta.is\/?s={search_term_string}\"},\"query-input\":{\"@type\":\"PropertyValueSpecification\",\"valueRequired\":true,\"valueName\":\"search_term_string\"}}],\"inLanguage\":\"en-US\"},{\"@type\":\"Organization\",\"@id\":\"https:\/\/grotta.is\/#organization\",\"name\":\"\u00cd\u00fer\u00f3ttaf\u00e9lagi\u00f0 Gr\u00f3tta\",\"url\":\"https:\/\/grotta.is\/\",\"logo\":{\"@type\":\"ImageObject\",\"inLanguage\":\"en-US\",\"@id\":\"https:\/\/grotta.is\/#\/schema\/logo\/image\/\",\"url\":\"https:\/\/grotta.is\/wp-content\/uploads\/2020\/02\/ithrottafelagidgrotta_logo_512x512_transparent.png\",\"contentUrl\":\"https:\/\/grotta.is\/wp-content\/uploads\/2020\/02\/ithrottafelagidgrotta_logo_512x512_transparent.png\",\"width\":512,\"height\":512,\"caption\":\"\u00cd\u00fer\u00f3ttaf\u00e9lagi\u00f0 Gr\u00f3tta\"},\"image\":{\"@id\":\"https:\/\/grotta.is\/#\/schema\/logo\/image\/\"},\"sameAs\":[\"https:\/\/www.facebook.com\/grottasport\"]},{\"@type\":\"Person\",\"@id\":\"https:\/\/grotta.is\/#\/schema\/person\/f1fea6a85a554e8069771c3486efbd84\",\"name\":\"J\u00f3runn M. \u00deorsteinsd\u00f3ttir\",\"url\":\"https:\/\/grotta.is\/en\/author\/jorunn\/\"}]}<\/script>\n<!-- \/ Yoast SEO plugin. -->","yoast_head_json":{"title":"Eyr\u00fan, Rebekka, Sara og Auf\u00ed valdar \u00ed H\u00e6fileikam\u00f3tun KS\u00cd - \u00cd\u00fer\u00f3ttaf\u00e9lagi\u00f0 Gr\u00f3tta","robots":{"index":"index","follow":"follow","max-snippet":"max-snippet:-1","max-image-preview":"max-image-preview:large","max-video-preview":"max-video-preview:-1"},"canonical":"https:\/\/grotta.is\/en\/knattspyrnudeild\/eyrun-rebekka-sara-og-aufi-valdar-i-haefileikamotun-ksi\/","og_locale":"en_US","og_type":"article","og_title":"Eyr\u00fan, Rebekka, Sara og Auf\u00ed valdar \u00ed H\u00e6fileikam\u00f3tun KS\u00cd - \u00cd\u00fer\u00f3ttaf\u00e9lagi\u00f0 Gr\u00f3tta","og_description":"Gr\u00f3ttust\u00falkurnar Eyr\u00fan \u00de\u00f3rhallsd\u00f3ttir, Rebekka Sif Brynjarsd\u00f3ttir, Sara Bj\u00f6rk Arnarsd\u00f3ttir og Arnfr\u00ed\u00f0ur Au\u00f0ur Arnarsd\u00f3ttir voru valdar til a\u00f0 taka \u00fe\u00e1tt \u00ed H\u00e6fileikam\u00f3tun N1 og KS\u00cd \u00feann 5. apr\u00edl \u00ed s\u00ed\u00f0ustu viku. [&hellip;]","og_url":"https:\/\/grotta.is\/en\/knattspyrnudeild\/eyrun-rebekka-sara-og-aufi-valdar-i-haefileikamotun-ksi\/","og_site_name":"\u00cd\u00fer\u00f3ttaf\u00e9lagi\u00f0 Gr\u00f3tta","article_publisher":"https:\/\/www.facebook.com\/grottasport","article_published_time":"2022-04-11T09:32:23+00:00","article_modified_time":"2022-04-11T09:32:29+00:00","og_image":[{"width":1887,"height":1258,"url":"https:\/\/grotta.is\/wp-content\/uploads\/2022\/04\/5D4_5912.jpeg","type":"image\/jpeg"}],"author":"J\u00f3runn M. \u00deorsteinsd\u00f3ttir","twitter_card":"summary_large_image","twitter_misc":{"Written by":"J\u00f3runn M. \u00deorsteinsd\u00f3ttir","Est. reading time":"1 minute"},"schema":{"@context":"https:\/\/schema.org","@graph":[{"@type":"Article","@id":"https:\/\/grotta.is\/knattspyrnudeild\/eyrun-rebekka-sara-og-aufi-valdar-i-haefileikamotun-ksi\/#article","isPartOf":{"@id":"https:\/\/grotta.is\/knattspyrnudeild\/eyrun-rebekka-sara-og-aufi-valdar-i-haefileikamotun-ksi\/"},"author":{"name":"J\u00f3runn M. \u00deorsteinsd\u00f3ttir","@id":"https:\/\/grotta.is\/#\/schema\/person\/f1fea6a85a554e8069771c3486efbd84"},"headline":"Eyr\u00fan, Rebekka, Sara og Auf\u00ed valdar \u00ed H\u00e6fileikam\u00f3tun KS\u00cd","datePublished":"2022-04-11T09:32:23+00:00","dateModified":"2022-04-11T09:32:29+00:00","mainEntityOfPage":{"@id":"https:\/\/grotta.is\/knattspyrnudeild\/eyrun-rebekka-sara-og-aufi-valdar-i-haefileikamotun-ksi\/"},"wordCount":82,"publisher":{"@id":"https:\/\/grotta.is\/#organization"},"image":{"@id":"https:\/\/grotta.is\/knattspyrnudeild\/eyrun-rebekka-sara-og-aufi-valdar-i-haefileikamotun-ksi\/#primaryimage"},"thumbnailUrl":"https:\/\/grotta.is\/wp-content\/uploads\/2022\/04\/5D4_5912.jpeg","keywords":["Knattspyrna","Yngri flokkar"],"articleSection":["Knattspyrnudeild"],"inLanguage":"en-US"},{"@type":"WebPage","@id":"https:\/\/grotta.is\/knattspyrnudeild\/eyrun-rebekka-sara-og-aufi-valdar-i-haefileikamotun-ksi\/","url":"https:\/\/grotta.is\/knattspyrnudeild\/eyrun-rebekka-sara-og-aufi-valdar-i-haefileikamotun-ksi\/","name":"Eyr\u00fan, Rebekka, Sara og Auf\u00ed valdar \u00ed H\u00e6fileikam\u00f3tun KS\u00cd - \u00cd\u00fer\u00f3ttaf\u00e9lagi\u00f0 Gr\u00f3tta","isPartOf":{"@id":"https:\/\/grotta.is\/#website"},"primaryImageOfPage":{"@id":"https:\/\/grotta.is\/knattspyrnudeild\/eyrun-rebekka-sara-og-aufi-valdar-i-haefileikamotun-ksi\/#primaryimage"},"image":{"@id":"https:\/\/grotta.is\/knattspyrnudeild\/eyrun-rebekka-sara-og-aufi-valdar-i-haefileikamotun-ksi\/#primaryimage"},"thumbnailUrl":"https:\/\/grotta.is\/wp-content\/uploads\/2022\/04\/5D4_5912.jpeg","datePublished":"2022-04-11T09:32:23+00:00","dateModified":"2022-04-11T09:32:29+00:00","breadcrumb":{"@id":"https:\/\/grotta.is\/knattspyrnudeild\/eyrun-rebekka-sara-og-aufi-valdar-i-haefileikamotun-ksi\/#breadcrumb"},"inLanguage":"en-US","potentialAction":[{"@type":"ReadAction","target":["https:\/\/grotta.is\/knattspyrnudeild\/eyrun-rebekka-sara-og-aufi-valdar-i-haefileikamotun-ksi\/"]}]},{"@type":"ImageObject","inLanguage":"en-US","@id":"https:\/\/grotta.is\/knattspyrnudeild\/eyrun-rebekka-sara-og-aufi-valdar-i-haefileikamotun-ksi\/#primaryimage","url":"https:\/\/grotta.is\/wp-content\/uploads\/2022\/04\/5D4_5912.jpeg","contentUrl":"https:\/\/grotta.is\/wp-content\/uploads\/2022\/04\/5D4_5912.jpeg","width":1887,"height":1258},{"@type":"BreadcrumbList","@id":"https:\/\/grotta.is\/knattspyrnudeild\/eyrun-rebekka-sara-og-aufi-valdar-i-haefileikamotun-ksi\/#breadcrumb","itemListElement":[{"@type":"ListItem","position":1,"name":"Home","item":"https:\/\/grotta.is\/"},{"@type":"ListItem","position":2,"name":"Eyr\u00fan, Rebekka, Sara og Auf\u00ed valdar \u00ed H\u00e6fileikam\u00f3tun KS\u00cd"}]},{"@type":"WebSite","@id":"https:\/\/grotta.is\/#website","url":"https:\/\/grotta.is\/","name":"\u00cd\u00fer\u00f3ttaf\u00e9lagi\u00f0 Gr\u00f3tta","description":"\u00e1 Seltjarnarnesi","publisher":{"@id":"https:\/\/grotta.is\/#organization"},"potentialAction":[{"@type":"SearchAction","target":{"@type":"EntryPoint","urlTemplate":"https:\/\/grotta.is\/?s={search_term_string}"},"query-input":{"@type":"PropertyValueSpecification","valueRequired":true,"valueName":"search_term_string"}}],"inLanguage":"en-US"},{"@type":"Organization","@id":"https:\/\/grotta.is\/#organization","name":"\u00cd\u00fer\u00f3ttaf\u00e9lagi\u00f0 Gr\u00f3tta","url":"https:\/\/grotta.is\/","logo":{"@type":"ImageObject","inLanguage":"en-US","@id":"https:\/\/grotta.is\/#\/schema\/logo\/image\/","url":"https:\/\/grotta.is\/wp-content\/uploads\/2020\/02\/ithrottafelagidgrotta_logo_512x512_transparent.png","contentUrl":"https:\/\/grotta.is\/wp-content\/uploads\/2020\/02\/ithrottafelagidgrotta_logo_512x512_transparent.png","width":512,"height":512,"caption":"\u00cd\u00fer\u00f3ttaf\u00e9lagi\u00f0 Gr\u00f3tta"},"image":{"@id":"https:\/\/grotta.is\/#\/schema\/logo\/image\/"},"sameAs":["https:\/\/www.facebook.com\/grottasport"]},{"@type":"Person","@id":"https:\/\/grotta.is\/#\/schema\/person\/f1fea6a85a554e8069771c3486efbd84","name":"J\u00f3runn M. \u00deorsteinsd\u00f3ttir","url":"https:\/\/grotta.is\/en\/author\/jorunn\/"}]}},"_links":{"self":[{"href":"https:\/\/grotta.is\/en\/wp-json\/wp\/v2\/posts\/374233","targetHints":{"allow":["GET"]}}],"collection":[{"href":"https:\/\/grotta.is\/en\/wp-json\/wp\/v2\/posts"}],"about":[{"href":"https:\/\/grotta.is\/en\/wp-json\/wp\/v2\/types\/post"}],"author":[{"embeddable":true,"href":"https:\/\/grotta.is\/en\/wp-json\/wp\/v2\/users\/4"}],"replies":[{"embeddable":true,"href":"https:\/\/grotta.is\/en\/wp-json\/wp\/v2\/comments?post=374233"}],"version-history":[{"count":1,"href":"https:\/\/grotta.is\/en\/wp-json\/wp\/v2\/posts\/374233\/revisions"}],"predecessor-version":[{"id":374235,"href":"https:\/\/grotta.is\/en\/wp-json\/wp\/v2\/posts\/374233\/revisions\/374235"}],"wp:featuredmedia":[{"embeddable":true,"href":"https:\/\/grotta.is\/en\/wp-json\/wp\/v2\/media\/374234"}],"wp:attachment":[{"href":"https:\/\/grotta.is\/en\/wp-json\/wp\/v2\/media?parent=374233"}],"wp:term":[{"taxonomy":"category","embeddable":true,"href":"https:\/\/grotta.is\/en\/wp-json\/wp\/v2\/categories?post=374233"},{"taxonomy":"post_tag","embeddable":true,"href":"https:\/\/grotta.is\/en\/wp-json\/wp\/v2\/tags?post=374233"}],"curies":[{"name":"wp","href":"https:\/\/api.w.org\/{rel}","templated":true}]}}