{"id":371455,"date":"2022-03-04T15:11:15","date_gmt":"2022-03-04T15:11:15","guid":{"rendered":"https:\/\/grotta.is\/?p=371455"},"modified":"2022-03-04T15:14:01","modified_gmt":"2022-03-04T15:14:01","slug":"ofurhetjumot-miniso-um-helgina","status":"publish","type":"post","link":"https:\/\/grotta.is\/en\/fimleikadeild\/ofurhetjumot-miniso-um-helgina\/","title":{"rendered":"Ofurhetjum\u00f3t Miniso um helgina"},"content":{"rendered":"<p>Hi\u00f0 \u00e1rlega ofurhetjum\u00f3t Miniso ver\u00f0ur haldi\u00f0 um helgina \u00ed fimleikah\u00fasi Gr\u00f3ttu.  Aldrei hafa fleiri \u00fe\u00e1ttakendur teki\u00f0 \u00fe\u00e1tt \u00ed m\u00f3tinu en alls s\u00fdna 430 keppendur fr\u00e1 \u00e1tta f\u00e9l\u00f6gum listir s\u00ednar og keppa \u00ed 3., 4., 5. og 6. \u00ferepi \u00edslenska fimleikastigans. <br>F\u00e9l\u00f6gin sem taka \u00fe\u00e1tt auk Gr\u00f3ttu eru Gerpla, Bj\u00f6rk, \u00c1rmann, Stjarnan, Keflav\u00edk, Fj\u00f6lnir og Fylkir. <\/p><p>Opi\u00f0 er fyrir mi\u00f0as\u00f6lu \u00e1 m\u00f3ti\u00f0 inn \u00e1 Tix.is <a href=\"https:\/\/tix.is\/is\/buyingflow\/tickets\/12807\/?fbclid=IwAR06f3BGV3t3Vn3QN2KA0bqUiJ_y7VO2R09yD5Xr5j2DanuQMv8PwZD0NQA\" rel=\"noreferrer noopener\" target=\"_blank\">https:\/\/tix.is\/is\/buyingflow\/tickets\/12807\/<\/a><\/p><figure class=\"wp-block-image size-large\"><img fetchpriority=\"high\" decoding=\"async\" width=\"1024\" height=\"580\" src=\"https:\/\/grotta.is\/wp-content\/uploads\/2022\/03\/ofurhetjumot-1024x580.jpg\" alt=\"Ofurhetjur \u00e1 fimleikam\u00f3ti\" class=\"wp-image-371453\" srcset=\"https:\/\/grotta.is\/wp-content\/uploads\/2022\/03\/ofurhetjumot-1024x580.jpg 1024w, https:\/\/grotta.is\/wp-content\/uploads\/2022\/03\/ofurhetjumot-300x170.jpg 300w, https:\/\/grotta.is\/wp-content\/uploads\/2022\/03\/ofurhetjumot-768x435.jpg 768w, https:\/\/grotta.is\/wp-content\/uploads\/2022\/03\/ofurhetjumot-18x10.jpg 18w, https:\/\/grotta.is\/wp-content\/uploads\/2022\/03\/ofurhetjumot-600x340.jpg 600w, https:\/\/grotta.is\/wp-content\/uploads\/2022\/03\/ofurhetjumot.jpg 1242w\" sizes=\"(max-width: 1024px) 100vw, 1024px\" \/><figcaption>Ofurhetjur \u00e1 fimleikam\u00f3ti<\/figcaption><\/figure>","protected":false},"excerpt":{"rendered":"<p>Hi\u00f0 \u00e1rlega ofurhetjum\u00f3t Miniso ver\u00f0ur haldi\u00f0 um helgina \u00ed fimleikah\u00fasi Gr\u00f3ttu. Aldrei hafa fleiri \u00fe\u00e1ttakendur teki\u00f0 \u00fe\u00e1tt \u00ed m\u00f3tinu en alls s\u00fdna 430 keppendur fr\u00e1 \u00e1tta f\u00e9l\u00f6gum listir s\u00ednar og [&hellip;]<\/p>","protected":false},"author":2,"featured_media":371456,"comment_status":"closed","ping_status":"closed","sticky":false,"template":"","format":"standard","meta":{"footnotes":""},"categories":[9],"tags":[],"class_list":["post-371455","post","type-post","status-publish","format-standard","has-post-thumbnail","hentry","category-fimleikadeild"],"yoast_head":"<!-- This site is optimized with the Yoast SEO plugin v24.3 - https:\/\/yoast.com\/wordpress\/plugins\/seo\/ -->\n<title>Ofurhetjum\u00f3t Miniso um helgina - \u00cd\u00fer\u00f3ttaf\u00e9lagi\u00f0 Gr\u00f3tta<\/title>\n<meta name=\"robots\" content=\"index, follow, max-snippet:-1, max-image-preview:large, max-video-preview:-1\" \/>\n<link rel=\"canonical\" href=\"https:\/\/grotta.is\/en\/fimleikadeild\/ofurhetjumot-miniso-um-helgina\/\" \/>\n<meta property=\"og:locale\" content=\"en_US\" \/>\n<meta property=\"og:type\" content=\"article\" \/>\n<meta property=\"og:title\" content=\"Ofurhetjum\u00f3t Miniso um helgina - \u00cd\u00fer\u00f3ttaf\u00e9lagi\u00f0 Gr\u00f3tta\" \/>\n<meta property=\"og:description\" content=\"Hi\u00f0 \u00e1rlega ofurhetjum\u00f3t Miniso ver\u00f0ur haldi\u00f0 um helgina \u00ed fimleikah\u00fasi Gr\u00f3ttu. Aldrei hafa fleiri \u00fe\u00e1ttakendur teki\u00f0 \u00fe\u00e1tt \u00ed m\u00f3tinu en alls s\u00fdna 430 keppendur fr\u00e1 \u00e1tta f\u00e9l\u00f6gum listir s\u00ednar og [&hellip;]\" \/>\n<meta property=\"og:url\" content=\"https:\/\/grotta.is\/en\/fimleikadeild\/ofurhetjumot-miniso-um-helgina\/\" \/>\n<meta property=\"og:site_name\" content=\"\u00cd\u00fer\u00f3ttaf\u00e9lagi\u00f0 Gr\u00f3tta\" \/>\n<meta property=\"article:publisher\" content=\"https:\/\/www.facebook.com\/grottasport\" \/>\n<meta property=\"article:published_time\" content=\"2022-03-04T15:11:15+00:00\" \/>\n<meta property=\"article:modified_time\" content=\"2022-03-04T15:14:01+00:00\" \/>\n<meta property=\"og:image\" content=\"https:\/\/grotta.is\/wp-content\/uploads\/2022\/03\/Gisli.Orn_.ofurhetjumot.Grottu.jpg\" \/>\n\t<meta property=\"og:image:width\" content=\"672\" \/>\n\t<meta property=\"og:image:height\" content=\"467\" \/>\n\t<meta property=\"og:image:type\" content=\"image\/jpeg\" \/>\n<meta name=\"author\" content=\"Grotta\" \/>\n<meta name=\"twitter:card\" content=\"summary_large_image\" \/>\n<meta name=\"twitter:label1\" content=\"Written by\" \/>\n\t<meta name=\"twitter:data1\" content=\"Grotta\" \/>\n\t<meta name=\"twitter:label2\" content=\"Est. reading time\" \/>\n\t<meta name=\"twitter:data2\" content=\"1 minute\" \/>\n<script type=\"application\/ld+json\" class=\"yoast-schema-graph\">{\"@context\":\"https:\/\/schema.org\",\"@graph\":[{\"@type\":\"Article\",\"@id\":\"https:\/\/grotta.is\/en\/fimleikadeild\/ofurhetjumot-miniso-um-helgina\/#article\",\"isPartOf\":{\"@id\":\"https:\/\/grotta.is\/en\/fimleikadeild\/ofurhetjumot-miniso-um-helgina\/\"},\"author\":{\"name\":\"Grotta\",\"@id\":\"https:\/\/grotta.is\/#\/schema\/person\/08ec57bf09ee925f1b6a01540c14a5ce\"},\"headline\":\"Ofurhetjum\u00f3t Miniso um helgina\",\"datePublished\":\"2022-03-04T15:11:15+00:00\",\"dateModified\":\"2022-03-04T15:14:01+00:00\",\"mainEntityOfPage\":{\"@id\":\"https:\/\/grotta.is\/en\/fimleikadeild\/ofurhetjumot-miniso-um-helgina\/\"},\"wordCount\":87,\"publisher\":{\"@id\":\"https:\/\/grotta.is\/#organization\"},\"image\":{\"@id\":\"https:\/\/grotta.is\/en\/fimleikadeild\/ofurhetjumot-miniso-um-helgina\/#primaryimage\"},\"thumbnailUrl\":\"https:\/\/grotta.is\/wp-content\/uploads\/2022\/03\/Gisli.Orn_.ofurhetjumot.Grottu.jpg\",\"articleSection\":[\"Fimleikadeild\"],\"inLanguage\":\"en-US\"},{\"@type\":\"WebPage\",\"@id\":\"https:\/\/grotta.is\/en\/fimleikadeild\/ofurhetjumot-miniso-um-helgina\/\",\"url\":\"https:\/\/grotta.is\/en\/fimleikadeild\/ofurhetjumot-miniso-um-helgina\/\",\"name\":\"Ofurhetjum\u00f3t Miniso um helgina - \u00cd\u00fer\u00f3ttaf\u00e9lagi\u00f0 Gr\u00f3tta\",\"isPartOf\":{\"@id\":\"https:\/\/grotta.is\/#website\"},\"primaryImageOfPage\":{\"@id\":\"https:\/\/grotta.is\/en\/fimleikadeild\/ofurhetjumot-miniso-um-helgina\/#primaryimage\"},\"image\":{\"@id\":\"https:\/\/grotta.is\/en\/fimleikadeild\/ofurhetjumot-miniso-um-helgina\/#primaryimage\"},\"thumbnailUrl\":\"https:\/\/grotta.is\/wp-content\/uploads\/2022\/03\/Gisli.Orn_.ofurhetjumot.Grottu.jpg\",\"datePublished\":\"2022-03-04T15:11:15+00:00\",\"dateModified\":\"2022-03-04T15:14:01+00:00\",\"breadcrumb\":{\"@id\":\"https:\/\/grotta.is\/en\/fimleikadeild\/ofurhetjumot-miniso-um-helgina\/#breadcrumb\"},\"inLanguage\":\"en-US\",\"potentialAction\":[{\"@type\":\"ReadAction\",\"target\":[\"https:\/\/grotta.is\/en\/fimleikadeild\/ofurhetjumot-miniso-um-helgina\/\"]}]},{\"@type\":\"ImageObject\",\"inLanguage\":\"en-US\",\"@id\":\"https:\/\/grotta.is\/en\/fimleikadeild\/ofurhetjumot-miniso-um-helgina\/#primaryimage\",\"url\":\"https:\/\/grotta.is\/wp-content\/uploads\/2022\/03\/Gisli.Orn_.ofurhetjumot.Grottu.jpg\",\"contentUrl\":\"https:\/\/grotta.is\/wp-content\/uploads\/2022\/03\/Gisli.Orn_.ofurhetjumot.Grottu.jpg\",\"width\":672,\"height\":467,\"caption\":\"G\u00edsli \u00d6rn Gar\u00f0arsson tekur upp kynningar fyrir ofurhetjum\u00f3t\"},{\"@type\":\"BreadcrumbList\",\"@id\":\"https:\/\/grotta.is\/en\/fimleikadeild\/ofurhetjumot-miniso-um-helgina\/#breadcrumb\",\"itemListElement\":[{\"@type\":\"ListItem\",\"position\":1,\"name\":\"Home\",\"item\":\"https:\/\/grotta.is\/\"},{\"@type\":\"ListItem\",\"position\":2,\"name\":\"Ofurhetjum\u00f3t Miniso um helgina\"}]},{\"@type\":\"WebSite\",\"@id\":\"https:\/\/grotta.is\/#website\",\"url\":\"https:\/\/grotta.is\/\",\"name\":\"\u00cd\u00fer\u00f3ttaf\u00e9lagi\u00f0 Gr\u00f3tta\",\"description\":\"\u00e1 Seltjarnarnesi\",\"publisher\":{\"@id\":\"https:\/\/grotta.is\/#organization\"},\"potentialAction\":[{\"@type\":\"SearchAction\",\"target\":{\"@type\":\"EntryPoint\",\"urlTemplate\":\"https:\/\/grotta.is\/?s={search_term_string}\"},\"query-input\":{\"@type\":\"PropertyValueSpecification\",\"valueRequired\":true,\"valueName\":\"search_term_string\"}}],\"inLanguage\":\"en-US\"},{\"@type\":\"Organization\",\"@id\":\"https:\/\/grotta.is\/#organization\",\"name\":\"\u00cd\u00fer\u00f3ttaf\u00e9lagi\u00f0 Gr\u00f3tta\",\"url\":\"https:\/\/grotta.is\/\",\"logo\":{\"@type\":\"ImageObject\",\"inLanguage\":\"en-US\",\"@id\":\"https:\/\/grotta.is\/#\/schema\/logo\/image\/\",\"url\":\"https:\/\/grotta.is\/wp-content\/uploads\/2020\/02\/ithrottafelagidgrotta_logo_512x512_transparent.png\",\"contentUrl\":\"https:\/\/grotta.is\/wp-content\/uploads\/2020\/02\/ithrottafelagidgrotta_logo_512x512_transparent.png\",\"width\":512,\"height\":512,\"caption\":\"\u00cd\u00fer\u00f3ttaf\u00e9lagi\u00f0 Gr\u00f3tta\"},\"image\":{\"@id\":\"https:\/\/grotta.is\/#\/schema\/logo\/image\/\"},\"sameAs\":[\"https:\/\/www.facebook.com\/grottasport\"]},{\"@type\":\"Person\",\"@id\":\"https:\/\/grotta.is\/#\/schema\/person\/08ec57bf09ee925f1b6a01540c14a5ce\",\"name\":\"Grotta\",\"url\":\"https:\/\/grotta.is\/en\/author\/inga\/\"}]}<\/script>\n<!-- \/ Yoast SEO plugin. -->","yoast_head_json":{"title":"Ofurhetjum\u00f3t Miniso um helgina - \u00cd\u00fer\u00f3ttaf\u00e9lagi\u00f0 Gr\u00f3tta","robots":{"index":"index","follow":"follow","max-snippet":"max-snippet:-1","max-image-preview":"max-image-preview:large","max-video-preview":"max-video-preview:-1"},"canonical":"https:\/\/grotta.is\/en\/fimleikadeild\/ofurhetjumot-miniso-um-helgina\/","og_locale":"en_US","og_type":"article","og_title":"Ofurhetjum\u00f3t Miniso um helgina - \u00cd\u00fer\u00f3ttaf\u00e9lagi\u00f0 Gr\u00f3tta","og_description":"Hi\u00f0 \u00e1rlega ofurhetjum\u00f3t Miniso ver\u00f0ur haldi\u00f0 um helgina \u00ed fimleikah\u00fasi Gr\u00f3ttu. Aldrei hafa fleiri \u00fe\u00e1ttakendur teki\u00f0 \u00fe\u00e1tt \u00ed m\u00f3tinu en alls s\u00fdna 430 keppendur fr\u00e1 \u00e1tta f\u00e9l\u00f6gum listir s\u00ednar og [&hellip;]","og_url":"https:\/\/grotta.is\/en\/fimleikadeild\/ofurhetjumot-miniso-um-helgina\/","og_site_name":"\u00cd\u00fer\u00f3ttaf\u00e9lagi\u00f0 Gr\u00f3tta","article_publisher":"https:\/\/www.facebook.com\/grottasport","article_published_time":"2022-03-04T15:11:15+00:00","article_modified_time":"2022-03-04T15:14:01+00:00","og_image":[{"width":672,"height":467,"url":"https:\/\/grotta.is\/wp-content\/uploads\/2022\/03\/Gisli.Orn_.ofurhetjumot.Grottu.jpg","type":"image\/jpeg"}],"author":"Grotta","twitter_card":"summary_large_image","twitter_misc":{"Written by":"Grotta","Est. reading time":"1 minute"},"schema":{"@context":"https:\/\/schema.org","@graph":[{"@type":"Article","@id":"https:\/\/grotta.is\/en\/fimleikadeild\/ofurhetjumot-miniso-um-helgina\/#article","isPartOf":{"@id":"https:\/\/grotta.is\/en\/fimleikadeild\/ofurhetjumot-miniso-um-helgina\/"},"author":{"name":"Grotta","@id":"https:\/\/grotta.is\/#\/schema\/person\/08ec57bf09ee925f1b6a01540c14a5ce"},"headline":"Ofurhetjum\u00f3t Miniso um helgina","datePublished":"2022-03-04T15:11:15+00:00","dateModified":"2022-03-04T15:14:01+00:00","mainEntityOfPage":{"@id":"https:\/\/grotta.is\/en\/fimleikadeild\/ofurhetjumot-miniso-um-helgina\/"},"wordCount":87,"publisher":{"@id":"https:\/\/grotta.is\/#organization"},"image":{"@id":"https:\/\/grotta.is\/en\/fimleikadeild\/ofurhetjumot-miniso-um-helgina\/#primaryimage"},"thumbnailUrl":"https:\/\/grotta.is\/wp-content\/uploads\/2022\/03\/Gisli.Orn_.ofurhetjumot.Grottu.jpg","articleSection":["Fimleikadeild"],"inLanguage":"en-US"},{"@type":"WebPage","@id":"https:\/\/grotta.is\/en\/fimleikadeild\/ofurhetjumot-miniso-um-helgina\/","url":"https:\/\/grotta.is\/en\/fimleikadeild\/ofurhetjumot-miniso-um-helgina\/","name":"Ofurhetjum\u00f3t Miniso um helgina - \u00cd\u00fer\u00f3ttaf\u00e9lagi\u00f0 Gr\u00f3tta","isPartOf":{"@id":"https:\/\/grotta.is\/#website"},"primaryImageOfPage":{"@id":"https:\/\/grotta.is\/en\/fimleikadeild\/ofurhetjumot-miniso-um-helgina\/#primaryimage"},"image":{"@id":"https:\/\/grotta.is\/en\/fimleikadeild\/ofurhetjumot-miniso-um-helgina\/#primaryimage"},"thumbnailUrl":"https:\/\/grotta.is\/wp-content\/uploads\/2022\/03\/Gisli.Orn_.ofurhetjumot.Grottu.jpg","datePublished":"2022-03-04T15:11:15+00:00","dateModified":"2022-03-04T15:14:01+00:00","breadcrumb":{"@id":"https:\/\/grotta.is\/en\/fimleikadeild\/ofurhetjumot-miniso-um-helgina\/#breadcrumb"},"inLanguage":"en-US","potentialAction":[{"@type":"ReadAction","target":["https:\/\/grotta.is\/en\/fimleikadeild\/ofurhetjumot-miniso-um-helgina\/"]}]},{"@type":"ImageObject","inLanguage":"en-US","@id":"https:\/\/grotta.is\/en\/fimleikadeild\/ofurhetjumot-miniso-um-helgina\/#primaryimage","url":"https:\/\/grotta.is\/wp-content\/uploads\/2022\/03\/Gisli.Orn_.ofurhetjumot.Grottu.jpg","contentUrl":"https:\/\/grotta.is\/wp-content\/uploads\/2022\/03\/Gisli.Orn_.ofurhetjumot.Grottu.jpg","width":672,"height":467,"caption":"G\u00edsli \u00d6rn Gar\u00f0arsson tekur upp kynningar fyrir ofurhetjum\u00f3t"},{"@type":"BreadcrumbList","@id":"https:\/\/grotta.is\/en\/fimleikadeild\/ofurhetjumot-miniso-um-helgina\/#breadcrumb","itemListElement":[{"@type":"ListItem","position":1,"name":"Home","item":"https:\/\/grotta.is\/"},{"@type":"ListItem","position":2,"name":"Ofurhetjum\u00f3t Miniso um helgina"}]},{"@type":"WebSite","@id":"https:\/\/grotta.is\/#website","url":"https:\/\/grotta.is\/","name":"\u00cd\u00fer\u00f3ttaf\u00e9lagi\u00f0 Gr\u00f3tta","description":"\u00e1 Seltjarnarnesi","publisher":{"@id":"https:\/\/grotta.is\/#organization"},"potentialAction":[{"@type":"SearchAction","target":{"@type":"EntryPoint","urlTemplate":"https:\/\/grotta.is\/?s={search_term_string}"},"query-input":{"@type":"PropertyValueSpecification","valueRequired":true,"valueName":"search_term_string"}}],"inLanguage":"en-US"},{"@type":"Organization","@id":"https:\/\/grotta.is\/#organization","name":"\u00cd\u00fer\u00f3ttaf\u00e9lagi\u00f0 Gr\u00f3tta","url":"https:\/\/grotta.is\/","logo":{"@type":"ImageObject","inLanguage":"en-US","@id":"https:\/\/grotta.is\/#\/schema\/logo\/image\/","url":"https:\/\/grotta.is\/wp-content\/uploads\/2020\/02\/ithrottafelagidgrotta_logo_512x512_transparent.png","contentUrl":"https:\/\/grotta.is\/wp-content\/uploads\/2020\/02\/ithrottafelagidgrotta_logo_512x512_transparent.png","width":512,"height":512,"caption":"\u00cd\u00fer\u00f3ttaf\u00e9lagi\u00f0 Gr\u00f3tta"},"image":{"@id":"https:\/\/grotta.is\/#\/schema\/logo\/image\/"},"sameAs":["https:\/\/www.facebook.com\/grottasport"]},{"@type":"Person","@id":"https:\/\/grotta.is\/#\/schema\/person\/08ec57bf09ee925f1b6a01540c14a5ce","name":"Grotta","url":"https:\/\/grotta.is\/en\/author\/inga\/"}]}},"_links":{"self":[{"href":"https:\/\/grotta.is\/en\/wp-json\/wp\/v2\/posts\/371455","targetHints":{"allow":["GET"]}}],"collection":[{"href":"https:\/\/grotta.is\/en\/wp-json\/wp\/v2\/posts"}],"about":[{"href":"https:\/\/grotta.is\/en\/wp-json\/wp\/v2\/types\/post"}],"author":[{"embeddable":true,"href":"https:\/\/grotta.is\/en\/wp-json\/wp\/v2\/users\/2"}],"replies":[{"embeddable":true,"href":"https:\/\/grotta.is\/en\/wp-json\/wp\/v2\/comments?post=371455"}],"version-history":[{"count":2,"href":"https:\/\/grotta.is\/en\/wp-json\/wp\/v2\/posts\/371455\/revisions"}],"predecessor-version":[{"id":371460,"href":"https:\/\/grotta.is\/en\/wp-json\/wp\/v2\/posts\/371455\/revisions\/371460"}],"wp:featuredmedia":[{"embeddable":true,"href":"https:\/\/grotta.is\/en\/wp-json\/wp\/v2\/media\/371456"}],"wp:attachment":[{"href":"https:\/\/grotta.is\/en\/wp-json\/wp\/v2\/media?parent=371455"}],"wp:term":[{"taxonomy":"category","embeddable":true,"href":"https:\/\/grotta.is\/en\/wp-json\/wp\/v2\/categories?post=371455"},{"taxonomy":"post_tag","embeddable":true,"href":"https:\/\/grotta.is\/en\/wp-json\/wp\/v2\/tags?post=371455"}],"curies":[{"name":"wp","href":"https:\/\/api.w.org\/{rel}","templated":true}]}}