{"id":371162,"date":"2022-03-01T20:07:12","date_gmt":"2022-03-01T20:07:12","guid":{"rendered":"https:\/\/grotta.is\/?p=371162"},"modified":"2022-03-01T20:07:16","modified_gmt":"2022-03-01T20:07:16","slug":"8-leikmenn-i-haefileikamotun-hsi","status":"publish","type":"post","link":"https:\/\/grotta.is\/en\/handknattleiksdeild\/8-leikmenn-i-haefileikamotun-hsi\/","title":{"rendered":"8 leikmenn \u00ed H\u00e6fileikam\u00f3tun HS\u00cd"},"content":{"rendered":"<p>Um helgina f\u00f3ru fram \u00e6fingar \u00ed H\u00e6fileikam\u00f3tun HS\u00cd. \u00c6fingarnar f\u00f3ru fram \u00ed Kaplakrika \u00ed Hafnarfir\u00f0i og var innihaldi\u00f0 takt\u00edk, markmi\u00f0ssetning og spil undir stj\u00f3rn yfir\u00fej\u00e1lfara H\u00e6fileikam\u00f3tunarinnar, J\u00f3ns Gunnlaugs Vigg\u00f3ssonar.<\/p><p>Flottir fulltr\u00faar fr\u00e1 okkur t\u00f3ku \u00fe\u00e1tt:<\/p><p>Str\u00e1kar:<\/p><p>Arnar Magn\u00fas Andrason<br>Helgi Sk\u00edrnir Magn\u00fasson <br>K\u00e1ri Kristj\u00e1nsson<br>Kolbeinn Thors<\/p><p>Stelpur:<br>Arna Katr\u00edn Vigg\u00f3sd\u00f3ttir <br>Au\u00f0ur Freyja \u00c1rnadottir<br>Krist\u00edn Fr\u00ed\u00f0a Scheving Thorsteinsson<br>Sara Kristj\u00e1nsd\u00f3ttir<\/p><p>\u00dev\u00ed mi\u00f0ur \u00feurftu Arnfr\u00ed\u00f0ur Au\u00f0ur Arnarsd\u00f3ttir og Heba Dav\u00ed\u00f0sd\u00f3ttir a\u00f0 bo\u00f0a forf\u00f6ll.<\/p><p>H\u00e6fileikam\u00f3tun HS\u00cd er fyrsta skrefi\u00f0 inn \u00ed landsli\u00f0sumhverfi HS\u00cd og \u00fev\u00ed fr\u00e1b\u00e6rt t\u00e6kif\u00e6ri fyrir okkar leikmenn a\u00f0 taka \u00fe\u00e1tt. \u00deeir st\u00f3\u00f0u sig vel og vonandi ver\u00f0a \u00feau \u00f6ll \u00ed n\u00e6sta \u00fartaki.<\/p><p><img fetchpriority=\"high\" decoding=\"async\" width=\"600\" height=\"450\" class=\"wp-image-371164\" style=\"width: 600px;\" src=\"https:\/\/grotta.is\/wp-content\/uploads\/2022\/03\/20220227_105844-scaled.jpg\" alt=\"\" srcset=\"https:\/\/grotta.is\/wp-content\/uploads\/2022\/03\/20220227_105844-scaled.jpg 2560w, https:\/\/grotta.is\/wp-content\/uploads\/2022\/03\/20220227_105844-300x225.jpg 300w, https:\/\/grotta.is\/wp-content\/uploads\/2022\/03\/20220227_105844-1024x768.jpg 1024w, https:\/\/grotta.is\/wp-content\/uploads\/2022\/03\/20220227_105844-768x576.jpg 768w, https:\/\/grotta.is\/wp-content\/uploads\/2022\/03\/20220227_105844-1536x1152.jpg 1536w, https:\/\/grotta.is\/wp-content\/uploads\/2022\/03\/20220227_105844-2048x1536.jpg 2048w, https:\/\/grotta.is\/wp-content\/uploads\/2022\/03\/20220227_105844-16x12.jpg 16w, https:\/\/grotta.is\/wp-content\/uploads\/2022\/03\/20220227_105844-600x450.jpg 600w\" sizes=\"(max-width: 600px) 100vw, 600px\" \/><\/p>","protected":false},"excerpt":{"rendered":"<p>Um helgina f\u00f3ru fram \u00e6fingar \u00ed H\u00e6fileikam\u00f3tun HS\u00cd. \u00c6fingarnar f\u00f3ru fram \u00ed Kaplakrika \u00ed Hafnarfir\u00f0i og var innihaldi\u00f0 takt\u00edk, markmi\u00f0ssetning og spil undir stj\u00f3rn yfir\u00fej\u00e1lfara H\u00e6fileikam\u00f3tunarinnar, J\u00f3ns Gunnlaugs Vigg\u00f3ssonar. Flottir [&hellip;]<\/p>","protected":false},"author":10,"featured_media":371163,"comment_status":"closed","ping_status":"closed","sticky":false,"template":"","format":"standard","meta":{"footnotes":""},"categories":[12],"tags":[124,13,15],"class_list":["post-371162","post","type-post","status-publish","format-standard","has-post-thumbnail","hentry","category-handknattleiksdeild","tag-haefileikamotun","tag-handbolti","tag-yngri-flokkar"],"yoast_head":"<!-- This site is optimized with the Yoast SEO plugin v24.3 - https:\/\/yoast.com\/wordpress\/plugins\/seo\/ -->\n<title>8 leikmenn \u00ed H\u00e6fileikam\u00f3tun HS\u00cd - \u00cd\u00fer\u00f3ttaf\u00e9lagi\u00f0 Gr\u00f3tta<\/title>\n<meta name=\"robots\" content=\"index, follow, max-snippet:-1, max-image-preview:large, max-video-preview:-1\" \/>\n<link rel=\"canonical\" href=\"https:\/\/grotta.is\/en\/handknattleiksdeild\/8-leikmenn-i-haefileikamotun-hsi\/\" \/>\n<meta property=\"og:locale\" content=\"en_US\" \/>\n<meta property=\"og:type\" content=\"article\" \/>\n<meta property=\"og:title\" content=\"8 leikmenn \u00ed H\u00e6fileikam\u00f3tun HS\u00cd - \u00cd\u00fer\u00f3ttaf\u00e9lagi\u00f0 Gr\u00f3tta\" \/>\n<meta property=\"og:description\" content=\"Um helgina f\u00f3ru fram \u00e6fingar \u00ed H\u00e6fileikam\u00f3tun HS\u00cd. \u00c6fingarnar f\u00f3ru fram \u00ed Kaplakrika \u00ed Hafnarfir\u00f0i og var innihaldi\u00f0 takt\u00edk, markmi\u00f0ssetning og spil undir stj\u00f3rn yfir\u00fej\u00e1lfara H\u00e6fileikam\u00f3tunarinnar, J\u00f3ns Gunnlaugs Vigg\u00f3ssonar. Flottir [&hellip;]\" \/>\n<meta property=\"og:url\" content=\"https:\/\/grotta.is\/en\/handknattleiksdeild\/8-leikmenn-i-haefileikamotun-hsi\/\" \/>\n<meta property=\"og:site_name\" content=\"\u00cd\u00fer\u00f3ttaf\u00e9lagi\u00f0 Gr\u00f3tta\" \/>\n<meta property=\"article:publisher\" content=\"https:\/\/www.facebook.com\/grottasport\" \/>\n<meta property=\"article:published_time\" content=\"2022-03-01T20:07:12+00:00\" \/>\n<meta property=\"article:modified_time\" content=\"2022-03-01T20:07:16+00:00\" \/>\n<meta property=\"og:image\" content=\"https:\/\/grotta.is\/wp-content\/uploads\/2022\/03\/20220227_105516-scaled.jpg\" \/>\n\t<meta property=\"og:image:width\" content=\"2560\" \/>\n\t<meta property=\"og:image:height\" content=\"1920\" \/>\n\t<meta property=\"og:image:type\" content=\"image\/jpeg\" \/>\n<meta name=\"author\" content=\"Andri Sigf\u00fasson\" \/>\n<meta name=\"twitter:card\" content=\"summary_large_image\" \/>\n<meta name=\"twitter:label1\" content=\"Written by\" \/>\n\t<meta name=\"twitter:data1\" content=\"Andri Sigf\u00fasson\" \/>\n\t<meta name=\"twitter:label2\" content=\"Est. reading time\" \/>\n\t<meta name=\"twitter:data2\" content=\"1 minute\" \/>\n<script type=\"application\/ld+json\" class=\"yoast-schema-graph\">{\"@context\":\"https:\/\/schema.org\",\"@graph\":[{\"@type\":\"Article\",\"@id\":\"https:\/\/grotta.is\/handknattleiksdeild\/8-leikmenn-i-haefileikamotun-hsi\/#article\",\"isPartOf\":{\"@id\":\"https:\/\/grotta.is\/handknattleiksdeild\/8-leikmenn-i-haefileikamotun-hsi\/\"},\"author\":{\"name\":\"Andri Sigf\u00fasson\",\"@id\":\"https:\/\/grotta.is\/#\/schema\/person\/b21e9d5dfd92c90211e343e8d7252b1c\"},\"headline\":\"8 leikmenn \u00ed H\u00e6fileikam\u00f3tun HS\u00cd\",\"datePublished\":\"2022-03-01T20:07:12+00:00\",\"dateModified\":\"2022-03-01T20:07:16+00:00\",\"mainEntityOfPage\":{\"@id\":\"https:\/\/grotta.is\/handknattleiksdeild\/8-leikmenn-i-haefileikamotun-hsi\/\"},\"wordCount\":146,\"publisher\":{\"@id\":\"https:\/\/grotta.is\/#organization\"},\"image\":{\"@id\":\"https:\/\/grotta.is\/handknattleiksdeild\/8-leikmenn-i-haefileikamotun-hsi\/#primaryimage\"},\"thumbnailUrl\":\"https:\/\/grotta.is\/wp-content\/uploads\/2022\/03\/20220227_105516-scaled.jpg\",\"keywords\":[\"h\u00e6fileikam\u00f3tun\",\"Handbolti\",\"Yngri flokkar\"],\"articleSection\":[\"Handknattleiksdeild\"],\"inLanguage\":\"en-US\"},{\"@type\":\"WebPage\",\"@id\":\"https:\/\/grotta.is\/handknattleiksdeild\/8-leikmenn-i-haefileikamotun-hsi\/\",\"url\":\"https:\/\/grotta.is\/handknattleiksdeild\/8-leikmenn-i-haefileikamotun-hsi\/\",\"name\":\"8 leikmenn \u00ed H\u00e6fileikam\u00f3tun HS\u00cd - \u00cd\u00fer\u00f3ttaf\u00e9lagi\u00f0 Gr\u00f3tta\",\"isPartOf\":{\"@id\":\"https:\/\/grotta.is\/#website\"},\"primaryImageOfPage\":{\"@id\":\"https:\/\/grotta.is\/handknattleiksdeild\/8-leikmenn-i-haefileikamotun-hsi\/#primaryimage\"},\"image\":{\"@id\":\"https:\/\/grotta.is\/handknattleiksdeild\/8-leikmenn-i-haefileikamotun-hsi\/#primaryimage\"},\"thumbnailUrl\":\"https:\/\/grotta.is\/wp-content\/uploads\/2022\/03\/20220227_105516-scaled.jpg\",\"datePublished\":\"2022-03-01T20:07:12+00:00\",\"dateModified\":\"2022-03-01T20:07:16+00:00\",\"breadcrumb\":{\"@id\":\"https:\/\/grotta.is\/handknattleiksdeild\/8-leikmenn-i-haefileikamotun-hsi\/#breadcrumb\"},\"inLanguage\":\"en-US\",\"potentialAction\":[{\"@type\":\"ReadAction\",\"target\":[\"https:\/\/grotta.is\/handknattleiksdeild\/8-leikmenn-i-haefileikamotun-hsi\/\"]}]},{\"@type\":\"ImageObject\",\"inLanguage\":\"en-US\",\"@id\":\"https:\/\/grotta.is\/handknattleiksdeild\/8-leikmenn-i-haefileikamotun-hsi\/#primaryimage\",\"url\":\"https:\/\/grotta.is\/wp-content\/uploads\/2022\/03\/20220227_105516-scaled.jpg\",\"contentUrl\":\"https:\/\/grotta.is\/wp-content\/uploads\/2022\/03\/20220227_105516-scaled.jpg\",\"width\":2560,\"height\":1920},{\"@type\":\"BreadcrumbList\",\"@id\":\"https:\/\/grotta.is\/handknattleiksdeild\/8-leikmenn-i-haefileikamotun-hsi\/#breadcrumb\",\"itemListElement\":[{\"@type\":\"ListItem\",\"position\":1,\"name\":\"Home\",\"item\":\"https:\/\/grotta.is\/\"},{\"@type\":\"ListItem\",\"position\":2,\"name\":\"8 leikmenn \u00ed H\u00e6fileikam\u00f3tun HS\u00cd\"}]},{\"@type\":\"WebSite\",\"@id\":\"https:\/\/grotta.is\/#website\",\"url\":\"https:\/\/grotta.is\/\",\"name\":\"\u00cd\u00fer\u00f3ttaf\u00e9lagi\u00f0 Gr\u00f3tta\",\"description\":\"\u00e1 Seltjarnarnesi\",\"publisher\":{\"@id\":\"https:\/\/grotta.is\/#organization\"},\"potentialAction\":[{\"@type\":\"SearchAction\",\"target\":{\"@type\":\"EntryPoint\",\"urlTemplate\":\"https:\/\/grotta.is\/?s={search_term_string}\"},\"query-input\":{\"@type\":\"PropertyValueSpecification\",\"valueRequired\":true,\"valueName\":\"search_term_string\"}}],\"inLanguage\":\"en-US\"},{\"@type\":\"Organization\",\"@id\":\"https:\/\/grotta.is\/#organization\",\"name\":\"\u00cd\u00fer\u00f3ttaf\u00e9lagi\u00f0 Gr\u00f3tta\",\"url\":\"https:\/\/grotta.is\/\",\"logo\":{\"@type\":\"ImageObject\",\"inLanguage\":\"en-US\",\"@id\":\"https:\/\/grotta.is\/#\/schema\/logo\/image\/\",\"url\":\"https:\/\/grotta.is\/wp-content\/uploads\/2020\/02\/ithrottafelagidgrotta_logo_512x512_transparent.png\",\"contentUrl\":\"https:\/\/grotta.is\/wp-content\/uploads\/2020\/02\/ithrottafelagidgrotta_logo_512x512_transparent.png\",\"width\":512,\"height\":512,\"caption\":\"\u00cd\u00fer\u00f3ttaf\u00e9lagi\u00f0 Gr\u00f3tta\"},\"image\":{\"@id\":\"https:\/\/grotta.is\/#\/schema\/logo\/image\/\"},\"sameAs\":[\"https:\/\/www.facebook.com\/grottasport\"]},{\"@type\":\"Person\",\"@id\":\"https:\/\/grotta.is\/#\/schema\/person\/b21e9d5dfd92c90211e343e8d7252b1c\",\"name\":\"Andri Sigf\u00fasson\",\"url\":\"https:\/\/grotta.is\/en\/author\/andri\/\"}]}<\/script>\n<!-- \/ Yoast SEO plugin. -->","yoast_head_json":{"title":"8 leikmenn \u00ed H\u00e6fileikam\u00f3tun HS\u00cd - \u00cd\u00fer\u00f3ttaf\u00e9lagi\u00f0 Gr\u00f3tta","robots":{"index":"index","follow":"follow","max-snippet":"max-snippet:-1","max-image-preview":"max-image-preview:large","max-video-preview":"max-video-preview:-1"},"canonical":"https:\/\/grotta.is\/en\/handknattleiksdeild\/8-leikmenn-i-haefileikamotun-hsi\/","og_locale":"en_US","og_type":"article","og_title":"8 leikmenn \u00ed H\u00e6fileikam\u00f3tun HS\u00cd - \u00cd\u00fer\u00f3ttaf\u00e9lagi\u00f0 Gr\u00f3tta","og_description":"Um helgina f\u00f3ru fram \u00e6fingar \u00ed H\u00e6fileikam\u00f3tun HS\u00cd. \u00c6fingarnar f\u00f3ru fram \u00ed Kaplakrika \u00ed Hafnarfir\u00f0i og var innihaldi\u00f0 takt\u00edk, markmi\u00f0ssetning og spil undir stj\u00f3rn yfir\u00fej\u00e1lfara H\u00e6fileikam\u00f3tunarinnar, J\u00f3ns Gunnlaugs Vigg\u00f3ssonar. Flottir [&hellip;]","og_url":"https:\/\/grotta.is\/en\/handknattleiksdeild\/8-leikmenn-i-haefileikamotun-hsi\/","og_site_name":"\u00cd\u00fer\u00f3ttaf\u00e9lagi\u00f0 Gr\u00f3tta","article_publisher":"https:\/\/www.facebook.com\/grottasport","article_published_time":"2022-03-01T20:07:12+00:00","article_modified_time":"2022-03-01T20:07:16+00:00","og_image":[{"width":2560,"height":1920,"url":"https:\/\/grotta.is\/wp-content\/uploads\/2022\/03\/20220227_105516-scaled.jpg","type":"image\/jpeg"}],"author":"Andri Sigf\u00fasson","twitter_card":"summary_large_image","twitter_misc":{"Written by":"Andri Sigf\u00fasson","Est. reading time":"1 minute"},"schema":{"@context":"https:\/\/schema.org","@graph":[{"@type":"Article","@id":"https:\/\/grotta.is\/handknattleiksdeild\/8-leikmenn-i-haefileikamotun-hsi\/#article","isPartOf":{"@id":"https:\/\/grotta.is\/handknattleiksdeild\/8-leikmenn-i-haefileikamotun-hsi\/"},"author":{"name":"Andri Sigf\u00fasson","@id":"https:\/\/grotta.is\/#\/schema\/person\/b21e9d5dfd92c90211e343e8d7252b1c"},"headline":"8 leikmenn \u00ed H\u00e6fileikam\u00f3tun HS\u00cd","datePublished":"2022-03-01T20:07:12+00:00","dateModified":"2022-03-01T20:07:16+00:00","mainEntityOfPage":{"@id":"https:\/\/grotta.is\/handknattleiksdeild\/8-leikmenn-i-haefileikamotun-hsi\/"},"wordCount":146,"publisher":{"@id":"https:\/\/grotta.is\/#organization"},"image":{"@id":"https:\/\/grotta.is\/handknattleiksdeild\/8-leikmenn-i-haefileikamotun-hsi\/#primaryimage"},"thumbnailUrl":"https:\/\/grotta.is\/wp-content\/uploads\/2022\/03\/20220227_105516-scaled.jpg","keywords":["h\u00e6fileikam\u00f3tun","Handbolti","Yngri flokkar"],"articleSection":["Handknattleiksdeild"],"inLanguage":"en-US"},{"@type":"WebPage","@id":"https:\/\/grotta.is\/handknattleiksdeild\/8-leikmenn-i-haefileikamotun-hsi\/","url":"https:\/\/grotta.is\/handknattleiksdeild\/8-leikmenn-i-haefileikamotun-hsi\/","name":"8 leikmenn \u00ed H\u00e6fileikam\u00f3tun HS\u00cd - \u00cd\u00fer\u00f3ttaf\u00e9lagi\u00f0 Gr\u00f3tta","isPartOf":{"@id":"https:\/\/grotta.is\/#website"},"primaryImageOfPage":{"@id":"https:\/\/grotta.is\/handknattleiksdeild\/8-leikmenn-i-haefileikamotun-hsi\/#primaryimage"},"image":{"@id":"https:\/\/grotta.is\/handknattleiksdeild\/8-leikmenn-i-haefileikamotun-hsi\/#primaryimage"},"thumbnailUrl":"https:\/\/grotta.is\/wp-content\/uploads\/2022\/03\/20220227_105516-scaled.jpg","datePublished":"2022-03-01T20:07:12+00:00","dateModified":"2022-03-01T20:07:16+00:00","breadcrumb":{"@id":"https:\/\/grotta.is\/handknattleiksdeild\/8-leikmenn-i-haefileikamotun-hsi\/#breadcrumb"},"inLanguage":"en-US","potentialAction":[{"@type":"ReadAction","target":["https:\/\/grotta.is\/handknattleiksdeild\/8-leikmenn-i-haefileikamotun-hsi\/"]}]},{"@type":"ImageObject","inLanguage":"en-US","@id":"https:\/\/grotta.is\/handknattleiksdeild\/8-leikmenn-i-haefileikamotun-hsi\/#primaryimage","url":"https:\/\/grotta.is\/wp-content\/uploads\/2022\/03\/20220227_105516-scaled.jpg","contentUrl":"https:\/\/grotta.is\/wp-content\/uploads\/2022\/03\/20220227_105516-scaled.jpg","width":2560,"height":1920},{"@type":"BreadcrumbList","@id":"https:\/\/grotta.is\/handknattleiksdeild\/8-leikmenn-i-haefileikamotun-hsi\/#breadcrumb","itemListElement":[{"@type":"ListItem","position":1,"name":"Home","item":"https:\/\/grotta.is\/"},{"@type":"ListItem","position":2,"name":"8 leikmenn \u00ed H\u00e6fileikam\u00f3tun HS\u00cd"}]},{"@type":"WebSite","@id":"https:\/\/grotta.is\/#website","url":"https:\/\/grotta.is\/","name":"\u00cd\u00fer\u00f3ttaf\u00e9lagi\u00f0 Gr\u00f3tta","description":"\u00e1 Seltjarnarnesi","publisher":{"@id":"https:\/\/grotta.is\/#organization"},"potentialAction":[{"@type":"SearchAction","target":{"@type":"EntryPoint","urlTemplate":"https:\/\/grotta.is\/?s={search_term_string}"},"query-input":{"@type":"PropertyValueSpecification","valueRequired":true,"valueName":"search_term_string"}}],"inLanguage":"en-US"},{"@type":"Organization","@id":"https:\/\/grotta.is\/#organization","name":"\u00cd\u00fer\u00f3ttaf\u00e9lagi\u00f0 Gr\u00f3tta","url":"https:\/\/grotta.is\/","logo":{"@type":"ImageObject","inLanguage":"en-US","@id":"https:\/\/grotta.is\/#\/schema\/logo\/image\/","url":"https:\/\/grotta.is\/wp-content\/uploads\/2020\/02\/ithrottafelagidgrotta_logo_512x512_transparent.png","contentUrl":"https:\/\/grotta.is\/wp-content\/uploads\/2020\/02\/ithrottafelagidgrotta_logo_512x512_transparent.png","width":512,"height":512,"caption":"\u00cd\u00fer\u00f3ttaf\u00e9lagi\u00f0 Gr\u00f3tta"},"image":{"@id":"https:\/\/grotta.is\/#\/schema\/logo\/image\/"},"sameAs":["https:\/\/www.facebook.com\/grottasport"]},{"@type":"Person","@id":"https:\/\/grotta.is\/#\/schema\/person\/b21e9d5dfd92c90211e343e8d7252b1c","name":"Andri Sigf\u00fasson","url":"https:\/\/grotta.is\/en\/author\/andri\/"}]}},"_links":{"self":[{"href":"https:\/\/grotta.is\/en\/wp-json\/wp\/v2\/posts\/371162","targetHints":{"allow":["GET"]}}],"collection":[{"href":"https:\/\/grotta.is\/en\/wp-json\/wp\/v2\/posts"}],"about":[{"href":"https:\/\/grotta.is\/en\/wp-json\/wp\/v2\/types\/post"}],"author":[{"embeddable":true,"href":"https:\/\/grotta.is\/en\/wp-json\/wp\/v2\/users\/10"}],"replies":[{"embeddable":true,"href":"https:\/\/grotta.is\/en\/wp-json\/wp\/v2\/comments?post=371162"}],"version-history":[{"count":1,"href":"https:\/\/grotta.is\/en\/wp-json\/wp\/v2\/posts\/371162\/revisions"}],"predecessor-version":[{"id":371165,"href":"https:\/\/grotta.is\/en\/wp-json\/wp\/v2\/posts\/371162\/revisions\/371165"}],"wp:featuredmedia":[{"embeddable":true,"href":"https:\/\/grotta.is\/en\/wp-json\/wp\/v2\/media\/371163"}],"wp:attachment":[{"href":"https:\/\/grotta.is\/en\/wp-json\/wp\/v2\/media?parent=371162"}],"wp:term":[{"taxonomy":"category","embeddable":true,"href":"https:\/\/grotta.is\/en\/wp-json\/wp\/v2\/categories?post=371162"},{"taxonomy":"post_tag","embeddable":true,"href":"https:\/\/grotta.is\/en\/wp-json\/wp\/v2\/tags?post=371162"}],"curies":[{"name":"wp","href":"https:\/\/api.w.org\/{rel}","templated":true}]}}