{"id":369637,"date":"2022-02-16T21:31:16","date_gmt":"2022-02-16T21:31:16","guid":{"rendered":"https:\/\/grotta.is\/?p=369637"},"modified":"2022-02-16T21:31:19","modified_gmt":"2022-02-16T21:31:19","slug":"lilja-liv-og-lilja-scheving-i-hop-u17-ara-landslidsins-2","status":"publish","type":"post","link":"https:\/\/grotta.is\/en\/knattspyrnudeild\/lilja-liv-og-lilja-scheving-i-hop-u17-ara-landslidsins-2\/","title":{"rendered":"Lilja L\u00edv og Lilja Scheving \u00ed h\u00f3p U17 \u00e1ra landsli\u00f0sins"},"content":{"rendered":"<p>Gr\u00f3ttukonurnar Lilja L\u00edv Margr\u00e9tard\u00f3ttir og Lilja Dav\u00ed\u00f0sd\u00f3ttir Scheving eru \u00ed h\u00f3p sem Magn\u00fas \u00d6rn Helgason, landsli\u00f0s\u00fej\u00e1lfari U17 kvenna, valdi fyrir \u00e6fingar 17.-19. febr\u00faar.&nbsp;<\/p><p>\u00c6fingarnar fara fram \u00ed Skessunni \u00ed Hafnarfir\u00f0i og eru li\u00f0ur \u00ed undirb\u00faningi li\u00f0sins fyrir milliri\u00f0la EM 2022. \u00cdsland er \u00fear \u00ed ri\u00f0li me\u00f0 \u00cdrlandi, Sl\u00f3vak\u00edu og Finnlandi og ver\u00f0ur leiki\u00f0 \u00e1 \u00cdrlandi 23.-29. mars.<\/p><p>Vel gert stelpur!\u00a0<\/p><figure class=\"wp-block-image size-large\"><img fetchpriority=\"high\" decoding=\"async\" width=\"1024\" height=\"731\" src=\"https:\/\/grotta.is\/wp-content\/uploads\/2022\/02\/5D4_7934-1024x731.jpeg\" alt=\"\" class=\"wp-image-369638\" srcset=\"https:\/\/grotta.is\/wp-content\/uploads\/2022\/02\/5D4_7934-1024x731.jpeg 1024w, https:\/\/grotta.is\/wp-content\/uploads\/2022\/02\/5D4_7934-300x214.jpeg 300w, https:\/\/grotta.is\/wp-content\/uploads\/2022\/02\/5D4_7934-768x549.jpeg 768w, https:\/\/grotta.is\/wp-content\/uploads\/2022\/02\/5D4_7934-1536x1097.jpeg 1536w, https:\/\/grotta.is\/wp-content\/uploads\/2022\/02\/5D4_7934-18x12.jpeg 18w, https:\/\/grotta.is\/wp-content\/uploads\/2022\/02\/5D4_7934-600x429.jpeg 600w, https:\/\/grotta.is\/wp-content\/uploads\/2022\/02\/5D4_7934.jpeg 1764w\" sizes=\"(max-width: 1024px) 100vw, 1024px\" \/><\/figure>","protected":false},"excerpt":{"rendered":"<p>Gr\u00f3ttukonurnar Lilja L\u00edv Margr\u00e9tard\u00f3ttir og Lilja Dav\u00ed\u00f0sd\u00f3ttir Scheving eru \u00ed h\u00f3p sem Magn\u00fas \u00d6rn Helgason, landsli\u00f0s\u00fej\u00e1lfari U17 kvenna, valdi fyrir \u00e6fingar 17.-19. febr\u00faar.&nbsp; \u00c6fingarnar fara fram \u00ed Skessunni \u00ed Hafnarfir\u00f0i [&hellip;]<\/p>","protected":false},"author":4,"featured_media":369638,"comment_status":"closed","ping_status":"closed","sticky":false,"template":"","format":"standard","meta":{"footnotes":""},"categories":[7],"tags":[6,22,18],"class_list":["post-369637","post","type-post","status-publish","format-standard","has-post-thumbnail","hentry","category-knattspyrnudeild","tag-knattspyrna","tag-landslid","tag-mfl-kvk"],"yoast_head":"<!-- This site is optimized with the Yoast SEO plugin v24.3 - https:\/\/yoast.com\/wordpress\/plugins\/seo\/ -->\n<title>Lilja L\u00edv og Lilja Scheving \u00ed h\u00f3p U17 \u00e1ra landsli\u00f0sins - \u00cd\u00fer\u00f3ttaf\u00e9lagi\u00f0 Gr\u00f3tta<\/title>\n<meta name=\"robots\" content=\"index, follow, max-snippet:-1, max-image-preview:large, max-video-preview:-1\" \/>\n<link rel=\"canonical\" href=\"https:\/\/grotta.is\/en\/knattspyrnudeild\/lilja-liv-og-lilja-scheving-i-hop-u17-ara-landslidsins-2\/\" \/>\n<meta property=\"og:locale\" content=\"en_US\" \/>\n<meta property=\"og:type\" content=\"article\" \/>\n<meta property=\"og:title\" content=\"Lilja L\u00edv og Lilja Scheving \u00ed h\u00f3p U17 \u00e1ra landsli\u00f0sins - \u00cd\u00fer\u00f3ttaf\u00e9lagi\u00f0 Gr\u00f3tta\" \/>\n<meta property=\"og:description\" content=\"Gr\u00f3ttukonurnar Lilja L\u00edv Margr\u00e9tard\u00f3ttir og Lilja Dav\u00ed\u00f0sd\u00f3ttir Scheving eru \u00ed h\u00f3p sem Magn\u00fas \u00d6rn Helgason, landsli\u00f0s\u00fej\u00e1lfari U17 kvenna, valdi fyrir \u00e6fingar 17.-19. febr\u00faar.&nbsp; \u00c6fingarnar fara fram \u00ed Skessunni \u00ed Hafnarfir\u00f0i [&hellip;]\" \/>\n<meta property=\"og:url\" content=\"https:\/\/grotta.is\/en\/knattspyrnudeild\/lilja-liv-og-lilja-scheving-i-hop-u17-ara-landslidsins-2\/\" \/>\n<meta property=\"og:site_name\" content=\"\u00cd\u00fer\u00f3ttaf\u00e9lagi\u00f0 Gr\u00f3tta\" \/>\n<meta property=\"article:publisher\" content=\"https:\/\/www.facebook.com\/grottasport\" \/>\n<meta property=\"article:published_time\" content=\"2022-02-16T21:31:16+00:00\" \/>\n<meta property=\"article:modified_time\" content=\"2022-02-16T21:31:19+00:00\" \/>\n<meta property=\"og:image\" content=\"https:\/\/grotta.is\/wp-content\/uploads\/2022\/02\/5D4_7934.jpeg\" \/>\n\t<meta property=\"og:image:width\" content=\"1764\" \/>\n\t<meta property=\"og:image:height\" content=\"1260\" \/>\n\t<meta property=\"og:image:type\" content=\"image\/jpeg\" \/>\n<meta name=\"author\" content=\"J\u00f3runn M. \u00deorsteinsd\u00f3ttir\" \/>\n<meta name=\"twitter:card\" content=\"summary_large_image\" \/>\n<meta name=\"twitter:label1\" content=\"Written by\" \/>\n\t<meta name=\"twitter:data1\" content=\"J\u00f3runn M. \u00deorsteinsd\u00f3ttir\" \/>\n\t<meta name=\"twitter:label2\" content=\"Est. reading time\" \/>\n\t<meta name=\"twitter:data2\" content=\"1 minute\" \/>\n<script type=\"application\/ld+json\" class=\"yoast-schema-graph\">{\"@context\":\"https:\/\/schema.org\",\"@graph\":[{\"@type\":\"Article\",\"@id\":\"https:\/\/grotta.is\/knattspyrnudeild\/lilja-liv-og-lilja-scheving-i-hop-u17-ara-landslidsins-2\/#article\",\"isPartOf\":{\"@id\":\"https:\/\/grotta.is\/knattspyrnudeild\/lilja-liv-og-lilja-scheving-i-hop-u17-ara-landslidsins-2\/\"},\"author\":{\"name\":\"J\u00f3runn M. \u00deorsteinsd\u00f3ttir\",\"@id\":\"https:\/\/grotta.is\/#\/schema\/person\/f1fea6a85a554e8069771c3486efbd84\"},\"headline\":\"Lilja L\u00edv og Lilja Scheving \u00ed h\u00f3p U17 \u00e1ra landsli\u00f0sins\",\"datePublished\":\"2022-02-16T21:31:16+00:00\",\"dateModified\":\"2022-02-16T21:31:19+00:00\",\"mainEntityOfPage\":{\"@id\":\"https:\/\/grotta.is\/knattspyrnudeild\/lilja-liv-og-lilja-scheving-i-hop-u17-ara-landslidsins-2\/\"},\"wordCount\":87,\"publisher\":{\"@id\":\"https:\/\/grotta.is\/#organization\"},\"image\":{\"@id\":\"https:\/\/grotta.is\/knattspyrnudeild\/lilja-liv-og-lilja-scheving-i-hop-u17-ara-landslidsins-2\/#primaryimage\"},\"thumbnailUrl\":\"https:\/\/grotta.is\/wp-content\/uploads\/2022\/02\/5D4_7934.jpeg\",\"keywords\":[\"Knattspyrna\",\"Landsli\u00f0\",\"Mfl.kvk\"],\"articleSection\":[\"Knattspyrnudeild\"],\"inLanguage\":\"en-US\"},{\"@type\":\"WebPage\",\"@id\":\"https:\/\/grotta.is\/knattspyrnudeild\/lilja-liv-og-lilja-scheving-i-hop-u17-ara-landslidsins-2\/\",\"url\":\"https:\/\/grotta.is\/knattspyrnudeild\/lilja-liv-og-lilja-scheving-i-hop-u17-ara-landslidsins-2\/\",\"name\":\"Lilja L\u00edv og Lilja Scheving \u00ed h\u00f3p U17 \u00e1ra landsli\u00f0sins - \u00cd\u00fer\u00f3ttaf\u00e9lagi\u00f0 Gr\u00f3tta\",\"isPartOf\":{\"@id\":\"https:\/\/grotta.is\/#website\"},\"primaryImageOfPage\":{\"@id\":\"https:\/\/grotta.is\/knattspyrnudeild\/lilja-liv-og-lilja-scheving-i-hop-u17-ara-landslidsins-2\/#primaryimage\"},\"image\":{\"@id\":\"https:\/\/grotta.is\/knattspyrnudeild\/lilja-liv-og-lilja-scheving-i-hop-u17-ara-landslidsins-2\/#primaryimage\"},\"thumbnailUrl\":\"https:\/\/grotta.is\/wp-content\/uploads\/2022\/02\/5D4_7934.jpeg\",\"datePublished\":\"2022-02-16T21:31:16+00:00\",\"dateModified\":\"2022-02-16T21:31:19+00:00\",\"breadcrumb\":{\"@id\":\"https:\/\/grotta.is\/knattspyrnudeild\/lilja-liv-og-lilja-scheving-i-hop-u17-ara-landslidsins-2\/#breadcrumb\"},\"inLanguage\":\"en-US\",\"potentialAction\":[{\"@type\":\"ReadAction\",\"target\":[\"https:\/\/grotta.is\/knattspyrnudeild\/lilja-liv-og-lilja-scheving-i-hop-u17-ara-landslidsins-2\/\"]}]},{\"@type\":\"ImageObject\",\"inLanguage\":\"en-US\",\"@id\":\"https:\/\/grotta.is\/knattspyrnudeild\/lilja-liv-og-lilja-scheving-i-hop-u17-ara-landslidsins-2\/#primaryimage\",\"url\":\"https:\/\/grotta.is\/wp-content\/uploads\/2022\/02\/5D4_7934.jpeg\",\"contentUrl\":\"https:\/\/grotta.is\/wp-content\/uploads\/2022\/02\/5D4_7934.jpeg\",\"width\":1764,\"height\":1260},{\"@type\":\"BreadcrumbList\",\"@id\":\"https:\/\/grotta.is\/knattspyrnudeild\/lilja-liv-og-lilja-scheving-i-hop-u17-ara-landslidsins-2\/#breadcrumb\",\"itemListElement\":[{\"@type\":\"ListItem\",\"position\":1,\"name\":\"Home\",\"item\":\"https:\/\/grotta.is\/\"},{\"@type\":\"ListItem\",\"position\":2,\"name\":\"Lilja L\u00edv og Lilja Scheving \u00ed h\u00f3p U17 \u00e1ra landsli\u00f0sins\"}]},{\"@type\":\"WebSite\",\"@id\":\"https:\/\/grotta.is\/#website\",\"url\":\"https:\/\/grotta.is\/\",\"name\":\"\u00cd\u00fer\u00f3ttaf\u00e9lagi\u00f0 Gr\u00f3tta\",\"description\":\"\u00e1 Seltjarnarnesi\",\"publisher\":{\"@id\":\"https:\/\/grotta.is\/#organization\"},\"potentialAction\":[{\"@type\":\"SearchAction\",\"target\":{\"@type\":\"EntryPoint\",\"urlTemplate\":\"https:\/\/grotta.is\/?s={search_term_string}\"},\"query-input\":{\"@type\":\"PropertyValueSpecification\",\"valueRequired\":true,\"valueName\":\"search_term_string\"}}],\"inLanguage\":\"en-US\"},{\"@type\":\"Organization\",\"@id\":\"https:\/\/grotta.is\/#organization\",\"name\":\"\u00cd\u00fer\u00f3ttaf\u00e9lagi\u00f0 Gr\u00f3tta\",\"url\":\"https:\/\/grotta.is\/\",\"logo\":{\"@type\":\"ImageObject\",\"inLanguage\":\"en-US\",\"@id\":\"https:\/\/grotta.is\/#\/schema\/logo\/image\/\",\"url\":\"https:\/\/grotta.is\/wp-content\/uploads\/2020\/02\/ithrottafelagidgrotta_logo_512x512_transparent.png\",\"contentUrl\":\"https:\/\/grotta.is\/wp-content\/uploads\/2020\/02\/ithrottafelagidgrotta_logo_512x512_transparent.png\",\"width\":512,\"height\":512,\"caption\":\"\u00cd\u00fer\u00f3ttaf\u00e9lagi\u00f0 Gr\u00f3tta\"},\"image\":{\"@id\":\"https:\/\/grotta.is\/#\/schema\/logo\/image\/\"},\"sameAs\":[\"https:\/\/www.facebook.com\/grottasport\"]},{\"@type\":\"Person\",\"@id\":\"https:\/\/grotta.is\/#\/schema\/person\/f1fea6a85a554e8069771c3486efbd84\",\"name\":\"J\u00f3runn M. \u00deorsteinsd\u00f3ttir\",\"url\":\"https:\/\/grotta.is\/en\/author\/jorunn\/\"}]}<\/script>\n<!-- \/ Yoast SEO plugin. -->","yoast_head_json":{"title":"Lilja L\u00edv og Lilja Scheving \u00ed h\u00f3p U17 \u00e1ra landsli\u00f0sins - \u00cd\u00fer\u00f3ttaf\u00e9lagi\u00f0 Gr\u00f3tta","robots":{"index":"index","follow":"follow","max-snippet":"max-snippet:-1","max-image-preview":"max-image-preview:large","max-video-preview":"max-video-preview:-1"},"canonical":"https:\/\/grotta.is\/en\/knattspyrnudeild\/lilja-liv-og-lilja-scheving-i-hop-u17-ara-landslidsins-2\/","og_locale":"en_US","og_type":"article","og_title":"Lilja L\u00edv og Lilja Scheving \u00ed h\u00f3p U17 \u00e1ra landsli\u00f0sins - \u00cd\u00fer\u00f3ttaf\u00e9lagi\u00f0 Gr\u00f3tta","og_description":"Gr\u00f3ttukonurnar Lilja L\u00edv Margr\u00e9tard\u00f3ttir og Lilja Dav\u00ed\u00f0sd\u00f3ttir Scheving eru \u00ed h\u00f3p sem Magn\u00fas \u00d6rn Helgason, landsli\u00f0s\u00fej\u00e1lfari U17 kvenna, valdi fyrir \u00e6fingar 17.-19. febr\u00faar.&nbsp; \u00c6fingarnar fara fram \u00ed Skessunni \u00ed Hafnarfir\u00f0i [&hellip;]","og_url":"https:\/\/grotta.is\/en\/knattspyrnudeild\/lilja-liv-og-lilja-scheving-i-hop-u17-ara-landslidsins-2\/","og_site_name":"\u00cd\u00fer\u00f3ttaf\u00e9lagi\u00f0 Gr\u00f3tta","article_publisher":"https:\/\/www.facebook.com\/grottasport","article_published_time":"2022-02-16T21:31:16+00:00","article_modified_time":"2022-02-16T21:31:19+00:00","og_image":[{"width":1764,"height":1260,"url":"https:\/\/grotta.is\/wp-content\/uploads\/2022\/02\/5D4_7934.jpeg","type":"image\/jpeg"}],"author":"J\u00f3runn M. \u00deorsteinsd\u00f3ttir","twitter_card":"summary_large_image","twitter_misc":{"Written by":"J\u00f3runn M. \u00deorsteinsd\u00f3ttir","Est. reading time":"1 minute"},"schema":{"@context":"https:\/\/schema.org","@graph":[{"@type":"Article","@id":"https:\/\/grotta.is\/knattspyrnudeild\/lilja-liv-og-lilja-scheving-i-hop-u17-ara-landslidsins-2\/#article","isPartOf":{"@id":"https:\/\/grotta.is\/knattspyrnudeild\/lilja-liv-og-lilja-scheving-i-hop-u17-ara-landslidsins-2\/"},"author":{"name":"J\u00f3runn M. \u00deorsteinsd\u00f3ttir","@id":"https:\/\/grotta.is\/#\/schema\/person\/f1fea6a85a554e8069771c3486efbd84"},"headline":"Lilja L\u00edv og Lilja Scheving \u00ed h\u00f3p U17 \u00e1ra landsli\u00f0sins","datePublished":"2022-02-16T21:31:16+00:00","dateModified":"2022-02-16T21:31:19+00:00","mainEntityOfPage":{"@id":"https:\/\/grotta.is\/knattspyrnudeild\/lilja-liv-og-lilja-scheving-i-hop-u17-ara-landslidsins-2\/"},"wordCount":87,"publisher":{"@id":"https:\/\/grotta.is\/#organization"},"image":{"@id":"https:\/\/grotta.is\/knattspyrnudeild\/lilja-liv-og-lilja-scheving-i-hop-u17-ara-landslidsins-2\/#primaryimage"},"thumbnailUrl":"https:\/\/grotta.is\/wp-content\/uploads\/2022\/02\/5D4_7934.jpeg","keywords":["Knattspyrna","Landsli\u00f0","Mfl.kvk"],"articleSection":["Knattspyrnudeild"],"inLanguage":"en-US"},{"@type":"WebPage","@id":"https:\/\/grotta.is\/knattspyrnudeild\/lilja-liv-og-lilja-scheving-i-hop-u17-ara-landslidsins-2\/","url":"https:\/\/grotta.is\/knattspyrnudeild\/lilja-liv-og-lilja-scheving-i-hop-u17-ara-landslidsins-2\/","name":"Lilja L\u00edv og Lilja Scheving \u00ed h\u00f3p U17 \u00e1ra landsli\u00f0sins - \u00cd\u00fer\u00f3ttaf\u00e9lagi\u00f0 Gr\u00f3tta","isPartOf":{"@id":"https:\/\/grotta.is\/#website"},"primaryImageOfPage":{"@id":"https:\/\/grotta.is\/knattspyrnudeild\/lilja-liv-og-lilja-scheving-i-hop-u17-ara-landslidsins-2\/#primaryimage"},"image":{"@id":"https:\/\/grotta.is\/knattspyrnudeild\/lilja-liv-og-lilja-scheving-i-hop-u17-ara-landslidsins-2\/#primaryimage"},"thumbnailUrl":"https:\/\/grotta.is\/wp-content\/uploads\/2022\/02\/5D4_7934.jpeg","datePublished":"2022-02-16T21:31:16+00:00","dateModified":"2022-02-16T21:31:19+00:00","breadcrumb":{"@id":"https:\/\/grotta.is\/knattspyrnudeild\/lilja-liv-og-lilja-scheving-i-hop-u17-ara-landslidsins-2\/#breadcrumb"},"inLanguage":"en-US","potentialAction":[{"@type":"ReadAction","target":["https:\/\/grotta.is\/knattspyrnudeild\/lilja-liv-og-lilja-scheving-i-hop-u17-ara-landslidsins-2\/"]}]},{"@type":"ImageObject","inLanguage":"en-US","@id":"https:\/\/grotta.is\/knattspyrnudeild\/lilja-liv-og-lilja-scheving-i-hop-u17-ara-landslidsins-2\/#primaryimage","url":"https:\/\/grotta.is\/wp-content\/uploads\/2022\/02\/5D4_7934.jpeg","contentUrl":"https:\/\/grotta.is\/wp-content\/uploads\/2022\/02\/5D4_7934.jpeg","width":1764,"height":1260},{"@type":"BreadcrumbList","@id":"https:\/\/grotta.is\/knattspyrnudeild\/lilja-liv-og-lilja-scheving-i-hop-u17-ara-landslidsins-2\/#breadcrumb","itemListElement":[{"@type":"ListItem","position":1,"name":"Home","item":"https:\/\/grotta.is\/"},{"@type":"ListItem","position":2,"name":"Lilja L\u00edv og Lilja Scheving \u00ed h\u00f3p U17 \u00e1ra landsli\u00f0sins"}]},{"@type":"WebSite","@id":"https:\/\/grotta.is\/#website","url":"https:\/\/grotta.is\/","name":"\u00cd\u00fer\u00f3ttaf\u00e9lagi\u00f0 Gr\u00f3tta","description":"\u00e1 Seltjarnarnesi","publisher":{"@id":"https:\/\/grotta.is\/#organization"},"potentialAction":[{"@type":"SearchAction","target":{"@type":"EntryPoint","urlTemplate":"https:\/\/grotta.is\/?s={search_term_string}"},"query-input":{"@type":"PropertyValueSpecification","valueRequired":true,"valueName":"search_term_string"}}],"inLanguage":"en-US"},{"@type":"Organization","@id":"https:\/\/grotta.is\/#organization","name":"\u00cd\u00fer\u00f3ttaf\u00e9lagi\u00f0 Gr\u00f3tta","url":"https:\/\/grotta.is\/","logo":{"@type":"ImageObject","inLanguage":"en-US","@id":"https:\/\/grotta.is\/#\/schema\/logo\/image\/","url":"https:\/\/grotta.is\/wp-content\/uploads\/2020\/02\/ithrottafelagidgrotta_logo_512x512_transparent.png","contentUrl":"https:\/\/grotta.is\/wp-content\/uploads\/2020\/02\/ithrottafelagidgrotta_logo_512x512_transparent.png","width":512,"height":512,"caption":"\u00cd\u00fer\u00f3ttaf\u00e9lagi\u00f0 Gr\u00f3tta"},"image":{"@id":"https:\/\/grotta.is\/#\/schema\/logo\/image\/"},"sameAs":["https:\/\/www.facebook.com\/grottasport"]},{"@type":"Person","@id":"https:\/\/grotta.is\/#\/schema\/person\/f1fea6a85a554e8069771c3486efbd84","name":"J\u00f3runn M. \u00deorsteinsd\u00f3ttir","url":"https:\/\/grotta.is\/en\/author\/jorunn\/"}]}},"_links":{"self":[{"href":"https:\/\/grotta.is\/en\/wp-json\/wp\/v2\/posts\/369637","targetHints":{"allow":["GET"]}}],"collection":[{"href":"https:\/\/grotta.is\/en\/wp-json\/wp\/v2\/posts"}],"about":[{"href":"https:\/\/grotta.is\/en\/wp-json\/wp\/v2\/types\/post"}],"author":[{"embeddable":true,"href":"https:\/\/grotta.is\/en\/wp-json\/wp\/v2\/users\/4"}],"replies":[{"embeddable":true,"href":"https:\/\/grotta.is\/en\/wp-json\/wp\/v2\/comments?post=369637"}],"version-history":[{"count":1,"href":"https:\/\/grotta.is\/en\/wp-json\/wp\/v2\/posts\/369637\/revisions"}],"predecessor-version":[{"id":369639,"href":"https:\/\/grotta.is\/en\/wp-json\/wp\/v2\/posts\/369637\/revisions\/369639"}],"wp:featuredmedia":[{"embeddable":true,"href":"https:\/\/grotta.is\/en\/wp-json\/wp\/v2\/media\/369638"}],"wp:attachment":[{"href":"https:\/\/grotta.is\/en\/wp-json\/wp\/v2\/media?parent=369637"}],"wp:term":[{"taxonomy":"category","embeddable":true,"href":"https:\/\/grotta.is\/en\/wp-json\/wp\/v2\/categories?post=369637"},{"taxonomy":"post_tag","embeddable":true,"href":"https:\/\/grotta.is\/en\/wp-json\/wp\/v2\/tags?post=369637"}],"curies":[{"name":"wp","href":"https:\/\/api.w.org\/{rel}","templated":true}]}}