{"id":369627,"date":"2022-02-15T15:39:57","date_gmt":"2022-02-15T15:39:57","guid":{"rendered":"https:\/\/grotta.is\/?p=369627"},"modified":"2022-02-15T15:40:02","modified_gmt":"2022-02-15T15:40:02","slug":"viltu-gerast-sjalfbodalidi-hja-grottu","status":"publish","type":"post","link":"https:\/\/grotta.is\/en\/almennt\/viltu-gerast-sjalfbodalidi-hja-grottu\/","title":{"rendered":"Viltu gerast sj\u00e1lfbo\u00f0ali\u00f0i hj\u00e1 Gr\u00f3ttu"},"content":{"rendered":"<p>F\u00e9lag eins og Gr\u00f3tta er rekin meira og minna af sj\u00e1lfbo\u00f0ali\u00f0um og verja sj\u00e1lfbo\u00f0ali\u00f0ar drj\u00fagum hluta af t\u00edma s\u00ednum til a\u00f0 l\u00e1ta gott af s\u00e9r lei\u00f0a \u00ed \u00fe\u00e1gu f\u00e9lagsins s\u00edns. Fyrir \u00fea\u00f0 erum vi\u00f0 gr\u00ed\u00f0arlega \u00feakkl\u00e1t \u00e1n ykkar v\u00e6ri Gr\u00f3tta ekki til. Tilfinningin a\u00f0 l\u00e1ta gott af s\u00e9r lei\u00f0a er g\u00f3\u00f0 og \u00fea\u00f0 er gefandi a\u00f0 vera hluti af \u00fev\u00ed a\u00f0 halda starfsemi f\u00e9lagsins gangandi.<\/p><p>Margar hendur vinna l\u00e9tt verk heyrist oft. Vi\u00f0 erum \u00fev\u00ed alltaf a\u00f0 leita a\u00f0 fleiri einstaklingum til a\u00f0 koma a\u00f0 sj\u00e1lfbo\u00f0ali\u00f0ast\u00f6rfum hj\u00e1 Gr\u00f3ttu. \u00dea\u00f0 er undir hverjum og einum komi\u00f0 hversu st\u00f3rt hlutverk menn velja s\u00e9r.&nbsp;<\/p><p>\u00c1 me\u00f0fylgjandi google forms skjali m\u00e1 finna ey\u00f0ubla\u00f0 me\u00f0 frekari uppl\u00fdsingum um hva\u00f0a sj\u00e1lfbo\u00f0ali\u00f0ast\u00f6rf eru \u00ed bo\u00f0i. Allt fr\u00e1 stj\u00f3rnarst\u00f6rfum til pr\u00f3farkalesturs og allt \u00fear \u00e1 milli. Athugi\u00f0 a\u00f0 listinn er langt fr\u00e1 \u00fev\u00ed a\u00f0 vera t\u00e6mandi. <br>Hefur \u00fe\u00fa \u00e1huga \u00e1 a\u00f0 b\u00e6tast \u00ed h\u00f3pinn?\u00a0<\/p><p><a href=\"https:\/\/docs.google.com\/forms\/d\/e\/1FAIpQLScW78iDKlvoEL8WuH4K_M65af1wQAWtijKq3FWJrSGk9SFzxQ\/viewform?usp=sf_link\">https:\/\/docs.google.com\/forms\/d\/e\/1FAIpQLScW78iDKlvoEL8WuH4K_M65af1wQAWtijKq3FWJrSGk9SFzxQ\/viewform?usp=sf_link<\/a><\/p><figure class=\"wp-block-image size-large\"><img fetchpriority=\"high\" decoding=\"async\" width=\"1024\" height=\"682\" src=\"https:\/\/grotta.is\/wp-content\/uploads\/2022\/02\/5D4_0767-1024x682.jpg\" alt=\"\" class=\"wp-image-369629\" srcset=\"https:\/\/grotta.is\/wp-content\/uploads\/2022\/02\/5D4_0767-1024x682.jpg 1024w, https:\/\/grotta.is\/wp-content\/uploads\/2022\/02\/5D4_0767-300x200.jpg 300w, https:\/\/grotta.is\/wp-content\/uploads\/2022\/02\/5D4_0767-768x511.jpg 768w, https:\/\/grotta.is\/wp-content\/uploads\/2022\/02\/5D4_0767-1536x1023.jpg 1536w, https:\/\/grotta.is\/wp-content\/uploads\/2022\/02\/5D4_0767-2048x1364.jpg 2048w, https:\/\/grotta.is\/wp-content\/uploads\/2022\/02\/5D4_0767-18x12.jpg 18w, https:\/\/grotta.is\/wp-content\/uploads\/2022\/02\/5D4_0767-600x400.jpg 600w\" sizes=\"(max-width: 1024px) 100vw, 1024px\" \/><\/figure>","protected":false},"excerpt":{"rendered":"<p>F\u00e9lag eins og Gr\u00f3tta er rekin meira og minna af sj\u00e1lfbo\u00f0ali\u00f0um og verja sj\u00e1lfbo\u00f0ali\u00f0ar drj\u00fagum hluta af t\u00edma s\u00ednum til a\u00f0 l\u00e1ta gott af s\u00e9r lei\u00f0a \u00ed \u00fe\u00e1gu f\u00e9lagsins s\u00edns. [&hellip;]<\/p>","protected":false},"author":2,"featured_media":369626,"comment_status":"closed","ping_status":"closed","sticky":false,"template":"","format":"standard","meta":{"footnotes":""},"categories":[4,9,12,7],"tags":[],"class_list":["post-369627","post","type-post","status-publish","format-standard","has-post-thumbnail","hentry","category-almennt","category-fimleikadeild","category-handknattleiksdeild","category-knattspyrnudeild"],"yoast_head":"<!-- This site is optimized with the Yoast SEO plugin v24.3 - https:\/\/yoast.com\/wordpress\/plugins\/seo\/ -->\n<title>Viltu gerast sj\u00e1lfbo\u00f0ali\u00f0i hj\u00e1 Gr\u00f3ttu - \u00cd\u00fer\u00f3ttaf\u00e9lagi\u00f0 Gr\u00f3tta<\/title>\n<meta name=\"robots\" content=\"index, follow, max-snippet:-1, max-image-preview:large, max-video-preview:-1\" \/>\n<link rel=\"canonical\" href=\"https:\/\/grotta.is\/en\/almennt\/viltu-gerast-sjalfbodalidi-hja-grottu\/\" \/>\n<meta property=\"og:locale\" content=\"en_US\" \/>\n<meta property=\"og:type\" content=\"article\" \/>\n<meta property=\"og:title\" content=\"Viltu gerast sj\u00e1lfbo\u00f0ali\u00f0i hj\u00e1 Gr\u00f3ttu - \u00cd\u00fer\u00f3ttaf\u00e9lagi\u00f0 Gr\u00f3tta\" \/>\n<meta property=\"og:description\" content=\"F\u00e9lag eins og Gr\u00f3tta er rekin meira og minna af sj\u00e1lfbo\u00f0ali\u00f0um og verja sj\u00e1lfbo\u00f0ali\u00f0ar drj\u00fagum hluta af t\u00edma s\u00ednum til a\u00f0 l\u00e1ta gott af s\u00e9r lei\u00f0a \u00ed \u00fe\u00e1gu f\u00e9lagsins s\u00edns. [&hellip;]\" \/>\n<meta property=\"og:url\" content=\"https:\/\/grotta.is\/en\/almennt\/viltu-gerast-sjalfbodalidi-hja-grottu\/\" \/>\n<meta property=\"og:site_name\" content=\"\u00cd\u00fer\u00f3ttaf\u00e9lagi\u00f0 Gr\u00f3tta\" \/>\n<meta property=\"article:publisher\" content=\"https:\/\/www.facebook.com\/grottasport\" \/>\n<meta property=\"article:published_time\" content=\"2022-02-15T15:39:57+00:00\" \/>\n<meta property=\"article:modified_time\" content=\"2022-02-15T15:40:02+00:00\" \/>\n<meta property=\"og:image\" content=\"https:\/\/grotta.is\/wp-content\/uploads\/2022\/02\/sjalfbodalidar.mynd_.jpg\" \/>\n\t<meta property=\"og:image:width\" content=\"1491\" \/>\n\t<meta property=\"og:image:height\" content=\"962\" \/>\n\t<meta property=\"og:image:type\" content=\"image\/jpeg\" \/>\n<meta name=\"author\" content=\"Grotta\" \/>\n<meta name=\"twitter:card\" content=\"summary_large_image\" \/>\n<meta name=\"twitter:label1\" content=\"Written by\" \/>\n\t<meta name=\"twitter:data1\" content=\"Grotta\" \/>\n\t<meta name=\"twitter:label2\" content=\"Est. reading time\" \/>\n\t<meta name=\"twitter:data2\" content=\"2 minutes\" \/>\n<script type=\"application\/ld+json\" class=\"yoast-schema-graph\">{\"@context\":\"https:\/\/schema.org\",\"@graph\":[{\"@type\":\"Article\",\"@id\":\"https:\/\/grotta.is\/almennt\/viltu-gerast-sjalfbodalidi-hja-grottu\/#article\",\"isPartOf\":{\"@id\":\"https:\/\/grotta.is\/almennt\/viltu-gerast-sjalfbodalidi-hja-grottu\/\"},\"author\":{\"name\":\"Grotta\",\"@id\":\"https:\/\/grotta.is\/#\/schema\/person\/08ec57bf09ee925f1b6a01540c14a5ce\"},\"headline\":\"Viltu gerast sj\u00e1lfbo\u00f0ali\u00f0i hj\u00e1 Gr\u00f3ttu\",\"datePublished\":\"2022-02-15T15:39:57+00:00\",\"dateModified\":\"2022-02-15T15:40:02+00:00\",\"mainEntityOfPage\":{\"@id\":\"https:\/\/grotta.is\/almennt\/viltu-gerast-sjalfbodalidi-hja-grottu\/\"},\"wordCount\":216,\"publisher\":{\"@id\":\"https:\/\/grotta.is\/#organization\"},\"image\":{\"@id\":\"https:\/\/grotta.is\/almennt\/viltu-gerast-sjalfbodalidi-hja-grottu\/#primaryimage\"},\"thumbnailUrl\":\"https:\/\/grotta.is\/wp-content\/uploads\/2022\/02\/sjalfbodalidar.mynd_.jpg\",\"articleSection\":[\"Almennt\",\"Fimleikadeild\",\"Handknattleiksdeild\",\"Knattspyrnudeild\"],\"inLanguage\":\"en-US\"},{\"@type\":\"WebPage\",\"@id\":\"https:\/\/grotta.is\/almennt\/viltu-gerast-sjalfbodalidi-hja-grottu\/\",\"url\":\"https:\/\/grotta.is\/almennt\/viltu-gerast-sjalfbodalidi-hja-grottu\/\",\"name\":\"Viltu gerast sj\u00e1lfbo\u00f0ali\u00f0i hj\u00e1 Gr\u00f3ttu - \u00cd\u00fer\u00f3ttaf\u00e9lagi\u00f0 Gr\u00f3tta\",\"isPartOf\":{\"@id\":\"https:\/\/grotta.is\/#website\"},\"primaryImageOfPage\":{\"@id\":\"https:\/\/grotta.is\/almennt\/viltu-gerast-sjalfbodalidi-hja-grottu\/#primaryimage\"},\"image\":{\"@id\":\"https:\/\/grotta.is\/almennt\/viltu-gerast-sjalfbodalidi-hja-grottu\/#primaryimage\"},\"thumbnailUrl\":\"https:\/\/grotta.is\/wp-content\/uploads\/2022\/02\/sjalfbodalidar.mynd_.jpg\",\"datePublished\":\"2022-02-15T15:39:57+00:00\",\"dateModified\":\"2022-02-15T15:40:02+00:00\",\"breadcrumb\":{\"@id\":\"https:\/\/grotta.is\/almennt\/viltu-gerast-sjalfbodalidi-hja-grottu\/#breadcrumb\"},\"inLanguage\":\"en-US\",\"potentialAction\":[{\"@type\":\"ReadAction\",\"target\":[\"https:\/\/grotta.is\/almennt\/viltu-gerast-sjalfbodalidi-hja-grottu\/\"]}]},{\"@type\":\"ImageObject\",\"inLanguage\":\"en-US\",\"@id\":\"https:\/\/grotta.is\/almennt\/viltu-gerast-sjalfbodalidi-hja-grottu\/#primaryimage\",\"url\":\"https:\/\/grotta.is\/wp-content\/uploads\/2022\/02\/sjalfbodalidar.mynd_.jpg\",\"contentUrl\":\"https:\/\/grotta.is\/wp-content\/uploads\/2022\/02\/sjalfbodalidar.mynd_.jpg\",\"width\":1491,\"height\":962},{\"@type\":\"BreadcrumbList\",\"@id\":\"https:\/\/grotta.is\/almennt\/viltu-gerast-sjalfbodalidi-hja-grottu\/#breadcrumb\",\"itemListElement\":[{\"@type\":\"ListItem\",\"position\":1,\"name\":\"Home\",\"item\":\"https:\/\/grotta.is\/\"},{\"@type\":\"ListItem\",\"position\":2,\"name\":\"Viltu gerast sj\u00e1lfbo\u00f0ali\u00f0i hj\u00e1 Gr\u00f3ttu\"}]},{\"@type\":\"WebSite\",\"@id\":\"https:\/\/grotta.is\/#website\",\"url\":\"https:\/\/grotta.is\/\",\"name\":\"\u00cd\u00fer\u00f3ttaf\u00e9lagi\u00f0 Gr\u00f3tta\",\"description\":\"\u00e1 Seltjarnarnesi\",\"publisher\":{\"@id\":\"https:\/\/grotta.is\/#organization\"},\"potentialAction\":[{\"@type\":\"SearchAction\",\"target\":{\"@type\":\"EntryPoint\",\"urlTemplate\":\"https:\/\/grotta.is\/?s={search_term_string}\"},\"query-input\":{\"@type\":\"PropertyValueSpecification\",\"valueRequired\":true,\"valueName\":\"search_term_string\"}}],\"inLanguage\":\"en-US\"},{\"@type\":\"Organization\",\"@id\":\"https:\/\/grotta.is\/#organization\",\"name\":\"\u00cd\u00fer\u00f3ttaf\u00e9lagi\u00f0 Gr\u00f3tta\",\"url\":\"https:\/\/grotta.is\/\",\"logo\":{\"@type\":\"ImageObject\",\"inLanguage\":\"en-US\",\"@id\":\"https:\/\/grotta.is\/#\/schema\/logo\/image\/\",\"url\":\"https:\/\/grotta.is\/wp-content\/uploads\/2020\/02\/ithrottafelagidgrotta_logo_512x512_transparent.png\",\"contentUrl\":\"https:\/\/grotta.is\/wp-content\/uploads\/2020\/02\/ithrottafelagidgrotta_logo_512x512_transparent.png\",\"width\":512,\"height\":512,\"caption\":\"\u00cd\u00fer\u00f3ttaf\u00e9lagi\u00f0 Gr\u00f3tta\"},\"image\":{\"@id\":\"https:\/\/grotta.is\/#\/schema\/logo\/image\/\"},\"sameAs\":[\"https:\/\/www.facebook.com\/grottasport\"]},{\"@type\":\"Person\",\"@id\":\"https:\/\/grotta.is\/#\/schema\/person\/08ec57bf09ee925f1b6a01540c14a5ce\",\"name\":\"Grotta\",\"url\":\"https:\/\/grotta.is\/en\/author\/inga\/\"}]}<\/script>\n<!-- \/ Yoast SEO plugin. -->","yoast_head_json":{"title":"Viltu gerast sj\u00e1lfbo\u00f0ali\u00f0i hj\u00e1 Gr\u00f3ttu - \u00cd\u00fer\u00f3ttaf\u00e9lagi\u00f0 Gr\u00f3tta","robots":{"index":"index","follow":"follow","max-snippet":"max-snippet:-1","max-image-preview":"max-image-preview:large","max-video-preview":"max-video-preview:-1"},"canonical":"https:\/\/grotta.is\/en\/almennt\/viltu-gerast-sjalfbodalidi-hja-grottu\/","og_locale":"en_US","og_type":"article","og_title":"Viltu gerast sj\u00e1lfbo\u00f0ali\u00f0i hj\u00e1 Gr\u00f3ttu - \u00cd\u00fer\u00f3ttaf\u00e9lagi\u00f0 Gr\u00f3tta","og_description":"F\u00e9lag eins og Gr\u00f3tta er rekin meira og minna af sj\u00e1lfbo\u00f0ali\u00f0um og verja sj\u00e1lfbo\u00f0ali\u00f0ar drj\u00fagum hluta af t\u00edma s\u00ednum til a\u00f0 l\u00e1ta gott af s\u00e9r lei\u00f0a \u00ed \u00fe\u00e1gu f\u00e9lagsins s\u00edns. [&hellip;]","og_url":"https:\/\/grotta.is\/en\/almennt\/viltu-gerast-sjalfbodalidi-hja-grottu\/","og_site_name":"\u00cd\u00fer\u00f3ttaf\u00e9lagi\u00f0 Gr\u00f3tta","article_publisher":"https:\/\/www.facebook.com\/grottasport","article_published_time":"2022-02-15T15:39:57+00:00","article_modified_time":"2022-02-15T15:40:02+00:00","og_image":[{"width":1491,"height":962,"url":"https:\/\/grotta.is\/wp-content\/uploads\/2022\/02\/sjalfbodalidar.mynd_.jpg","type":"image\/jpeg"}],"author":"Grotta","twitter_card":"summary_large_image","twitter_misc":{"Written by":"Grotta","Est. reading time":"2 minutes"},"schema":{"@context":"https:\/\/schema.org","@graph":[{"@type":"Article","@id":"https:\/\/grotta.is\/almennt\/viltu-gerast-sjalfbodalidi-hja-grottu\/#article","isPartOf":{"@id":"https:\/\/grotta.is\/almennt\/viltu-gerast-sjalfbodalidi-hja-grottu\/"},"author":{"name":"Grotta","@id":"https:\/\/grotta.is\/#\/schema\/person\/08ec57bf09ee925f1b6a01540c14a5ce"},"headline":"Viltu gerast sj\u00e1lfbo\u00f0ali\u00f0i hj\u00e1 Gr\u00f3ttu","datePublished":"2022-02-15T15:39:57+00:00","dateModified":"2022-02-15T15:40:02+00:00","mainEntityOfPage":{"@id":"https:\/\/grotta.is\/almennt\/viltu-gerast-sjalfbodalidi-hja-grottu\/"},"wordCount":216,"publisher":{"@id":"https:\/\/grotta.is\/#organization"},"image":{"@id":"https:\/\/grotta.is\/almennt\/viltu-gerast-sjalfbodalidi-hja-grottu\/#primaryimage"},"thumbnailUrl":"https:\/\/grotta.is\/wp-content\/uploads\/2022\/02\/sjalfbodalidar.mynd_.jpg","articleSection":["Almennt","Fimleikadeild","Handknattleiksdeild","Knattspyrnudeild"],"inLanguage":"en-US"},{"@type":"WebPage","@id":"https:\/\/grotta.is\/almennt\/viltu-gerast-sjalfbodalidi-hja-grottu\/","url":"https:\/\/grotta.is\/almennt\/viltu-gerast-sjalfbodalidi-hja-grottu\/","name":"Viltu gerast sj\u00e1lfbo\u00f0ali\u00f0i hj\u00e1 Gr\u00f3ttu - \u00cd\u00fer\u00f3ttaf\u00e9lagi\u00f0 Gr\u00f3tta","isPartOf":{"@id":"https:\/\/grotta.is\/#website"},"primaryImageOfPage":{"@id":"https:\/\/grotta.is\/almennt\/viltu-gerast-sjalfbodalidi-hja-grottu\/#primaryimage"},"image":{"@id":"https:\/\/grotta.is\/almennt\/viltu-gerast-sjalfbodalidi-hja-grottu\/#primaryimage"},"thumbnailUrl":"https:\/\/grotta.is\/wp-content\/uploads\/2022\/02\/sjalfbodalidar.mynd_.jpg","datePublished":"2022-02-15T15:39:57+00:00","dateModified":"2022-02-15T15:40:02+00:00","breadcrumb":{"@id":"https:\/\/grotta.is\/almennt\/viltu-gerast-sjalfbodalidi-hja-grottu\/#breadcrumb"},"inLanguage":"en-US","potentialAction":[{"@type":"ReadAction","target":["https:\/\/grotta.is\/almennt\/viltu-gerast-sjalfbodalidi-hja-grottu\/"]}]},{"@type":"ImageObject","inLanguage":"en-US","@id":"https:\/\/grotta.is\/almennt\/viltu-gerast-sjalfbodalidi-hja-grottu\/#primaryimage","url":"https:\/\/grotta.is\/wp-content\/uploads\/2022\/02\/sjalfbodalidar.mynd_.jpg","contentUrl":"https:\/\/grotta.is\/wp-content\/uploads\/2022\/02\/sjalfbodalidar.mynd_.jpg","width":1491,"height":962},{"@type":"BreadcrumbList","@id":"https:\/\/grotta.is\/almennt\/viltu-gerast-sjalfbodalidi-hja-grottu\/#breadcrumb","itemListElement":[{"@type":"ListItem","position":1,"name":"Home","item":"https:\/\/grotta.is\/"},{"@type":"ListItem","position":2,"name":"Viltu gerast sj\u00e1lfbo\u00f0ali\u00f0i hj\u00e1 Gr\u00f3ttu"}]},{"@type":"WebSite","@id":"https:\/\/grotta.is\/#website","url":"https:\/\/grotta.is\/","name":"\u00cd\u00fer\u00f3ttaf\u00e9lagi\u00f0 Gr\u00f3tta","description":"\u00e1 Seltjarnarnesi","publisher":{"@id":"https:\/\/grotta.is\/#organization"},"potentialAction":[{"@type":"SearchAction","target":{"@type":"EntryPoint","urlTemplate":"https:\/\/grotta.is\/?s={search_term_string}"},"query-input":{"@type":"PropertyValueSpecification","valueRequired":true,"valueName":"search_term_string"}}],"inLanguage":"en-US"},{"@type":"Organization","@id":"https:\/\/grotta.is\/#organization","name":"\u00cd\u00fer\u00f3ttaf\u00e9lagi\u00f0 Gr\u00f3tta","url":"https:\/\/grotta.is\/","logo":{"@type":"ImageObject","inLanguage":"en-US","@id":"https:\/\/grotta.is\/#\/schema\/logo\/image\/","url":"https:\/\/grotta.is\/wp-content\/uploads\/2020\/02\/ithrottafelagidgrotta_logo_512x512_transparent.png","contentUrl":"https:\/\/grotta.is\/wp-content\/uploads\/2020\/02\/ithrottafelagidgrotta_logo_512x512_transparent.png","width":512,"height":512,"caption":"\u00cd\u00fer\u00f3ttaf\u00e9lagi\u00f0 Gr\u00f3tta"},"image":{"@id":"https:\/\/grotta.is\/#\/schema\/logo\/image\/"},"sameAs":["https:\/\/www.facebook.com\/grottasport"]},{"@type":"Person","@id":"https:\/\/grotta.is\/#\/schema\/person\/08ec57bf09ee925f1b6a01540c14a5ce","name":"Grotta","url":"https:\/\/grotta.is\/en\/author\/inga\/"}]}},"_links":{"self":[{"href":"https:\/\/grotta.is\/en\/wp-json\/wp\/v2\/posts\/369627","targetHints":{"allow":["GET"]}}],"collection":[{"href":"https:\/\/grotta.is\/en\/wp-json\/wp\/v2\/posts"}],"about":[{"href":"https:\/\/grotta.is\/en\/wp-json\/wp\/v2\/types\/post"}],"author":[{"embeddable":true,"href":"https:\/\/grotta.is\/en\/wp-json\/wp\/v2\/users\/2"}],"replies":[{"embeddable":true,"href":"https:\/\/grotta.is\/en\/wp-json\/wp\/v2\/comments?post=369627"}],"version-history":[{"count":1,"href":"https:\/\/grotta.is\/en\/wp-json\/wp\/v2\/posts\/369627\/revisions"}],"predecessor-version":[{"id":369630,"href":"https:\/\/grotta.is\/en\/wp-json\/wp\/v2\/posts\/369627\/revisions\/369630"}],"wp:featuredmedia":[{"embeddable":true,"href":"https:\/\/grotta.is\/en\/wp-json\/wp\/v2\/media\/369626"}],"wp:attachment":[{"href":"https:\/\/grotta.is\/en\/wp-json\/wp\/v2\/media?parent=369627"}],"wp:term":[{"taxonomy":"category","embeddable":true,"href":"https:\/\/grotta.is\/en\/wp-json\/wp\/v2\/categories?post=369627"},{"taxonomy":"post_tag","embeddable":true,"href":"https:\/\/grotta.is\/en\/wp-json\/wp\/v2\/tags?post=369627"}],"curies":[{"name":"wp","href":"https:\/\/api.w.org\/{rel}","templated":true}]}}