{"id":368451,"date":"2022-02-01T17:44:34","date_gmt":"2022-02-01T17:44:34","guid":{"rendered":"https:\/\/grotta.is\/?p=368451"},"modified":"2022-02-01T17:45:13","modified_gmt":"2022-02-01T17:45:13","slug":"emelia-til-kristianstad","status":"publish","type":"post","link":"https:\/\/grotta.is\/en\/knattspyrnudeild\/emelia-til-kristianstad\/","title":{"rendered":"Emel\u00eda til Kristianstad"},"content":{"rendered":"<p>\u00cd s\u00ed\u00f0asta m\u00e1nu\u00f0i var tilkynnt a\u00f0 hin 15 \u00e1ra gamla Emel\u00eda\u00a0\u00d3skarsd\u00f3ttir hef\u00f0i gert 3 \u00e1ra samning vi\u00f0 s\u00e6nska \u00farvalsdeildarf\u00e9lagi\u00f0 Kristianstads DFF, sem tekur gildi \u00ed mars n\u00e6stkomandi \u00e1 16 \u00e1ra afm\u00e6li\u00a0Emel\u00edu. \u00deetta eru fr\u00e1b\u00e6r t\u00ed\u00f0indi og mikil vi\u00f0urkenning fyrir Emel\u00edu en Kristianstad hefur \u00e1 s\u00ed\u00f0ustu \u00e1rum veri\u00f0 eitt allra best li\u00f0 Sv\u00ed\u00fej\u00f3\u00f0ar. S\u00ed\u00f0ustu tv\u00e6r leikt\u00ed\u00f0ir hefur Kristianstads enda\u00f0 \u00ed 3. s\u00e6ti s\u00e6nsku deildarinnar og mun \u00fev\u00ed \u00ed anna\u00f0 sinn leika \u00ed Meistaradeild Evr\u00f3pu \u00e1 komandi keppnist\u00edmabili.\u00a0<\/p><p>Emel\u00eda&nbsp;h\u00f3f knattspyrnuferil sinn \u00ed 8. flokki Gr\u00f3ttu og l\u00e9k upp yngri flokkana me\u00f0 Gr\u00f3ttu og Gr\u00f3ttu\/KR. H\u00fan kom inn \u00ed meistaraflokksli\u00f0&nbsp;Gr\u00f3ttu \u00ed Lengjudeildinni&nbsp;sumari\u00f0 2020, \u00fe\u00e1 a\u00f0eins 14 \u00e1ra g\u00f6mul, og skora\u00f0i 1 mark \u00ed 13 leikjum. S\u00ed\u00f0asta sumar fluttist h\u00fan til Danmerkur og spila\u00f0i me\u00f0 unglingali\u00f0um&nbsp;BSF \u00fear sem frammista\u00f0a hennar vakti athygli Kristianstad og fleiri st\u00f3rli\u00f0a. Emel\u00eda&nbsp;hefur leiki\u00f0 5 leiki me\u00f0 yngri landsli\u00f0um \u00cdslands og skora\u00f0 eitt mark.&nbsp;<\/p><p>El\u00edsabet Gunnarsd\u00f3ttir er \u00fej\u00e1lfari Kristianstad en h\u00fan sag\u00f0i \u00ed vi\u00f0tali \u00ed s\u00e6nskum fj\u00f6lmi\u00f0lum a\u00f0 Emel\u00eda&nbsp;v\u00e6ri mj\u00f6g spennandi framherji og h\u00fan fagna\u00f0i \u00fev\u00ed a\u00f0 hafa fengi\u00f0 hana til li\u00f0s vi\u00f0 f\u00e9lagi\u00f0. Amanda Andrad\u00f3ttir gekk n\u00fdveri\u00f0 til li\u00f0s vi\u00f0 Kristianstad en \u00e1 s\u00ed\u00f0ustu leikt\u00ed\u00f0 l\u00e9ku Sveind\u00eds Jane J\u00f3nsd\u00f3ttir og Sif Atlad\u00f3ttir me\u00f0 li\u00f0inu.&nbsp;<\/p><p>Emel\u00eda kva\u00f0st vera spennt fyrir komandi t\u00edmum: \u201e\u00deetta er rosalega spennandi t\u00e6kif\u00e6ri og \u00e9g er mj\u00f6g spennt a\u00f0 takast \u00e1 vi\u00f0 \u00feetta verkefni \u00ed Sv\u00ed\u00fej\u00f3\u00f0.\u201c<\/p><p>Knattspyrnudeild Gr\u00f3ttu \u00f3skar Emel\u00edu og fj\u00f6lskyldu hennar til hamingju me\u00f0 \u00feennan \u00e1fanga og hlakkar til a\u00f0 fylgjast me\u00f0 \u00e6vint\u00fdrum hennar \u00ed Sv\u00ed\u00fej\u00f3\u00f0.<\/p><figure class=\"wp-block-image\"><img decoding=\"async\" src=\"blob:https:\/\/grotta.is\/f0249da2-a1c3-4cb3-a3d0-8fd347c419b9\" alt=\"\"\/><\/figure><p><\/p>","protected":false},"excerpt":{"rendered":"<p>\u00cd s\u00ed\u00f0asta m\u00e1nu\u00f0i var tilkynnt a\u00f0 hin 15 \u00e1ra gamla Emel\u00eda\u00a0\u00d3skarsd\u00f3ttir hef\u00f0i gert 3 \u00e1ra samning vi\u00f0 s\u00e6nska \u00farvalsdeildarf\u00e9lagi\u00f0 Kristianstads DFF, sem tekur gildi \u00ed mars n\u00e6stkomandi \u00e1 16 \u00e1ra [&hellip;]<\/p>","protected":false},"author":4,"featured_media":368453,"comment_status":"closed","ping_status":"closed","sticky":false,"template":"","format":"standard","meta":{"footnotes":""},"categories":[7],"tags":[],"class_list":["post-368451","post","type-post","status-publish","format-standard","has-post-thumbnail","hentry","category-knattspyrnudeild"],"yoast_head":"<!-- This site is optimized with the Yoast SEO plugin v24.3 - https:\/\/yoast.com\/wordpress\/plugins\/seo\/ -->\n<title>Emel\u00eda til Kristianstad - \u00cd\u00fer\u00f3ttaf\u00e9lagi\u00f0 Gr\u00f3tta<\/title>\n<meta name=\"robots\" content=\"index, follow, max-snippet:-1, max-image-preview:large, max-video-preview:-1\" \/>\n<link rel=\"canonical\" href=\"https:\/\/grotta.is\/en\/knattspyrnudeild\/emelia-til-kristianstad\/\" \/>\n<meta property=\"og:locale\" content=\"en_US\" \/>\n<meta property=\"og:type\" content=\"article\" \/>\n<meta property=\"og:title\" content=\"Emel\u00eda til Kristianstad - \u00cd\u00fer\u00f3ttaf\u00e9lagi\u00f0 Gr\u00f3tta\" \/>\n<meta property=\"og:description\" content=\"\u00cd s\u00ed\u00f0asta m\u00e1nu\u00f0i var tilkynnt a\u00f0 hin 15 \u00e1ra gamla Emel\u00eda\u00a0\u00d3skarsd\u00f3ttir hef\u00f0i gert 3 \u00e1ra samning vi\u00f0 s\u00e6nska \u00farvalsdeildarf\u00e9lagi\u00f0 Kristianstads DFF, sem tekur gildi \u00ed mars n\u00e6stkomandi \u00e1 16 \u00e1ra [&hellip;]\" \/>\n<meta property=\"og:url\" content=\"https:\/\/grotta.is\/en\/knattspyrnudeild\/emelia-til-kristianstad\/\" \/>\n<meta property=\"og:site_name\" content=\"\u00cd\u00fer\u00f3ttaf\u00e9lagi\u00f0 Gr\u00f3tta\" \/>\n<meta property=\"article:publisher\" content=\"https:\/\/www.facebook.com\/grottasport\" \/>\n<meta property=\"article:published_time\" content=\"2022-02-01T17:44:34+00:00\" \/>\n<meta property=\"article:modified_time\" content=\"2022-02-01T17:45:13+00:00\" \/>\n<meta property=\"og:image\" content=\"https:\/\/grotta.is\/wp-content\/uploads\/2022\/02\/Emelia2016-scaled.jpeg\" \/>\n\t<meta property=\"og:image:width\" content=\"2560\" \/>\n\t<meta property=\"og:image:height\" content=\"1538\" \/>\n\t<meta property=\"og:image:type\" content=\"image\/jpeg\" \/>\n<meta name=\"author\" content=\"J\u00f3runn M. \u00deorsteinsd\u00f3ttir\" \/>\n<meta name=\"twitter:card\" content=\"summary_large_image\" \/>\n<meta name=\"twitter:label1\" content=\"Written by\" \/>\n\t<meta name=\"twitter:data1\" content=\"J\u00f3runn M. \u00deorsteinsd\u00f3ttir\" \/>\n\t<meta name=\"twitter:label2\" content=\"Est. reading time\" \/>\n\t<meta name=\"twitter:data2\" content=\"2 minutes\" \/>\n<script type=\"application\/ld+json\" class=\"yoast-schema-graph\">{\"@context\":\"https:\/\/schema.org\",\"@graph\":[{\"@type\":\"Article\",\"@id\":\"https:\/\/grotta.is\/knattspyrnudeild\/emelia-til-kristianstad\/#article\",\"isPartOf\":{\"@id\":\"https:\/\/grotta.is\/knattspyrnudeild\/emelia-til-kristianstad\/\"},\"author\":{\"name\":\"J\u00f3runn M. \u00deorsteinsd\u00f3ttir\",\"@id\":\"https:\/\/grotta.is\/#\/schema\/person\/f1fea6a85a554e8069771c3486efbd84\"},\"headline\":\"Emel\u00eda til Kristianstad\",\"datePublished\":\"2022-02-01T17:44:34+00:00\",\"dateModified\":\"2022-02-01T17:45:13+00:00\",\"mainEntityOfPage\":{\"@id\":\"https:\/\/grotta.is\/knattspyrnudeild\/emelia-til-kristianstad\/\"},\"wordCount\":318,\"publisher\":{\"@id\":\"https:\/\/grotta.is\/#organization\"},\"image\":{\"@id\":\"https:\/\/grotta.is\/knattspyrnudeild\/emelia-til-kristianstad\/#primaryimage\"},\"thumbnailUrl\":\"https:\/\/grotta.is\/wp-content\/uploads\/2022\/02\/Emelia2016-scaled.jpeg\",\"articleSection\":[\"Knattspyrnudeild\"],\"inLanguage\":\"en-US\"},{\"@type\":\"WebPage\",\"@id\":\"https:\/\/grotta.is\/knattspyrnudeild\/emelia-til-kristianstad\/\",\"url\":\"https:\/\/grotta.is\/knattspyrnudeild\/emelia-til-kristianstad\/\",\"name\":\"Emel\u00eda til Kristianstad - \u00cd\u00fer\u00f3ttaf\u00e9lagi\u00f0 Gr\u00f3tta\",\"isPartOf\":{\"@id\":\"https:\/\/grotta.is\/#website\"},\"primaryImageOfPage\":{\"@id\":\"https:\/\/grotta.is\/knattspyrnudeild\/emelia-til-kristianstad\/#primaryimage\"},\"image\":{\"@id\":\"https:\/\/grotta.is\/knattspyrnudeild\/emelia-til-kristianstad\/#primaryimage\"},\"thumbnailUrl\":\"https:\/\/grotta.is\/wp-content\/uploads\/2022\/02\/Emelia2016-scaled.jpeg\",\"datePublished\":\"2022-02-01T17:44:34+00:00\",\"dateModified\":\"2022-02-01T17:45:13+00:00\",\"breadcrumb\":{\"@id\":\"https:\/\/grotta.is\/knattspyrnudeild\/emelia-til-kristianstad\/#breadcrumb\"},\"inLanguage\":\"en-US\",\"potentialAction\":[{\"@type\":\"ReadAction\",\"target\":[\"https:\/\/grotta.is\/knattspyrnudeild\/emelia-til-kristianstad\/\"]}]},{\"@type\":\"ImageObject\",\"inLanguage\":\"en-US\",\"@id\":\"https:\/\/grotta.is\/knattspyrnudeild\/emelia-til-kristianstad\/#primaryimage\",\"url\":\"https:\/\/grotta.is\/wp-content\/uploads\/2022\/02\/Emelia2016-scaled.jpeg\",\"contentUrl\":\"https:\/\/grotta.is\/wp-content\/uploads\/2022\/02\/Emelia2016-scaled.jpeg\",\"width\":2560,\"height\":1538},{\"@type\":\"BreadcrumbList\",\"@id\":\"https:\/\/grotta.is\/knattspyrnudeild\/emelia-til-kristianstad\/#breadcrumb\",\"itemListElement\":[{\"@type\":\"ListItem\",\"position\":1,\"name\":\"Home\",\"item\":\"https:\/\/grotta.is\/\"},{\"@type\":\"ListItem\",\"position\":2,\"name\":\"Emel\u00eda til Kristianstad\"}]},{\"@type\":\"WebSite\",\"@id\":\"https:\/\/grotta.is\/#website\",\"url\":\"https:\/\/grotta.is\/\",\"name\":\"\u00cd\u00fer\u00f3ttaf\u00e9lagi\u00f0 Gr\u00f3tta\",\"description\":\"\u00e1 Seltjarnarnesi\",\"publisher\":{\"@id\":\"https:\/\/grotta.is\/#organization\"},\"potentialAction\":[{\"@type\":\"SearchAction\",\"target\":{\"@type\":\"EntryPoint\",\"urlTemplate\":\"https:\/\/grotta.is\/?s={search_term_string}\"},\"query-input\":{\"@type\":\"PropertyValueSpecification\",\"valueRequired\":true,\"valueName\":\"search_term_string\"}}],\"inLanguage\":\"en-US\"},{\"@type\":\"Organization\",\"@id\":\"https:\/\/grotta.is\/#organization\",\"name\":\"\u00cd\u00fer\u00f3ttaf\u00e9lagi\u00f0 Gr\u00f3tta\",\"url\":\"https:\/\/grotta.is\/\",\"logo\":{\"@type\":\"ImageObject\",\"inLanguage\":\"en-US\",\"@id\":\"https:\/\/grotta.is\/#\/schema\/logo\/image\/\",\"url\":\"https:\/\/grotta.is\/wp-content\/uploads\/2020\/02\/ithrottafelagidgrotta_logo_512x512_transparent.png\",\"contentUrl\":\"https:\/\/grotta.is\/wp-content\/uploads\/2020\/02\/ithrottafelagidgrotta_logo_512x512_transparent.png\",\"width\":512,\"height\":512,\"caption\":\"\u00cd\u00fer\u00f3ttaf\u00e9lagi\u00f0 Gr\u00f3tta\"},\"image\":{\"@id\":\"https:\/\/grotta.is\/#\/schema\/logo\/image\/\"},\"sameAs\":[\"https:\/\/www.facebook.com\/grottasport\"]},{\"@type\":\"Person\",\"@id\":\"https:\/\/grotta.is\/#\/schema\/person\/f1fea6a85a554e8069771c3486efbd84\",\"name\":\"J\u00f3runn M. \u00deorsteinsd\u00f3ttir\",\"url\":\"https:\/\/grotta.is\/en\/author\/jorunn\/\"}]}<\/script>\n<!-- \/ Yoast SEO plugin. -->","yoast_head_json":{"title":"Emel\u00eda til Kristianstad - \u00cd\u00fer\u00f3ttaf\u00e9lagi\u00f0 Gr\u00f3tta","robots":{"index":"index","follow":"follow","max-snippet":"max-snippet:-1","max-image-preview":"max-image-preview:large","max-video-preview":"max-video-preview:-1"},"canonical":"https:\/\/grotta.is\/en\/knattspyrnudeild\/emelia-til-kristianstad\/","og_locale":"en_US","og_type":"article","og_title":"Emel\u00eda til Kristianstad - \u00cd\u00fer\u00f3ttaf\u00e9lagi\u00f0 Gr\u00f3tta","og_description":"\u00cd s\u00ed\u00f0asta m\u00e1nu\u00f0i var tilkynnt a\u00f0 hin 15 \u00e1ra gamla Emel\u00eda\u00a0\u00d3skarsd\u00f3ttir hef\u00f0i gert 3 \u00e1ra samning vi\u00f0 s\u00e6nska \u00farvalsdeildarf\u00e9lagi\u00f0 Kristianstads DFF, sem tekur gildi \u00ed mars n\u00e6stkomandi \u00e1 16 \u00e1ra [&hellip;]","og_url":"https:\/\/grotta.is\/en\/knattspyrnudeild\/emelia-til-kristianstad\/","og_site_name":"\u00cd\u00fer\u00f3ttaf\u00e9lagi\u00f0 Gr\u00f3tta","article_publisher":"https:\/\/www.facebook.com\/grottasport","article_published_time":"2022-02-01T17:44:34+00:00","article_modified_time":"2022-02-01T17:45:13+00:00","og_image":[{"width":2560,"height":1538,"url":"https:\/\/grotta.is\/wp-content\/uploads\/2022\/02\/Emelia2016-scaled.jpeg","type":"image\/jpeg"}],"author":"J\u00f3runn M. \u00deorsteinsd\u00f3ttir","twitter_card":"summary_large_image","twitter_misc":{"Written by":"J\u00f3runn M. \u00deorsteinsd\u00f3ttir","Est. reading time":"2 minutes"},"schema":{"@context":"https:\/\/schema.org","@graph":[{"@type":"Article","@id":"https:\/\/grotta.is\/knattspyrnudeild\/emelia-til-kristianstad\/#article","isPartOf":{"@id":"https:\/\/grotta.is\/knattspyrnudeild\/emelia-til-kristianstad\/"},"author":{"name":"J\u00f3runn M. \u00deorsteinsd\u00f3ttir","@id":"https:\/\/grotta.is\/#\/schema\/person\/f1fea6a85a554e8069771c3486efbd84"},"headline":"Emel\u00eda til Kristianstad","datePublished":"2022-02-01T17:44:34+00:00","dateModified":"2022-02-01T17:45:13+00:00","mainEntityOfPage":{"@id":"https:\/\/grotta.is\/knattspyrnudeild\/emelia-til-kristianstad\/"},"wordCount":318,"publisher":{"@id":"https:\/\/grotta.is\/#organization"},"image":{"@id":"https:\/\/grotta.is\/knattspyrnudeild\/emelia-til-kristianstad\/#primaryimage"},"thumbnailUrl":"https:\/\/grotta.is\/wp-content\/uploads\/2022\/02\/Emelia2016-scaled.jpeg","articleSection":["Knattspyrnudeild"],"inLanguage":"en-US"},{"@type":"WebPage","@id":"https:\/\/grotta.is\/knattspyrnudeild\/emelia-til-kristianstad\/","url":"https:\/\/grotta.is\/knattspyrnudeild\/emelia-til-kristianstad\/","name":"Emel\u00eda til Kristianstad - \u00cd\u00fer\u00f3ttaf\u00e9lagi\u00f0 Gr\u00f3tta","isPartOf":{"@id":"https:\/\/grotta.is\/#website"},"primaryImageOfPage":{"@id":"https:\/\/grotta.is\/knattspyrnudeild\/emelia-til-kristianstad\/#primaryimage"},"image":{"@id":"https:\/\/grotta.is\/knattspyrnudeild\/emelia-til-kristianstad\/#primaryimage"},"thumbnailUrl":"https:\/\/grotta.is\/wp-content\/uploads\/2022\/02\/Emelia2016-scaled.jpeg","datePublished":"2022-02-01T17:44:34+00:00","dateModified":"2022-02-01T17:45:13+00:00","breadcrumb":{"@id":"https:\/\/grotta.is\/knattspyrnudeild\/emelia-til-kristianstad\/#breadcrumb"},"inLanguage":"en-US","potentialAction":[{"@type":"ReadAction","target":["https:\/\/grotta.is\/knattspyrnudeild\/emelia-til-kristianstad\/"]}]},{"@type":"ImageObject","inLanguage":"en-US","@id":"https:\/\/grotta.is\/knattspyrnudeild\/emelia-til-kristianstad\/#primaryimage","url":"https:\/\/grotta.is\/wp-content\/uploads\/2022\/02\/Emelia2016-scaled.jpeg","contentUrl":"https:\/\/grotta.is\/wp-content\/uploads\/2022\/02\/Emelia2016-scaled.jpeg","width":2560,"height":1538},{"@type":"BreadcrumbList","@id":"https:\/\/grotta.is\/knattspyrnudeild\/emelia-til-kristianstad\/#breadcrumb","itemListElement":[{"@type":"ListItem","position":1,"name":"Home","item":"https:\/\/grotta.is\/"},{"@type":"ListItem","position":2,"name":"Emel\u00eda til Kristianstad"}]},{"@type":"WebSite","@id":"https:\/\/grotta.is\/#website","url":"https:\/\/grotta.is\/","name":"\u00cd\u00fer\u00f3ttaf\u00e9lagi\u00f0 Gr\u00f3tta","description":"\u00e1 Seltjarnarnesi","publisher":{"@id":"https:\/\/grotta.is\/#organization"},"potentialAction":[{"@type":"SearchAction","target":{"@type":"EntryPoint","urlTemplate":"https:\/\/grotta.is\/?s={search_term_string}"},"query-input":{"@type":"PropertyValueSpecification","valueRequired":true,"valueName":"search_term_string"}}],"inLanguage":"en-US"},{"@type":"Organization","@id":"https:\/\/grotta.is\/#organization","name":"\u00cd\u00fer\u00f3ttaf\u00e9lagi\u00f0 Gr\u00f3tta","url":"https:\/\/grotta.is\/","logo":{"@type":"ImageObject","inLanguage":"en-US","@id":"https:\/\/grotta.is\/#\/schema\/logo\/image\/","url":"https:\/\/grotta.is\/wp-content\/uploads\/2020\/02\/ithrottafelagidgrotta_logo_512x512_transparent.png","contentUrl":"https:\/\/grotta.is\/wp-content\/uploads\/2020\/02\/ithrottafelagidgrotta_logo_512x512_transparent.png","width":512,"height":512,"caption":"\u00cd\u00fer\u00f3ttaf\u00e9lagi\u00f0 Gr\u00f3tta"},"image":{"@id":"https:\/\/grotta.is\/#\/schema\/logo\/image\/"},"sameAs":["https:\/\/www.facebook.com\/grottasport"]},{"@type":"Person","@id":"https:\/\/grotta.is\/#\/schema\/person\/f1fea6a85a554e8069771c3486efbd84","name":"J\u00f3runn M. \u00deorsteinsd\u00f3ttir","url":"https:\/\/grotta.is\/en\/author\/jorunn\/"}]}},"_links":{"self":[{"href":"https:\/\/grotta.is\/en\/wp-json\/wp\/v2\/posts\/368451","targetHints":{"allow":["GET"]}}],"collection":[{"href":"https:\/\/grotta.is\/en\/wp-json\/wp\/v2\/posts"}],"about":[{"href":"https:\/\/grotta.is\/en\/wp-json\/wp\/v2\/types\/post"}],"author":[{"embeddable":true,"href":"https:\/\/grotta.is\/en\/wp-json\/wp\/v2\/users\/4"}],"replies":[{"embeddable":true,"href":"https:\/\/grotta.is\/en\/wp-json\/wp\/v2\/comments?post=368451"}],"version-history":[{"count":3,"href":"https:\/\/grotta.is\/en\/wp-json\/wp\/v2\/posts\/368451\/revisions"}],"predecessor-version":[{"id":368458,"href":"https:\/\/grotta.is\/en\/wp-json\/wp\/v2\/posts\/368451\/revisions\/368458"}],"wp:featuredmedia":[{"embeddable":true,"href":"https:\/\/grotta.is\/en\/wp-json\/wp\/v2\/media\/368453"}],"wp:attachment":[{"href":"https:\/\/grotta.is\/en\/wp-json\/wp\/v2\/media?parent=368451"}],"wp:term":[{"taxonomy":"category","embeddable":true,"href":"https:\/\/grotta.is\/en\/wp-json\/wp\/v2\/categories?post=368451"},{"taxonomy":"post_tag","embeddable":true,"href":"https:\/\/grotta.is\/en\/wp-json\/wp\/v2\/tags?post=368451"}],"curies":[{"name":"wp","href":"https:\/\/api.w.org\/{rel}","templated":true}]}}