{"id":367413,"date":"2022-01-11T14:30:35","date_gmt":"2022-01-11T14:30:35","guid":{"rendered":"https:\/\/grotta.is\/?p=367413"},"modified":"2022-01-11T14:30:40","modified_gmt":"2022-01-11T14:30:40","slug":"smitgat-og-sottkvi-i-ithrottum","status":"publish","type":"post","link":"https:\/\/grotta.is\/en\/almennt\/smitgat-og-sottkvi-i-ithrottum\/","title":{"rendered":"Smitg\u00e1t og s\u00f3ttkv\u00ed \u00ed \u00ed\u00fer\u00f3ttum"},"content":{"rendered":"<p>Af gefnu tilefni vil \u00cd\u00fer\u00f3tta- og \u00d3lymp\u00edusamband \u00cdslands minna \u00e1 <a href=\"https:\/\/isi.is\/library\/Skrar\/COVID-19\/Smitrakning_Einblodungar_Sottkvi_Ithrottir_uppf%c3%a6rt.pdf\">lei\u00f0beiningar um smitrakningu \u00ed \u00ed\u00fer\u00f3ttum sem m\u00e1 n\u00e1lgast h\u00e9r.<\/a> Einnig er h\u00e6gt a\u00f0 sko\u00f0a <a href=\"https:\/\/www.covid.is\/undirflokkar\/spurningalisti-smitrakning\">vi\u00f0mi\u00f0 smitrakningateymis h\u00e9r \u00e1 covid.is.<\/a><\/p><p>\u00dea\u00f0 hefur l\u00edklega ekki fari\u00f0 framhj\u00e1 neinum a\u00f0 smitt\u00f6lur \u00ed samf\u00e9laginu eru ansi h\u00e1ar \u00feessa dagana og \u00fev\u00ed hefur veri\u00f0 miki\u00f0 a\u00f0 gera hj\u00e1 smitrakningarteyminu. Ekki er alltaf h\u00e6gt a\u00f0 n\u00e1 \u00ed smitrakningarteymi\u00f0 til a\u00f0 f\u00e1 sv\u00f6r og \u00feegar upp kemur smit \u00e1 \u00e6fingu e\u00f0a \u00ed \u00ed\u00fer\u00f3ttakeppni er gott ef \u00fej\u00e1lfarar og a\u00f0rir sem koma a\u00f0 skipulaginu s\u00e9u me\u00f0vita\u00f0ir um ofangreindar lei\u00f0beiningar og geti brug\u00f0ist vi\u00f0 \u00e1 vi\u00f0eigandi h\u00e1tt.<\/p><p>\u00cd lei\u00f0beiningunum er h\u00e6gt a\u00f0 sj\u00e1 \u00feau vi\u00f0mi\u00f0 sem smitrakningarteymi\u00f0 notast vi\u00f0 en au\u00f0vita\u00f0 eru a\u00f0st\u00e6\u00f0ur mismunandi og geta veri\u00f0 fl\u00f3knar \u00ed \u00ed\u00fer\u00f3ttahreyfingunni. Ef upp kemur smit \u00ed ykkar r\u00f6\u00f0um skulu \u00fei\u00f0 endilega sty\u00f0jast vi\u00f0 lei\u00f0beiningarnar og sinna \u00feessu eftir bestu getu mi\u00f0a\u00f0 vi\u00f0 \u00fe\u00e6r uppl\u00fdsingar sem \u00fei\u00f0 hafi\u00f0 hverju sinni.<\/p><p>H\u00e9r er h\u00e6gt a\u00f0 lesa allt <a href=\"https:\/\/www.covid.is\/undirflokkar\/smitgat\">um smitg\u00e1t<\/a> og h\u00e9r <a href=\"https:\/\/www.covid.is\/undirflokkar\/sottkvi\">um s\u00f3ttkv\u00ed<\/a> en a\u00f0 lokum er vert a\u00f0 benda \u00e1 breyttar reglur um s\u00f3ttkv\u00ed fyrir einstaklinga sem hafa veri\u00f0 \u00fer\u00edb\u00f3lusettir e\u00f0a fengi\u00f0 tv\u00e6r b\u00f3lusetningar og fengi\u00f0 COVID-19. Allt um n\u00fdja regluger\u00f0 \u00ed tengslum vi\u00f0 s\u00f3ttkv\u00ed m\u00e1 lesa <a href=\"https:\/\/www.stjornarradid.is\/efst-a-baugi\/frettir\/stok-frett\/2022\/01\/07\/COVID-19-Breyttar-reglur-um-sottkvi\/\">h\u00e9r \u00e1 vef Heilbrig\u00f0isr\u00e1\u00f0uneytisins.<\/a><\/p>","protected":false},"excerpt":{"rendered":"<p>Af gefnu tilefni vil \u00cd\u00fer\u00f3tta- og \u00d3lymp\u00edusamband \u00cdslands minna \u00e1 lei\u00f0beiningar um smitrakningu \u00ed \u00ed\u00fer\u00f3ttum sem m\u00e1 n\u00e1lgast h\u00e9r. Einnig er h\u00e6gt a\u00f0 sko\u00f0a vi\u00f0mi\u00f0 smitrakningateymis h\u00e9r \u00e1 covid.is. \u00dea\u00f0 [&hellip;]<\/p>","protected":false},"author":2,"featured_media":186727,"comment_status":"closed","ping_status":"closed","sticky":false,"template":"","format":"standard","meta":{"footnotes":""},"categories":[4],"tags":[],"class_list":["post-367413","post","type-post","status-publish","format-standard","has-post-thumbnail","hentry","category-almennt"],"yoast_head":"<!-- This site is optimized with the Yoast SEO plugin v24.3 - https:\/\/yoast.com\/wordpress\/plugins\/seo\/ -->\n<title>Smitg\u00e1t og s\u00f3ttkv\u00ed \u00ed \u00ed\u00fer\u00f3ttum - \u00cd\u00fer\u00f3ttaf\u00e9lagi\u00f0 Gr\u00f3tta<\/title>\n<meta name=\"robots\" content=\"index, follow, max-snippet:-1, max-image-preview:large, max-video-preview:-1\" \/>\n<link rel=\"canonical\" href=\"https:\/\/grotta.is\/en\/almennt\/smitgat-og-sottkvi-i-ithrottum\/\" \/>\n<meta property=\"og:locale\" content=\"en_US\" \/>\n<meta property=\"og:type\" content=\"article\" \/>\n<meta property=\"og:title\" content=\"Smitg\u00e1t og s\u00f3ttkv\u00ed \u00ed \u00ed\u00fer\u00f3ttum - \u00cd\u00fer\u00f3ttaf\u00e9lagi\u00f0 Gr\u00f3tta\" \/>\n<meta property=\"og:description\" content=\"Af gefnu tilefni vil \u00cd\u00fer\u00f3tta- og \u00d3lymp\u00edusamband \u00cdslands minna \u00e1 lei\u00f0beiningar um smitrakningu \u00ed \u00ed\u00fer\u00f3ttum sem m\u00e1 n\u00e1lgast h\u00e9r. Einnig er h\u00e6gt a\u00f0 sko\u00f0a vi\u00f0mi\u00f0 smitrakningateymis h\u00e9r \u00e1 covid.is. \u00dea\u00f0 [&hellip;]\" \/>\n<meta property=\"og:url\" content=\"https:\/\/grotta.is\/en\/almennt\/smitgat-og-sottkvi-i-ithrottum\/\" \/>\n<meta property=\"og:site_name\" content=\"\u00cd\u00fer\u00f3ttaf\u00e9lagi\u00f0 Gr\u00f3tta\" \/>\n<meta property=\"article:publisher\" content=\"https:\/\/www.facebook.com\/grottasport\" \/>\n<meta property=\"article:published_time\" content=\"2022-01-11T14:30:35+00:00\" \/>\n<meta property=\"article:modified_time\" content=\"2022-01-11T14:30:40+00:00\" \/>\n<meta property=\"og:image\" content=\"https:\/\/grotta.is\/wp-content\/uploads\/2020\/11\/ithrottafelagid_grotta_frettir.009.jpg\" \/>\n\t<meta property=\"og:image:width\" content=\"2048\" \/>\n\t<meta property=\"og:image:height\" content=\"1365\" \/>\n\t<meta property=\"og:image:type\" content=\"image\/jpeg\" \/>\n<meta name=\"author\" content=\"Grotta\" \/>\n<meta name=\"twitter:card\" content=\"summary_large_image\" \/>\n<meta name=\"twitter:label1\" content=\"Written by\" \/>\n\t<meta name=\"twitter:data1\" content=\"Grotta\" \/>\n\t<meta name=\"twitter:label2\" content=\"Est. reading time\" \/>\n\t<meta name=\"twitter:data2\" content=\"2 minutes\" \/>\n<script type=\"application\/ld+json\" class=\"yoast-schema-graph\">{\"@context\":\"https:\/\/schema.org\",\"@graph\":[{\"@type\":\"Article\",\"@id\":\"https:\/\/grotta.is\/almennt\/smitgat-og-sottkvi-i-ithrottum\/#article\",\"isPartOf\":{\"@id\":\"https:\/\/grotta.is\/almennt\/smitgat-og-sottkvi-i-ithrottum\/\"},\"author\":{\"name\":\"Grotta\",\"@id\":\"https:\/\/grotta.is\/#\/schema\/person\/08ec57bf09ee925f1b6a01540c14a5ce\"},\"headline\":\"Smitg\u00e1t og s\u00f3ttkv\u00ed \u00ed \u00ed\u00fer\u00f3ttum\",\"datePublished\":\"2022-01-11T14:30:35+00:00\",\"dateModified\":\"2022-01-11T14:30:40+00:00\",\"mainEntityOfPage\":{\"@id\":\"https:\/\/grotta.is\/almennt\/smitgat-og-sottkvi-i-ithrottum\/\"},\"wordCount\":250,\"publisher\":{\"@id\":\"https:\/\/grotta.is\/#organization\"},\"image\":{\"@id\":\"https:\/\/grotta.is\/almennt\/smitgat-og-sottkvi-i-ithrottum\/#primaryimage\"},\"thumbnailUrl\":\"https:\/\/grotta.is\/wp-content\/uploads\/2020\/11\/ithrottafelagid_grotta_frettir.009.jpg\",\"articleSection\":[\"Almennt\"],\"inLanguage\":\"en-US\"},{\"@type\":\"WebPage\",\"@id\":\"https:\/\/grotta.is\/almennt\/smitgat-og-sottkvi-i-ithrottum\/\",\"url\":\"https:\/\/grotta.is\/almennt\/smitgat-og-sottkvi-i-ithrottum\/\",\"name\":\"Smitg\u00e1t og s\u00f3ttkv\u00ed \u00ed \u00ed\u00fer\u00f3ttum - \u00cd\u00fer\u00f3ttaf\u00e9lagi\u00f0 Gr\u00f3tta\",\"isPartOf\":{\"@id\":\"https:\/\/grotta.is\/#website\"},\"primaryImageOfPage\":{\"@id\":\"https:\/\/grotta.is\/almennt\/smitgat-og-sottkvi-i-ithrottum\/#primaryimage\"},\"image\":{\"@id\":\"https:\/\/grotta.is\/almennt\/smitgat-og-sottkvi-i-ithrottum\/#primaryimage\"},\"thumbnailUrl\":\"https:\/\/grotta.is\/wp-content\/uploads\/2020\/11\/ithrottafelagid_grotta_frettir.009.jpg\",\"datePublished\":\"2022-01-11T14:30:35+00:00\",\"dateModified\":\"2022-01-11T14:30:40+00:00\",\"breadcrumb\":{\"@id\":\"https:\/\/grotta.is\/almennt\/smitgat-og-sottkvi-i-ithrottum\/#breadcrumb\"},\"inLanguage\":\"en-US\",\"potentialAction\":[{\"@type\":\"ReadAction\",\"target\":[\"https:\/\/grotta.is\/almennt\/smitgat-og-sottkvi-i-ithrottum\/\"]}]},{\"@type\":\"ImageObject\",\"inLanguage\":\"en-US\",\"@id\":\"https:\/\/grotta.is\/almennt\/smitgat-og-sottkvi-i-ithrottum\/#primaryimage\",\"url\":\"https:\/\/grotta.is\/wp-content\/uploads\/2020\/11\/ithrottafelagid_grotta_frettir.009.jpg\",\"contentUrl\":\"https:\/\/grotta.is\/wp-content\/uploads\/2020\/11\/ithrottafelagid_grotta_frettir.009.jpg\",\"width\":2048,\"height\":1365},{\"@type\":\"BreadcrumbList\",\"@id\":\"https:\/\/grotta.is\/almennt\/smitgat-og-sottkvi-i-ithrottum\/#breadcrumb\",\"itemListElement\":[{\"@type\":\"ListItem\",\"position\":1,\"name\":\"Home\",\"item\":\"https:\/\/grotta.is\/\"},{\"@type\":\"ListItem\",\"position\":2,\"name\":\"Smitg\u00e1t og s\u00f3ttkv\u00ed \u00ed \u00ed\u00fer\u00f3ttum\"}]},{\"@type\":\"WebSite\",\"@id\":\"https:\/\/grotta.is\/#website\",\"url\":\"https:\/\/grotta.is\/\",\"name\":\"\u00cd\u00fer\u00f3ttaf\u00e9lagi\u00f0 Gr\u00f3tta\",\"description\":\"\u00e1 Seltjarnarnesi\",\"publisher\":{\"@id\":\"https:\/\/grotta.is\/#organization\"},\"potentialAction\":[{\"@type\":\"SearchAction\",\"target\":{\"@type\":\"EntryPoint\",\"urlTemplate\":\"https:\/\/grotta.is\/?s={search_term_string}\"},\"query-input\":{\"@type\":\"PropertyValueSpecification\",\"valueRequired\":true,\"valueName\":\"search_term_string\"}}],\"inLanguage\":\"en-US\"},{\"@type\":\"Organization\",\"@id\":\"https:\/\/grotta.is\/#organization\",\"name\":\"\u00cd\u00fer\u00f3ttaf\u00e9lagi\u00f0 Gr\u00f3tta\",\"url\":\"https:\/\/grotta.is\/\",\"logo\":{\"@type\":\"ImageObject\",\"inLanguage\":\"en-US\",\"@id\":\"https:\/\/grotta.is\/#\/schema\/logo\/image\/\",\"url\":\"https:\/\/grotta.is\/wp-content\/uploads\/2020\/02\/ithrottafelagidgrotta_logo_512x512_transparent.png\",\"contentUrl\":\"https:\/\/grotta.is\/wp-content\/uploads\/2020\/02\/ithrottafelagidgrotta_logo_512x512_transparent.png\",\"width\":512,\"height\":512,\"caption\":\"\u00cd\u00fer\u00f3ttaf\u00e9lagi\u00f0 Gr\u00f3tta\"},\"image\":{\"@id\":\"https:\/\/grotta.is\/#\/schema\/logo\/image\/\"},\"sameAs\":[\"https:\/\/www.facebook.com\/grottasport\"]},{\"@type\":\"Person\",\"@id\":\"https:\/\/grotta.is\/#\/schema\/person\/08ec57bf09ee925f1b6a01540c14a5ce\",\"name\":\"Grotta\",\"url\":\"https:\/\/grotta.is\/en\/author\/inga\/\"}]}<\/script>\n<!-- \/ Yoast SEO plugin. -->","yoast_head_json":{"title":"Smitg\u00e1t og s\u00f3ttkv\u00ed \u00ed \u00ed\u00fer\u00f3ttum - \u00cd\u00fer\u00f3ttaf\u00e9lagi\u00f0 Gr\u00f3tta","robots":{"index":"index","follow":"follow","max-snippet":"max-snippet:-1","max-image-preview":"max-image-preview:large","max-video-preview":"max-video-preview:-1"},"canonical":"https:\/\/grotta.is\/en\/almennt\/smitgat-og-sottkvi-i-ithrottum\/","og_locale":"en_US","og_type":"article","og_title":"Smitg\u00e1t og s\u00f3ttkv\u00ed \u00ed \u00ed\u00fer\u00f3ttum - \u00cd\u00fer\u00f3ttaf\u00e9lagi\u00f0 Gr\u00f3tta","og_description":"Af gefnu tilefni vil \u00cd\u00fer\u00f3tta- og \u00d3lymp\u00edusamband \u00cdslands minna \u00e1 lei\u00f0beiningar um smitrakningu \u00ed \u00ed\u00fer\u00f3ttum sem m\u00e1 n\u00e1lgast h\u00e9r. Einnig er h\u00e6gt a\u00f0 sko\u00f0a vi\u00f0mi\u00f0 smitrakningateymis h\u00e9r \u00e1 covid.is. \u00dea\u00f0 [&hellip;]","og_url":"https:\/\/grotta.is\/en\/almennt\/smitgat-og-sottkvi-i-ithrottum\/","og_site_name":"\u00cd\u00fer\u00f3ttaf\u00e9lagi\u00f0 Gr\u00f3tta","article_publisher":"https:\/\/www.facebook.com\/grottasport","article_published_time":"2022-01-11T14:30:35+00:00","article_modified_time":"2022-01-11T14:30:40+00:00","og_image":[{"width":2048,"height":1365,"url":"https:\/\/grotta.is\/wp-content\/uploads\/2020\/11\/ithrottafelagid_grotta_frettir.009.jpg","type":"image\/jpeg"}],"author":"Grotta","twitter_card":"summary_large_image","twitter_misc":{"Written by":"Grotta","Est. reading time":"2 minutes"},"schema":{"@context":"https:\/\/schema.org","@graph":[{"@type":"Article","@id":"https:\/\/grotta.is\/almennt\/smitgat-og-sottkvi-i-ithrottum\/#article","isPartOf":{"@id":"https:\/\/grotta.is\/almennt\/smitgat-og-sottkvi-i-ithrottum\/"},"author":{"name":"Grotta","@id":"https:\/\/grotta.is\/#\/schema\/person\/08ec57bf09ee925f1b6a01540c14a5ce"},"headline":"Smitg\u00e1t og s\u00f3ttkv\u00ed \u00ed \u00ed\u00fer\u00f3ttum","datePublished":"2022-01-11T14:30:35+00:00","dateModified":"2022-01-11T14:30:40+00:00","mainEntityOfPage":{"@id":"https:\/\/grotta.is\/almennt\/smitgat-og-sottkvi-i-ithrottum\/"},"wordCount":250,"publisher":{"@id":"https:\/\/grotta.is\/#organization"},"image":{"@id":"https:\/\/grotta.is\/almennt\/smitgat-og-sottkvi-i-ithrottum\/#primaryimage"},"thumbnailUrl":"https:\/\/grotta.is\/wp-content\/uploads\/2020\/11\/ithrottafelagid_grotta_frettir.009.jpg","articleSection":["Almennt"],"inLanguage":"en-US"},{"@type":"WebPage","@id":"https:\/\/grotta.is\/almennt\/smitgat-og-sottkvi-i-ithrottum\/","url":"https:\/\/grotta.is\/almennt\/smitgat-og-sottkvi-i-ithrottum\/","name":"Smitg\u00e1t og s\u00f3ttkv\u00ed \u00ed \u00ed\u00fer\u00f3ttum - \u00cd\u00fer\u00f3ttaf\u00e9lagi\u00f0 Gr\u00f3tta","isPartOf":{"@id":"https:\/\/grotta.is\/#website"},"primaryImageOfPage":{"@id":"https:\/\/grotta.is\/almennt\/smitgat-og-sottkvi-i-ithrottum\/#primaryimage"},"image":{"@id":"https:\/\/grotta.is\/almennt\/smitgat-og-sottkvi-i-ithrottum\/#primaryimage"},"thumbnailUrl":"https:\/\/grotta.is\/wp-content\/uploads\/2020\/11\/ithrottafelagid_grotta_frettir.009.jpg","datePublished":"2022-01-11T14:30:35+00:00","dateModified":"2022-01-11T14:30:40+00:00","breadcrumb":{"@id":"https:\/\/grotta.is\/almennt\/smitgat-og-sottkvi-i-ithrottum\/#breadcrumb"},"inLanguage":"en-US","potentialAction":[{"@type":"ReadAction","target":["https:\/\/grotta.is\/almennt\/smitgat-og-sottkvi-i-ithrottum\/"]}]},{"@type":"ImageObject","inLanguage":"en-US","@id":"https:\/\/grotta.is\/almennt\/smitgat-og-sottkvi-i-ithrottum\/#primaryimage","url":"https:\/\/grotta.is\/wp-content\/uploads\/2020\/11\/ithrottafelagid_grotta_frettir.009.jpg","contentUrl":"https:\/\/grotta.is\/wp-content\/uploads\/2020\/11\/ithrottafelagid_grotta_frettir.009.jpg","width":2048,"height":1365},{"@type":"BreadcrumbList","@id":"https:\/\/grotta.is\/almennt\/smitgat-og-sottkvi-i-ithrottum\/#breadcrumb","itemListElement":[{"@type":"ListItem","position":1,"name":"Home","item":"https:\/\/grotta.is\/"},{"@type":"ListItem","position":2,"name":"Smitg\u00e1t og s\u00f3ttkv\u00ed \u00ed \u00ed\u00fer\u00f3ttum"}]},{"@type":"WebSite","@id":"https:\/\/grotta.is\/#website","url":"https:\/\/grotta.is\/","name":"\u00cd\u00fer\u00f3ttaf\u00e9lagi\u00f0 Gr\u00f3tta","description":"\u00e1 Seltjarnarnesi","publisher":{"@id":"https:\/\/grotta.is\/#organization"},"potentialAction":[{"@type":"SearchAction","target":{"@type":"EntryPoint","urlTemplate":"https:\/\/grotta.is\/?s={search_term_string}"},"query-input":{"@type":"PropertyValueSpecification","valueRequired":true,"valueName":"search_term_string"}}],"inLanguage":"en-US"},{"@type":"Organization","@id":"https:\/\/grotta.is\/#organization","name":"\u00cd\u00fer\u00f3ttaf\u00e9lagi\u00f0 Gr\u00f3tta","url":"https:\/\/grotta.is\/","logo":{"@type":"ImageObject","inLanguage":"en-US","@id":"https:\/\/grotta.is\/#\/schema\/logo\/image\/","url":"https:\/\/grotta.is\/wp-content\/uploads\/2020\/02\/ithrottafelagidgrotta_logo_512x512_transparent.png","contentUrl":"https:\/\/grotta.is\/wp-content\/uploads\/2020\/02\/ithrottafelagidgrotta_logo_512x512_transparent.png","width":512,"height":512,"caption":"\u00cd\u00fer\u00f3ttaf\u00e9lagi\u00f0 Gr\u00f3tta"},"image":{"@id":"https:\/\/grotta.is\/#\/schema\/logo\/image\/"},"sameAs":["https:\/\/www.facebook.com\/grottasport"]},{"@type":"Person","@id":"https:\/\/grotta.is\/#\/schema\/person\/08ec57bf09ee925f1b6a01540c14a5ce","name":"Grotta","url":"https:\/\/grotta.is\/en\/author\/inga\/"}]}},"_links":{"self":[{"href":"https:\/\/grotta.is\/en\/wp-json\/wp\/v2\/posts\/367413","targetHints":{"allow":["GET"]}}],"collection":[{"href":"https:\/\/grotta.is\/en\/wp-json\/wp\/v2\/posts"}],"about":[{"href":"https:\/\/grotta.is\/en\/wp-json\/wp\/v2\/types\/post"}],"author":[{"embeddable":true,"href":"https:\/\/grotta.is\/en\/wp-json\/wp\/v2\/users\/2"}],"replies":[{"embeddable":true,"href":"https:\/\/grotta.is\/en\/wp-json\/wp\/v2\/comments?post=367413"}],"version-history":[{"count":1,"href":"https:\/\/grotta.is\/en\/wp-json\/wp\/v2\/posts\/367413\/revisions"}],"predecessor-version":[{"id":367414,"href":"https:\/\/grotta.is\/en\/wp-json\/wp\/v2\/posts\/367413\/revisions\/367414"}],"wp:featuredmedia":[{"embeddable":true,"href":"https:\/\/grotta.is\/en\/wp-json\/wp\/v2\/media\/186727"}],"wp:attachment":[{"href":"https:\/\/grotta.is\/en\/wp-json\/wp\/v2\/media?parent=367413"}],"wp:term":[{"taxonomy":"category","embeddable":true,"href":"https:\/\/grotta.is\/en\/wp-json\/wp\/v2\/categories?post=367413"},{"taxonomy":"post_tag","embeddable":true,"href":"https:\/\/grotta.is\/en\/wp-json\/wp\/v2\/tags?post=367413"}],"curies":[{"name":"wp","href":"https:\/\/api.w.org\/{rel}","templated":true}]}}