{"id":365850,"date":"2021-12-01T16:00:37","date_gmt":"2021-12-01T16:00:37","guid":{"rendered":"https:\/\/grotta.is\/?p=365850"},"modified":"2021-12-01T16:28:38","modified_gmt":"2021-12-01T16:28:38","slug":"jolahandboltanamskeid-grottu","status":"publish","type":"post","link":"https:\/\/grotta.is\/en\/handknattleiksdeild\/jolahandboltanamskeid-grottu\/","title":{"rendered":"J\u00f3lahandboltan\u00e1mskei\u00f0 Gr\u00f3ttu"},"content":{"rendered":"<p>Handknattleiksdeild Gr\u00f3ttu ver\u00f0ur me\u00f0 j\u00f3lahandboltan\u00e1mskei\u00f0 milli j\u00f3la og n\u00fd\u00e1rs. N\u00e1mskei\u00f0i\u00f0 er opi\u00f0 \u00f6llum hvort sem vi\u00f0komandi er a\u00f0 \u00e6fa handbolta e\u00f0a ekki. Leikmenn meistaraflokka f\u00e9lagsins munu \u00fej\u00e1lfa \u00e1 n\u00e1mskei\u00f0inu. \u00de\u00e1tttakendur hafa \u00fev\u00ed m\u00f6guleika \u00e1 a\u00f0 l\u00e6ra af \u00feeim bestu \u00ed Gr\u00f3ttu. N\u00e1mskei\u00f0i\u00f0 fer fram 27. &#8211; 30.desember og er tv\u00edskipt:<\/p><p>7. og 8.flokkur (f. 2012-2015)<br>5. og 6.flokkur (f. 2008-2011)<\/p><p><br>Skr\u00e1ning er opin og fer fram \u00ed gegnum Sportabler. <a href=\"https:\/\/www.sportabler.com\/shop\/grotta\/handbolti\" target=\"_blank\" rel=\"noreferrer noopener\">https:\/\/www.sportabler.com\/shop\/grotta\/handbolti<\/a><\/p><p><br>\u00c1fram Gr\u00f3tta !<\/p>","protected":false},"excerpt":{"rendered":"<p>Handknattleiksdeild Gr\u00f3ttu ver\u00f0ur me\u00f0 j\u00f3lahandboltan\u00e1mskei\u00f0 milli j\u00f3la og n\u00fd\u00e1rs. N\u00e1mskei\u00f0i\u00f0 er opi\u00f0 \u00f6llum hvort sem vi\u00f0komandi er a\u00f0 \u00e6fa handbolta e\u00f0a ekki. Leikmenn meistaraflokka f\u00e9lagsins munu \u00fej\u00e1lfa \u00e1 n\u00e1mskei\u00f0inu. \u00de\u00e1tttakendur [&hellip;]<\/p>","protected":false},"author":10,"featured_media":365851,"comment_status":"closed","ping_status":"closed","sticky":false,"template":"","format":"standard","meta":{"footnotes":""},"categories":[12],"tags":[13,130],"class_list":["post-365850","post","type-post","status-publish","format-standard","has-post-thumbnail","hentry","category-handknattleiksdeild","tag-handbolti","tag-jolanamskeid"],"yoast_head":"<!-- This site is optimized with the Yoast SEO plugin v24.3 - https:\/\/yoast.com\/wordpress\/plugins\/seo\/ -->\n<title>J\u00f3lahandboltan\u00e1mskei\u00f0 Gr\u00f3ttu - \u00cd\u00fer\u00f3ttaf\u00e9lagi\u00f0 Gr\u00f3tta<\/title>\n<meta name=\"robots\" content=\"index, follow, max-snippet:-1, max-image-preview:large, max-video-preview:-1\" \/>\n<link rel=\"canonical\" href=\"https:\/\/grotta.is\/en\/handknattleiksdeild\/jolahandboltanamskeid-grottu\/\" \/>\n<meta property=\"og:locale\" content=\"en_US\" \/>\n<meta property=\"og:type\" content=\"article\" \/>\n<meta property=\"og:title\" content=\"J\u00f3lahandboltan\u00e1mskei\u00f0 Gr\u00f3ttu - \u00cd\u00fer\u00f3ttaf\u00e9lagi\u00f0 Gr\u00f3tta\" \/>\n<meta property=\"og:description\" content=\"Handknattleiksdeild Gr\u00f3ttu ver\u00f0ur me\u00f0 j\u00f3lahandboltan\u00e1mskei\u00f0 milli j\u00f3la og n\u00fd\u00e1rs. N\u00e1mskei\u00f0i\u00f0 er opi\u00f0 \u00f6llum hvort sem vi\u00f0komandi er a\u00f0 \u00e6fa handbolta e\u00f0a ekki. Leikmenn meistaraflokka f\u00e9lagsins munu \u00fej\u00e1lfa \u00e1 n\u00e1mskei\u00f0inu. \u00de\u00e1tttakendur [&hellip;]\" \/>\n<meta property=\"og:url\" content=\"https:\/\/grotta.is\/en\/handknattleiksdeild\/jolahandboltanamskeid-grottu\/\" \/>\n<meta property=\"og:site_name\" content=\"\u00cd\u00fer\u00f3ttaf\u00e9lagi\u00f0 Gr\u00f3tta\" \/>\n<meta property=\"article:publisher\" content=\"https:\/\/www.facebook.com\/grottasport\" \/>\n<meta property=\"article:published_time\" content=\"2021-12-01T16:00:37+00:00\" \/>\n<meta property=\"article:modified_time\" content=\"2021-12-01T16:28:38+00:00\" \/>\n<meta property=\"og:image\" content=\"https:\/\/grotta.is\/wp-content\/uploads\/2021\/12\/Jolanamskeid-Grottu-page-001-scaled.jpg\" \/>\n\t<meta property=\"og:image:width\" content=\"2560\" \/>\n\t<meta property=\"og:image:height\" content=\"1440\" \/>\n\t<meta property=\"og:image:type\" content=\"image\/jpeg\" \/>\n<meta name=\"author\" content=\"Andri Sigf\u00fasson\" \/>\n<meta name=\"twitter:card\" content=\"summary_large_image\" \/>\n<meta name=\"twitter:label1\" content=\"Written by\" \/>\n\t<meta name=\"twitter:data1\" content=\"Andri Sigf\u00fasson\" \/>\n\t<meta name=\"twitter:label2\" content=\"Est. reading time\" \/>\n\t<meta name=\"twitter:data2\" content=\"1 minute\" \/>\n<script type=\"application\/ld+json\" class=\"yoast-schema-graph\">{\"@context\":\"https:\/\/schema.org\",\"@graph\":[{\"@type\":\"Article\",\"@id\":\"https:\/\/grotta.is\/handknattleiksdeild\/jolahandboltanamskeid-grottu\/#article\",\"isPartOf\":{\"@id\":\"https:\/\/grotta.is\/handknattleiksdeild\/jolahandboltanamskeid-grottu\/\"},\"author\":{\"name\":\"Andri Sigf\u00fasson\",\"@id\":\"https:\/\/grotta.is\/#\/schema\/person\/b21e9d5dfd92c90211e343e8d7252b1c\"},\"headline\":\"J\u00f3lahandboltan\u00e1mskei\u00f0 Gr\u00f3ttu\",\"datePublished\":\"2021-12-01T16:00:37+00:00\",\"dateModified\":\"2021-12-01T16:28:38+00:00\",\"mainEntityOfPage\":{\"@id\":\"https:\/\/grotta.is\/handknattleiksdeild\/jolahandboltanamskeid-grottu\/\"},\"wordCount\":98,\"publisher\":{\"@id\":\"https:\/\/grotta.is\/#organization\"},\"image\":{\"@id\":\"https:\/\/grotta.is\/handknattleiksdeild\/jolahandboltanamskeid-grottu\/#primaryimage\"},\"thumbnailUrl\":\"https:\/\/grotta.is\/wp-content\/uploads\/2021\/12\/Jolanamskeid-Grottu-page-001-scaled.jpg\",\"keywords\":[\"Handbolti\",\"j\u00f3lan\u00e1mskei\u00f0\"],\"articleSection\":[\"Handknattleiksdeild\"],\"inLanguage\":\"en-US\"},{\"@type\":\"WebPage\",\"@id\":\"https:\/\/grotta.is\/handknattleiksdeild\/jolahandboltanamskeid-grottu\/\",\"url\":\"https:\/\/grotta.is\/handknattleiksdeild\/jolahandboltanamskeid-grottu\/\",\"name\":\"J\u00f3lahandboltan\u00e1mskei\u00f0 Gr\u00f3ttu - \u00cd\u00fer\u00f3ttaf\u00e9lagi\u00f0 Gr\u00f3tta\",\"isPartOf\":{\"@id\":\"https:\/\/grotta.is\/#website\"},\"primaryImageOfPage\":{\"@id\":\"https:\/\/grotta.is\/handknattleiksdeild\/jolahandboltanamskeid-grottu\/#primaryimage\"},\"image\":{\"@id\":\"https:\/\/grotta.is\/handknattleiksdeild\/jolahandboltanamskeid-grottu\/#primaryimage\"},\"thumbnailUrl\":\"https:\/\/grotta.is\/wp-content\/uploads\/2021\/12\/Jolanamskeid-Grottu-page-001-scaled.jpg\",\"datePublished\":\"2021-12-01T16:00:37+00:00\",\"dateModified\":\"2021-12-01T16:28:38+00:00\",\"breadcrumb\":{\"@id\":\"https:\/\/grotta.is\/handknattleiksdeild\/jolahandboltanamskeid-grottu\/#breadcrumb\"},\"inLanguage\":\"en-US\",\"potentialAction\":[{\"@type\":\"ReadAction\",\"target\":[\"https:\/\/grotta.is\/handknattleiksdeild\/jolahandboltanamskeid-grottu\/\"]}]},{\"@type\":\"ImageObject\",\"inLanguage\":\"en-US\",\"@id\":\"https:\/\/grotta.is\/handknattleiksdeild\/jolahandboltanamskeid-grottu\/#primaryimage\",\"url\":\"https:\/\/grotta.is\/wp-content\/uploads\/2021\/12\/Jolanamskeid-Grottu-page-001-scaled.jpg\",\"contentUrl\":\"https:\/\/grotta.is\/wp-content\/uploads\/2021\/12\/Jolanamskeid-Grottu-page-001-scaled.jpg\",\"width\":2560,\"height\":1440},{\"@type\":\"BreadcrumbList\",\"@id\":\"https:\/\/grotta.is\/handknattleiksdeild\/jolahandboltanamskeid-grottu\/#breadcrumb\",\"itemListElement\":[{\"@type\":\"ListItem\",\"position\":1,\"name\":\"Home\",\"item\":\"https:\/\/grotta.is\/\"},{\"@type\":\"ListItem\",\"position\":2,\"name\":\"J\u00f3lahandboltan\u00e1mskei\u00f0 Gr\u00f3ttu\"}]},{\"@type\":\"WebSite\",\"@id\":\"https:\/\/grotta.is\/#website\",\"url\":\"https:\/\/grotta.is\/\",\"name\":\"\u00cd\u00fer\u00f3ttaf\u00e9lagi\u00f0 Gr\u00f3tta\",\"description\":\"\u00e1 Seltjarnarnesi\",\"publisher\":{\"@id\":\"https:\/\/grotta.is\/#organization\"},\"potentialAction\":[{\"@type\":\"SearchAction\",\"target\":{\"@type\":\"EntryPoint\",\"urlTemplate\":\"https:\/\/grotta.is\/?s={search_term_string}\"},\"query-input\":{\"@type\":\"PropertyValueSpecification\",\"valueRequired\":true,\"valueName\":\"search_term_string\"}}],\"inLanguage\":\"en-US\"},{\"@type\":\"Organization\",\"@id\":\"https:\/\/grotta.is\/#organization\",\"name\":\"\u00cd\u00fer\u00f3ttaf\u00e9lagi\u00f0 Gr\u00f3tta\",\"url\":\"https:\/\/grotta.is\/\",\"logo\":{\"@type\":\"ImageObject\",\"inLanguage\":\"en-US\",\"@id\":\"https:\/\/grotta.is\/#\/schema\/logo\/image\/\",\"url\":\"https:\/\/grotta.is\/wp-content\/uploads\/2020\/02\/ithrottafelagidgrotta_logo_512x512_transparent.png\",\"contentUrl\":\"https:\/\/grotta.is\/wp-content\/uploads\/2020\/02\/ithrottafelagidgrotta_logo_512x512_transparent.png\",\"width\":512,\"height\":512,\"caption\":\"\u00cd\u00fer\u00f3ttaf\u00e9lagi\u00f0 Gr\u00f3tta\"},\"image\":{\"@id\":\"https:\/\/grotta.is\/#\/schema\/logo\/image\/\"},\"sameAs\":[\"https:\/\/www.facebook.com\/grottasport\"]},{\"@type\":\"Person\",\"@id\":\"https:\/\/grotta.is\/#\/schema\/person\/b21e9d5dfd92c90211e343e8d7252b1c\",\"name\":\"Andri Sigf\u00fasson\",\"url\":\"https:\/\/grotta.is\/en\/author\/andri\/\"}]}<\/script>\n<!-- \/ Yoast SEO plugin. -->","yoast_head_json":{"title":"J\u00f3lahandboltan\u00e1mskei\u00f0 Gr\u00f3ttu - \u00cd\u00fer\u00f3ttaf\u00e9lagi\u00f0 Gr\u00f3tta","robots":{"index":"index","follow":"follow","max-snippet":"max-snippet:-1","max-image-preview":"max-image-preview:large","max-video-preview":"max-video-preview:-1"},"canonical":"https:\/\/grotta.is\/en\/handknattleiksdeild\/jolahandboltanamskeid-grottu\/","og_locale":"en_US","og_type":"article","og_title":"J\u00f3lahandboltan\u00e1mskei\u00f0 Gr\u00f3ttu - \u00cd\u00fer\u00f3ttaf\u00e9lagi\u00f0 Gr\u00f3tta","og_description":"Handknattleiksdeild Gr\u00f3ttu ver\u00f0ur me\u00f0 j\u00f3lahandboltan\u00e1mskei\u00f0 milli j\u00f3la og n\u00fd\u00e1rs. N\u00e1mskei\u00f0i\u00f0 er opi\u00f0 \u00f6llum hvort sem vi\u00f0komandi er a\u00f0 \u00e6fa handbolta e\u00f0a ekki. Leikmenn meistaraflokka f\u00e9lagsins munu \u00fej\u00e1lfa \u00e1 n\u00e1mskei\u00f0inu. \u00de\u00e1tttakendur [&hellip;]","og_url":"https:\/\/grotta.is\/en\/handknattleiksdeild\/jolahandboltanamskeid-grottu\/","og_site_name":"\u00cd\u00fer\u00f3ttaf\u00e9lagi\u00f0 Gr\u00f3tta","article_publisher":"https:\/\/www.facebook.com\/grottasport","article_published_time":"2021-12-01T16:00:37+00:00","article_modified_time":"2021-12-01T16:28:38+00:00","og_image":[{"width":2560,"height":1440,"url":"https:\/\/grotta.is\/wp-content\/uploads\/2021\/12\/Jolanamskeid-Grottu-page-001-scaled.jpg","type":"image\/jpeg"}],"author":"Andri Sigf\u00fasson","twitter_card":"summary_large_image","twitter_misc":{"Written by":"Andri Sigf\u00fasson","Est. reading time":"1 minute"},"schema":{"@context":"https:\/\/schema.org","@graph":[{"@type":"Article","@id":"https:\/\/grotta.is\/handknattleiksdeild\/jolahandboltanamskeid-grottu\/#article","isPartOf":{"@id":"https:\/\/grotta.is\/handknattleiksdeild\/jolahandboltanamskeid-grottu\/"},"author":{"name":"Andri Sigf\u00fasson","@id":"https:\/\/grotta.is\/#\/schema\/person\/b21e9d5dfd92c90211e343e8d7252b1c"},"headline":"J\u00f3lahandboltan\u00e1mskei\u00f0 Gr\u00f3ttu","datePublished":"2021-12-01T16:00:37+00:00","dateModified":"2021-12-01T16:28:38+00:00","mainEntityOfPage":{"@id":"https:\/\/grotta.is\/handknattleiksdeild\/jolahandboltanamskeid-grottu\/"},"wordCount":98,"publisher":{"@id":"https:\/\/grotta.is\/#organization"},"image":{"@id":"https:\/\/grotta.is\/handknattleiksdeild\/jolahandboltanamskeid-grottu\/#primaryimage"},"thumbnailUrl":"https:\/\/grotta.is\/wp-content\/uploads\/2021\/12\/Jolanamskeid-Grottu-page-001-scaled.jpg","keywords":["Handbolti","j\u00f3lan\u00e1mskei\u00f0"],"articleSection":["Handknattleiksdeild"],"inLanguage":"en-US"},{"@type":"WebPage","@id":"https:\/\/grotta.is\/handknattleiksdeild\/jolahandboltanamskeid-grottu\/","url":"https:\/\/grotta.is\/handknattleiksdeild\/jolahandboltanamskeid-grottu\/","name":"J\u00f3lahandboltan\u00e1mskei\u00f0 Gr\u00f3ttu - \u00cd\u00fer\u00f3ttaf\u00e9lagi\u00f0 Gr\u00f3tta","isPartOf":{"@id":"https:\/\/grotta.is\/#website"},"primaryImageOfPage":{"@id":"https:\/\/grotta.is\/handknattleiksdeild\/jolahandboltanamskeid-grottu\/#primaryimage"},"image":{"@id":"https:\/\/grotta.is\/handknattleiksdeild\/jolahandboltanamskeid-grottu\/#primaryimage"},"thumbnailUrl":"https:\/\/grotta.is\/wp-content\/uploads\/2021\/12\/Jolanamskeid-Grottu-page-001-scaled.jpg","datePublished":"2021-12-01T16:00:37+00:00","dateModified":"2021-12-01T16:28:38+00:00","breadcrumb":{"@id":"https:\/\/grotta.is\/handknattleiksdeild\/jolahandboltanamskeid-grottu\/#breadcrumb"},"inLanguage":"en-US","potentialAction":[{"@type":"ReadAction","target":["https:\/\/grotta.is\/handknattleiksdeild\/jolahandboltanamskeid-grottu\/"]}]},{"@type":"ImageObject","inLanguage":"en-US","@id":"https:\/\/grotta.is\/handknattleiksdeild\/jolahandboltanamskeid-grottu\/#primaryimage","url":"https:\/\/grotta.is\/wp-content\/uploads\/2021\/12\/Jolanamskeid-Grottu-page-001-scaled.jpg","contentUrl":"https:\/\/grotta.is\/wp-content\/uploads\/2021\/12\/Jolanamskeid-Grottu-page-001-scaled.jpg","width":2560,"height":1440},{"@type":"BreadcrumbList","@id":"https:\/\/grotta.is\/handknattleiksdeild\/jolahandboltanamskeid-grottu\/#breadcrumb","itemListElement":[{"@type":"ListItem","position":1,"name":"Home","item":"https:\/\/grotta.is\/"},{"@type":"ListItem","position":2,"name":"J\u00f3lahandboltan\u00e1mskei\u00f0 Gr\u00f3ttu"}]},{"@type":"WebSite","@id":"https:\/\/grotta.is\/#website","url":"https:\/\/grotta.is\/","name":"\u00cd\u00fer\u00f3ttaf\u00e9lagi\u00f0 Gr\u00f3tta","description":"\u00e1 Seltjarnarnesi","publisher":{"@id":"https:\/\/grotta.is\/#organization"},"potentialAction":[{"@type":"SearchAction","target":{"@type":"EntryPoint","urlTemplate":"https:\/\/grotta.is\/?s={search_term_string}"},"query-input":{"@type":"PropertyValueSpecification","valueRequired":true,"valueName":"search_term_string"}}],"inLanguage":"en-US"},{"@type":"Organization","@id":"https:\/\/grotta.is\/#organization","name":"\u00cd\u00fer\u00f3ttaf\u00e9lagi\u00f0 Gr\u00f3tta","url":"https:\/\/grotta.is\/","logo":{"@type":"ImageObject","inLanguage":"en-US","@id":"https:\/\/grotta.is\/#\/schema\/logo\/image\/","url":"https:\/\/grotta.is\/wp-content\/uploads\/2020\/02\/ithrottafelagidgrotta_logo_512x512_transparent.png","contentUrl":"https:\/\/grotta.is\/wp-content\/uploads\/2020\/02\/ithrottafelagidgrotta_logo_512x512_transparent.png","width":512,"height":512,"caption":"\u00cd\u00fer\u00f3ttaf\u00e9lagi\u00f0 Gr\u00f3tta"},"image":{"@id":"https:\/\/grotta.is\/#\/schema\/logo\/image\/"},"sameAs":["https:\/\/www.facebook.com\/grottasport"]},{"@type":"Person","@id":"https:\/\/grotta.is\/#\/schema\/person\/b21e9d5dfd92c90211e343e8d7252b1c","name":"Andri Sigf\u00fasson","url":"https:\/\/grotta.is\/en\/author\/andri\/"}]}},"_links":{"self":[{"href":"https:\/\/grotta.is\/en\/wp-json\/wp\/v2\/posts\/365850","targetHints":{"allow":["GET"]}}],"collection":[{"href":"https:\/\/grotta.is\/en\/wp-json\/wp\/v2\/posts"}],"about":[{"href":"https:\/\/grotta.is\/en\/wp-json\/wp\/v2\/types\/post"}],"author":[{"embeddable":true,"href":"https:\/\/grotta.is\/en\/wp-json\/wp\/v2\/users\/10"}],"replies":[{"embeddable":true,"href":"https:\/\/grotta.is\/en\/wp-json\/wp\/v2\/comments?post=365850"}],"version-history":[{"count":3,"href":"https:\/\/grotta.is\/en\/wp-json\/wp\/v2\/posts\/365850\/revisions"}],"predecessor-version":[{"id":365858,"href":"https:\/\/grotta.is\/en\/wp-json\/wp\/v2\/posts\/365850\/revisions\/365858"}],"wp:featuredmedia":[{"embeddable":true,"href":"https:\/\/grotta.is\/en\/wp-json\/wp\/v2\/media\/365851"}],"wp:attachment":[{"href":"https:\/\/grotta.is\/en\/wp-json\/wp\/v2\/media?parent=365850"}],"wp:term":[{"taxonomy":"category","embeddable":true,"href":"https:\/\/grotta.is\/en\/wp-json\/wp\/v2\/categories?post=365850"},{"taxonomy":"post_tag","embeddable":true,"href":"https:\/\/grotta.is\/en\/wp-json\/wp\/v2\/tags?post=365850"}],"curies":[{"name":"wp","href":"https:\/\/api.w.org\/{rel}","templated":true}]}}