{"id":364770,"date":"2021-11-24T14:57:51","date_gmt":"2021-11-24T14:57:51","guid":{"rendered":"https:\/\/grotta.is\/?p=364770"},"modified":"2021-11-24T14:57:54","modified_gmt":"2021-11-24T14:57:54","slug":"flott-helgi-ad-baki-hja-5-flokki-kvenna-eldri","status":"publish","type":"post","link":"https:\/\/grotta.is\/en\/handknattleiksdeild\/flott-helgi-ad-baki-hja-5-flokki-kvenna-eldri\/","title":{"rendered":"Flott helgi a\u00f0 baki hj\u00e1 5.flokki kvenna eldri"},"content":{"rendered":"<p>Eldra \u00e1ri\u00f0 \u00ed 5.flokki kvenna tefldi fram tveimur li\u00f0um um helgina \u00feegar \u00fe\u00e6r t\u00f3ku \u00fe\u00e1tt \u00e1 s\u00ednu \u00f6\u00f0ru \u00cdslandsm\u00f3ti. M\u00f3ti\u00f0 f\u00f3r fram hj\u00e1 Aftureldingu \u00ed Mosfellsb\u00e6.<\/p><p>Li\u00f0 2 spila\u00f0i \u00e1 laugardeginum \u00ed 4.deildinni. \u00de\u00e6r l\u00e9ku gegn Stj\u00f6rnunni \u00ed fyrsta leik \u00fear sem \u00fe\u00e6r unnu 16-11, flottur sigur hj\u00e1 \u00feeim. N\u00e6stu tveir leikir voru gegn Haukum og svo Fram. B\u00e1\u00f0ir leikirnir endu\u00f0u me\u00f0 jafntefli, 13-13 gegn Haukum og 7-7 gegn Fram. Flott frammista\u00f0a hj\u00e1 Gr\u00f3ttust\u00falkur. S\u00ed\u00f0asti leikur li\u00f0sins var s\u00ed\u00f0an aftur gegn Haukum \u00fear sem \u00fe\u00e6r unnu 10-9 eftir jafnan og spennandi leik. Li\u00f0 2 vann \u00fev\u00ed deildina og munu \u00fev\u00ed spila \u00ed 3.deildinni \u00e1 n\u00e6sta m\u00f3ti. Flott frammista\u00f0a og miklar framfarir hj\u00e1 st\u00falkunum okkar.<\/p><p>Li\u00f0 1 spila\u00f0i \u00e1 sunnudeginum \u00ed 2.deildinni. Fyrsti leikur var gegn V\u00edkingi og unnu \u00fe\u00e6r g\u00f3\u00f0an sigur 12-8 eftir hafa veri\u00f0 yfir allan leikinn. N\u00e6sti leikur var gegn Fram og unnu \u00fe\u00e6r 16-13 eftir spennandi leik. \u00deri\u00f0ji leikurinn var gegn \u00cdBV og var hann jafn og spennandi. Leikurinn enda\u00f0i me\u00f0 flottum sigri Gr\u00f3ttu 19-17. S\u00ed\u00f0asti leikurinn var s\u00ed\u00f0an gegn Fram og voru \u00fe\u00e6r me\u00f0 yfirh\u00f6ndina allan leikinn og unnu g\u00f3\u00f0an sigur 15-11. Li\u00f0 1 vann \u00fev\u00ed 2.deildina og munu \u00fev\u00ed spila \u00ed 1.deildinni \u00e1 n\u00e6sta m\u00f3ti.Flott frammista\u00f0a hj\u00e1 stelpunum og m\u00e1 greinilega sj\u00e1 framfarir hj\u00e1 b\u00e1\u00f0um li\u00f0um.<\/p><p>\u00dea\u00f0 ver\u00f0ur \u00e1fram spennandi a\u00f0 fylgjast me\u00f0 \u00feeim \u00ed vetur. \u00dej\u00e1lfarar stelpnanna eru \u00feeir Dav\u00ed\u00f0 \u00d6rn Hl\u00f6\u00f0versson og Patrekur P\u00e9tursson Sanko.<\/p><p><img fetchpriority=\"high\" decoding=\"async\" width=\"700\" height=\"700\" class=\"wp-image-364772\" style=\"width: 700px;\" src=\"https:\/\/grotta.is\/wp-content\/uploads\/2021\/11\/259876495_1803579746509980_5000223826496432639_n.jpg\" alt=\"\" srcset=\"https:\/\/grotta.is\/wp-content\/uploads\/2021\/11\/259876495_1803579746509980_5000223826496432639_n.jpg 1512w, https:\/\/grotta.is\/wp-content\/uploads\/2021\/11\/259876495_1803579746509980_5000223826496432639_n-300x300.jpg 300w, https:\/\/grotta.is\/wp-content\/uploads\/2021\/11\/259876495_1803579746509980_5000223826496432639_n-1024x1024.jpg 1024w, https:\/\/grotta.is\/wp-content\/uploads\/2021\/11\/259876495_1803579746509980_5000223826496432639_n-150x150.jpg 150w, https:\/\/grotta.is\/wp-content\/uploads\/2021\/11\/259876495_1803579746509980_5000223826496432639_n-768x768.jpg 768w, https:\/\/grotta.is\/wp-content\/uploads\/2021\/11\/259876495_1803579746509980_5000223826496432639_n-12x12.jpg 12w, https:\/\/grotta.is\/wp-content\/uploads\/2021\/11\/259876495_1803579746509980_5000223826496432639_n-500x500.jpg 500w, https:\/\/grotta.is\/wp-content\/uploads\/2021\/11\/259876495_1803579746509980_5000223826496432639_n-600x600.jpg 600w, https:\/\/grotta.is\/wp-content\/uploads\/2021\/11\/259876495_1803579746509980_5000223826496432639_n-100x100.jpg 100w\" sizes=\"(max-width: 700px) 100vw, 700px\" \/><\/p>","protected":false},"excerpt":{"rendered":"<p>Eldra \u00e1ri\u00f0 \u00ed 5.flokki kvenna tefldi fram tveimur li\u00f0um um helgina \u00feegar \u00fe\u00e6r t\u00f3ku \u00fe\u00e1tt \u00e1 s\u00ednu \u00f6\u00f0ru \u00cdslandsm\u00f3ti. M\u00f3ti\u00f0 f\u00f3r fram hj\u00e1 Aftureldingu \u00ed Mosfellsb\u00e6. Li\u00f0 2 spila\u00f0i \u00e1 [&hellip;]<\/p>","protected":false},"author":10,"featured_media":364771,"comment_status":"closed","ping_status":"closed","sticky":false,"template":"","format":"standard","meta":{"footnotes":""},"categories":[12],"tags":[127,128,13],"class_list":["post-364770","post","type-post","status-publish","format-standard","has-post-thumbnail","hentry","category-handknattleiksdeild","tag-5-flokkur-kvenna","tag-deildarmeistari","tag-handbolti"],"yoast_head":"<!-- This site is optimized with the Yoast SEO plugin v24.3 - https:\/\/yoast.com\/wordpress\/plugins\/seo\/ -->\n<title>Flott helgi a\u00f0 baki hj\u00e1 5.flokki kvenna eldri - \u00cd\u00fer\u00f3ttaf\u00e9lagi\u00f0 Gr\u00f3tta<\/title>\n<meta name=\"robots\" content=\"index, follow, max-snippet:-1, max-image-preview:large, max-video-preview:-1\" \/>\n<link rel=\"canonical\" href=\"https:\/\/grotta.is\/en\/handknattleiksdeild\/flott-helgi-ad-baki-hja-5-flokki-kvenna-eldri\/\" \/>\n<meta property=\"og:locale\" content=\"en_US\" \/>\n<meta property=\"og:type\" content=\"article\" \/>\n<meta property=\"og:title\" content=\"Flott helgi a\u00f0 baki hj\u00e1 5.flokki kvenna eldri - \u00cd\u00fer\u00f3ttaf\u00e9lagi\u00f0 Gr\u00f3tta\" \/>\n<meta property=\"og:description\" content=\"Eldra \u00e1ri\u00f0 \u00ed 5.flokki kvenna tefldi fram tveimur li\u00f0um um helgina \u00feegar \u00fe\u00e6r t\u00f3ku \u00fe\u00e1tt \u00e1 s\u00ednu \u00f6\u00f0ru \u00cdslandsm\u00f3ti. M\u00f3ti\u00f0 f\u00f3r fram hj\u00e1 Aftureldingu \u00ed Mosfellsb\u00e6. Li\u00f0 2 spila\u00f0i \u00e1 [&hellip;]\" \/>\n<meta property=\"og:url\" content=\"https:\/\/grotta.is\/en\/handknattleiksdeild\/flott-helgi-ad-baki-hja-5-flokki-kvenna-eldri\/\" \/>\n<meta property=\"og:site_name\" content=\"\u00cd\u00fer\u00f3ttaf\u00e9lagi\u00f0 Gr\u00f3tta\" \/>\n<meta property=\"article:publisher\" content=\"https:\/\/www.facebook.com\/grottasport\" \/>\n<meta property=\"article:published_time\" content=\"2021-11-24T14:57:51+00:00\" \/>\n<meta property=\"article:modified_time\" content=\"2021-11-24T14:57:54+00:00\" \/>\n<meta property=\"og:image\" content=\"https:\/\/grotta.is\/wp-content\/uploads\/2021\/11\/260141171_1803579813176640_2660297655572811480_n.jpg\" \/>\n\t<meta property=\"og:image:width\" content=\"1504\" \/>\n\t<meta property=\"og:image:height\" content=\"1504\" \/>\n\t<meta property=\"og:image:type\" content=\"image\/jpeg\" \/>\n<meta name=\"author\" content=\"Andri Sigf\u00fasson\" \/>\n<meta name=\"twitter:card\" content=\"summary_large_image\" \/>\n<meta name=\"twitter:label1\" content=\"Written by\" \/>\n\t<meta name=\"twitter:data1\" content=\"Andri Sigf\u00fasson\" \/>\n\t<meta name=\"twitter:label2\" content=\"Est. reading time\" \/>\n\t<meta name=\"twitter:data2\" content=\"2 minutes\" \/>\n<script type=\"application\/ld+json\" class=\"yoast-schema-graph\">{\"@context\":\"https:\/\/schema.org\",\"@graph\":[{\"@type\":\"Article\",\"@id\":\"https:\/\/grotta.is\/handknattleiksdeild\/flott-helgi-ad-baki-hja-5-flokki-kvenna-eldri\/#article\",\"isPartOf\":{\"@id\":\"https:\/\/grotta.is\/handknattleiksdeild\/flott-helgi-ad-baki-hja-5-flokki-kvenna-eldri\/\"},\"author\":{\"name\":\"Andri Sigf\u00fasson\",\"@id\":\"https:\/\/grotta.is\/#\/schema\/person\/b21e9d5dfd92c90211e343e8d7252b1c\"},\"headline\":\"Flott helgi a\u00f0 baki hj\u00e1 5.flokki kvenna eldri\",\"datePublished\":\"2021-11-24T14:57:51+00:00\",\"dateModified\":\"2021-11-24T14:57:54+00:00\",\"mainEntityOfPage\":{\"@id\":\"https:\/\/grotta.is\/handknattleiksdeild\/flott-helgi-ad-baki-hja-5-flokki-kvenna-eldri\/\"},\"wordCount\":266,\"publisher\":{\"@id\":\"https:\/\/grotta.is\/#organization\"},\"image\":{\"@id\":\"https:\/\/grotta.is\/handknattleiksdeild\/flott-helgi-ad-baki-hja-5-flokki-kvenna-eldri\/#primaryimage\"},\"thumbnailUrl\":\"https:\/\/grotta.is\/wp-content\/uploads\/2021\/11\/260141171_1803579813176640_2660297655572811480_n.jpg\",\"keywords\":[\"5.flokkur kvenna\",\"deildarmeistari\",\"Handbolti\"],\"articleSection\":[\"Handknattleiksdeild\"],\"inLanguage\":\"en-US\"},{\"@type\":\"WebPage\",\"@id\":\"https:\/\/grotta.is\/handknattleiksdeild\/flott-helgi-ad-baki-hja-5-flokki-kvenna-eldri\/\",\"url\":\"https:\/\/grotta.is\/handknattleiksdeild\/flott-helgi-ad-baki-hja-5-flokki-kvenna-eldri\/\",\"name\":\"Flott helgi a\u00f0 baki hj\u00e1 5.flokki kvenna eldri - \u00cd\u00fer\u00f3ttaf\u00e9lagi\u00f0 Gr\u00f3tta\",\"isPartOf\":{\"@id\":\"https:\/\/grotta.is\/#website\"},\"primaryImageOfPage\":{\"@id\":\"https:\/\/grotta.is\/handknattleiksdeild\/flott-helgi-ad-baki-hja-5-flokki-kvenna-eldri\/#primaryimage\"},\"image\":{\"@id\":\"https:\/\/grotta.is\/handknattleiksdeild\/flott-helgi-ad-baki-hja-5-flokki-kvenna-eldri\/#primaryimage\"},\"thumbnailUrl\":\"https:\/\/grotta.is\/wp-content\/uploads\/2021\/11\/260141171_1803579813176640_2660297655572811480_n.jpg\",\"datePublished\":\"2021-11-24T14:57:51+00:00\",\"dateModified\":\"2021-11-24T14:57:54+00:00\",\"breadcrumb\":{\"@id\":\"https:\/\/grotta.is\/handknattleiksdeild\/flott-helgi-ad-baki-hja-5-flokki-kvenna-eldri\/#breadcrumb\"},\"inLanguage\":\"en-US\",\"potentialAction\":[{\"@type\":\"ReadAction\",\"target\":[\"https:\/\/grotta.is\/handknattleiksdeild\/flott-helgi-ad-baki-hja-5-flokki-kvenna-eldri\/\"]}]},{\"@type\":\"ImageObject\",\"inLanguage\":\"en-US\",\"@id\":\"https:\/\/grotta.is\/handknattleiksdeild\/flott-helgi-ad-baki-hja-5-flokki-kvenna-eldri\/#primaryimage\",\"url\":\"https:\/\/grotta.is\/wp-content\/uploads\/2021\/11\/260141171_1803579813176640_2660297655572811480_n.jpg\",\"contentUrl\":\"https:\/\/grotta.is\/wp-content\/uploads\/2021\/11\/260141171_1803579813176640_2660297655572811480_n.jpg\",\"width\":1504,\"height\":1504},{\"@type\":\"BreadcrumbList\",\"@id\":\"https:\/\/grotta.is\/handknattleiksdeild\/flott-helgi-ad-baki-hja-5-flokki-kvenna-eldri\/#breadcrumb\",\"itemListElement\":[{\"@type\":\"ListItem\",\"position\":1,\"name\":\"Home\",\"item\":\"https:\/\/grotta.is\/\"},{\"@type\":\"ListItem\",\"position\":2,\"name\":\"Flott helgi a\u00f0 baki hj\u00e1 5.flokki kvenna eldri\"}]},{\"@type\":\"WebSite\",\"@id\":\"https:\/\/grotta.is\/#website\",\"url\":\"https:\/\/grotta.is\/\",\"name\":\"\u00cd\u00fer\u00f3ttaf\u00e9lagi\u00f0 Gr\u00f3tta\",\"description\":\"\u00e1 Seltjarnarnesi\",\"publisher\":{\"@id\":\"https:\/\/grotta.is\/#organization\"},\"potentialAction\":[{\"@type\":\"SearchAction\",\"target\":{\"@type\":\"EntryPoint\",\"urlTemplate\":\"https:\/\/grotta.is\/?s={search_term_string}\"},\"query-input\":{\"@type\":\"PropertyValueSpecification\",\"valueRequired\":true,\"valueName\":\"search_term_string\"}}],\"inLanguage\":\"en-US\"},{\"@type\":\"Organization\",\"@id\":\"https:\/\/grotta.is\/#organization\",\"name\":\"\u00cd\u00fer\u00f3ttaf\u00e9lagi\u00f0 Gr\u00f3tta\",\"url\":\"https:\/\/grotta.is\/\",\"logo\":{\"@type\":\"ImageObject\",\"inLanguage\":\"en-US\",\"@id\":\"https:\/\/grotta.is\/#\/schema\/logo\/image\/\",\"url\":\"https:\/\/grotta.is\/wp-content\/uploads\/2020\/02\/ithrottafelagidgrotta_logo_512x512_transparent.png\",\"contentUrl\":\"https:\/\/grotta.is\/wp-content\/uploads\/2020\/02\/ithrottafelagidgrotta_logo_512x512_transparent.png\",\"width\":512,\"height\":512,\"caption\":\"\u00cd\u00fer\u00f3ttaf\u00e9lagi\u00f0 Gr\u00f3tta\"},\"image\":{\"@id\":\"https:\/\/grotta.is\/#\/schema\/logo\/image\/\"},\"sameAs\":[\"https:\/\/www.facebook.com\/grottasport\"]},{\"@type\":\"Person\",\"@id\":\"https:\/\/grotta.is\/#\/schema\/person\/b21e9d5dfd92c90211e343e8d7252b1c\",\"name\":\"Andri Sigf\u00fasson\",\"url\":\"https:\/\/grotta.is\/en\/author\/andri\/\"}]}<\/script>\n<!-- \/ Yoast SEO plugin. -->","yoast_head_json":{"title":"Flott helgi a\u00f0 baki hj\u00e1 5.flokki kvenna eldri - \u00cd\u00fer\u00f3ttaf\u00e9lagi\u00f0 Gr\u00f3tta","robots":{"index":"index","follow":"follow","max-snippet":"max-snippet:-1","max-image-preview":"max-image-preview:large","max-video-preview":"max-video-preview:-1"},"canonical":"https:\/\/grotta.is\/en\/handknattleiksdeild\/flott-helgi-ad-baki-hja-5-flokki-kvenna-eldri\/","og_locale":"en_US","og_type":"article","og_title":"Flott helgi a\u00f0 baki hj\u00e1 5.flokki kvenna eldri - \u00cd\u00fer\u00f3ttaf\u00e9lagi\u00f0 Gr\u00f3tta","og_description":"Eldra \u00e1ri\u00f0 \u00ed 5.flokki kvenna tefldi fram tveimur li\u00f0um um helgina \u00feegar \u00fe\u00e6r t\u00f3ku \u00fe\u00e1tt \u00e1 s\u00ednu \u00f6\u00f0ru \u00cdslandsm\u00f3ti. M\u00f3ti\u00f0 f\u00f3r fram hj\u00e1 Aftureldingu \u00ed Mosfellsb\u00e6. Li\u00f0 2 spila\u00f0i \u00e1 [&hellip;]","og_url":"https:\/\/grotta.is\/en\/handknattleiksdeild\/flott-helgi-ad-baki-hja-5-flokki-kvenna-eldri\/","og_site_name":"\u00cd\u00fer\u00f3ttaf\u00e9lagi\u00f0 Gr\u00f3tta","article_publisher":"https:\/\/www.facebook.com\/grottasport","article_published_time":"2021-11-24T14:57:51+00:00","article_modified_time":"2021-11-24T14:57:54+00:00","og_image":[{"width":1504,"height":1504,"url":"https:\/\/grotta.is\/wp-content\/uploads\/2021\/11\/260141171_1803579813176640_2660297655572811480_n.jpg","type":"image\/jpeg"}],"author":"Andri Sigf\u00fasson","twitter_card":"summary_large_image","twitter_misc":{"Written by":"Andri Sigf\u00fasson","Est. reading time":"2 minutes"},"schema":{"@context":"https:\/\/schema.org","@graph":[{"@type":"Article","@id":"https:\/\/grotta.is\/handknattleiksdeild\/flott-helgi-ad-baki-hja-5-flokki-kvenna-eldri\/#article","isPartOf":{"@id":"https:\/\/grotta.is\/handknattleiksdeild\/flott-helgi-ad-baki-hja-5-flokki-kvenna-eldri\/"},"author":{"name":"Andri Sigf\u00fasson","@id":"https:\/\/grotta.is\/#\/schema\/person\/b21e9d5dfd92c90211e343e8d7252b1c"},"headline":"Flott helgi a\u00f0 baki hj\u00e1 5.flokki kvenna eldri","datePublished":"2021-11-24T14:57:51+00:00","dateModified":"2021-11-24T14:57:54+00:00","mainEntityOfPage":{"@id":"https:\/\/grotta.is\/handknattleiksdeild\/flott-helgi-ad-baki-hja-5-flokki-kvenna-eldri\/"},"wordCount":266,"publisher":{"@id":"https:\/\/grotta.is\/#organization"},"image":{"@id":"https:\/\/grotta.is\/handknattleiksdeild\/flott-helgi-ad-baki-hja-5-flokki-kvenna-eldri\/#primaryimage"},"thumbnailUrl":"https:\/\/grotta.is\/wp-content\/uploads\/2021\/11\/260141171_1803579813176640_2660297655572811480_n.jpg","keywords":["5.flokkur kvenna","deildarmeistari","Handbolti"],"articleSection":["Handknattleiksdeild"],"inLanguage":"en-US"},{"@type":"WebPage","@id":"https:\/\/grotta.is\/handknattleiksdeild\/flott-helgi-ad-baki-hja-5-flokki-kvenna-eldri\/","url":"https:\/\/grotta.is\/handknattleiksdeild\/flott-helgi-ad-baki-hja-5-flokki-kvenna-eldri\/","name":"Flott helgi a\u00f0 baki hj\u00e1 5.flokki kvenna eldri - \u00cd\u00fer\u00f3ttaf\u00e9lagi\u00f0 Gr\u00f3tta","isPartOf":{"@id":"https:\/\/grotta.is\/#website"},"primaryImageOfPage":{"@id":"https:\/\/grotta.is\/handknattleiksdeild\/flott-helgi-ad-baki-hja-5-flokki-kvenna-eldri\/#primaryimage"},"image":{"@id":"https:\/\/grotta.is\/handknattleiksdeild\/flott-helgi-ad-baki-hja-5-flokki-kvenna-eldri\/#primaryimage"},"thumbnailUrl":"https:\/\/grotta.is\/wp-content\/uploads\/2021\/11\/260141171_1803579813176640_2660297655572811480_n.jpg","datePublished":"2021-11-24T14:57:51+00:00","dateModified":"2021-11-24T14:57:54+00:00","breadcrumb":{"@id":"https:\/\/grotta.is\/handknattleiksdeild\/flott-helgi-ad-baki-hja-5-flokki-kvenna-eldri\/#breadcrumb"},"inLanguage":"en-US","potentialAction":[{"@type":"ReadAction","target":["https:\/\/grotta.is\/handknattleiksdeild\/flott-helgi-ad-baki-hja-5-flokki-kvenna-eldri\/"]}]},{"@type":"ImageObject","inLanguage":"en-US","@id":"https:\/\/grotta.is\/handknattleiksdeild\/flott-helgi-ad-baki-hja-5-flokki-kvenna-eldri\/#primaryimage","url":"https:\/\/grotta.is\/wp-content\/uploads\/2021\/11\/260141171_1803579813176640_2660297655572811480_n.jpg","contentUrl":"https:\/\/grotta.is\/wp-content\/uploads\/2021\/11\/260141171_1803579813176640_2660297655572811480_n.jpg","width":1504,"height":1504},{"@type":"BreadcrumbList","@id":"https:\/\/grotta.is\/handknattleiksdeild\/flott-helgi-ad-baki-hja-5-flokki-kvenna-eldri\/#breadcrumb","itemListElement":[{"@type":"ListItem","position":1,"name":"Home","item":"https:\/\/grotta.is\/"},{"@type":"ListItem","position":2,"name":"Flott helgi a\u00f0 baki hj\u00e1 5.flokki kvenna eldri"}]},{"@type":"WebSite","@id":"https:\/\/grotta.is\/#website","url":"https:\/\/grotta.is\/","name":"\u00cd\u00fer\u00f3ttaf\u00e9lagi\u00f0 Gr\u00f3tta","description":"\u00e1 Seltjarnarnesi","publisher":{"@id":"https:\/\/grotta.is\/#organization"},"potentialAction":[{"@type":"SearchAction","target":{"@type":"EntryPoint","urlTemplate":"https:\/\/grotta.is\/?s={search_term_string}"},"query-input":{"@type":"PropertyValueSpecification","valueRequired":true,"valueName":"search_term_string"}}],"inLanguage":"en-US"},{"@type":"Organization","@id":"https:\/\/grotta.is\/#organization","name":"\u00cd\u00fer\u00f3ttaf\u00e9lagi\u00f0 Gr\u00f3tta","url":"https:\/\/grotta.is\/","logo":{"@type":"ImageObject","inLanguage":"en-US","@id":"https:\/\/grotta.is\/#\/schema\/logo\/image\/","url":"https:\/\/grotta.is\/wp-content\/uploads\/2020\/02\/ithrottafelagidgrotta_logo_512x512_transparent.png","contentUrl":"https:\/\/grotta.is\/wp-content\/uploads\/2020\/02\/ithrottafelagidgrotta_logo_512x512_transparent.png","width":512,"height":512,"caption":"\u00cd\u00fer\u00f3ttaf\u00e9lagi\u00f0 Gr\u00f3tta"},"image":{"@id":"https:\/\/grotta.is\/#\/schema\/logo\/image\/"},"sameAs":["https:\/\/www.facebook.com\/grottasport"]},{"@type":"Person","@id":"https:\/\/grotta.is\/#\/schema\/person\/b21e9d5dfd92c90211e343e8d7252b1c","name":"Andri Sigf\u00fasson","url":"https:\/\/grotta.is\/en\/author\/andri\/"}]}},"_links":{"self":[{"href":"https:\/\/grotta.is\/en\/wp-json\/wp\/v2\/posts\/364770","targetHints":{"allow":["GET"]}}],"collection":[{"href":"https:\/\/grotta.is\/en\/wp-json\/wp\/v2\/posts"}],"about":[{"href":"https:\/\/grotta.is\/en\/wp-json\/wp\/v2\/types\/post"}],"author":[{"embeddable":true,"href":"https:\/\/grotta.is\/en\/wp-json\/wp\/v2\/users\/10"}],"replies":[{"embeddable":true,"href":"https:\/\/grotta.is\/en\/wp-json\/wp\/v2\/comments?post=364770"}],"version-history":[{"count":1,"href":"https:\/\/grotta.is\/en\/wp-json\/wp\/v2\/posts\/364770\/revisions"}],"predecessor-version":[{"id":364773,"href":"https:\/\/grotta.is\/en\/wp-json\/wp\/v2\/posts\/364770\/revisions\/364773"}],"wp:featuredmedia":[{"embeddable":true,"href":"https:\/\/grotta.is\/en\/wp-json\/wp\/v2\/media\/364771"}],"wp:attachment":[{"href":"https:\/\/grotta.is\/en\/wp-json\/wp\/v2\/media?parent=364770"}],"wp:term":[{"taxonomy":"category","embeddable":true,"href":"https:\/\/grotta.is\/en\/wp-json\/wp\/v2\/categories?post=364770"},{"taxonomy":"post_tag","embeddable":true,"href":"https:\/\/grotta.is\/en\/wp-json\/wp\/v2\/tags?post=364770"}],"curies":[{"name":"wp","href":"https:\/\/api.w.org\/{rel}","templated":true}]}}