{"id":364343,"date":"2021-11-18T18:42:36","date_gmt":"2021-11-18T18:42:36","guid":{"rendered":"https:\/\/grotta.is\/?p=364343"},"modified":"2021-11-18T18:42:40","modified_gmt":"2021-11-18T18:42:40","slug":"5-leikmenn-i-u14-kvenna","status":"publish","type":"post","link":"https:\/\/grotta.is\/en\/handknattleiksdeild\/5-leikmenn-i-u14-kvenna\/","title":{"rendered":"5 leikmenn \u00ed U14 kvenna"},"content":{"rendered":"<p>Fimm stelpur fr\u00e1 Gr\u00f3ttu\/KR hafa veri\u00f0 valdar \u00ed U14 \u00e1ra landsli\u00f0i\u00f0 sem \u00e6fir dagana 26. &#8211; 28. n\u00f3vember n\u00e6stkomandi. \u00dea\u00f0 eru \u00fe\u00e6r; Arnd\u00eds \u00c1slaug Gr\u00edmsd\u00f3ttir, D\u00f3ra El\u00edsabet Gylfad\u00f3ttir, El\u00edsabet \u00c1sa Einarsd\u00f3ttir, Helga Sif Bragad\u00f3ttir og Magr\u00e9t L\u00e1ra J\u00f3nasd\u00f3ttir.<\/p><p><br>\u00deetta er \u00ed anna\u00f0 sinn \u00ed vetur sem \u00feessar fimm st\u00falkur hafa veri\u00f0 valdar \u00ed h\u00f3pinn. Vi\u00f0 \u00f3skum \u00feeim til hamingju me\u00f0 vali\u00f0 og \u00f3skum \u00feeim g\u00f3\u00f0s gengis \u00e1 \u00e6fingunum. Vonandi halda \u00fe\u00e6r \u00e1fram a\u00f0 standa sig vel !<\/p><p><br>\u00dej\u00e1lfarar U14 \u00e1ra landsli\u00f0s kvenna eru \u00feau D\u00edana Gu\u00f0j\u00f3nsd\u00f3ttir og J\u00f3n Brynjar Bj\u00f6rnsson.<\/p>","protected":false},"excerpt":{"rendered":"<p>Fimm stelpur fr\u00e1 Gr\u00f3ttu\/KR hafa veri\u00f0 valdar \u00ed U14 \u00e1ra landsli\u00f0i\u00f0 sem \u00e6fir dagana 26. &#8211; 28. n\u00f3vember n\u00e6stkomandi. \u00dea\u00f0 eru \u00fe\u00e6r; Arnd\u00eds \u00c1slaug Gr\u00edmsd\u00f3ttir, D\u00f3ra El\u00edsabet Gylfad\u00f3ttir, El\u00edsabet \u00c1sa [&hellip;]<\/p>","protected":false},"author":10,"featured_media":364344,"comment_status":"closed","ping_status":"closed","sticky":false,"template":"","format":"standard","meta":{"footnotes":""},"categories":[12],"tags":[13,126,110],"class_list":["post-364343","post","type-post","status-publish","format-standard","has-post-thumbnail","hentry","category-handknattleiksdeild","tag-handbolti","tag-u14kvenna","tag-unglingalandslid"],"yoast_head":"<!-- This site is optimized with the Yoast SEO plugin v24.3 - https:\/\/yoast.com\/wordpress\/plugins\/seo\/ -->\n<title>5 leikmenn \u00ed U14 kvenna - \u00cd\u00fer\u00f3ttaf\u00e9lagi\u00f0 Gr\u00f3tta<\/title>\n<meta name=\"robots\" content=\"index, follow, max-snippet:-1, max-image-preview:large, max-video-preview:-1\" \/>\n<link rel=\"canonical\" href=\"https:\/\/grotta.is\/en\/handknattleiksdeild\/5-leikmenn-i-u14-kvenna\/\" \/>\n<meta property=\"og:locale\" content=\"en_US\" \/>\n<meta property=\"og:type\" content=\"article\" \/>\n<meta property=\"og:title\" content=\"5 leikmenn \u00ed U14 kvenna - \u00cd\u00fer\u00f3ttaf\u00e9lagi\u00f0 Gr\u00f3tta\" \/>\n<meta property=\"og:description\" content=\"Fimm stelpur fr\u00e1 Gr\u00f3ttu\/KR hafa veri\u00f0 valdar \u00ed U14 \u00e1ra landsli\u00f0i\u00f0 sem \u00e6fir dagana 26. &#8211; 28. n\u00f3vember n\u00e6stkomandi. \u00dea\u00f0 eru \u00fe\u00e6r; Arnd\u00eds \u00c1slaug Gr\u00edmsd\u00f3ttir, D\u00f3ra El\u00edsabet Gylfad\u00f3ttir, El\u00edsabet \u00c1sa [&hellip;]\" \/>\n<meta property=\"og:url\" content=\"https:\/\/grotta.is\/en\/handknattleiksdeild\/5-leikmenn-i-u14-kvenna\/\" \/>\n<meta property=\"og:site_name\" content=\"\u00cd\u00fer\u00f3ttaf\u00e9lagi\u00f0 Gr\u00f3tta\" \/>\n<meta property=\"article:publisher\" content=\"https:\/\/www.facebook.com\/grottasport\" \/>\n<meta property=\"article:published_time\" content=\"2021-11-18T18:42:36+00:00\" \/>\n<meta property=\"article:modified_time\" content=\"2021-11-18T18:42:40+00:00\" \/>\n<meta property=\"og:image\" content=\"https:\/\/grotta.is\/wp-content\/uploads\/2021\/11\/U14-kvenna-scaled.jpg\" \/>\n\t<meta property=\"og:image:width\" content=\"2560\" \/>\n\t<meta property=\"og:image:height\" content=\"1920\" \/>\n\t<meta property=\"og:image:type\" content=\"image\/jpeg\" \/>\n<meta name=\"author\" content=\"Andri Sigf\u00fasson\" \/>\n<meta name=\"twitter:card\" content=\"summary_large_image\" \/>\n<meta name=\"twitter:label1\" content=\"Written by\" \/>\n\t<meta name=\"twitter:data1\" content=\"Andri Sigf\u00fasson\" \/>\n\t<meta name=\"twitter:label2\" content=\"Est. reading time\" \/>\n\t<meta name=\"twitter:data2\" content=\"1 minute\" \/>\n<script type=\"application\/ld+json\" class=\"yoast-schema-graph\">{\"@context\":\"https:\/\/schema.org\",\"@graph\":[{\"@type\":\"Article\",\"@id\":\"https:\/\/grotta.is\/handknattleiksdeild\/5-leikmenn-i-u14-kvenna\/#article\",\"isPartOf\":{\"@id\":\"https:\/\/grotta.is\/handknattleiksdeild\/5-leikmenn-i-u14-kvenna\/\"},\"author\":{\"name\":\"Andri Sigf\u00fasson\",\"@id\":\"https:\/\/grotta.is\/#\/schema\/person\/b21e9d5dfd92c90211e343e8d7252b1c\"},\"headline\":\"5 leikmenn \u00ed U14 kvenna\",\"datePublished\":\"2021-11-18T18:42:36+00:00\",\"dateModified\":\"2021-11-18T18:42:40+00:00\",\"mainEntityOfPage\":{\"@id\":\"https:\/\/grotta.is\/handknattleiksdeild\/5-leikmenn-i-u14-kvenna\/\"},\"wordCount\":114,\"publisher\":{\"@id\":\"https:\/\/grotta.is\/#organization\"},\"image\":{\"@id\":\"https:\/\/grotta.is\/handknattleiksdeild\/5-leikmenn-i-u14-kvenna\/#primaryimage\"},\"thumbnailUrl\":\"https:\/\/grotta.is\/wp-content\/uploads\/2021\/11\/U14-kvenna-scaled.jpg\",\"keywords\":[\"Handbolti\",\"u14kvenna\",\"unglingalandsli\u00f0\"],\"articleSection\":[\"Handknattleiksdeild\"],\"inLanguage\":\"en-US\"},{\"@type\":\"WebPage\",\"@id\":\"https:\/\/grotta.is\/handknattleiksdeild\/5-leikmenn-i-u14-kvenna\/\",\"url\":\"https:\/\/grotta.is\/handknattleiksdeild\/5-leikmenn-i-u14-kvenna\/\",\"name\":\"5 leikmenn \u00ed U14 kvenna - \u00cd\u00fer\u00f3ttaf\u00e9lagi\u00f0 Gr\u00f3tta\",\"isPartOf\":{\"@id\":\"https:\/\/grotta.is\/#website\"},\"primaryImageOfPage\":{\"@id\":\"https:\/\/grotta.is\/handknattleiksdeild\/5-leikmenn-i-u14-kvenna\/#primaryimage\"},\"image\":{\"@id\":\"https:\/\/grotta.is\/handknattleiksdeild\/5-leikmenn-i-u14-kvenna\/#primaryimage\"},\"thumbnailUrl\":\"https:\/\/grotta.is\/wp-content\/uploads\/2021\/11\/U14-kvenna-scaled.jpg\",\"datePublished\":\"2021-11-18T18:42:36+00:00\",\"dateModified\":\"2021-11-18T18:42:40+00:00\",\"breadcrumb\":{\"@id\":\"https:\/\/grotta.is\/handknattleiksdeild\/5-leikmenn-i-u14-kvenna\/#breadcrumb\"},\"inLanguage\":\"en-US\",\"potentialAction\":[{\"@type\":\"ReadAction\",\"target\":[\"https:\/\/grotta.is\/handknattleiksdeild\/5-leikmenn-i-u14-kvenna\/\"]}]},{\"@type\":\"ImageObject\",\"inLanguage\":\"en-US\",\"@id\":\"https:\/\/grotta.is\/handknattleiksdeild\/5-leikmenn-i-u14-kvenna\/#primaryimage\",\"url\":\"https:\/\/grotta.is\/wp-content\/uploads\/2021\/11\/U14-kvenna-scaled.jpg\",\"contentUrl\":\"https:\/\/grotta.is\/wp-content\/uploads\/2021\/11\/U14-kvenna-scaled.jpg\",\"width\":2560,\"height\":1920},{\"@type\":\"BreadcrumbList\",\"@id\":\"https:\/\/grotta.is\/handknattleiksdeild\/5-leikmenn-i-u14-kvenna\/#breadcrumb\",\"itemListElement\":[{\"@type\":\"ListItem\",\"position\":1,\"name\":\"Home\",\"item\":\"https:\/\/grotta.is\/\"},{\"@type\":\"ListItem\",\"position\":2,\"name\":\"5 leikmenn \u00ed U14 kvenna\"}]},{\"@type\":\"WebSite\",\"@id\":\"https:\/\/grotta.is\/#website\",\"url\":\"https:\/\/grotta.is\/\",\"name\":\"\u00cd\u00fer\u00f3ttaf\u00e9lagi\u00f0 Gr\u00f3tta\",\"description\":\"\u00e1 Seltjarnarnesi\",\"publisher\":{\"@id\":\"https:\/\/grotta.is\/#organization\"},\"potentialAction\":[{\"@type\":\"SearchAction\",\"target\":{\"@type\":\"EntryPoint\",\"urlTemplate\":\"https:\/\/grotta.is\/?s={search_term_string}\"},\"query-input\":{\"@type\":\"PropertyValueSpecification\",\"valueRequired\":true,\"valueName\":\"search_term_string\"}}],\"inLanguage\":\"en-US\"},{\"@type\":\"Organization\",\"@id\":\"https:\/\/grotta.is\/#organization\",\"name\":\"\u00cd\u00fer\u00f3ttaf\u00e9lagi\u00f0 Gr\u00f3tta\",\"url\":\"https:\/\/grotta.is\/\",\"logo\":{\"@type\":\"ImageObject\",\"inLanguage\":\"en-US\",\"@id\":\"https:\/\/grotta.is\/#\/schema\/logo\/image\/\",\"url\":\"https:\/\/grotta.is\/wp-content\/uploads\/2020\/02\/ithrottafelagidgrotta_logo_512x512_transparent.png\",\"contentUrl\":\"https:\/\/grotta.is\/wp-content\/uploads\/2020\/02\/ithrottafelagidgrotta_logo_512x512_transparent.png\",\"width\":512,\"height\":512,\"caption\":\"\u00cd\u00fer\u00f3ttaf\u00e9lagi\u00f0 Gr\u00f3tta\"},\"image\":{\"@id\":\"https:\/\/grotta.is\/#\/schema\/logo\/image\/\"},\"sameAs\":[\"https:\/\/www.facebook.com\/grottasport\"]},{\"@type\":\"Person\",\"@id\":\"https:\/\/grotta.is\/#\/schema\/person\/b21e9d5dfd92c90211e343e8d7252b1c\",\"name\":\"Andri Sigf\u00fasson\",\"url\":\"https:\/\/grotta.is\/en\/author\/andri\/\"}]}<\/script>\n<!-- \/ Yoast SEO plugin. -->","yoast_head_json":{"title":"5 leikmenn \u00ed U14 kvenna - \u00cd\u00fer\u00f3ttaf\u00e9lagi\u00f0 Gr\u00f3tta","robots":{"index":"index","follow":"follow","max-snippet":"max-snippet:-1","max-image-preview":"max-image-preview:large","max-video-preview":"max-video-preview:-1"},"canonical":"https:\/\/grotta.is\/en\/handknattleiksdeild\/5-leikmenn-i-u14-kvenna\/","og_locale":"en_US","og_type":"article","og_title":"5 leikmenn \u00ed U14 kvenna - \u00cd\u00fer\u00f3ttaf\u00e9lagi\u00f0 Gr\u00f3tta","og_description":"Fimm stelpur fr\u00e1 Gr\u00f3ttu\/KR hafa veri\u00f0 valdar \u00ed U14 \u00e1ra landsli\u00f0i\u00f0 sem \u00e6fir dagana 26. &#8211; 28. n\u00f3vember n\u00e6stkomandi. \u00dea\u00f0 eru \u00fe\u00e6r; Arnd\u00eds \u00c1slaug Gr\u00edmsd\u00f3ttir, D\u00f3ra El\u00edsabet Gylfad\u00f3ttir, El\u00edsabet \u00c1sa [&hellip;]","og_url":"https:\/\/grotta.is\/en\/handknattleiksdeild\/5-leikmenn-i-u14-kvenna\/","og_site_name":"\u00cd\u00fer\u00f3ttaf\u00e9lagi\u00f0 Gr\u00f3tta","article_publisher":"https:\/\/www.facebook.com\/grottasport","article_published_time":"2021-11-18T18:42:36+00:00","article_modified_time":"2021-11-18T18:42:40+00:00","og_image":[{"width":2560,"height":1920,"url":"https:\/\/grotta.is\/wp-content\/uploads\/2021\/11\/U14-kvenna-scaled.jpg","type":"image\/jpeg"}],"author":"Andri Sigf\u00fasson","twitter_card":"summary_large_image","twitter_misc":{"Written by":"Andri Sigf\u00fasson","Est. reading time":"1 minute"},"schema":{"@context":"https:\/\/schema.org","@graph":[{"@type":"Article","@id":"https:\/\/grotta.is\/handknattleiksdeild\/5-leikmenn-i-u14-kvenna\/#article","isPartOf":{"@id":"https:\/\/grotta.is\/handknattleiksdeild\/5-leikmenn-i-u14-kvenna\/"},"author":{"name":"Andri Sigf\u00fasson","@id":"https:\/\/grotta.is\/#\/schema\/person\/b21e9d5dfd92c90211e343e8d7252b1c"},"headline":"5 leikmenn \u00ed U14 kvenna","datePublished":"2021-11-18T18:42:36+00:00","dateModified":"2021-11-18T18:42:40+00:00","mainEntityOfPage":{"@id":"https:\/\/grotta.is\/handknattleiksdeild\/5-leikmenn-i-u14-kvenna\/"},"wordCount":114,"publisher":{"@id":"https:\/\/grotta.is\/#organization"},"image":{"@id":"https:\/\/grotta.is\/handknattleiksdeild\/5-leikmenn-i-u14-kvenna\/#primaryimage"},"thumbnailUrl":"https:\/\/grotta.is\/wp-content\/uploads\/2021\/11\/U14-kvenna-scaled.jpg","keywords":["Handbolti","u14kvenna","unglingalandsli\u00f0"],"articleSection":["Handknattleiksdeild"],"inLanguage":"en-US"},{"@type":"WebPage","@id":"https:\/\/grotta.is\/handknattleiksdeild\/5-leikmenn-i-u14-kvenna\/","url":"https:\/\/grotta.is\/handknattleiksdeild\/5-leikmenn-i-u14-kvenna\/","name":"5 leikmenn \u00ed U14 kvenna - \u00cd\u00fer\u00f3ttaf\u00e9lagi\u00f0 Gr\u00f3tta","isPartOf":{"@id":"https:\/\/grotta.is\/#website"},"primaryImageOfPage":{"@id":"https:\/\/grotta.is\/handknattleiksdeild\/5-leikmenn-i-u14-kvenna\/#primaryimage"},"image":{"@id":"https:\/\/grotta.is\/handknattleiksdeild\/5-leikmenn-i-u14-kvenna\/#primaryimage"},"thumbnailUrl":"https:\/\/grotta.is\/wp-content\/uploads\/2021\/11\/U14-kvenna-scaled.jpg","datePublished":"2021-11-18T18:42:36+00:00","dateModified":"2021-11-18T18:42:40+00:00","breadcrumb":{"@id":"https:\/\/grotta.is\/handknattleiksdeild\/5-leikmenn-i-u14-kvenna\/#breadcrumb"},"inLanguage":"en-US","potentialAction":[{"@type":"ReadAction","target":["https:\/\/grotta.is\/handknattleiksdeild\/5-leikmenn-i-u14-kvenna\/"]}]},{"@type":"ImageObject","inLanguage":"en-US","@id":"https:\/\/grotta.is\/handknattleiksdeild\/5-leikmenn-i-u14-kvenna\/#primaryimage","url":"https:\/\/grotta.is\/wp-content\/uploads\/2021\/11\/U14-kvenna-scaled.jpg","contentUrl":"https:\/\/grotta.is\/wp-content\/uploads\/2021\/11\/U14-kvenna-scaled.jpg","width":2560,"height":1920},{"@type":"BreadcrumbList","@id":"https:\/\/grotta.is\/handknattleiksdeild\/5-leikmenn-i-u14-kvenna\/#breadcrumb","itemListElement":[{"@type":"ListItem","position":1,"name":"Home","item":"https:\/\/grotta.is\/"},{"@type":"ListItem","position":2,"name":"5 leikmenn \u00ed U14 kvenna"}]},{"@type":"WebSite","@id":"https:\/\/grotta.is\/#website","url":"https:\/\/grotta.is\/","name":"\u00cd\u00fer\u00f3ttaf\u00e9lagi\u00f0 Gr\u00f3tta","description":"\u00e1 Seltjarnarnesi","publisher":{"@id":"https:\/\/grotta.is\/#organization"},"potentialAction":[{"@type":"SearchAction","target":{"@type":"EntryPoint","urlTemplate":"https:\/\/grotta.is\/?s={search_term_string}"},"query-input":{"@type":"PropertyValueSpecification","valueRequired":true,"valueName":"search_term_string"}}],"inLanguage":"en-US"},{"@type":"Organization","@id":"https:\/\/grotta.is\/#organization","name":"\u00cd\u00fer\u00f3ttaf\u00e9lagi\u00f0 Gr\u00f3tta","url":"https:\/\/grotta.is\/","logo":{"@type":"ImageObject","inLanguage":"en-US","@id":"https:\/\/grotta.is\/#\/schema\/logo\/image\/","url":"https:\/\/grotta.is\/wp-content\/uploads\/2020\/02\/ithrottafelagidgrotta_logo_512x512_transparent.png","contentUrl":"https:\/\/grotta.is\/wp-content\/uploads\/2020\/02\/ithrottafelagidgrotta_logo_512x512_transparent.png","width":512,"height":512,"caption":"\u00cd\u00fer\u00f3ttaf\u00e9lagi\u00f0 Gr\u00f3tta"},"image":{"@id":"https:\/\/grotta.is\/#\/schema\/logo\/image\/"},"sameAs":["https:\/\/www.facebook.com\/grottasport"]},{"@type":"Person","@id":"https:\/\/grotta.is\/#\/schema\/person\/b21e9d5dfd92c90211e343e8d7252b1c","name":"Andri Sigf\u00fasson","url":"https:\/\/grotta.is\/en\/author\/andri\/"}]}},"_links":{"self":[{"href":"https:\/\/grotta.is\/en\/wp-json\/wp\/v2\/posts\/364343","targetHints":{"allow":["GET"]}}],"collection":[{"href":"https:\/\/grotta.is\/en\/wp-json\/wp\/v2\/posts"}],"about":[{"href":"https:\/\/grotta.is\/en\/wp-json\/wp\/v2\/types\/post"}],"author":[{"embeddable":true,"href":"https:\/\/grotta.is\/en\/wp-json\/wp\/v2\/users\/10"}],"replies":[{"embeddable":true,"href":"https:\/\/grotta.is\/en\/wp-json\/wp\/v2\/comments?post=364343"}],"version-history":[{"count":1,"href":"https:\/\/grotta.is\/en\/wp-json\/wp\/v2\/posts\/364343\/revisions"}],"predecessor-version":[{"id":364345,"href":"https:\/\/grotta.is\/en\/wp-json\/wp\/v2\/posts\/364343\/revisions\/364345"}],"wp:featuredmedia":[{"embeddable":true,"href":"https:\/\/grotta.is\/en\/wp-json\/wp\/v2\/media\/364344"}],"wp:attachment":[{"href":"https:\/\/grotta.is\/en\/wp-json\/wp\/v2\/media?parent=364343"}],"wp:term":[{"taxonomy":"category","embeddable":true,"href":"https:\/\/grotta.is\/en\/wp-json\/wp\/v2\/categories?post=364343"},{"taxonomy":"post_tag","embeddable":true,"href":"https:\/\/grotta.is\/en\/wp-json\/wp\/v2\/tags?post=364343"}],"curies":[{"name":"wp","href":"https:\/\/api.w.org\/{rel}","templated":true}]}}