{"id":362747,"date":"2021-10-23T10:45:15","date_gmt":"2021-10-23T10:45:15","guid":{"rendered":"https:\/\/grotta.is\/?p=362747"},"modified":"2021-10-23T10:45:19","modified_gmt":"2021-10-23T10:45:19","slug":"kjartan-kari-og-arnthor-pall-aefa-med-bodo-glimt","status":"publish","type":"post","link":"https:\/\/grotta.is\/en\/knattspyrnudeild\/kjartan-kari-og-arnthor-pall-aefa-med-bodo-glimt\/","title":{"rendered":"Kjartan K\u00e1ri og Arn\u00fe\u00f3r P\u00e1ll \u00e6fa me\u00f0 Bod\u00f6\/Glimt"},"content":{"rendered":"<p>Kjartan K\u00e1ri Halld\u00f3rsson og Arn\u00fe\u00f3r P\u00e1ll Hafsteinsson hafa s\u00ed\u00f0ustu daga \u00e6ft me\u00f0 Noregsmeisturum Bod\u00f6\/Glimt. \u00deeir hafa \u00e6ft me\u00f0 unglingali\u00f0um f\u00e9lagsins en fengu \u00ed dag t\u00e6kif\u00e6ri til a\u00f0 \u00e6fa me\u00f0 a\u00f0alli\u00f0inu, daginn eftir fr\u00e6kinn 6-1 sigur Bod\u00f6\/Glimt \u00e1 Roma \u00ed Evr\u00f3pudeildinni.<\/p><p>Gera m\u00e1 r\u00e1\u00f0 fyrir a\u00f0 reynslan ver\u00f0i fr\u00e1b\u00e6r fyrir Gr\u00f3ttumennina ungu en fer\u00f0in er \u00fe\u00e1ttur \u00ed afreksstefnu Gr\u00f3ttu sem me\u00f0al annars felur \u00ed s\u00e9r samvinnu me\u00f0 erlendum f\u00e9l\u00f6gum.<\/p><p>Chris Brazell \u00fej\u00e1lfari meistaraflokks karla er \u00e1n\u00e6g\u00f0ur fyrir h\u00f6nd str\u00e1kanna:<br>\u201eGr\u00f3tta er l\u00edti\u00f0 f\u00e9lag sem \u00fearf a\u00f0 fara \u00f3tro\u00f0nar sl\u00f3\u00f0ir til a\u00f0 halda \u00ed vi\u00f0, og gera betur en \u00f6nnur f\u00e9l\u00f6g. Miki\u00f0 fj\u00e1rmagn er ekki a\u00f0alatri\u00f0i\u00f0 \u00ed \u00fer\u00f3un ungra leikmanna og \u00fev\u00ed stefnir Gr\u00f3tta a\u00f0 \u00fev\u00ed a\u00f0 b\u00faa ungum leikm\u00f6nnum sem eru a\u00f0 hefja sinn meistaraflokksferil besta umhverfi \u00e1 landinu. Umr\u00e6ddir leikmenn (str\u00e1kar og stelpur) geta veri\u00f0 uppaldir \u00ed Gr\u00f3ttu, l\u00e1nsmenn fr\u00e1 \u00f6\u00f0rum f\u00e9l\u00f6gum e\u00f0a leikmenn sem vi\u00f0 komum auga \u00e1 (e. scouting) og f\u00e1um til li\u00f0s vi\u00f0 okkur. Vi\u00f0 viljum hj\u00e1lpa ungum leikm\u00f6nnum a\u00f0 b\u00e6ta sig innan okkar ra\u00f0a og hj\u00e1lpa \u00feeim \u00feannig a\u00f0 taka n\u00e6stu skrefin \u00e1 s\u00ednum knattspyrnuferli.<\/p><p>Hluti af \u00feessari n\u00e1lgun hj\u00e1 Gr\u00f3ttu er a\u00f0 gefa ungum leikm\u00f6nnum t\u00e6kif\u00e6ri til a\u00f0 fara \u00ed heims\u00f3knir til atvinnumannaf\u00e9laga og upplifa \u00e6fingar og umhverfi eins og \u00fea\u00f0 gerist best. \u00c9g tel \u00fea\u00f0 alls ekki s\u00ed\u00f0ra en a\u00f0 fara \u00e1 &#8222;trial&#8220; \u00fear sem pressan er mikil og skemmir oft upplifunina. Heims\u00f3knir eins og Arn\u00fe\u00f3r og Kjartan eru \u00ed n\u00fana b\u00e6ta miklu vi\u00f0 reynslubankann og geta hj\u00e1lpa\u00f0 leikm\u00f6nnum s\u00ed\u00f0ar meir a\u00f0 a\u00f0lagast og l\u00ed\u00f0a vel komist \u00feeir \u00fat \u00ed atvinnumennsku.<\/p><p>Gr\u00f3tta fagnar samstarfinu vi\u00f0 Bod\u00f6\/Glimt. Reynslan er fr\u00e1b\u00e6r fyrir str\u00e1kana og vi\u00f0 hl\u00f6kkum til a\u00f0 eiga gott samband vi\u00f0 f\u00e9lagi\u00f0 og starfsf\u00f3lk \u00feess<\/p><figure class=\"wp-block-image size-full\"><img fetchpriority=\"high\" decoding=\"async\" width=\"1024\" height=\"1018\" src=\"https:\/\/grotta.is\/wp-content\/uploads\/2021\/10\/kjarri-arntho\u0301r.jpg\" alt=\"\" class=\"wp-image-362748\" srcset=\"https:\/\/grotta.is\/wp-content\/uploads\/2021\/10\/kjarri-arntho\u0301r.jpg 1024w, https:\/\/grotta.is\/wp-content\/uploads\/2021\/10\/kjarri-arntho\u0301r-300x298.jpg 300w, https:\/\/grotta.is\/wp-content\/uploads\/2021\/10\/kjarri-arntho\u0301r-150x150.jpg 150w, https:\/\/grotta.is\/wp-content\/uploads\/2021\/10\/kjarri-arntho\u0301r-768x764.jpg 768w, https:\/\/grotta.is\/wp-content\/uploads\/2021\/10\/kjarri-arntho\u0301r-12x12.jpg 12w, https:\/\/grotta.is\/wp-content\/uploads\/2021\/10\/kjarri-arntho\u0301r-600x596.jpg 600w, https:\/\/grotta.is\/wp-content\/uploads\/2021\/10\/kjarri-arntho\u0301r-100x100.jpg 100w\" sizes=\"(max-width: 1024px) 100vw, 1024px\" \/><\/figure>","protected":false},"excerpt":{"rendered":"<p>Kjartan K\u00e1ri Halld\u00f3rsson og Arn\u00fe\u00f3r P\u00e1ll Hafsteinsson hafa s\u00ed\u00f0ustu daga \u00e6ft me\u00f0 Noregsmeisturum Bod\u00f6\/Glimt. \u00deeir hafa \u00e6ft me\u00f0 unglingali\u00f0um f\u00e9lagsins en fengu \u00ed dag t\u00e6kif\u00e6ri til a\u00f0 \u00e6fa me\u00f0 a\u00f0alli\u00f0inu, [&hellip;]<\/p>","protected":false},"author":4,"featured_media":362748,"comment_status":"closed","ping_status":"closed","sticky":false,"template":"","format":"standard","meta":{"footnotes":""},"categories":[7],"tags":[],"class_list":["post-362747","post","type-post","status-publish","format-standard","has-post-thumbnail","hentry","category-knattspyrnudeild"],"yoast_head":"<!-- This site is optimized with the Yoast SEO plugin v24.3 - https:\/\/yoast.com\/wordpress\/plugins\/seo\/ -->\n<title>Kjartan K\u00e1ri og Arn\u00fe\u00f3r P\u00e1ll \u00e6fa me\u00f0 Bod\u00f6\/Glimt - \u00cd\u00fer\u00f3ttaf\u00e9lagi\u00f0 Gr\u00f3tta<\/title>\n<meta name=\"robots\" content=\"index, follow, max-snippet:-1, max-image-preview:large, max-video-preview:-1\" \/>\n<link rel=\"canonical\" href=\"https:\/\/grotta.is\/en\/knattspyrnudeild\/kjartan-kari-og-arnthor-pall-aefa-med-bodo-glimt\/\" \/>\n<meta property=\"og:locale\" content=\"en_US\" \/>\n<meta property=\"og:type\" content=\"article\" \/>\n<meta property=\"og:title\" content=\"Kjartan K\u00e1ri og Arn\u00fe\u00f3r P\u00e1ll \u00e6fa me\u00f0 Bod\u00f6\/Glimt - \u00cd\u00fer\u00f3ttaf\u00e9lagi\u00f0 Gr\u00f3tta\" \/>\n<meta property=\"og:description\" content=\"Kjartan K\u00e1ri Halld\u00f3rsson og Arn\u00fe\u00f3r P\u00e1ll Hafsteinsson hafa s\u00ed\u00f0ustu daga \u00e6ft me\u00f0 Noregsmeisturum Bod\u00f6\/Glimt. \u00deeir hafa \u00e6ft me\u00f0 unglingali\u00f0um f\u00e9lagsins en fengu \u00ed dag t\u00e6kif\u00e6ri til a\u00f0 \u00e6fa me\u00f0 a\u00f0alli\u00f0inu, [&hellip;]\" \/>\n<meta property=\"og:url\" content=\"https:\/\/grotta.is\/en\/knattspyrnudeild\/kjartan-kari-og-arnthor-pall-aefa-med-bodo-glimt\/\" \/>\n<meta property=\"og:site_name\" content=\"\u00cd\u00fer\u00f3ttaf\u00e9lagi\u00f0 Gr\u00f3tta\" \/>\n<meta property=\"article:publisher\" content=\"https:\/\/www.facebook.com\/grottasport\" \/>\n<meta property=\"article:published_time\" content=\"2021-10-23T10:45:15+00:00\" \/>\n<meta property=\"article:modified_time\" content=\"2021-10-23T10:45:19+00:00\" \/>\n<meta property=\"og:image\" content=\"https:\/\/grotta.is\/wp-content\/uploads\/2021\/10\/kjarri-arntho\u0301r.jpg\" \/>\n\t<meta property=\"og:image:width\" content=\"1024\" \/>\n\t<meta property=\"og:image:height\" content=\"1018\" \/>\n\t<meta property=\"og:image:type\" content=\"image\/jpeg\" \/>\n<meta name=\"author\" content=\"J\u00f3runn M. \u00deorsteinsd\u00f3ttir\" \/>\n<meta name=\"twitter:card\" content=\"summary_large_image\" \/>\n<meta name=\"twitter:label1\" content=\"Written by\" \/>\n\t<meta name=\"twitter:data1\" content=\"J\u00f3runn M. \u00deorsteinsd\u00f3ttir\" \/>\n\t<meta name=\"twitter:label2\" content=\"Est. reading time\" \/>\n\t<meta name=\"twitter:data2\" content=\"2 minutes\" \/>\n<script type=\"application\/ld+json\" class=\"yoast-schema-graph\">{\"@context\":\"https:\/\/schema.org\",\"@graph\":[{\"@type\":\"Article\",\"@id\":\"https:\/\/grotta.is\/knattspyrnudeild\/kjartan-kari-og-arnthor-pall-aefa-med-bodo-glimt\/#article\",\"isPartOf\":{\"@id\":\"https:\/\/grotta.is\/knattspyrnudeild\/kjartan-kari-og-arnthor-pall-aefa-med-bodo-glimt\/\"},\"author\":{\"name\":\"J\u00f3runn M. \u00deorsteinsd\u00f3ttir\",\"@id\":\"https:\/\/grotta.is\/#\/schema\/person\/f1fea6a85a554e8069771c3486efbd84\"},\"headline\":\"Kjartan K\u00e1ri og Arn\u00fe\u00f3r P\u00e1ll \u00e6fa me\u00f0 Bod\u00f6\/Glimt\",\"datePublished\":\"2021-10-23T10:45:15+00:00\",\"dateModified\":\"2021-10-23T10:45:19+00:00\",\"mainEntityOfPage\":{\"@id\":\"https:\/\/grotta.is\/knattspyrnudeild\/kjartan-kari-og-arnthor-pall-aefa-med-bodo-glimt\/\"},\"wordCount\":362,\"publisher\":{\"@id\":\"https:\/\/grotta.is\/#organization\"},\"image\":{\"@id\":\"https:\/\/grotta.is\/knattspyrnudeild\/kjartan-kari-og-arnthor-pall-aefa-med-bodo-glimt\/#primaryimage\"},\"thumbnailUrl\":\"https:\/\/grotta.is\/wp-content\/uploads\/2021\/10\/kjarri-arntho\u0301r.jpg\",\"articleSection\":[\"Knattspyrnudeild\"],\"inLanguage\":\"en-US\"},{\"@type\":\"WebPage\",\"@id\":\"https:\/\/grotta.is\/knattspyrnudeild\/kjartan-kari-og-arnthor-pall-aefa-med-bodo-glimt\/\",\"url\":\"https:\/\/grotta.is\/knattspyrnudeild\/kjartan-kari-og-arnthor-pall-aefa-med-bodo-glimt\/\",\"name\":\"Kjartan K\u00e1ri og Arn\u00fe\u00f3r P\u00e1ll \u00e6fa me\u00f0 Bod\u00f6\/Glimt - \u00cd\u00fer\u00f3ttaf\u00e9lagi\u00f0 Gr\u00f3tta\",\"isPartOf\":{\"@id\":\"https:\/\/grotta.is\/#website\"},\"primaryImageOfPage\":{\"@id\":\"https:\/\/grotta.is\/knattspyrnudeild\/kjartan-kari-og-arnthor-pall-aefa-med-bodo-glimt\/#primaryimage\"},\"image\":{\"@id\":\"https:\/\/grotta.is\/knattspyrnudeild\/kjartan-kari-og-arnthor-pall-aefa-med-bodo-glimt\/#primaryimage\"},\"thumbnailUrl\":\"https:\/\/grotta.is\/wp-content\/uploads\/2021\/10\/kjarri-arntho\u0301r.jpg\",\"datePublished\":\"2021-10-23T10:45:15+00:00\",\"dateModified\":\"2021-10-23T10:45:19+00:00\",\"breadcrumb\":{\"@id\":\"https:\/\/grotta.is\/knattspyrnudeild\/kjartan-kari-og-arnthor-pall-aefa-med-bodo-glimt\/#breadcrumb\"},\"inLanguage\":\"en-US\",\"potentialAction\":[{\"@type\":\"ReadAction\",\"target\":[\"https:\/\/grotta.is\/knattspyrnudeild\/kjartan-kari-og-arnthor-pall-aefa-med-bodo-glimt\/\"]}]},{\"@type\":\"ImageObject\",\"inLanguage\":\"en-US\",\"@id\":\"https:\/\/grotta.is\/knattspyrnudeild\/kjartan-kari-og-arnthor-pall-aefa-med-bodo-glimt\/#primaryimage\",\"url\":\"https:\/\/grotta.is\/wp-content\/uploads\/2021\/10\/kjarri-arntho\u0301r.jpg\",\"contentUrl\":\"https:\/\/grotta.is\/wp-content\/uploads\/2021\/10\/kjarri-arntho\u0301r.jpg\",\"width\":1024,\"height\":1018},{\"@type\":\"BreadcrumbList\",\"@id\":\"https:\/\/grotta.is\/knattspyrnudeild\/kjartan-kari-og-arnthor-pall-aefa-med-bodo-glimt\/#breadcrumb\",\"itemListElement\":[{\"@type\":\"ListItem\",\"position\":1,\"name\":\"Home\",\"item\":\"https:\/\/grotta.is\/\"},{\"@type\":\"ListItem\",\"position\":2,\"name\":\"Kjartan K\u00e1ri og Arn\u00fe\u00f3r P\u00e1ll \u00e6fa me\u00f0 Bod\u00f6\/Glimt\"}]},{\"@type\":\"WebSite\",\"@id\":\"https:\/\/grotta.is\/#website\",\"url\":\"https:\/\/grotta.is\/\",\"name\":\"\u00cd\u00fer\u00f3ttaf\u00e9lagi\u00f0 Gr\u00f3tta\",\"description\":\"\u00e1 Seltjarnarnesi\",\"publisher\":{\"@id\":\"https:\/\/grotta.is\/#organization\"},\"potentialAction\":[{\"@type\":\"SearchAction\",\"target\":{\"@type\":\"EntryPoint\",\"urlTemplate\":\"https:\/\/grotta.is\/?s={search_term_string}\"},\"query-input\":{\"@type\":\"PropertyValueSpecification\",\"valueRequired\":true,\"valueName\":\"search_term_string\"}}],\"inLanguage\":\"en-US\"},{\"@type\":\"Organization\",\"@id\":\"https:\/\/grotta.is\/#organization\",\"name\":\"\u00cd\u00fer\u00f3ttaf\u00e9lagi\u00f0 Gr\u00f3tta\",\"url\":\"https:\/\/grotta.is\/\",\"logo\":{\"@type\":\"ImageObject\",\"inLanguage\":\"en-US\",\"@id\":\"https:\/\/grotta.is\/#\/schema\/logo\/image\/\",\"url\":\"https:\/\/grotta.is\/wp-content\/uploads\/2020\/02\/ithrottafelagidgrotta_logo_512x512_transparent.png\",\"contentUrl\":\"https:\/\/grotta.is\/wp-content\/uploads\/2020\/02\/ithrottafelagidgrotta_logo_512x512_transparent.png\",\"width\":512,\"height\":512,\"caption\":\"\u00cd\u00fer\u00f3ttaf\u00e9lagi\u00f0 Gr\u00f3tta\"},\"image\":{\"@id\":\"https:\/\/grotta.is\/#\/schema\/logo\/image\/\"},\"sameAs\":[\"https:\/\/www.facebook.com\/grottasport\"]},{\"@type\":\"Person\",\"@id\":\"https:\/\/grotta.is\/#\/schema\/person\/f1fea6a85a554e8069771c3486efbd84\",\"name\":\"J\u00f3runn M. \u00deorsteinsd\u00f3ttir\",\"url\":\"https:\/\/grotta.is\/en\/author\/jorunn\/\"}]}<\/script>\n<!-- \/ Yoast SEO plugin. -->","yoast_head_json":{"title":"Kjartan K\u00e1ri og Arn\u00fe\u00f3r P\u00e1ll \u00e6fa me\u00f0 Bod\u00f6\/Glimt - \u00cd\u00fer\u00f3ttaf\u00e9lagi\u00f0 Gr\u00f3tta","robots":{"index":"index","follow":"follow","max-snippet":"max-snippet:-1","max-image-preview":"max-image-preview:large","max-video-preview":"max-video-preview:-1"},"canonical":"https:\/\/grotta.is\/en\/knattspyrnudeild\/kjartan-kari-og-arnthor-pall-aefa-med-bodo-glimt\/","og_locale":"en_US","og_type":"article","og_title":"Kjartan K\u00e1ri og Arn\u00fe\u00f3r P\u00e1ll \u00e6fa me\u00f0 Bod\u00f6\/Glimt - \u00cd\u00fer\u00f3ttaf\u00e9lagi\u00f0 Gr\u00f3tta","og_description":"Kjartan K\u00e1ri Halld\u00f3rsson og Arn\u00fe\u00f3r P\u00e1ll Hafsteinsson hafa s\u00ed\u00f0ustu daga \u00e6ft me\u00f0 Noregsmeisturum Bod\u00f6\/Glimt. \u00deeir hafa \u00e6ft me\u00f0 unglingali\u00f0um f\u00e9lagsins en fengu \u00ed dag t\u00e6kif\u00e6ri til a\u00f0 \u00e6fa me\u00f0 a\u00f0alli\u00f0inu, [&hellip;]","og_url":"https:\/\/grotta.is\/en\/knattspyrnudeild\/kjartan-kari-og-arnthor-pall-aefa-med-bodo-glimt\/","og_site_name":"\u00cd\u00fer\u00f3ttaf\u00e9lagi\u00f0 Gr\u00f3tta","article_publisher":"https:\/\/www.facebook.com\/grottasport","article_published_time":"2021-10-23T10:45:15+00:00","article_modified_time":"2021-10-23T10:45:19+00:00","og_image":[{"width":1024,"height":1018,"url":"https:\/\/grotta.is\/wp-content\/uploads\/2021\/10\/kjarri-arntho\u0301r.jpg","type":"image\/jpeg"}],"author":"J\u00f3runn M. \u00deorsteinsd\u00f3ttir","twitter_card":"summary_large_image","twitter_misc":{"Written by":"J\u00f3runn M. \u00deorsteinsd\u00f3ttir","Est. reading time":"2 minutes"},"schema":{"@context":"https:\/\/schema.org","@graph":[{"@type":"Article","@id":"https:\/\/grotta.is\/knattspyrnudeild\/kjartan-kari-og-arnthor-pall-aefa-med-bodo-glimt\/#article","isPartOf":{"@id":"https:\/\/grotta.is\/knattspyrnudeild\/kjartan-kari-og-arnthor-pall-aefa-med-bodo-glimt\/"},"author":{"name":"J\u00f3runn M. \u00deorsteinsd\u00f3ttir","@id":"https:\/\/grotta.is\/#\/schema\/person\/f1fea6a85a554e8069771c3486efbd84"},"headline":"Kjartan K\u00e1ri og Arn\u00fe\u00f3r P\u00e1ll \u00e6fa me\u00f0 Bod\u00f6\/Glimt","datePublished":"2021-10-23T10:45:15+00:00","dateModified":"2021-10-23T10:45:19+00:00","mainEntityOfPage":{"@id":"https:\/\/grotta.is\/knattspyrnudeild\/kjartan-kari-og-arnthor-pall-aefa-med-bodo-glimt\/"},"wordCount":362,"publisher":{"@id":"https:\/\/grotta.is\/#organization"},"image":{"@id":"https:\/\/grotta.is\/knattspyrnudeild\/kjartan-kari-og-arnthor-pall-aefa-med-bodo-glimt\/#primaryimage"},"thumbnailUrl":"https:\/\/grotta.is\/wp-content\/uploads\/2021\/10\/kjarri-arntho\u0301r.jpg","articleSection":["Knattspyrnudeild"],"inLanguage":"en-US"},{"@type":"WebPage","@id":"https:\/\/grotta.is\/knattspyrnudeild\/kjartan-kari-og-arnthor-pall-aefa-med-bodo-glimt\/","url":"https:\/\/grotta.is\/knattspyrnudeild\/kjartan-kari-og-arnthor-pall-aefa-med-bodo-glimt\/","name":"Kjartan K\u00e1ri og Arn\u00fe\u00f3r P\u00e1ll \u00e6fa me\u00f0 Bod\u00f6\/Glimt - \u00cd\u00fer\u00f3ttaf\u00e9lagi\u00f0 Gr\u00f3tta","isPartOf":{"@id":"https:\/\/grotta.is\/#website"},"primaryImageOfPage":{"@id":"https:\/\/grotta.is\/knattspyrnudeild\/kjartan-kari-og-arnthor-pall-aefa-med-bodo-glimt\/#primaryimage"},"image":{"@id":"https:\/\/grotta.is\/knattspyrnudeild\/kjartan-kari-og-arnthor-pall-aefa-med-bodo-glimt\/#primaryimage"},"thumbnailUrl":"https:\/\/grotta.is\/wp-content\/uploads\/2021\/10\/kjarri-arntho\u0301r.jpg","datePublished":"2021-10-23T10:45:15+00:00","dateModified":"2021-10-23T10:45:19+00:00","breadcrumb":{"@id":"https:\/\/grotta.is\/knattspyrnudeild\/kjartan-kari-og-arnthor-pall-aefa-med-bodo-glimt\/#breadcrumb"},"inLanguage":"en-US","potentialAction":[{"@type":"ReadAction","target":["https:\/\/grotta.is\/knattspyrnudeild\/kjartan-kari-og-arnthor-pall-aefa-med-bodo-glimt\/"]}]},{"@type":"ImageObject","inLanguage":"en-US","@id":"https:\/\/grotta.is\/knattspyrnudeild\/kjartan-kari-og-arnthor-pall-aefa-med-bodo-glimt\/#primaryimage","url":"https:\/\/grotta.is\/wp-content\/uploads\/2021\/10\/kjarri-arntho\u0301r.jpg","contentUrl":"https:\/\/grotta.is\/wp-content\/uploads\/2021\/10\/kjarri-arntho\u0301r.jpg","width":1024,"height":1018},{"@type":"BreadcrumbList","@id":"https:\/\/grotta.is\/knattspyrnudeild\/kjartan-kari-og-arnthor-pall-aefa-med-bodo-glimt\/#breadcrumb","itemListElement":[{"@type":"ListItem","position":1,"name":"Home","item":"https:\/\/grotta.is\/"},{"@type":"ListItem","position":2,"name":"Kjartan K\u00e1ri og Arn\u00fe\u00f3r P\u00e1ll \u00e6fa me\u00f0 Bod\u00f6\/Glimt"}]},{"@type":"WebSite","@id":"https:\/\/grotta.is\/#website","url":"https:\/\/grotta.is\/","name":"\u00cd\u00fer\u00f3ttaf\u00e9lagi\u00f0 Gr\u00f3tta","description":"\u00e1 Seltjarnarnesi","publisher":{"@id":"https:\/\/grotta.is\/#organization"},"potentialAction":[{"@type":"SearchAction","target":{"@type":"EntryPoint","urlTemplate":"https:\/\/grotta.is\/?s={search_term_string}"},"query-input":{"@type":"PropertyValueSpecification","valueRequired":true,"valueName":"search_term_string"}}],"inLanguage":"en-US"},{"@type":"Organization","@id":"https:\/\/grotta.is\/#organization","name":"\u00cd\u00fer\u00f3ttaf\u00e9lagi\u00f0 Gr\u00f3tta","url":"https:\/\/grotta.is\/","logo":{"@type":"ImageObject","inLanguage":"en-US","@id":"https:\/\/grotta.is\/#\/schema\/logo\/image\/","url":"https:\/\/grotta.is\/wp-content\/uploads\/2020\/02\/ithrottafelagidgrotta_logo_512x512_transparent.png","contentUrl":"https:\/\/grotta.is\/wp-content\/uploads\/2020\/02\/ithrottafelagidgrotta_logo_512x512_transparent.png","width":512,"height":512,"caption":"\u00cd\u00fer\u00f3ttaf\u00e9lagi\u00f0 Gr\u00f3tta"},"image":{"@id":"https:\/\/grotta.is\/#\/schema\/logo\/image\/"},"sameAs":["https:\/\/www.facebook.com\/grottasport"]},{"@type":"Person","@id":"https:\/\/grotta.is\/#\/schema\/person\/f1fea6a85a554e8069771c3486efbd84","name":"J\u00f3runn M. \u00deorsteinsd\u00f3ttir","url":"https:\/\/grotta.is\/en\/author\/jorunn\/"}]}},"_links":{"self":[{"href":"https:\/\/grotta.is\/en\/wp-json\/wp\/v2\/posts\/362747","targetHints":{"allow":["GET"]}}],"collection":[{"href":"https:\/\/grotta.is\/en\/wp-json\/wp\/v2\/posts"}],"about":[{"href":"https:\/\/grotta.is\/en\/wp-json\/wp\/v2\/types\/post"}],"author":[{"embeddable":true,"href":"https:\/\/grotta.is\/en\/wp-json\/wp\/v2\/users\/4"}],"replies":[{"embeddable":true,"href":"https:\/\/grotta.is\/en\/wp-json\/wp\/v2\/comments?post=362747"}],"version-history":[{"count":1,"href":"https:\/\/grotta.is\/en\/wp-json\/wp\/v2\/posts\/362747\/revisions"}],"predecessor-version":[{"id":362749,"href":"https:\/\/grotta.is\/en\/wp-json\/wp\/v2\/posts\/362747\/revisions\/362749"}],"wp:featuredmedia":[{"embeddable":true,"href":"https:\/\/grotta.is\/en\/wp-json\/wp\/v2\/media\/362748"}],"wp:attachment":[{"href":"https:\/\/grotta.is\/en\/wp-json\/wp\/v2\/media?parent=362747"}],"wp:term":[{"taxonomy":"category","embeddable":true,"href":"https:\/\/grotta.is\/en\/wp-json\/wp\/v2\/categories?post=362747"},{"taxonomy":"post_tag","embeddable":true,"href":"https:\/\/grotta.is\/en\/wp-json\/wp\/v2\/tags?post=362747"}],"curies":[{"name":"wp","href":"https:\/\/api.w.org\/{rel}","templated":true}]}}