{"id":362651,"date":"2021-10-21T17:56:06","date_gmt":"2021-10-21T17:56:06","guid":{"rendered":"https:\/\/grotta.is\/?p=362651"},"modified":"2021-10-21T17:57:56","modified_gmt":"2021-10-21T17:57:56","slug":"fjor-hja-7-flokki-kvenna","status":"publish","type":"post","link":"https:\/\/grotta.is\/en\/handknattleiksdeild\/fjor-hja-7-flokki-kvenna\/","title":{"rendered":"Fj\u00f6r hj\u00e1 7.flokki kvenna"},"content":{"rendered":"<p>Helgina 9. -10. okt\u00f3ber kepptu stelpurnar \u00ed 7. flokki kvenna \u00ed Egilsh\u00f6llinni \u00ed Grafarvogi. \u00deetta er fyrsta m\u00f3t vetrarins hj\u00e1 stelpunum og \u00fev\u00ed fylgdi mikil tilhl\u00f6kkun a\u00f0 keppa loksins \u00e1 m\u00f3ti. Vi\u00f0 \u00ed Gr\u00f3ttu tefldum fram \u00feremur li\u00f0um og spilu\u00f0u \u00feau \u00f6ll fj\u00f3ra leiki. Stelpurnar st\u00f3\u00f0u sig vel og hlakka til a\u00f0 b\u00e6ta sig enn frekar fyrir n\u00e6sta m\u00f3t.<\/p><p>\u00dej\u00e1lfarar 7.flokks kvenna eru Andrea Rut Eir\u00edksd\u00f3ttir og Ari P\u00e9tur Eir\u00edksson.<\/p><p><img fetchpriority=\"high\" decoding=\"async\" width=\"500\" height=\"500\" class=\"wp-image-362653\" style=\"width: 500px;\" src=\"https:\/\/grotta.is\/wp-content\/uploads\/2021\/10\/245006239_1775643205970301_8096967770826646504_n.jpg\" alt=\"\" srcset=\"https:\/\/grotta.is\/wp-content\/uploads\/2021\/10\/245006239_1775643205970301_8096967770826646504_n.jpg 1536w, https:\/\/grotta.is\/wp-content\/uploads\/2021\/10\/245006239_1775643205970301_8096967770826646504_n-300x300.jpg 300w, https:\/\/grotta.is\/wp-content\/uploads\/2021\/10\/245006239_1775643205970301_8096967770826646504_n-1024x1024.jpg 1024w, https:\/\/grotta.is\/wp-content\/uploads\/2021\/10\/245006239_1775643205970301_8096967770826646504_n-150x150.jpg 150w, https:\/\/grotta.is\/wp-content\/uploads\/2021\/10\/245006239_1775643205970301_8096967770826646504_n-768x768.jpg 768w, https:\/\/grotta.is\/wp-content\/uploads\/2021\/10\/245006239_1775643205970301_8096967770826646504_n-12x12.jpg 12w, https:\/\/grotta.is\/wp-content\/uploads\/2021\/10\/245006239_1775643205970301_8096967770826646504_n-500x500.jpg 500w, https:\/\/grotta.is\/wp-content\/uploads\/2021\/10\/245006239_1775643205970301_8096967770826646504_n-600x600.jpg 600w, https:\/\/grotta.is\/wp-content\/uploads\/2021\/10\/245006239_1775643205970301_8096967770826646504_n-100x100.jpg 100w\" sizes=\"(max-width: 500px) 100vw, 500px\" \/><\/p><p><img decoding=\"async\" width=\"500\" height=\"500\" class=\"wp-image-362652 lazyload\" style=\"--smush-placeholder-width: 500px; --smush-placeholder-aspect-ratio: 500\/500;width: 500px;\" data-src=\"https:\/\/grotta.is\/wp-content\/uploads\/2021\/10\/244748174_1775643345970287_6385118629188672674_n.jpg\" alt=\"\" data-srcset=\"https:\/\/grotta.is\/wp-content\/uploads\/2021\/10\/244748174_1775643345970287_6385118629188672674_n.jpg 1536w, https:\/\/grotta.is\/wp-content\/uploads\/2021\/10\/244748174_1775643345970287_6385118629188672674_n-300x300.jpg 300w, https:\/\/grotta.is\/wp-content\/uploads\/2021\/10\/244748174_1775643345970287_6385118629188672674_n-1024x1024.jpg 1024w, https:\/\/grotta.is\/wp-content\/uploads\/2021\/10\/244748174_1775643345970287_6385118629188672674_n-150x150.jpg 150w, https:\/\/grotta.is\/wp-content\/uploads\/2021\/10\/244748174_1775643345970287_6385118629188672674_n-768x768.jpg 768w, https:\/\/grotta.is\/wp-content\/uploads\/2021\/10\/244748174_1775643345970287_6385118629188672674_n-12x12.jpg 12w, https:\/\/grotta.is\/wp-content\/uploads\/2021\/10\/244748174_1775643345970287_6385118629188672674_n-500x500.jpg 500w, https:\/\/grotta.is\/wp-content\/uploads\/2021\/10\/244748174_1775643345970287_6385118629188672674_n-600x600.jpg 600w, https:\/\/grotta.is\/wp-content\/uploads\/2021\/10\/244748174_1775643345970287_6385118629188672674_n-100x100.jpg 100w\" data-sizes=\"(max-width: 500px) 100vw, 500px\" src=\"data:image\/gif;base64,R0lGODlhAQABAAAAACH5BAEKAAEALAAAAAABAAEAAAICTAEAOw==\" \/><\/p><p><\/p>","protected":false},"excerpt":{"rendered":"<p>Helgina 9. -10. okt\u00f3ber kepptu stelpurnar \u00ed 7. flokki kvenna \u00ed Egilsh\u00f6llinni \u00ed Grafarvogi. \u00deetta er fyrsta m\u00f3t vetrarins hj\u00e1 stelpunum og \u00fev\u00ed fylgdi mikil tilhl\u00f6kkun a\u00f0 keppa loksins \u00e1 [&hellip;]<\/p>","protected":false},"author":10,"featured_media":362654,"comment_status":"closed","ping_status":"closed","sticky":false,"template":"","format":"standard","meta":{"footnotes":""},"categories":[12],"tags":[120,13],"class_list":["post-362651","post","type-post","status-publish","format-standard","has-post-thumbnail","hentry","category-handknattleiksdeild","tag-7-flokkur-kvenna","tag-handbolti"],"yoast_head":"<!-- This site is optimized with the Yoast SEO plugin v24.3 - https:\/\/yoast.com\/wordpress\/plugins\/seo\/ -->\n<title>Fj\u00f6r hj\u00e1 7.flokki kvenna - \u00cd\u00fer\u00f3ttaf\u00e9lagi\u00f0 Gr\u00f3tta<\/title>\n<meta name=\"robots\" content=\"index, follow, max-snippet:-1, max-image-preview:large, max-video-preview:-1\" \/>\n<link rel=\"canonical\" href=\"https:\/\/grotta.is\/en\/handknattleiksdeild\/fjor-hja-7-flokki-kvenna\/\" \/>\n<meta property=\"og:locale\" content=\"en_US\" \/>\n<meta property=\"og:type\" content=\"article\" \/>\n<meta property=\"og:title\" content=\"Fj\u00f6r hj\u00e1 7.flokki kvenna - \u00cd\u00fer\u00f3ttaf\u00e9lagi\u00f0 Gr\u00f3tta\" \/>\n<meta property=\"og:description\" content=\"Helgina 9. -10. okt\u00f3ber kepptu stelpurnar \u00ed 7. flokki kvenna \u00ed Egilsh\u00f6llinni \u00ed Grafarvogi. \u00deetta er fyrsta m\u00f3t vetrarins hj\u00e1 stelpunum og \u00fev\u00ed fylgdi mikil tilhl\u00f6kkun a\u00f0 keppa loksins \u00e1 [&hellip;]\" \/>\n<meta property=\"og:url\" content=\"https:\/\/grotta.is\/en\/handknattleiksdeild\/fjor-hja-7-flokki-kvenna\/\" \/>\n<meta property=\"og:site_name\" content=\"\u00cd\u00fer\u00f3ttaf\u00e9lagi\u00f0 Gr\u00f3tta\" \/>\n<meta property=\"article:publisher\" content=\"https:\/\/www.facebook.com\/grottasport\" \/>\n<meta property=\"article:published_time\" content=\"2021-10-21T17:56:06+00:00\" \/>\n<meta property=\"article:modified_time\" content=\"2021-10-21T17:57:56+00:00\" \/>\n<meta property=\"og:image\" content=\"https:\/\/grotta.is\/wp-content\/uploads\/2021\/10\/245362377_1775643292636959_7468049111707128839_n.jpg\" \/>\n\t<meta property=\"og:image:width\" content=\"1536\" \/>\n\t<meta property=\"og:image:height\" content=\"1536\" \/>\n\t<meta property=\"og:image:type\" content=\"image\/jpeg\" \/>\n<meta name=\"author\" content=\"Andri Sigf\u00fasson\" \/>\n<meta name=\"twitter:card\" content=\"summary_large_image\" \/>\n<meta name=\"twitter:label1\" content=\"Written by\" \/>\n\t<meta name=\"twitter:data1\" content=\"Andri Sigf\u00fasson\" \/>\n\t<meta name=\"twitter:label2\" content=\"Est. reading time\" \/>\n\t<meta name=\"twitter:data2\" content=\"1 minute\" \/>\n<script type=\"application\/ld+json\" class=\"yoast-schema-graph\">{\"@context\":\"https:\/\/schema.org\",\"@graph\":[{\"@type\":\"Article\",\"@id\":\"https:\/\/grotta.is\/handknattleiksdeild\/fjor-hja-7-flokki-kvenna\/#article\",\"isPartOf\":{\"@id\":\"https:\/\/grotta.is\/handknattleiksdeild\/fjor-hja-7-flokki-kvenna\/\"},\"author\":{\"name\":\"Andri Sigf\u00fasson\",\"@id\":\"https:\/\/grotta.is\/#\/schema\/person\/b21e9d5dfd92c90211e343e8d7252b1c\"},\"headline\":\"Fj\u00f6r hj\u00e1 7.flokki kvenna\",\"datePublished\":\"2021-10-21T17:56:06+00:00\",\"dateModified\":\"2021-10-21T17:57:56+00:00\",\"mainEntityOfPage\":{\"@id\":\"https:\/\/grotta.is\/handknattleiksdeild\/fjor-hja-7-flokki-kvenna\/\"},\"wordCount\":86,\"publisher\":{\"@id\":\"https:\/\/grotta.is\/#organization\"},\"image\":{\"@id\":\"https:\/\/grotta.is\/handknattleiksdeild\/fjor-hja-7-flokki-kvenna\/#primaryimage\"},\"thumbnailUrl\":\"https:\/\/grotta.is\/wp-content\/uploads\/2021\/10\/245362377_1775643292636959_7468049111707128839_n.jpg\",\"keywords\":[\"7.flokkur kvenna\",\"Handbolti\"],\"articleSection\":[\"Handknattleiksdeild\"],\"inLanguage\":\"en-US\"},{\"@type\":\"WebPage\",\"@id\":\"https:\/\/grotta.is\/handknattleiksdeild\/fjor-hja-7-flokki-kvenna\/\",\"url\":\"https:\/\/grotta.is\/handknattleiksdeild\/fjor-hja-7-flokki-kvenna\/\",\"name\":\"Fj\u00f6r hj\u00e1 7.flokki kvenna - \u00cd\u00fer\u00f3ttaf\u00e9lagi\u00f0 Gr\u00f3tta\",\"isPartOf\":{\"@id\":\"https:\/\/grotta.is\/#website\"},\"primaryImageOfPage\":{\"@id\":\"https:\/\/grotta.is\/handknattleiksdeild\/fjor-hja-7-flokki-kvenna\/#primaryimage\"},\"image\":{\"@id\":\"https:\/\/grotta.is\/handknattleiksdeild\/fjor-hja-7-flokki-kvenna\/#primaryimage\"},\"thumbnailUrl\":\"https:\/\/grotta.is\/wp-content\/uploads\/2021\/10\/245362377_1775643292636959_7468049111707128839_n.jpg\",\"datePublished\":\"2021-10-21T17:56:06+00:00\",\"dateModified\":\"2021-10-21T17:57:56+00:00\",\"breadcrumb\":{\"@id\":\"https:\/\/grotta.is\/handknattleiksdeild\/fjor-hja-7-flokki-kvenna\/#breadcrumb\"},\"inLanguage\":\"en-US\",\"potentialAction\":[{\"@type\":\"ReadAction\",\"target\":[\"https:\/\/grotta.is\/handknattleiksdeild\/fjor-hja-7-flokki-kvenna\/\"]}]},{\"@type\":\"ImageObject\",\"inLanguage\":\"en-US\",\"@id\":\"https:\/\/grotta.is\/handknattleiksdeild\/fjor-hja-7-flokki-kvenna\/#primaryimage\",\"url\":\"https:\/\/grotta.is\/wp-content\/uploads\/2021\/10\/245362377_1775643292636959_7468049111707128839_n.jpg\",\"contentUrl\":\"https:\/\/grotta.is\/wp-content\/uploads\/2021\/10\/245362377_1775643292636959_7468049111707128839_n.jpg\",\"width\":1536,\"height\":1536},{\"@type\":\"BreadcrumbList\",\"@id\":\"https:\/\/grotta.is\/handknattleiksdeild\/fjor-hja-7-flokki-kvenna\/#breadcrumb\",\"itemListElement\":[{\"@type\":\"ListItem\",\"position\":1,\"name\":\"Home\",\"item\":\"https:\/\/grotta.is\/\"},{\"@type\":\"ListItem\",\"position\":2,\"name\":\"Fj\u00f6r hj\u00e1 7.flokki kvenna\"}]},{\"@type\":\"WebSite\",\"@id\":\"https:\/\/grotta.is\/#website\",\"url\":\"https:\/\/grotta.is\/\",\"name\":\"\u00cd\u00fer\u00f3ttaf\u00e9lagi\u00f0 Gr\u00f3tta\",\"description\":\"\u00e1 Seltjarnarnesi\",\"publisher\":{\"@id\":\"https:\/\/grotta.is\/#organization\"},\"potentialAction\":[{\"@type\":\"SearchAction\",\"target\":{\"@type\":\"EntryPoint\",\"urlTemplate\":\"https:\/\/grotta.is\/?s={search_term_string}\"},\"query-input\":{\"@type\":\"PropertyValueSpecification\",\"valueRequired\":true,\"valueName\":\"search_term_string\"}}],\"inLanguage\":\"en-US\"},{\"@type\":\"Organization\",\"@id\":\"https:\/\/grotta.is\/#organization\",\"name\":\"\u00cd\u00fer\u00f3ttaf\u00e9lagi\u00f0 Gr\u00f3tta\",\"url\":\"https:\/\/grotta.is\/\",\"logo\":{\"@type\":\"ImageObject\",\"inLanguage\":\"en-US\",\"@id\":\"https:\/\/grotta.is\/#\/schema\/logo\/image\/\",\"url\":\"https:\/\/grotta.is\/wp-content\/uploads\/2020\/02\/ithrottafelagidgrotta_logo_512x512_transparent.png\",\"contentUrl\":\"https:\/\/grotta.is\/wp-content\/uploads\/2020\/02\/ithrottafelagidgrotta_logo_512x512_transparent.png\",\"width\":512,\"height\":512,\"caption\":\"\u00cd\u00fer\u00f3ttaf\u00e9lagi\u00f0 Gr\u00f3tta\"},\"image\":{\"@id\":\"https:\/\/grotta.is\/#\/schema\/logo\/image\/\"},\"sameAs\":[\"https:\/\/www.facebook.com\/grottasport\"]},{\"@type\":\"Person\",\"@id\":\"https:\/\/grotta.is\/#\/schema\/person\/b21e9d5dfd92c90211e343e8d7252b1c\",\"name\":\"Andri Sigf\u00fasson\",\"url\":\"https:\/\/grotta.is\/en\/author\/andri\/\"}]}<\/script>\n<!-- \/ Yoast SEO plugin. -->","yoast_head_json":{"title":"Fj\u00f6r hj\u00e1 7.flokki kvenna - \u00cd\u00fer\u00f3ttaf\u00e9lagi\u00f0 Gr\u00f3tta","robots":{"index":"index","follow":"follow","max-snippet":"max-snippet:-1","max-image-preview":"max-image-preview:large","max-video-preview":"max-video-preview:-1"},"canonical":"https:\/\/grotta.is\/en\/handknattleiksdeild\/fjor-hja-7-flokki-kvenna\/","og_locale":"en_US","og_type":"article","og_title":"Fj\u00f6r hj\u00e1 7.flokki kvenna - \u00cd\u00fer\u00f3ttaf\u00e9lagi\u00f0 Gr\u00f3tta","og_description":"Helgina 9. -10. okt\u00f3ber kepptu stelpurnar \u00ed 7. flokki kvenna \u00ed Egilsh\u00f6llinni \u00ed Grafarvogi. \u00deetta er fyrsta m\u00f3t vetrarins hj\u00e1 stelpunum og \u00fev\u00ed fylgdi mikil tilhl\u00f6kkun a\u00f0 keppa loksins \u00e1 [&hellip;]","og_url":"https:\/\/grotta.is\/en\/handknattleiksdeild\/fjor-hja-7-flokki-kvenna\/","og_site_name":"\u00cd\u00fer\u00f3ttaf\u00e9lagi\u00f0 Gr\u00f3tta","article_publisher":"https:\/\/www.facebook.com\/grottasport","article_published_time":"2021-10-21T17:56:06+00:00","article_modified_time":"2021-10-21T17:57:56+00:00","og_image":[{"width":1536,"height":1536,"url":"https:\/\/grotta.is\/wp-content\/uploads\/2021\/10\/245362377_1775643292636959_7468049111707128839_n.jpg","type":"image\/jpeg"}],"author":"Andri Sigf\u00fasson","twitter_card":"summary_large_image","twitter_misc":{"Written by":"Andri Sigf\u00fasson","Est. reading time":"1 minute"},"schema":{"@context":"https:\/\/schema.org","@graph":[{"@type":"Article","@id":"https:\/\/grotta.is\/handknattleiksdeild\/fjor-hja-7-flokki-kvenna\/#article","isPartOf":{"@id":"https:\/\/grotta.is\/handknattleiksdeild\/fjor-hja-7-flokki-kvenna\/"},"author":{"name":"Andri Sigf\u00fasson","@id":"https:\/\/grotta.is\/#\/schema\/person\/b21e9d5dfd92c90211e343e8d7252b1c"},"headline":"Fj\u00f6r hj\u00e1 7.flokki kvenna","datePublished":"2021-10-21T17:56:06+00:00","dateModified":"2021-10-21T17:57:56+00:00","mainEntityOfPage":{"@id":"https:\/\/grotta.is\/handknattleiksdeild\/fjor-hja-7-flokki-kvenna\/"},"wordCount":86,"publisher":{"@id":"https:\/\/grotta.is\/#organization"},"image":{"@id":"https:\/\/grotta.is\/handknattleiksdeild\/fjor-hja-7-flokki-kvenna\/#primaryimage"},"thumbnailUrl":"https:\/\/grotta.is\/wp-content\/uploads\/2021\/10\/245362377_1775643292636959_7468049111707128839_n.jpg","keywords":["7.flokkur kvenna","Handbolti"],"articleSection":["Handknattleiksdeild"],"inLanguage":"en-US"},{"@type":"WebPage","@id":"https:\/\/grotta.is\/handknattleiksdeild\/fjor-hja-7-flokki-kvenna\/","url":"https:\/\/grotta.is\/handknattleiksdeild\/fjor-hja-7-flokki-kvenna\/","name":"Fj\u00f6r hj\u00e1 7.flokki kvenna - \u00cd\u00fer\u00f3ttaf\u00e9lagi\u00f0 Gr\u00f3tta","isPartOf":{"@id":"https:\/\/grotta.is\/#website"},"primaryImageOfPage":{"@id":"https:\/\/grotta.is\/handknattleiksdeild\/fjor-hja-7-flokki-kvenna\/#primaryimage"},"image":{"@id":"https:\/\/grotta.is\/handknattleiksdeild\/fjor-hja-7-flokki-kvenna\/#primaryimage"},"thumbnailUrl":"https:\/\/grotta.is\/wp-content\/uploads\/2021\/10\/245362377_1775643292636959_7468049111707128839_n.jpg","datePublished":"2021-10-21T17:56:06+00:00","dateModified":"2021-10-21T17:57:56+00:00","breadcrumb":{"@id":"https:\/\/grotta.is\/handknattleiksdeild\/fjor-hja-7-flokki-kvenna\/#breadcrumb"},"inLanguage":"en-US","potentialAction":[{"@type":"ReadAction","target":["https:\/\/grotta.is\/handknattleiksdeild\/fjor-hja-7-flokki-kvenna\/"]}]},{"@type":"ImageObject","inLanguage":"en-US","@id":"https:\/\/grotta.is\/handknattleiksdeild\/fjor-hja-7-flokki-kvenna\/#primaryimage","url":"https:\/\/grotta.is\/wp-content\/uploads\/2021\/10\/245362377_1775643292636959_7468049111707128839_n.jpg","contentUrl":"https:\/\/grotta.is\/wp-content\/uploads\/2021\/10\/245362377_1775643292636959_7468049111707128839_n.jpg","width":1536,"height":1536},{"@type":"BreadcrumbList","@id":"https:\/\/grotta.is\/handknattleiksdeild\/fjor-hja-7-flokki-kvenna\/#breadcrumb","itemListElement":[{"@type":"ListItem","position":1,"name":"Home","item":"https:\/\/grotta.is\/"},{"@type":"ListItem","position":2,"name":"Fj\u00f6r hj\u00e1 7.flokki kvenna"}]},{"@type":"WebSite","@id":"https:\/\/grotta.is\/#website","url":"https:\/\/grotta.is\/","name":"\u00cd\u00fer\u00f3ttaf\u00e9lagi\u00f0 Gr\u00f3tta","description":"\u00e1 Seltjarnarnesi","publisher":{"@id":"https:\/\/grotta.is\/#organization"},"potentialAction":[{"@type":"SearchAction","target":{"@type":"EntryPoint","urlTemplate":"https:\/\/grotta.is\/?s={search_term_string}"},"query-input":{"@type":"PropertyValueSpecification","valueRequired":true,"valueName":"search_term_string"}}],"inLanguage":"en-US"},{"@type":"Organization","@id":"https:\/\/grotta.is\/#organization","name":"\u00cd\u00fer\u00f3ttaf\u00e9lagi\u00f0 Gr\u00f3tta","url":"https:\/\/grotta.is\/","logo":{"@type":"ImageObject","inLanguage":"en-US","@id":"https:\/\/grotta.is\/#\/schema\/logo\/image\/","url":"https:\/\/grotta.is\/wp-content\/uploads\/2020\/02\/ithrottafelagidgrotta_logo_512x512_transparent.png","contentUrl":"https:\/\/grotta.is\/wp-content\/uploads\/2020\/02\/ithrottafelagidgrotta_logo_512x512_transparent.png","width":512,"height":512,"caption":"\u00cd\u00fer\u00f3ttaf\u00e9lagi\u00f0 Gr\u00f3tta"},"image":{"@id":"https:\/\/grotta.is\/#\/schema\/logo\/image\/"},"sameAs":["https:\/\/www.facebook.com\/grottasport"]},{"@type":"Person","@id":"https:\/\/grotta.is\/#\/schema\/person\/b21e9d5dfd92c90211e343e8d7252b1c","name":"Andri Sigf\u00fasson","url":"https:\/\/grotta.is\/en\/author\/andri\/"}]}},"_links":{"self":[{"href":"https:\/\/grotta.is\/en\/wp-json\/wp\/v2\/posts\/362651","targetHints":{"allow":["GET"]}}],"collection":[{"href":"https:\/\/grotta.is\/en\/wp-json\/wp\/v2\/posts"}],"about":[{"href":"https:\/\/grotta.is\/en\/wp-json\/wp\/v2\/types\/post"}],"author":[{"embeddable":true,"href":"https:\/\/grotta.is\/en\/wp-json\/wp\/v2\/users\/10"}],"replies":[{"embeddable":true,"href":"https:\/\/grotta.is\/en\/wp-json\/wp\/v2\/comments?post=362651"}],"version-history":[{"count":3,"href":"https:\/\/grotta.is\/en\/wp-json\/wp\/v2\/posts\/362651\/revisions"}],"predecessor-version":[{"id":362664,"href":"https:\/\/grotta.is\/en\/wp-json\/wp\/v2\/posts\/362651\/revisions\/362664"}],"wp:featuredmedia":[{"embeddable":true,"href":"https:\/\/grotta.is\/en\/wp-json\/wp\/v2\/media\/362654"}],"wp:attachment":[{"href":"https:\/\/grotta.is\/en\/wp-json\/wp\/v2\/media?parent=362651"}],"wp:term":[{"taxonomy":"category","embeddable":true,"href":"https:\/\/grotta.is\/en\/wp-json\/wp\/v2\/categories?post=362651"},{"taxonomy":"post_tag","embeddable":true,"href":"https:\/\/grotta.is\/en\/wp-json\/wp\/v2\/tags?post=362651"}],"curies":[{"name":"wp","href":"https:\/\/api.w.org\/{rel}","templated":true}]}}