{"id":3614,"date":"2020-05-05T12:09:25","date_gmt":"2020-05-05T12:09:25","guid":{"rendered":"https:\/\/grotta.is\/?p=3614"},"modified":"2020-05-05T12:11:58","modified_gmt":"2020-05-05T12:11:58","slug":"ithrottastarf-hefst-ad-nyju","status":"publish","type":"post","link":"https:\/\/grotta.is\/en\/almennt\/ithrottastarf-hefst-ad-nyju\/","title":{"rendered":"\u00cd\u00fer\u00f3ttastarf hefst a\u00f0 n\u00fdju"},"content":{"rendered":"<p>M\u00e1nudaginn 4. ma\u00ed voru merk t\u00edmam\u00f3t a\u00f0 \u00ed\u00fer\u00f3ttastarf barna og unglinga h\u00f3fst a\u00f0 n\u00fdju \u00e1n takmarkana. \u00cd\u00fer\u00f3ttastarf eldri einstaklinga hefst einnig en me\u00f0 nokkrum takm\u00f6rkunum.<\/p><p>Um lei\u00f0 og vi\u00f0 hj\u00e1 Gr\u00f3ttu hl\u00f6kkum miki\u00f0 til \u00feess a\u00f0 starfsemin hefjist a\u00f0 n\u00fdju og a\u00f0 \u00ed\u00fer\u00f3ttamannvirkin fyllist af l\u00edfi aftur langar okkur a\u00f0 koma eftirfarandi atri\u00f0um \u00e1 framf\u00e6ri vi\u00f0 ykkur foreldrar g\u00f3\u00f0ir.<\/p><p>\u00der\u00e1tt fyrir a\u00f0 \u00ed\u00fer\u00f3tta\u00e6fingar hefjist af fullum krafti er foreldrum \u00f3heimilt a\u00f0 horfa \u00e1 \u00ed\u00fer\u00f3tt\u00e6fingar barna sinna. \u00c1 \u00feetta b\u00e6\u00f0i vi\u00f0 innan- og utandyra. Keppni \u00ed \u00ed\u00fer\u00f3ttum barna \u00e1 leik- og grunnsk\u00f3laaldri er leyfileg \u00e1n \u00e1horfenda.<\/p><p>Vallarh\u00fasi\u00f0 ver\u00f0ur loka\u00f0. \u00cd\u00fer\u00f3ttah\u00fasi\u00f0 ver\u00f0ur hins vegar opi\u00f0 en foreldrar eru be\u00f0nir um a\u00f0 koma ekki inn \u00ed h\u00fasi\u00f0 nema \u00ed algj\u00f6rum undantekningartilvikum.<\/p><p>Vi\u00f0 bi\u00f0jum ykkur a\u00f0 passa s\u00e9rstaklega a\u00f0 ef ykkar barn\/b\u00f6rn s\u00edna flensul\u00edk einkenni a\u00f0 senda \u00feau ekki \u00e1 \u00ed\u00fer\u00f3tta\u00e6fingar. \u00dej\u00e1lfarar hafa veri\u00f0 be\u00f0nir um a\u00f0 fylgjast vel me\u00f0 i\u00f0kendum og ef flensul\u00edk einkenni gera vart vi\u00f0 sig ver\u00f0ur hringt \u00ed foreldri\/forr\u00e1\u00f0amann og \u00feau be\u00f0in um a\u00f0 s\u00e6kja barni\u00f0.<\/p><p>I\u00f0kendur eiga a\u00f0 m\u00e6ta tilb\u00fain til \u00e6finga ef nokkur kostur er. Eins og \u00e1\u00f0ur kom fram ver\u00f0ur vallarh\u00fasi\u00f0 loka\u00f0 en i\u00f0kendur munu geta komist \u00e1 kl\u00f3sett. \u00dea\u00f0 er vilji okkar a\u00f0 b\u00faningsklefar \u00ed \u00ed\u00fer\u00f3ttah\u00fasi ver\u00f0i \u00ed sem minnstri notkun a.m.k. fyrst um sinn.<\/p><p>\u00dej\u00e1lfarar \u00feurfa ekki a\u00f0 halda tveimur metrum \u00e1 milli s\u00edn og i\u00f0kenda en foreldrar, \u00fej\u00e1lfarar og a\u00f0rir starfsmenn eiga a\u00f0 halda tveimur metrum s\u00edn \u00e1 milli.<\/p><p>Svo vil \u00e9g nota t\u00e6kif\u00e6ri\u00f0 og bi\u00f0la til ykkar a\u00f0 leggja b\u00edlum ykkar ekki \u00ed hringtorginu vi\u00f0 \u00ed\u00fer\u00f3ttah\u00fasi\u00f0. \u00c1 me\u00f0an sundlaug og World Class er loka\u00f0 \u00fe\u00e1 \u00e6tti a\u00f0 vera n\u00f3g af st\u00e6\u00f0um \u00e1 planinu fyrir alla.<\/p><p>Bestu kve\u00f0jur,<\/p><p><strong>K\u00e1ri Gar\u00f0arsson<\/strong>, Framkv\u00e6mdastj\u00f3ri \u00cd\u00fer\u00f3ttaf\u00e9lagsins Gr\u00f3tta<\/p>","protected":false},"excerpt":{"rendered":"<p>M\u00e1nudaginn 4. ma\u00ed voru merk t\u00edmam\u00f3t a\u00f0 \u00ed\u00fer\u00f3ttastarf barna og unglinga h\u00f3fst a\u00f0 n\u00fdju \u00e1n takmarkana. \u00cd\u00fer\u00f3ttastarf eldri einstaklinga hefst einnig en me\u00f0 nokkrum takm\u00f6rkunum.<\/p>","protected":false},"author":2,"featured_media":165,"comment_status":"closed","ping_status":"closed","sticky":false,"template":"","format":"standard","meta":{"footnotes":""},"categories":[4],"tags":[],"class_list":["post-3614","post","type-post","status-publish","format-standard","has-post-thumbnail","hentry","category-almennt"],"yoast_head":"<!-- This site is optimized with the Yoast SEO plugin v24.3 - https:\/\/yoast.com\/wordpress\/plugins\/seo\/ -->\n<title>\u00cd\u00fer\u00f3ttastarf hefst a\u00f0 n\u00fdju - \u00cd\u00fer\u00f3ttaf\u00e9lagi\u00f0 Gr\u00f3tta<\/title>\n<meta name=\"robots\" content=\"index, follow, max-snippet:-1, max-image-preview:large, max-video-preview:-1\" \/>\n<link rel=\"canonical\" href=\"https:\/\/grotta.is\/en\/almennt\/ithrottastarf-hefst-ad-nyju\/\" \/>\n<meta property=\"og:locale\" content=\"en_US\" \/>\n<meta property=\"og:type\" content=\"article\" \/>\n<meta property=\"og:title\" content=\"\u00cd\u00fer\u00f3ttastarf hefst a\u00f0 n\u00fdju - \u00cd\u00fer\u00f3ttaf\u00e9lagi\u00f0 Gr\u00f3tta\" \/>\n<meta property=\"og:description\" content=\"M\u00e1nudaginn 4. ma\u00ed voru merk t\u00edmam\u00f3t a\u00f0 \u00ed\u00fer\u00f3ttastarf barna og unglinga h\u00f3fst a\u00f0 n\u00fdju \u00e1n takmarkana. \u00cd\u00fer\u00f3ttastarf eldri einstaklinga hefst einnig en me\u00f0 nokkrum takm\u00f6rkunum.\" \/>\n<meta property=\"og:url\" content=\"https:\/\/grotta.is\/en\/almennt\/ithrottastarf-hefst-ad-nyju\/\" \/>\n<meta property=\"og:site_name\" content=\"\u00cd\u00fer\u00f3ttaf\u00e9lagi\u00f0 Gr\u00f3tta\" \/>\n<meta property=\"article:publisher\" content=\"https:\/\/www.facebook.com\/grottasport\" \/>\n<meta property=\"article:published_time\" content=\"2020-05-05T12:09:25+00:00\" \/>\n<meta property=\"article:modified_time\" content=\"2020-05-05T12:11:58+00:00\" \/>\n<meta property=\"og:image\" content=\"https:\/\/grotta.is\/wp-content\/uploads\/2020\/02\/Grotta_Almennt_2-scaled.jpg\" \/>\n\t<meta property=\"og:image:width\" content=\"2560\" \/>\n\t<meta property=\"og:image:height\" content=\"1707\" \/>\n\t<meta property=\"og:image:type\" content=\"image\/jpeg\" \/>\n<meta name=\"author\" content=\"Grotta\" \/>\n<meta name=\"twitter:card\" content=\"summary_large_image\" \/>\n<meta name=\"twitter:label1\" content=\"Written by\" \/>\n\t<meta name=\"twitter:data1\" content=\"Grotta\" \/>\n\t<meta name=\"twitter:label2\" content=\"Est. reading time\" \/>\n\t<meta name=\"twitter:data2\" content=\"2 minutes\" \/>\n<script type=\"application\/ld+json\" class=\"yoast-schema-graph\">{\"@context\":\"https:\/\/schema.org\",\"@graph\":[{\"@type\":\"Article\",\"@id\":\"https:\/\/grotta.is\/almennt\/ithrottastarf-hefst-ad-nyju\/#article\",\"isPartOf\":{\"@id\":\"https:\/\/grotta.is\/almennt\/ithrottastarf-hefst-ad-nyju\/\"},\"author\":{\"name\":\"Grotta\",\"@id\":\"https:\/\/grotta.is\/#\/schema\/person\/08ec57bf09ee925f1b6a01540c14a5ce\"},\"headline\":\"\u00cd\u00fer\u00f3ttastarf hefst a\u00f0 n\u00fdju\",\"datePublished\":\"2020-05-05T12:09:25+00:00\",\"dateModified\":\"2020-05-05T12:11:58+00:00\",\"mainEntityOfPage\":{\"@id\":\"https:\/\/grotta.is\/almennt\/ithrottastarf-hefst-ad-nyju\/\"},\"wordCount\":351,\"publisher\":{\"@id\":\"https:\/\/grotta.is\/#organization\"},\"image\":{\"@id\":\"https:\/\/grotta.is\/almennt\/ithrottastarf-hefst-ad-nyju\/#primaryimage\"},\"thumbnailUrl\":\"https:\/\/grotta.is\/wp-content\/uploads\/2020\/02\/Grotta_Almennt_2-scaled.jpg\",\"articleSection\":[\"Almennt\"],\"inLanguage\":\"en-US\"},{\"@type\":\"WebPage\",\"@id\":\"https:\/\/grotta.is\/almennt\/ithrottastarf-hefst-ad-nyju\/\",\"url\":\"https:\/\/grotta.is\/almennt\/ithrottastarf-hefst-ad-nyju\/\",\"name\":\"\u00cd\u00fer\u00f3ttastarf hefst a\u00f0 n\u00fdju - \u00cd\u00fer\u00f3ttaf\u00e9lagi\u00f0 Gr\u00f3tta\",\"isPartOf\":{\"@id\":\"https:\/\/grotta.is\/#website\"},\"primaryImageOfPage\":{\"@id\":\"https:\/\/grotta.is\/almennt\/ithrottastarf-hefst-ad-nyju\/#primaryimage\"},\"image\":{\"@id\":\"https:\/\/grotta.is\/almennt\/ithrottastarf-hefst-ad-nyju\/#primaryimage\"},\"thumbnailUrl\":\"https:\/\/grotta.is\/wp-content\/uploads\/2020\/02\/Grotta_Almennt_2-scaled.jpg\",\"datePublished\":\"2020-05-05T12:09:25+00:00\",\"dateModified\":\"2020-05-05T12:11:58+00:00\",\"breadcrumb\":{\"@id\":\"https:\/\/grotta.is\/almennt\/ithrottastarf-hefst-ad-nyju\/#breadcrumb\"},\"inLanguage\":\"en-US\",\"potentialAction\":[{\"@type\":\"ReadAction\",\"target\":[\"https:\/\/grotta.is\/almennt\/ithrottastarf-hefst-ad-nyju\/\"]}]},{\"@type\":\"ImageObject\",\"inLanguage\":\"en-US\",\"@id\":\"https:\/\/grotta.is\/almennt\/ithrottastarf-hefst-ad-nyju\/#primaryimage\",\"url\":\"https:\/\/grotta.is\/wp-content\/uploads\/2020\/02\/Grotta_Almennt_2-scaled.jpg\",\"contentUrl\":\"https:\/\/grotta.is\/wp-content\/uploads\/2020\/02\/Grotta_Almennt_2-scaled.jpg\",\"width\":2560,\"height\":1707},{\"@type\":\"BreadcrumbList\",\"@id\":\"https:\/\/grotta.is\/almennt\/ithrottastarf-hefst-ad-nyju\/#breadcrumb\",\"itemListElement\":[{\"@type\":\"ListItem\",\"position\":1,\"name\":\"Home\",\"item\":\"https:\/\/grotta.is\/\"},{\"@type\":\"ListItem\",\"position\":2,\"name\":\"\u00cd\u00fer\u00f3ttastarf hefst a\u00f0 n\u00fdju\"}]},{\"@type\":\"WebSite\",\"@id\":\"https:\/\/grotta.is\/#website\",\"url\":\"https:\/\/grotta.is\/\",\"name\":\"\u00cd\u00fer\u00f3ttaf\u00e9lagi\u00f0 Gr\u00f3tta\",\"description\":\"\u00e1 Seltjarnarnesi\",\"publisher\":{\"@id\":\"https:\/\/grotta.is\/#organization\"},\"potentialAction\":[{\"@type\":\"SearchAction\",\"target\":{\"@type\":\"EntryPoint\",\"urlTemplate\":\"https:\/\/grotta.is\/?s={search_term_string}\"},\"query-input\":{\"@type\":\"PropertyValueSpecification\",\"valueRequired\":true,\"valueName\":\"search_term_string\"}}],\"inLanguage\":\"en-US\"},{\"@type\":\"Organization\",\"@id\":\"https:\/\/grotta.is\/#organization\",\"name\":\"\u00cd\u00fer\u00f3ttaf\u00e9lagi\u00f0 Gr\u00f3tta\",\"url\":\"https:\/\/grotta.is\/\",\"logo\":{\"@type\":\"ImageObject\",\"inLanguage\":\"en-US\",\"@id\":\"https:\/\/grotta.is\/#\/schema\/logo\/image\/\",\"url\":\"https:\/\/grotta.is\/wp-content\/uploads\/2020\/02\/ithrottafelagidgrotta_logo_512x512_transparent.png\",\"contentUrl\":\"https:\/\/grotta.is\/wp-content\/uploads\/2020\/02\/ithrottafelagidgrotta_logo_512x512_transparent.png\",\"width\":512,\"height\":512,\"caption\":\"\u00cd\u00fer\u00f3ttaf\u00e9lagi\u00f0 Gr\u00f3tta\"},\"image\":{\"@id\":\"https:\/\/grotta.is\/#\/schema\/logo\/image\/\"},\"sameAs\":[\"https:\/\/www.facebook.com\/grottasport\"]},{\"@type\":\"Person\",\"@id\":\"https:\/\/grotta.is\/#\/schema\/person\/08ec57bf09ee925f1b6a01540c14a5ce\",\"name\":\"Grotta\",\"url\":\"https:\/\/grotta.is\/en\/author\/inga\/\"}]}<\/script>\n<!-- \/ Yoast SEO plugin. -->","yoast_head_json":{"title":"\u00cd\u00fer\u00f3ttastarf hefst a\u00f0 n\u00fdju - \u00cd\u00fer\u00f3ttaf\u00e9lagi\u00f0 Gr\u00f3tta","robots":{"index":"index","follow":"follow","max-snippet":"max-snippet:-1","max-image-preview":"max-image-preview:large","max-video-preview":"max-video-preview:-1"},"canonical":"https:\/\/grotta.is\/en\/almennt\/ithrottastarf-hefst-ad-nyju\/","og_locale":"en_US","og_type":"article","og_title":"\u00cd\u00fer\u00f3ttastarf hefst a\u00f0 n\u00fdju - \u00cd\u00fer\u00f3ttaf\u00e9lagi\u00f0 Gr\u00f3tta","og_description":"M\u00e1nudaginn 4. ma\u00ed voru merk t\u00edmam\u00f3t a\u00f0 \u00ed\u00fer\u00f3ttastarf barna og unglinga h\u00f3fst a\u00f0 n\u00fdju \u00e1n takmarkana. \u00cd\u00fer\u00f3ttastarf eldri einstaklinga hefst einnig en me\u00f0 nokkrum takm\u00f6rkunum.","og_url":"https:\/\/grotta.is\/en\/almennt\/ithrottastarf-hefst-ad-nyju\/","og_site_name":"\u00cd\u00fer\u00f3ttaf\u00e9lagi\u00f0 Gr\u00f3tta","article_publisher":"https:\/\/www.facebook.com\/grottasport","article_published_time":"2020-05-05T12:09:25+00:00","article_modified_time":"2020-05-05T12:11:58+00:00","og_image":[{"width":2560,"height":1707,"url":"https:\/\/grotta.is\/wp-content\/uploads\/2020\/02\/Grotta_Almennt_2-scaled.jpg","type":"image\/jpeg"}],"author":"Grotta","twitter_card":"summary_large_image","twitter_misc":{"Written by":"Grotta","Est. reading time":"2 minutes"},"schema":{"@context":"https:\/\/schema.org","@graph":[{"@type":"Article","@id":"https:\/\/grotta.is\/almennt\/ithrottastarf-hefst-ad-nyju\/#article","isPartOf":{"@id":"https:\/\/grotta.is\/almennt\/ithrottastarf-hefst-ad-nyju\/"},"author":{"name":"Grotta","@id":"https:\/\/grotta.is\/#\/schema\/person\/08ec57bf09ee925f1b6a01540c14a5ce"},"headline":"\u00cd\u00fer\u00f3ttastarf hefst a\u00f0 n\u00fdju","datePublished":"2020-05-05T12:09:25+00:00","dateModified":"2020-05-05T12:11:58+00:00","mainEntityOfPage":{"@id":"https:\/\/grotta.is\/almennt\/ithrottastarf-hefst-ad-nyju\/"},"wordCount":351,"publisher":{"@id":"https:\/\/grotta.is\/#organization"},"image":{"@id":"https:\/\/grotta.is\/almennt\/ithrottastarf-hefst-ad-nyju\/#primaryimage"},"thumbnailUrl":"https:\/\/grotta.is\/wp-content\/uploads\/2020\/02\/Grotta_Almennt_2-scaled.jpg","articleSection":["Almennt"],"inLanguage":"en-US"},{"@type":"WebPage","@id":"https:\/\/grotta.is\/almennt\/ithrottastarf-hefst-ad-nyju\/","url":"https:\/\/grotta.is\/almennt\/ithrottastarf-hefst-ad-nyju\/","name":"\u00cd\u00fer\u00f3ttastarf hefst a\u00f0 n\u00fdju - \u00cd\u00fer\u00f3ttaf\u00e9lagi\u00f0 Gr\u00f3tta","isPartOf":{"@id":"https:\/\/grotta.is\/#website"},"primaryImageOfPage":{"@id":"https:\/\/grotta.is\/almennt\/ithrottastarf-hefst-ad-nyju\/#primaryimage"},"image":{"@id":"https:\/\/grotta.is\/almennt\/ithrottastarf-hefst-ad-nyju\/#primaryimage"},"thumbnailUrl":"https:\/\/grotta.is\/wp-content\/uploads\/2020\/02\/Grotta_Almennt_2-scaled.jpg","datePublished":"2020-05-05T12:09:25+00:00","dateModified":"2020-05-05T12:11:58+00:00","breadcrumb":{"@id":"https:\/\/grotta.is\/almennt\/ithrottastarf-hefst-ad-nyju\/#breadcrumb"},"inLanguage":"en-US","potentialAction":[{"@type":"ReadAction","target":["https:\/\/grotta.is\/almennt\/ithrottastarf-hefst-ad-nyju\/"]}]},{"@type":"ImageObject","inLanguage":"en-US","@id":"https:\/\/grotta.is\/almennt\/ithrottastarf-hefst-ad-nyju\/#primaryimage","url":"https:\/\/grotta.is\/wp-content\/uploads\/2020\/02\/Grotta_Almennt_2-scaled.jpg","contentUrl":"https:\/\/grotta.is\/wp-content\/uploads\/2020\/02\/Grotta_Almennt_2-scaled.jpg","width":2560,"height":1707},{"@type":"BreadcrumbList","@id":"https:\/\/grotta.is\/almennt\/ithrottastarf-hefst-ad-nyju\/#breadcrumb","itemListElement":[{"@type":"ListItem","position":1,"name":"Home","item":"https:\/\/grotta.is\/"},{"@type":"ListItem","position":2,"name":"\u00cd\u00fer\u00f3ttastarf hefst a\u00f0 n\u00fdju"}]},{"@type":"WebSite","@id":"https:\/\/grotta.is\/#website","url":"https:\/\/grotta.is\/","name":"\u00cd\u00fer\u00f3ttaf\u00e9lagi\u00f0 Gr\u00f3tta","description":"\u00e1 Seltjarnarnesi","publisher":{"@id":"https:\/\/grotta.is\/#organization"},"potentialAction":[{"@type":"SearchAction","target":{"@type":"EntryPoint","urlTemplate":"https:\/\/grotta.is\/?s={search_term_string}"},"query-input":{"@type":"PropertyValueSpecification","valueRequired":true,"valueName":"search_term_string"}}],"inLanguage":"en-US"},{"@type":"Organization","@id":"https:\/\/grotta.is\/#organization","name":"\u00cd\u00fer\u00f3ttaf\u00e9lagi\u00f0 Gr\u00f3tta","url":"https:\/\/grotta.is\/","logo":{"@type":"ImageObject","inLanguage":"en-US","@id":"https:\/\/grotta.is\/#\/schema\/logo\/image\/","url":"https:\/\/grotta.is\/wp-content\/uploads\/2020\/02\/ithrottafelagidgrotta_logo_512x512_transparent.png","contentUrl":"https:\/\/grotta.is\/wp-content\/uploads\/2020\/02\/ithrottafelagidgrotta_logo_512x512_transparent.png","width":512,"height":512,"caption":"\u00cd\u00fer\u00f3ttaf\u00e9lagi\u00f0 Gr\u00f3tta"},"image":{"@id":"https:\/\/grotta.is\/#\/schema\/logo\/image\/"},"sameAs":["https:\/\/www.facebook.com\/grottasport"]},{"@type":"Person","@id":"https:\/\/grotta.is\/#\/schema\/person\/08ec57bf09ee925f1b6a01540c14a5ce","name":"Grotta","url":"https:\/\/grotta.is\/en\/author\/inga\/"}]}},"_links":{"self":[{"href":"https:\/\/grotta.is\/en\/wp-json\/wp\/v2\/posts\/3614","targetHints":{"allow":["GET"]}}],"collection":[{"href":"https:\/\/grotta.is\/en\/wp-json\/wp\/v2\/posts"}],"about":[{"href":"https:\/\/grotta.is\/en\/wp-json\/wp\/v2\/types\/post"}],"author":[{"embeddable":true,"href":"https:\/\/grotta.is\/en\/wp-json\/wp\/v2\/users\/2"}],"replies":[{"embeddable":true,"href":"https:\/\/grotta.is\/en\/wp-json\/wp\/v2\/comments?post=3614"}],"version-history":[{"count":5,"href":"https:\/\/grotta.is\/en\/wp-json\/wp\/v2\/posts\/3614\/revisions"}],"predecessor-version":[{"id":3620,"href":"https:\/\/grotta.is\/en\/wp-json\/wp\/v2\/posts\/3614\/revisions\/3620"}],"wp:featuredmedia":[{"embeddable":true,"href":"https:\/\/grotta.is\/en\/wp-json\/wp\/v2\/media\/165"}],"wp:attachment":[{"href":"https:\/\/grotta.is\/en\/wp-json\/wp\/v2\/media?parent=3614"}],"wp:term":[{"taxonomy":"category","embeddable":true,"href":"https:\/\/grotta.is\/en\/wp-json\/wp\/v2\/categories?post=3614"},{"taxonomy":"post_tag","embeddable":true,"href":"https:\/\/grotta.is\/en\/wp-json\/wp\/v2\/tags?post=3614"}],"curies":[{"name":"wp","href":"https:\/\/api.w.org\/{rel}","templated":true}]}}