{"id":361194,"date":"2021-10-15T17:48:34","date_gmt":"2021-10-15T17:48:34","guid":{"rendered":"https:\/\/grotta.is\/?p=361194"},"modified":"2021-10-15T17:48:36","modified_gmt":"2021-10-15T17:48:36","slug":"petur-rognvaldsson-tekur-vid-meistaraflokki-kvenna","status":"publish","type":"post","link":"https:\/\/grotta.is\/en\/knattspyrnudeild\/petur-rognvaldsson-tekur-vid-meistaraflokki-kvenna\/","title":{"rendered":"P\u00e9tur R\u00f6gnvaldsson tekur vi\u00f0 meistaraflokki kvenna"},"content":{"rendered":"<p>\u00dea\u00f0 er \u00e1n\u00e6gjulegt a\u00f0 segja fr\u00e1 \u00fev\u00ed a\u00f0 knattspyrnudeild Gr\u00f3ttu hefur gengi\u00f0 fr\u00e1 samningi vi\u00f0 P\u00e9tur R\u00f6gnvaldsson sem a\u00f0al\u00fej\u00e1lfara meistaraflokks kvenna til n\u00e6stu tveggja \u00e1ra.<\/p><p>Hinn 28 \u00e1ra gamla P\u00e9tur \u00fearf ekki a\u00f0 kynna fyrir Gr\u00f3ttuf\u00f3lki en hann hefur \u00fej\u00e1lfa\u00f0 hj\u00e1 knattspyrnudeildinni fr\u00e1 \u00e1rinu 2015. P\u00e9tur var r\u00e1\u00f0inn a\u00f0sto\u00f0ar\u00fej\u00e1lfari meistaraflokks kvenna \u00ed jan\u00faar 2019 og um hausti\u00f0 2020 var\u00f0 hann a\u00f0al\u00fej\u00e1lfari \u00e1samt Magn\u00fasi Erni. P\u00e9tur er me\u00f0 UEFA-B \u00fej\u00e1lfaragr\u00e1\u00f0u og BSc gr\u00e1\u00f0u \u00ed rekstrarverkfr\u00e6\u00f0i fr\u00e1 H\u00e1sk\u00f3lanum \u00ed Reykjav\u00edk.<\/p><p>Knattspyrnudeild Gr\u00f3ttu fagnar \u00fev\u00ed a\u00f0 hafa P\u00e9tur \u00e1fram me\u00f0 meistaraflokk kvenna ??<\/p><figure class=\"wp-block-image size-large\"><img fetchpriority=\"high\" decoding=\"async\" width=\"768\" height=\"1024\" src=\"https:\/\/grotta.is\/wp-content\/uploads\/2021\/10\/pe\u0301tur-mfl-kvk-768x1024.jpg\" alt=\"\" class=\"wp-image-361195\" srcset=\"https:\/\/grotta.is\/wp-content\/uploads\/2021\/10\/pe\u0301tur-mfl-kvk-768x1024.jpg 768w, https:\/\/grotta.is\/wp-content\/uploads\/2021\/10\/pe\u0301tur-mfl-kvk-225x300.jpg 225w, https:\/\/grotta.is\/wp-content\/uploads\/2021\/10\/pe\u0301tur-mfl-kvk-1152x1536.jpg 1152w, https:\/\/grotta.is\/wp-content\/uploads\/2021\/10\/pe\u0301tur-mfl-kvk-1536x2048.jpg 1536w, https:\/\/grotta.is\/wp-content\/uploads\/2021\/10\/pe\u0301tur-mfl-kvk-9x12.jpg 9w, https:\/\/grotta.is\/wp-content\/uploads\/2021\/10\/pe\u0301tur-mfl-kvk-600x800.jpg 600w, https:\/\/grotta.is\/wp-content\/uploads\/2021\/10\/pe\u0301tur-mfl-kvk-scaled.jpg 1920w\" sizes=\"(max-width: 768px) 100vw, 768px\" \/><\/figure>","protected":false},"excerpt":{"rendered":"<p>\u00dea\u00f0 er \u00e1n\u00e6gjulegt a\u00f0 segja fr\u00e1 \u00fev\u00ed a\u00f0 knattspyrnudeild Gr\u00f3ttu hefur gengi\u00f0 fr\u00e1 samningi vi\u00f0 P\u00e9tur R\u00f6gnvaldsson sem a\u00f0al\u00fej\u00e1lfara meistaraflokks kvenna til n\u00e6stu tveggja \u00e1ra. Hinn 28 \u00e1ra gamla P\u00e9tur [&hellip;]<\/p>","protected":false},"author":4,"featured_media":361195,"comment_status":"closed","ping_status":"closed","sticky":false,"template":"","format":"standard","meta":{"footnotes":""},"categories":[7],"tags":[6,18],"class_list":["post-361194","post","type-post","status-publish","format-standard","has-post-thumbnail","hentry","category-knattspyrnudeild","tag-knattspyrna","tag-mfl-kvk"],"yoast_head":"<!-- This site is optimized with the Yoast SEO plugin v24.3 - https:\/\/yoast.com\/wordpress\/plugins\/seo\/ -->\n<title>P\u00e9tur R\u00f6gnvaldsson tekur vi\u00f0 meistaraflokki kvenna - \u00cd\u00fer\u00f3ttaf\u00e9lagi\u00f0 Gr\u00f3tta<\/title>\n<meta name=\"robots\" content=\"index, follow, max-snippet:-1, max-image-preview:large, max-video-preview:-1\" \/>\n<link rel=\"canonical\" href=\"https:\/\/grotta.is\/en\/knattspyrnudeild\/petur-rognvaldsson-tekur-vid-meistaraflokki-kvenna\/\" \/>\n<meta property=\"og:locale\" content=\"en_US\" \/>\n<meta property=\"og:type\" content=\"article\" \/>\n<meta property=\"og:title\" content=\"P\u00e9tur R\u00f6gnvaldsson tekur vi\u00f0 meistaraflokki kvenna - \u00cd\u00fer\u00f3ttaf\u00e9lagi\u00f0 Gr\u00f3tta\" \/>\n<meta property=\"og:description\" content=\"\u00dea\u00f0 er \u00e1n\u00e6gjulegt a\u00f0 segja fr\u00e1 \u00fev\u00ed a\u00f0 knattspyrnudeild Gr\u00f3ttu hefur gengi\u00f0 fr\u00e1 samningi vi\u00f0 P\u00e9tur R\u00f6gnvaldsson sem a\u00f0al\u00fej\u00e1lfara meistaraflokks kvenna til n\u00e6stu tveggja \u00e1ra. Hinn 28 \u00e1ra gamla P\u00e9tur [&hellip;]\" \/>\n<meta property=\"og:url\" content=\"https:\/\/grotta.is\/en\/knattspyrnudeild\/petur-rognvaldsson-tekur-vid-meistaraflokki-kvenna\/\" \/>\n<meta property=\"og:site_name\" content=\"\u00cd\u00fer\u00f3ttaf\u00e9lagi\u00f0 Gr\u00f3tta\" \/>\n<meta property=\"article:publisher\" content=\"https:\/\/www.facebook.com\/grottasport\" \/>\n<meta property=\"article:published_time\" content=\"2021-10-15T17:48:34+00:00\" \/>\n<meta property=\"article:modified_time\" content=\"2021-10-15T17:48:36+00:00\" \/>\n<meta property=\"og:image\" content=\"https:\/\/grotta.is\/wp-content\/uploads\/2021\/10\/pe\u0301tur-mfl-kvk-scaled.jpg\" \/>\n\t<meta property=\"og:image:width\" content=\"1920\" \/>\n\t<meta property=\"og:image:height\" content=\"2560\" \/>\n\t<meta property=\"og:image:type\" content=\"image\/jpeg\" \/>\n<meta name=\"author\" content=\"J\u00f3runn M. \u00deorsteinsd\u00f3ttir\" \/>\n<meta name=\"twitter:card\" content=\"summary_large_image\" \/>\n<meta name=\"twitter:label1\" content=\"Written by\" \/>\n\t<meta name=\"twitter:data1\" content=\"J\u00f3runn M. \u00deorsteinsd\u00f3ttir\" \/>\n\t<meta name=\"twitter:label2\" content=\"Est. reading time\" \/>\n\t<meta name=\"twitter:data2\" content=\"1 minute\" \/>\n<script type=\"application\/ld+json\" class=\"yoast-schema-graph\">{\"@context\":\"https:\/\/schema.org\",\"@graph\":[{\"@type\":\"Article\",\"@id\":\"https:\/\/grotta.is\/knattspyrnudeild\/petur-rognvaldsson-tekur-vid-meistaraflokki-kvenna\/#article\",\"isPartOf\":{\"@id\":\"https:\/\/grotta.is\/knattspyrnudeild\/petur-rognvaldsson-tekur-vid-meistaraflokki-kvenna\/\"},\"author\":{\"name\":\"J\u00f3runn M. \u00deorsteinsd\u00f3ttir\",\"@id\":\"https:\/\/grotta.is\/#\/schema\/person\/f1fea6a85a554e8069771c3486efbd84\"},\"headline\":\"P\u00e9tur R\u00f6gnvaldsson tekur vi\u00f0 meistaraflokki kvenna\",\"datePublished\":\"2021-10-15T17:48:34+00:00\",\"dateModified\":\"2021-10-15T17:48:36+00:00\",\"mainEntityOfPage\":{\"@id\":\"https:\/\/grotta.is\/knattspyrnudeild\/petur-rognvaldsson-tekur-vid-meistaraflokki-kvenna\/\"},\"wordCount\":123,\"publisher\":{\"@id\":\"https:\/\/grotta.is\/#organization\"},\"image\":{\"@id\":\"https:\/\/grotta.is\/knattspyrnudeild\/petur-rognvaldsson-tekur-vid-meistaraflokki-kvenna\/#primaryimage\"},\"thumbnailUrl\":\"https:\/\/grotta.is\/wp-content\/uploads\/2021\/10\/pe\u0301tur-mfl-kvk-scaled.jpg\",\"keywords\":[\"Knattspyrna\",\"Mfl.kvk\"],\"articleSection\":[\"Knattspyrnudeild\"],\"inLanguage\":\"en-US\"},{\"@type\":\"WebPage\",\"@id\":\"https:\/\/grotta.is\/knattspyrnudeild\/petur-rognvaldsson-tekur-vid-meistaraflokki-kvenna\/\",\"url\":\"https:\/\/grotta.is\/knattspyrnudeild\/petur-rognvaldsson-tekur-vid-meistaraflokki-kvenna\/\",\"name\":\"P\u00e9tur R\u00f6gnvaldsson tekur vi\u00f0 meistaraflokki kvenna - \u00cd\u00fer\u00f3ttaf\u00e9lagi\u00f0 Gr\u00f3tta\",\"isPartOf\":{\"@id\":\"https:\/\/grotta.is\/#website\"},\"primaryImageOfPage\":{\"@id\":\"https:\/\/grotta.is\/knattspyrnudeild\/petur-rognvaldsson-tekur-vid-meistaraflokki-kvenna\/#primaryimage\"},\"image\":{\"@id\":\"https:\/\/grotta.is\/knattspyrnudeild\/petur-rognvaldsson-tekur-vid-meistaraflokki-kvenna\/#primaryimage\"},\"thumbnailUrl\":\"https:\/\/grotta.is\/wp-content\/uploads\/2021\/10\/pe\u0301tur-mfl-kvk-scaled.jpg\",\"datePublished\":\"2021-10-15T17:48:34+00:00\",\"dateModified\":\"2021-10-15T17:48:36+00:00\",\"breadcrumb\":{\"@id\":\"https:\/\/grotta.is\/knattspyrnudeild\/petur-rognvaldsson-tekur-vid-meistaraflokki-kvenna\/#breadcrumb\"},\"inLanguage\":\"en-US\",\"potentialAction\":[{\"@type\":\"ReadAction\",\"target\":[\"https:\/\/grotta.is\/knattspyrnudeild\/petur-rognvaldsson-tekur-vid-meistaraflokki-kvenna\/\"]}]},{\"@type\":\"ImageObject\",\"inLanguage\":\"en-US\",\"@id\":\"https:\/\/grotta.is\/knattspyrnudeild\/petur-rognvaldsson-tekur-vid-meistaraflokki-kvenna\/#primaryimage\",\"url\":\"https:\/\/grotta.is\/wp-content\/uploads\/2021\/10\/pe\u0301tur-mfl-kvk-scaled.jpg\",\"contentUrl\":\"https:\/\/grotta.is\/wp-content\/uploads\/2021\/10\/pe\u0301tur-mfl-kvk-scaled.jpg\",\"width\":1920,\"height\":2560},{\"@type\":\"BreadcrumbList\",\"@id\":\"https:\/\/grotta.is\/knattspyrnudeild\/petur-rognvaldsson-tekur-vid-meistaraflokki-kvenna\/#breadcrumb\",\"itemListElement\":[{\"@type\":\"ListItem\",\"position\":1,\"name\":\"Home\",\"item\":\"https:\/\/grotta.is\/\"},{\"@type\":\"ListItem\",\"position\":2,\"name\":\"P\u00e9tur R\u00f6gnvaldsson tekur vi\u00f0 meistaraflokki kvenna\"}]},{\"@type\":\"WebSite\",\"@id\":\"https:\/\/grotta.is\/#website\",\"url\":\"https:\/\/grotta.is\/\",\"name\":\"\u00cd\u00fer\u00f3ttaf\u00e9lagi\u00f0 Gr\u00f3tta\",\"description\":\"\u00e1 Seltjarnarnesi\",\"publisher\":{\"@id\":\"https:\/\/grotta.is\/#organization\"},\"potentialAction\":[{\"@type\":\"SearchAction\",\"target\":{\"@type\":\"EntryPoint\",\"urlTemplate\":\"https:\/\/grotta.is\/?s={search_term_string}\"},\"query-input\":{\"@type\":\"PropertyValueSpecification\",\"valueRequired\":true,\"valueName\":\"search_term_string\"}}],\"inLanguage\":\"en-US\"},{\"@type\":\"Organization\",\"@id\":\"https:\/\/grotta.is\/#organization\",\"name\":\"\u00cd\u00fer\u00f3ttaf\u00e9lagi\u00f0 Gr\u00f3tta\",\"url\":\"https:\/\/grotta.is\/\",\"logo\":{\"@type\":\"ImageObject\",\"inLanguage\":\"en-US\",\"@id\":\"https:\/\/grotta.is\/#\/schema\/logo\/image\/\",\"url\":\"https:\/\/grotta.is\/wp-content\/uploads\/2020\/02\/ithrottafelagidgrotta_logo_512x512_transparent.png\",\"contentUrl\":\"https:\/\/grotta.is\/wp-content\/uploads\/2020\/02\/ithrottafelagidgrotta_logo_512x512_transparent.png\",\"width\":512,\"height\":512,\"caption\":\"\u00cd\u00fer\u00f3ttaf\u00e9lagi\u00f0 Gr\u00f3tta\"},\"image\":{\"@id\":\"https:\/\/grotta.is\/#\/schema\/logo\/image\/\"},\"sameAs\":[\"https:\/\/www.facebook.com\/grottasport\"]},{\"@type\":\"Person\",\"@id\":\"https:\/\/grotta.is\/#\/schema\/person\/f1fea6a85a554e8069771c3486efbd84\",\"name\":\"J\u00f3runn M. \u00deorsteinsd\u00f3ttir\",\"url\":\"https:\/\/grotta.is\/en\/author\/jorunn\/\"}]}<\/script>\n<!-- \/ Yoast SEO plugin. -->","yoast_head_json":{"title":"P\u00e9tur R\u00f6gnvaldsson tekur vi\u00f0 meistaraflokki kvenna - \u00cd\u00fer\u00f3ttaf\u00e9lagi\u00f0 Gr\u00f3tta","robots":{"index":"index","follow":"follow","max-snippet":"max-snippet:-1","max-image-preview":"max-image-preview:large","max-video-preview":"max-video-preview:-1"},"canonical":"https:\/\/grotta.is\/en\/knattspyrnudeild\/petur-rognvaldsson-tekur-vid-meistaraflokki-kvenna\/","og_locale":"en_US","og_type":"article","og_title":"P\u00e9tur R\u00f6gnvaldsson tekur vi\u00f0 meistaraflokki kvenna - \u00cd\u00fer\u00f3ttaf\u00e9lagi\u00f0 Gr\u00f3tta","og_description":"\u00dea\u00f0 er \u00e1n\u00e6gjulegt a\u00f0 segja fr\u00e1 \u00fev\u00ed a\u00f0 knattspyrnudeild Gr\u00f3ttu hefur gengi\u00f0 fr\u00e1 samningi vi\u00f0 P\u00e9tur R\u00f6gnvaldsson sem a\u00f0al\u00fej\u00e1lfara meistaraflokks kvenna til n\u00e6stu tveggja \u00e1ra. Hinn 28 \u00e1ra gamla P\u00e9tur [&hellip;]","og_url":"https:\/\/grotta.is\/en\/knattspyrnudeild\/petur-rognvaldsson-tekur-vid-meistaraflokki-kvenna\/","og_site_name":"\u00cd\u00fer\u00f3ttaf\u00e9lagi\u00f0 Gr\u00f3tta","article_publisher":"https:\/\/www.facebook.com\/grottasport","article_published_time":"2021-10-15T17:48:34+00:00","article_modified_time":"2021-10-15T17:48:36+00:00","og_image":[{"width":1920,"height":2560,"url":"https:\/\/grotta.is\/wp-content\/uploads\/2021\/10\/pe\u0301tur-mfl-kvk-scaled.jpg","type":"image\/jpeg"}],"author":"J\u00f3runn M. \u00deorsteinsd\u00f3ttir","twitter_card":"summary_large_image","twitter_misc":{"Written by":"J\u00f3runn M. \u00deorsteinsd\u00f3ttir","Est. reading time":"1 minute"},"schema":{"@context":"https:\/\/schema.org","@graph":[{"@type":"Article","@id":"https:\/\/grotta.is\/knattspyrnudeild\/petur-rognvaldsson-tekur-vid-meistaraflokki-kvenna\/#article","isPartOf":{"@id":"https:\/\/grotta.is\/knattspyrnudeild\/petur-rognvaldsson-tekur-vid-meistaraflokki-kvenna\/"},"author":{"name":"J\u00f3runn M. \u00deorsteinsd\u00f3ttir","@id":"https:\/\/grotta.is\/#\/schema\/person\/f1fea6a85a554e8069771c3486efbd84"},"headline":"P\u00e9tur R\u00f6gnvaldsson tekur vi\u00f0 meistaraflokki kvenna","datePublished":"2021-10-15T17:48:34+00:00","dateModified":"2021-10-15T17:48:36+00:00","mainEntityOfPage":{"@id":"https:\/\/grotta.is\/knattspyrnudeild\/petur-rognvaldsson-tekur-vid-meistaraflokki-kvenna\/"},"wordCount":123,"publisher":{"@id":"https:\/\/grotta.is\/#organization"},"image":{"@id":"https:\/\/grotta.is\/knattspyrnudeild\/petur-rognvaldsson-tekur-vid-meistaraflokki-kvenna\/#primaryimage"},"thumbnailUrl":"https:\/\/grotta.is\/wp-content\/uploads\/2021\/10\/pe\u0301tur-mfl-kvk-scaled.jpg","keywords":["Knattspyrna","Mfl.kvk"],"articleSection":["Knattspyrnudeild"],"inLanguage":"en-US"},{"@type":"WebPage","@id":"https:\/\/grotta.is\/knattspyrnudeild\/petur-rognvaldsson-tekur-vid-meistaraflokki-kvenna\/","url":"https:\/\/grotta.is\/knattspyrnudeild\/petur-rognvaldsson-tekur-vid-meistaraflokki-kvenna\/","name":"P\u00e9tur R\u00f6gnvaldsson tekur vi\u00f0 meistaraflokki kvenna - \u00cd\u00fer\u00f3ttaf\u00e9lagi\u00f0 Gr\u00f3tta","isPartOf":{"@id":"https:\/\/grotta.is\/#website"},"primaryImageOfPage":{"@id":"https:\/\/grotta.is\/knattspyrnudeild\/petur-rognvaldsson-tekur-vid-meistaraflokki-kvenna\/#primaryimage"},"image":{"@id":"https:\/\/grotta.is\/knattspyrnudeild\/petur-rognvaldsson-tekur-vid-meistaraflokki-kvenna\/#primaryimage"},"thumbnailUrl":"https:\/\/grotta.is\/wp-content\/uploads\/2021\/10\/pe\u0301tur-mfl-kvk-scaled.jpg","datePublished":"2021-10-15T17:48:34+00:00","dateModified":"2021-10-15T17:48:36+00:00","breadcrumb":{"@id":"https:\/\/grotta.is\/knattspyrnudeild\/petur-rognvaldsson-tekur-vid-meistaraflokki-kvenna\/#breadcrumb"},"inLanguage":"en-US","potentialAction":[{"@type":"ReadAction","target":["https:\/\/grotta.is\/knattspyrnudeild\/petur-rognvaldsson-tekur-vid-meistaraflokki-kvenna\/"]}]},{"@type":"ImageObject","inLanguage":"en-US","@id":"https:\/\/grotta.is\/knattspyrnudeild\/petur-rognvaldsson-tekur-vid-meistaraflokki-kvenna\/#primaryimage","url":"https:\/\/grotta.is\/wp-content\/uploads\/2021\/10\/pe\u0301tur-mfl-kvk-scaled.jpg","contentUrl":"https:\/\/grotta.is\/wp-content\/uploads\/2021\/10\/pe\u0301tur-mfl-kvk-scaled.jpg","width":1920,"height":2560},{"@type":"BreadcrumbList","@id":"https:\/\/grotta.is\/knattspyrnudeild\/petur-rognvaldsson-tekur-vid-meistaraflokki-kvenna\/#breadcrumb","itemListElement":[{"@type":"ListItem","position":1,"name":"Home","item":"https:\/\/grotta.is\/"},{"@type":"ListItem","position":2,"name":"P\u00e9tur R\u00f6gnvaldsson tekur vi\u00f0 meistaraflokki kvenna"}]},{"@type":"WebSite","@id":"https:\/\/grotta.is\/#website","url":"https:\/\/grotta.is\/","name":"\u00cd\u00fer\u00f3ttaf\u00e9lagi\u00f0 Gr\u00f3tta","description":"\u00e1 Seltjarnarnesi","publisher":{"@id":"https:\/\/grotta.is\/#organization"},"potentialAction":[{"@type":"SearchAction","target":{"@type":"EntryPoint","urlTemplate":"https:\/\/grotta.is\/?s={search_term_string}"},"query-input":{"@type":"PropertyValueSpecification","valueRequired":true,"valueName":"search_term_string"}}],"inLanguage":"en-US"},{"@type":"Organization","@id":"https:\/\/grotta.is\/#organization","name":"\u00cd\u00fer\u00f3ttaf\u00e9lagi\u00f0 Gr\u00f3tta","url":"https:\/\/grotta.is\/","logo":{"@type":"ImageObject","inLanguage":"en-US","@id":"https:\/\/grotta.is\/#\/schema\/logo\/image\/","url":"https:\/\/grotta.is\/wp-content\/uploads\/2020\/02\/ithrottafelagidgrotta_logo_512x512_transparent.png","contentUrl":"https:\/\/grotta.is\/wp-content\/uploads\/2020\/02\/ithrottafelagidgrotta_logo_512x512_transparent.png","width":512,"height":512,"caption":"\u00cd\u00fer\u00f3ttaf\u00e9lagi\u00f0 Gr\u00f3tta"},"image":{"@id":"https:\/\/grotta.is\/#\/schema\/logo\/image\/"},"sameAs":["https:\/\/www.facebook.com\/grottasport"]},{"@type":"Person","@id":"https:\/\/grotta.is\/#\/schema\/person\/f1fea6a85a554e8069771c3486efbd84","name":"J\u00f3runn M. \u00deorsteinsd\u00f3ttir","url":"https:\/\/grotta.is\/en\/author\/jorunn\/"}]}},"_links":{"self":[{"href":"https:\/\/grotta.is\/en\/wp-json\/wp\/v2\/posts\/361194","targetHints":{"allow":["GET"]}}],"collection":[{"href":"https:\/\/grotta.is\/en\/wp-json\/wp\/v2\/posts"}],"about":[{"href":"https:\/\/grotta.is\/en\/wp-json\/wp\/v2\/types\/post"}],"author":[{"embeddable":true,"href":"https:\/\/grotta.is\/en\/wp-json\/wp\/v2\/users\/4"}],"replies":[{"embeddable":true,"href":"https:\/\/grotta.is\/en\/wp-json\/wp\/v2\/comments?post=361194"}],"version-history":[{"count":1,"href":"https:\/\/grotta.is\/en\/wp-json\/wp\/v2\/posts\/361194\/revisions"}],"predecessor-version":[{"id":361196,"href":"https:\/\/grotta.is\/en\/wp-json\/wp\/v2\/posts\/361194\/revisions\/361196"}],"wp:featuredmedia":[{"embeddable":true,"href":"https:\/\/grotta.is\/en\/wp-json\/wp\/v2\/media\/361195"}],"wp:attachment":[{"href":"https:\/\/grotta.is\/en\/wp-json\/wp\/v2\/media?parent=361194"}],"wp:term":[{"taxonomy":"category","embeddable":true,"href":"https:\/\/grotta.is\/en\/wp-json\/wp\/v2\/categories?post=361194"},{"taxonomy":"post_tag","embeddable":true,"href":"https:\/\/grotta.is\/en\/wp-json\/wp\/v2\/tags?post=361194"}],"curies":[{"name":"wp","href":"https:\/\/api.w.org\/{rel}","templated":true}]}}