{"id":355164,"date":"2021-08-24T15:34:30","date_gmt":"2021-08-24T15:34:30","guid":{"rendered":"https:\/\/grotta.is\/?p=355164"},"modified":"2021-08-24T15:34:32","modified_gmt":"2021-08-24T15:34:32","slug":"strakar-i-reykjavikururvalinu","status":"publish","type":"post","link":"https:\/\/grotta.is\/en\/handknattleiksdeild\/strakar-i-reykjavikururvalinu\/","title":{"rendered":"Str\u00e1kar \u00ed Reykjav\u00edkur\u00farvalinu"},"content":{"rendered":"<p>Um helgina f\u00f3r fram Reykjav\u00edkur\u00farvals\u00e6fingar hj\u00e1 str\u00e1kum f\u00e6ddum 2006. Bo\u00f0a\u00f0ir voru 28 str\u00e1kar \u00far Reykjav\u00edkurf\u00e9l\u00f6gunum og f\u00f3ru \u00e6fingarnar fram \u00ed V\u00edkinni og \u00ed Valsheimilinu. <\/p><p>\u00c6fingarnar eru undirb\u00faningur fyrir sterkt al\u00fej\u00f3\u00f0legt m\u00f3t \u00ed Ungverjalandi \u00ed jan\u00faar 2022 \u00fear sem Reykjav\u00edk hefur veri\u00f0 bo\u00f0in \u00fe\u00e1tttaka.<\/p><p>8 str\u00e1kar \u00far Gr\u00f3ttu\/KR voru bo\u00f0a\u00f0ir \u00e1 \u00e6fingarnar. \u00deeir st\u00f3\u00f0u sig vel um helgina og vonandi f\u00e1 \u00feeir \u00e1framhaldandi m\u00f6guleika \u00e1 \u00e6fingum me\u00f0 h\u00f3pnum. \u00deetta voru \u00feeir Alex K\u00e1ri \u00de\u00f3rhallsson, Antoine \u00d3skar Pantano, Bessi Teitsson, Fl\u00f3ki H\u00e1konarson, G\u00edsli \u00d6rn Alfre\u00f0sson, Hannes P\u00e9tur Hauksson, Hrafn Ingi J\u00f3hannsson og Vi\u00f0ar Sigurj\u00f3n Helgason.<\/p>","protected":false},"excerpt":{"rendered":"<p>Um helgina f\u00f3r fram Reykjav\u00edkur\u00farvals\u00e6fingar hj\u00e1 str\u00e1kum f\u00e6ddum 2006. Bo\u00f0a\u00f0ir voru 28 str\u00e1kar \u00far Reykjav\u00edkurf\u00e9l\u00f6gunum og f\u00f3ru \u00e6fingarnar fram \u00ed V\u00edkinni og \u00ed Valsheimilinu. \u00c6fingarnar eru undirb\u00faningur fyrir sterkt al\u00fej\u00f3\u00f0legt [&hellip;]<\/p>","protected":false},"author":10,"featured_media":355166,"comment_status":"closed","ping_status":"closed","sticky":false,"template":"","format":"standard","meta":{"footnotes":""},"categories":[12],"tags":[13,116,115],"class_list":["post-355164","post","type-post","status-publish","format-standard","has-post-thumbnail","hentry","category-handknattleiksdeild","tag-handbolti","tag-hkrr","tag-reykjavikururval"],"yoast_head":"<!-- This site is optimized with the Yoast SEO plugin v24.3 - https:\/\/yoast.com\/wordpress\/plugins\/seo\/ -->\n<title>Str\u00e1kar \u00ed Reykjav\u00edkur\u00farvalinu - \u00cd\u00fer\u00f3ttaf\u00e9lagi\u00f0 Gr\u00f3tta<\/title>\n<meta name=\"robots\" content=\"index, follow, max-snippet:-1, max-image-preview:large, max-video-preview:-1\" \/>\n<link rel=\"canonical\" href=\"https:\/\/grotta.is\/en\/handknattleiksdeild\/strakar-i-reykjavikururvalinu\/\" \/>\n<meta property=\"og:locale\" content=\"en_US\" \/>\n<meta property=\"og:type\" content=\"article\" \/>\n<meta property=\"og:title\" content=\"Str\u00e1kar \u00ed Reykjav\u00edkur\u00farvalinu - \u00cd\u00fer\u00f3ttaf\u00e9lagi\u00f0 Gr\u00f3tta\" \/>\n<meta property=\"og:description\" content=\"Um helgina f\u00f3r fram Reykjav\u00edkur\u00farvals\u00e6fingar hj\u00e1 str\u00e1kum f\u00e6ddum 2006. Bo\u00f0a\u00f0ir voru 28 str\u00e1kar \u00far Reykjav\u00edkurf\u00e9l\u00f6gunum og f\u00f3ru \u00e6fingarnar fram \u00ed V\u00edkinni og \u00ed Valsheimilinu. \u00c6fingarnar eru undirb\u00faningur fyrir sterkt al\u00fej\u00f3\u00f0legt [&hellip;]\" \/>\n<meta property=\"og:url\" content=\"https:\/\/grotta.is\/en\/handknattleiksdeild\/strakar-i-reykjavikururvalinu\/\" \/>\n<meta property=\"og:site_name\" content=\"\u00cd\u00fer\u00f3ttaf\u00e9lagi\u00f0 Gr\u00f3tta\" \/>\n<meta property=\"article:publisher\" content=\"https:\/\/www.facebook.com\/grottasport\" \/>\n<meta property=\"article:published_time\" content=\"2021-08-24T15:34:30+00:00\" \/>\n<meta property=\"article:modified_time\" content=\"2021-08-24T15:34:32+00:00\" \/>\n<meta property=\"og:image\" content=\"https:\/\/grotta.is\/wp-content\/uploads\/2021\/08\/20210822_164623-scaled.jpg\" \/>\n\t<meta property=\"og:image:width\" content=\"2560\" \/>\n\t<meta property=\"og:image:height\" content=\"1920\" \/>\n\t<meta property=\"og:image:type\" content=\"image\/jpeg\" \/>\n<meta name=\"author\" content=\"Andri Sigf\u00fasson\" \/>\n<meta name=\"twitter:card\" content=\"summary_large_image\" \/>\n<meta name=\"twitter:label1\" content=\"Written by\" \/>\n\t<meta name=\"twitter:data1\" content=\"Andri Sigf\u00fasson\" \/>\n\t<meta name=\"twitter:label2\" content=\"Est. reading time\" \/>\n\t<meta name=\"twitter:data2\" content=\"1 minute\" \/>\n<script type=\"application\/ld+json\" class=\"yoast-schema-graph\">{\"@context\":\"https:\/\/schema.org\",\"@graph\":[{\"@type\":\"Article\",\"@id\":\"https:\/\/grotta.is\/handknattleiksdeild\/strakar-i-reykjavikururvalinu\/#article\",\"isPartOf\":{\"@id\":\"https:\/\/grotta.is\/handknattleiksdeild\/strakar-i-reykjavikururvalinu\/\"},\"author\":{\"name\":\"Andri Sigf\u00fasson\",\"@id\":\"https:\/\/grotta.is\/#\/schema\/person\/b21e9d5dfd92c90211e343e8d7252b1c\"},\"headline\":\"Str\u00e1kar \u00ed Reykjav\u00edkur\u00farvalinu\",\"datePublished\":\"2021-08-24T15:34:30+00:00\",\"dateModified\":\"2021-08-24T15:34:32+00:00\",\"mainEntityOfPage\":{\"@id\":\"https:\/\/grotta.is\/handknattleiksdeild\/strakar-i-reykjavikururvalinu\/\"},\"wordCount\":126,\"publisher\":{\"@id\":\"https:\/\/grotta.is\/#organization\"},\"image\":{\"@id\":\"https:\/\/grotta.is\/handknattleiksdeild\/strakar-i-reykjavikururvalinu\/#primaryimage\"},\"thumbnailUrl\":\"https:\/\/grotta.is\/wp-content\/uploads\/2021\/08\/20210822_164623-scaled.jpg\",\"keywords\":[\"Handbolti\",\"hkrr\",\"reykjav\u00edkur\u00farval\"],\"articleSection\":[\"Handknattleiksdeild\"],\"inLanguage\":\"en-US\"},{\"@type\":\"WebPage\",\"@id\":\"https:\/\/grotta.is\/handknattleiksdeild\/strakar-i-reykjavikururvalinu\/\",\"url\":\"https:\/\/grotta.is\/handknattleiksdeild\/strakar-i-reykjavikururvalinu\/\",\"name\":\"Str\u00e1kar \u00ed Reykjav\u00edkur\u00farvalinu - \u00cd\u00fer\u00f3ttaf\u00e9lagi\u00f0 Gr\u00f3tta\",\"isPartOf\":{\"@id\":\"https:\/\/grotta.is\/#website\"},\"primaryImageOfPage\":{\"@id\":\"https:\/\/grotta.is\/handknattleiksdeild\/strakar-i-reykjavikururvalinu\/#primaryimage\"},\"image\":{\"@id\":\"https:\/\/grotta.is\/handknattleiksdeild\/strakar-i-reykjavikururvalinu\/#primaryimage\"},\"thumbnailUrl\":\"https:\/\/grotta.is\/wp-content\/uploads\/2021\/08\/20210822_164623-scaled.jpg\",\"datePublished\":\"2021-08-24T15:34:30+00:00\",\"dateModified\":\"2021-08-24T15:34:32+00:00\",\"breadcrumb\":{\"@id\":\"https:\/\/grotta.is\/handknattleiksdeild\/strakar-i-reykjavikururvalinu\/#breadcrumb\"},\"inLanguage\":\"en-US\",\"potentialAction\":[{\"@type\":\"ReadAction\",\"target\":[\"https:\/\/grotta.is\/handknattleiksdeild\/strakar-i-reykjavikururvalinu\/\"]}]},{\"@type\":\"ImageObject\",\"inLanguage\":\"en-US\",\"@id\":\"https:\/\/grotta.is\/handknattleiksdeild\/strakar-i-reykjavikururvalinu\/#primaryimage\",\"url\":\"https:\/\/grotta.is\/wp-content\/uploads\/2021\/08\/20210822_164623-scaled.jpg\",\"contentUrl\":\"https:\/\/grotta.is\/wp-content\/uploads\/2021\/08\/20210822_164623-scaled.jpg\",\"width\":2560,\"height\":1920},{\"@type\":\"BreadcrumbList\",\"@id\":\"https:\/\/grotta.is\/handknattleiksdeild\/strakar-i-reykjavikururvalinu\/#breadcrumb\",\"itemListElement\":[{\"@type\":\"ListItem\",\"position\":1,\"name\":\"Home\",\"item\":\"https:\/\/grotta.is\/\"},{\"@type\":\"ListItem\",\"position\":2,\"name\":\"Str\u00e1kar \u00ed Reykjav\u00edkur\u00farvalinu\"}]},{\"@type\":\"WebSite\",\"@id\":\"https:\/\/grotta.is\/#website\",\"url\":\"https:\/\/grotta.is\/\",\"name\":\"\u00cd\u00fer\u00f3ttaf\u00e9lagi\u00f0 Gr\u00f3tta\",\"description\":\"\u00e1 Seltjarnarnesi\",\"publisher\":{\"@id\":\"https:\/\/grotta.is\/#organization\"},\"potentialAction\":[{\"@type\":\"SearchAction\",\"target\":{\"@type\":\"EntryPoint\",\"urlTemplate\":\"https:\/\/grotta.is\/?s={search_term_string}\"},\"query-input\":{\"@type\":\"PropertyValueSpecification\",\"valueRequired\":true,\"valueName\":\"search_term_string\"}}],\"inLanguage\":\"en-US\"},{\"@type\":\"Organization\",\"@id\":\"https:\/\/grotta.is\/#organization\",\"name\":\"\u00cd\u00fer\u00f3ttaf\u00e9lagi\u00f0 Gr\u00f3tta\",\"url\":\"https:\/\/grotta.is\/\",\"logo\":{\"@type\":\"ImageObject\",\"inLanguage\":\"en-US\",\"@id\":\"https:\/\/grotta.is\/#\/schema\/logo\/image\/\",\"url\":\"https:\/\/grotta.is\/wp-content\/uploads\/2020\/02\/ithrottafelagidgrotta_logo_512x512_transparent.png\",\"contentUrl\":\"https:\/\/grotta.is\/wp-content\/uploads\/2020\/02\/ithrottafelagidgrotta_logo_512x512_transparent.png\",\"width\":512,\"height\":512,\"caption\":\"\u00cd\u00fer\u00f3ttaf\u00e9lagi\u00f0 Gr\u00f3tta\"},\"image\":{\"@id\":\"https:\/\/grotta.is\/#\/schema\/logo\/image\/\"},\"sameAs\":[\"https:\/\/www.facebook.com\/grottasport\"]},{\"@type\":\"Person\",\"@id\":\"https:\/\/grotta.is\/#\/schema\/person\/b21e9d5dfd92c90211e343e8d7252b1c\",\"name\":\"Andri Sigf\u00fasson\",\"url\":\"https:\/\/grotta.is\/en\/author\/andri\/\"}]}<\/script>\n<!-- \/ Yoast SEO plugin. -->","yoast_head_json":{"title":"Str\u00e1kar \u00ed Reykjav\u00edkur\u00farvalinu - \u00cd\u00fer\u00f3ttaf\u00e9lagi\u00f0 Gr\u00f3tta","robots":{"index":"index","follow":"follow","max-snippet":"max-snippet:-1","max-image-preview":"max-image-preview:large","max-video-preview":"max-video-preview:-1"},"canonical":"https:\/\/grotta.is\/en\/handknattleiksdeild\/strakar-i-reykjavikururvalinu\/","og_locale":"en_US","og_type":"article","og_title":"Str\u00e1kar \u00ed Reykjav\u00edkur\u00farvalinu - \u00cd\u00fer\u00f3ttaf\u00e9lagi\u00f0 Gr\u00f3tta","og_description":"Um helgina f\u00f3r fram Reykjav\u00edkur\u00farvals\u00e6fingar hj\u00e1 str\u00e1kum f\u00e6ddum 2006. Bo\u00f0a\u00f0ir voru 28 str\u00e1kar \u00far Reykjav\u00edkurf\u00e9l\u00f6gunum og f\u00f3ru \u00e6fingarnar fram \u00ed V\u00edkinni og \u00ed Valsheimilinu. \u00c6fingarnar eru undirb\u00faningur fyrir sterkt al\u00fej\u00f3\u00f0legt [&hellip;]","og_url":"https:\/\/grotta.is\/en\/handknattleiksdeild\/strakar-i-reykjavikururvalinu\/","og_site_name":"\u00cd\u00fer\u00f3ttaf\u00e9lagi\u00f0 Gr\u00f3tta","article_publisher":"https:\/\/www.facebook.com\/grottasport","article_published_time":"2021-08-24T15:34:30+00:00","article_modified_time":"2021-08-24T15:34:32+00:00","og_image":[{"width":2560,"height":1920,"url":"https:\/\/grotta.is\/wp-content\/uploads\/2021\/08\/20210822_164623-scaled.jpg","type":"image\/jpeg"}],"author":"Andri Sigf\u00fasson","twitter_card":"summary_large_image","twitter_misc":{"Written by":"Andri Sigf\u00fasson","Est. reading time":"1 minute"},"schema":{"@context":"https:\/\/schema.org","@graph":[{"@type":"Article","@id":"https:\/\/grotta.is\/handknattleiksdeild\/strakar-i-reykjavikururvalinu\/#article","isPartOf":{"@id":"https:\/\/grotta.is\/handknattleiksdeild\/strakar-i-reykjavikururvalinu\/"},"author":{"name":"Andri Sigf\u00fasson","@id":"https:\/\/grotta.is\/#\/schema\/person\/b21e9d5dfd92c90211e343e8d7252b1c"},"headline":"Str\u00e1kar \u00ed Reykjav\u00edkur\u00farvalinu","datePublished":"2021-08-24T15:34:30+00:00","dateModified":"2021-08-24T15:34:32+00:00","mainEntityOfPage":{"@id":"https:\/\/grotta.is\/handknattleiksdeild\/strakar-i-reykjavikururvalinu\/"},"wordCount":126,"publisher":{"@id":"https:\/\/grotta.is\/#organization"},"image":{"@id":"https:\/\/grotta.is\/handknattleiksdeild\/strakar-i-reykjavikururvalinu\/#primaryimage"},"thumbnailUrl":"https:\/\/grotta.is\/wp-content\/uploads\/2021\/08\/20210822_164623-scaled.jpg","keywords":["Handbolti","hkrr","reykjav\u00edkur\u00farval"],"articleSection":["Handknattleiksdeild"],"inLanguage":"en-US"},{"@type":"WebPage","@id":"https:\/\/grotta.is\/handknattleiksdeild\/strakar-i-reykjavikururvalinu\/","url":"https:\/\/grotta.is\/handknattleiksdeild\/strakar-i-reykjavikururvalinu\/","name":"Str\u00e1kar \u00ed Reykjav\u00edkur\u00farvalinu - \u00cd\u00fer\u00f3ttaf\u00e9lagi\u00f0 Gr\u00f3tta","isPartOf":{"@id":"https:\/\/grotta.is\/#website"},"primaryImageOfPage":{"@id":"https:\/\/grotta.is\/handknattleiksdeild\/strakar-i-reykjavikururvalinu\/#primaryimage"},"image":{"@id":"https:\/\/grotta.is\/handknattleiksdeild\/strakar-i-reykjavikururvalinu\/#primaryimage"},"thumbnailUrl":"https:\/\/grotta.is\/wp-content\/uploads\/2021\/08\/20210822_164623-scaled.jpg","datePublished":"2021-08-24T15:34:30+00:00","dateModified":"2021-08-24T15:34:32+00:00","breadcrumb":{"@id":"https:\/\/grotta.is\/handknattleiksdeild\/strakar-i-reykjavikururvalinu\/#breadcrumb"},"inLanguage":"en-US","potentialAction":[{"@type":"ReadAction","target":["https:\/\/grotta.is\/handknattleiksdeild\/strakar-i-reykjavikururvalinu\/"]}]},{"@type":"ImageObject","inLanguage":"en-US","@id":"https:\/\/grotta.is\/handknattleiksdeild\/strakar-i-reykjavikururvalinu\/#primaryimage","url":"https:\/\/grotta.is\/wp-content\/uploads\/2021\/08\/20210822_164623-scaled.jpg","contentUrl":"https:\/\/grotta.is\/wp-content\/uploads\/2021\/08\/20210822_164623-scaled.jpg","width":2560,"height":1920},{"@type":"BreadcrumbList","@id":"https:\/\/grotta.is\/handknattleiksdeild\/strakar-i-reykjavikururvalinu\/#breadcrumb","itemListElement":[{"@type":"ListItem","position":1,"name":"Home","item":"https:\/\/grotta.is\/"},{"@type":"ListItem","position":2,"name":"Str\u00e1kar \u00ed Reykjav\u00edkur\u00farvalinu"}]},{"@type":"WebSite","@id":"https:\/\/grotta.is\/#website","url":"https:\/\/grotta.is\/","name":"\u00cd\u00fer\u00f3ttaf\u00e9lagi\u00f0 Gr\u00f3tta","description":"\u00e1 Seltjarnarnesi","publisher":{"@id":"https:\/\/grotta.is\/#organization"},"potentialAction":[{"@type":"SearchAction","target":{"@type":"EntryPoint","urlTemplate":"https:\/\/grotta.is\/?s={search_term_string}"},"query-input":{"@type":"PropertyValueSpecification","valueRequired":true,"valueName":"search_term_string"}}],"inLanguage":"en-US"},{"@type":"Organization","@id":"https:\/\/grotta.is\/#organization","name":"\u00cd\u00fer\u00f3ttaf\u00e9lagi\u00f0 Gr\u00f3tta","url":"https:\/\/grotta.is\/","logo":{"@type":"ImageObject","inLanguage":"en-US","@id":"https:\/\/grotta.is\/#\/schema\/logo\/image\/","url":"https:\/\/grotta.is\/wp-content\/uploads\/2020\/02\/ithrottafelagidgrotta_logo_512x512_transparent.png","contentUrl":"https:\/\/grotta.is\/wp-content\/uploads\/2020\/02\/ithrottafelagidgrotta_logo_512x512_transparent.png","width":512,"height":512,"caption":"\u00cd\u00fer\u00f3ttaf\u00e9lagi\u00f0 Gr\u00f3tta"},"image":{"@id":"https:\/\/grotta.is\/#\/schema\/logo\/image\/"},"sameAs":["https:\/\/www.facebook.com\/grottasport"]},{"@type":"Person","@id":"https:\/\/grotta.is\/#\/schema\/person\/b21e9d5dfd92c90211e343e8d7252b1c","name":"Andri Sigf\u00fasson","url":"https:\/\/grotta.is\/en\/author\/andri\/"}]}},"_links":{"self":[{"href":"https:\/\/grotta.is\/en\/wp-json\/wp\/v2\/posts\/355164","targetHints":{"allow":["GET"]}}],"collection":[{"href":"https:\/\/grotta.is\/en\/wp-json\/wp\/v2\/posts"}],"about":[{"href":"https:\/\/grotta.is\/en\/wp-json\/wp\/v2\/types\/post"}],"author":[{"embeddable":true,"href":"https:\/\/grotta.is\/en\/wp-json\/wp\/v2\/users\/10"}],"replies":[{"embeddable":true,"href":"https:\/\/grotta.is\/en\/wp-json\/wp\/v2\/comments?post=355164"}],"version-history":[{"count":1,"href":"https:\/\/grotta.is\/en\/wp-json\/wp\/v2\/posts\/355164\/revisions"}],"predecessor-version":[{"id":355167,"href":"https:\/\/grotta.is\/en\/wp-json\/wp\/v2\/posts\/355164\/revisions\/355167"}],"wp:featuredmedia":[{"embeddable":true,"href":"https:\/\/grotta.is\/en\/wp-json\/wp\/v2\/media\/355166"}],"wp:attachment":[{"href":"https:\/\/grotta.is\/en\/wp-json\/wp\/v2\/media?parent=355164"}],"wp:term":[{"taxonomy":"category","embeddable":true,"href":"https:\/\/grotta.is\/en\/wp-json\/wp\/v2\/categories?post=355164"},{"taxonomy":"post_tag","embeddable":true,"href":"https:\/\/grotta.is\/en\/wp-json\/wp\/v2\/tags?post=355164"}],"curies":[{"name":"wp","href":"https:\/\/api.w.org\/{rel}","templated":true}]}}