{"id":354379,"date":"2021-08-22T00:18:00","date_gmt":"2021-08-22T00:18:00","guid":{"rendered":"https:\/\/grotta.is\/?p=354379"},"modified":"2021-08-22T00:18:03","modified_gmt":"2021-08-22T00:18:03","slug":"handboltaaefingar-ad-hefjast","status":"publish","type":"post","link":"https:\/\/grotta.is\/en\/handknattleiksdeild\/handboltaaefingar-ad-hefjast\/","title":{"rendered":"Handbolta\u00e6fingar a\u00f0 hefjast"},"content":{"rendered":"<p>\u00c1 m\u00e1nudaginn, 23.\u00e1g\u00fast, hefjast handbolta\u00e6fingar hj\u00e1 \u00f6llum flokkum \u00ed Gr\u00f3ttu. Vi\u00f0 hvetjum alla krakka til a\u00f0 koma \u00e1 \u00e6fingar strax fr\u00e1 upphafi. Vi\u00f0 vonumst til a\u00f0 sj\u00e1 alla i\u00f0kendurna fr\u00e1 \u00fev\u00ed \u00ed fyrra og \u00feeir krakkar sem vilja koma og pr\u00f3fa eru s\u00e9rstaklega bo\u00f0in velkomin. Fr\u00edtt er a\u00f0 pr\u00f3fa handbolta\u00e6fingar \u00ed \u00e1g\u00fast. \u00dej\u00e1lfarar taka vel a\u00b4m\u00f3ti kr\u00f6kkunum.<\/p><p>B\u00fai\u00f0 er a\u00f0 opna fyrir skr\u00e1ningar \u00ed Sportabler. <\/p><p>Fyrir frekari uppl\u00fdsingar er h\u00e6gt a\u00f0 hafa samband vi\u00f0 Maksim yfir\u00fej\u00e1lfara \u00e1 netfangi\u00f0 maksim@grotta.is e\u00f0a handbolti@grotta.is.<\/p><p>\u00c1fram Gr\u00f3tta !<\/p><p><img decoding=\"async\" class=\"wp-image-354381 lazyload\" style=\"width: 800px;\" data-src=\"https:\/\/grotta.is\/wp-content\/uploads\/2021\/08\/082207275419.pdf-page-001-scaled.jpg\" alt=\"\" src=\"data:image\/gif;base64,R0lGODlhAQABAAAAACH5BAEKAAEALAAAAAABAAEAAAICTAEAOw==\"><\/p><p><\/p>","protected":false},"excerpt":{"rendered":"<p>\u00c1 m\u00e1nudaginn, 23.\u00e1g\u00fast, hefjast handbolta\u00e6fingar hj\u00e1 \u00f6llum flokkum \u00ed Gr\u00f3ttu. Vi\u00f0 hvetjum alla krakka til a\u00f0 koma \u00e1 \u00e6fingar strax fr\u00e1 upphafi. Vi\u00f0 vonumst til a\u00f0 sj\u00e1 alla i\u00f0kendurna fr\u00e1 [&hellip;]<\/p>","protected":false},"author":10,"featured_media":0,"comment_status":"closed","ping_status":"closed","sticky":false,"template":"","format":"standard","meta":{"footnotes":""},"categories":[12],"tags":[114,13],"class_list":["post-354379","post","type-post","status-publish","format-standard","hentry","category-handknattleiksdeild","tag-aefingatafla-2","tag-handbolti"],"yoast_head":"<!-- This site is optimized with the Yoast SEO plugin v24.3 - https:\/\/yoast.com\/wordpress\/plugins\/seo\/ -->\n<title>Handbolta\u00e6fingar a\u00f0 hefjast - \u00cd\u00fer\u00f3ttaf\u00e9lagi\u00f0 Gr\u00f3tta<\/title>\n<meta name=\"robots\" content=\"index, follow, max-snippet:-1, max-image-preview:large, max-video-preview:-1\" \/>\n<link rel=\"canonical\" href=\"https:\/\/grotta.is\/en\/handknattleiksdeild\/handboltaaefingar-ad-hefjast\/\" \/>\n<meta property=\"og:locale\" content=\"en_US\" \/>\n<meta property=\"og:type\" content=\"article\" \/>\n<meta property=\"og:title\" content=\"Handbolta\u00e6fingar a\u00f0 hefjast - \u00cd\u00fer\u00f3ttaf\u00e9lagi\u00f0 Gr\u00f3tta\" \/>\n<meta property=\"og:description\" content=\"\u00c1 m\u00e1nudaginn, 23.\u00e1g\u00fast, hefjast handbolta\u00e6fingar hj\u00e1 \u00f6llum flokkum \u00ed Gr\u00f3ttu. Vi\u00f0 hvetjum alla krakka til a\u00f0 koma \u00e1 \u00e6fingar strax fr\u00e1 upphafi. Vi\u00f0 vonumst til a\u00f0 sj\u00e1 alla i\u00f0kendurna fr\u00e1 [&hellip;]\" \/>\n<meta property=\"og:url\" content=\"https:\/\/grotta.is\/en\/handknattleiksdeild\/handboltaaefingar-ad-hefjast\/\" \/>\n<meta property=\"og:site_name\" content=\"\u00cd\u00fer\u00f3ttaf\u00e9lagi\u00f0 Gr\u00f3tta\" \/>\n<meta property=\"article:publisher\" content=\"https:\/\/www.facebook.com\/grottasport\" \/>\n<meta property=\"article:published_time\" content=\"2021-08-22T00:18:00+00:00\" \/>\n<meta property=\"article:modified_time\" content=\"2021-08-22T00:18:03+00:00\" \/>\n<meta property=\"og:image\" content=\"https:\/\/grotta.is\/wp-content\/uploads\/2021\/08\/082207275419.pdf-page-001-scaled.jpg\" \/>\n<meta name=\"author\" content=\"Andri Sigf\u00fasson\" \/>\n<meta name=\"twitter:card\" content=\"summary_large_image\" \/>\n<meta name=\"twitter:label1\" content=\"Written by\" \/>\n\t<meta name=\"twitter:data1\" content=\"Andri Sigf\u00fasson\" \/>\n\t<meta name=\"twitter:label2\" content=\"Est. reading time\" \/>\n\t<meta name=\"twitter:data2\" content=\"1 minute\" \/>\n<script type=\"application\/ld+json\" class=\"yoast-schema-graph\">{\"@context\":\"https:\/\/schema.org\",\"@graph\":[{\"@type\":\"Article\",\"@id\":\"https:\/\/grotta.is\/handknattleiksdeild\/handboltaaefingar-ad-hefjast\/#article\",\"isPartOf\":{\"@id\":\"https:\/\/grotta.is\/handknattleiksdeild\/handboltaaefingar-ad-hefjast\/\"},\"author\":{\"name\":\"Andri Sigf\u00fasson\",\"@id\":\"https:\/\/grotta.is\/#\/schema\/person\/b21e9d5dfd92c90211e343e8d7252b1c\"},\"headline\":\"Handbolta\u00e6fingar a\u00f0 hefjast\",\"datePublished\":\"2021-08-22T00:18:00+00:00\",\"dateModified\":\"2021-08-22T00:18:03+00:00\",\"mainEntityOfPage\":{\"@id\":\"https:\/\/grotta.is\/handknattleiksdeild\/handboltaaefingar-ad-hefjast\/\"},\"wordCount\":108,\"publisher\":{\"@id\":\"https:\/\/grotta.is\/#organization\"},\"image\":{\"@id\":\"https:\/\/grotta.is\/handknattleiksdeild\/handboltaaefingar-ad-hefjast\/#primaryimage\"},\"thumbnailUrl\":\"https:\/\/grotta.is\/wp-content\/uploads\/2021\/08\/082207275419.pdf-page-001-scaled.jpg\",\"keywords\":[\"\u00e6fingatafla\",\"Handbolti\"],\"articleSection\":[\"Handknattleiksdeild\"],\"inLanguage\":\"en-US\"},{\"@type\":\"WebPage\",\"@id\":\"https:\/\/grotta.is\/handknattleiksdeild\/handboltaaefingar-ad-hefjast\/\",\"url\":\"https:\/\/grotta.is\/handknattleiksdeild\/handboltaaefingar-ad-hefjast\/\",\"name\":\"Handbolta\u00e6fingar a\u00f0 hefjast - \u00cd\u00fer\u00f3ttaf\u00e9lagi\u00f0 Gr\u00f3tta\",\"isPartOf\":{\"@id\":\"https:\/\/grotta.is\/#website\"},\"primaryImageOfPage\":{\"@id\":\"https:\/\/grotta.is\/handknattleiksdeild\/handboltaaefingar-ad-hefjast\/#primaryimage\"},\"image\":{\"@id\":\"https:\/\/grotta.is\/handknattleiksdeild\/handboltaaefingar-ad-hefjast\/#primaryimage\"},\"thumbnailUrl\":\"https:\/\/grotta.is\/wp-content\/uploads\/2021\/08\/082207275419.pdf-page-001-scaled.jpg\",\"datePublished\":\"2021-08-22T00:18:00+00:00\",\"dateModified\":\"2021-08-22T00:18:03+00:00\",\"breadcrumb\":{\"@id\":\"https:\/\/grotta.is\/handknattleiksdeild\/handboltaaefingar-ad-hefjast\/#breadcrumb\"},\"inLanguage\":\"en-US\",\"potentialAction\":[{\"@type\":\"ReadAction\",\"target\":[\"https:\/\/grotta.is\/handknattleiksdeild\/handboltaaefingar-ad-hefjast\/\"]}]},{\"@type\":\"ImageObject\",\"inLanguage\":\"en-US\",\"@id\":\"https:\/\/grotta.is\/handknattleiksdeild\/handboltaaefingar-ad-hefjast\/#primaryimage\",\"url\":\"https:\/\/grotta.is\/wp-content\/uploads\/2021\/08\/082207275419.pdf-page-001-scaled.jpg\",\"contentUrl\":\"https:\/\/grotta.is\/wp-content\/uploads\/2021\/08\/082207275419.pdf-page-001-scaled.jpg\"},{\"@type\":\"BreadcrumbList\",\"@id\":\"https:\/\/grotta.is\/handknattleiksdeild\/handboltaaefingar-ad-hefjast\/#breadcrumb\",\"itemListElement\":[{\"@type\":\"ListItem\",\"position\":1,\"name\":\"Home\",\"item\":\"https:\/\/grotta.is\/\"},{\"@type\":\"ListItem\",\"position\":2,\"name\":\"Handbolta\u00e6fingar a\u00f0 hefjast\"}]},{\"@type\":\"WebSite\",\"@id\":\"https:\/\/grotta.is\/#website\",\"url\":\"https:\/\/grotta.is\/\",\"name\":\"\u00cd\u00fer\u00f3ttaf\u00e9lagi\u00f0 Gr\u00f3tta\",\"description\":\"\u00e1 Seltjarnarnesi\",\"publisher\":{\"@id\":\"https:\/\/grotta.is\/#organization\"},\"potentialAction\":[{\"@type\":\"SearchAction\",\"target\":{\"@type\":\"EntryPoint\",\"urlTemplate\":\"https:\/\/grotta.is\/?s={search_term_string}\"},\"query-input\":{\"@type\":\"PropertyValueSpecification\",\"valueRequired\":true,\"valueName\":\"search_term_string\"}}],\"inLanguage\":\"en-US\"},{\"@type\":\"Organization\",\"@id\":\"https:\/\/grotta.is\/#organization\",\"name\":\"\u00cd\u00fer\u00f3ttaf\u00e9lagi\u00f0 Gr\u00f3tta\",\"url\":\"https:\/\/grotta.is\/\",\"logo\":{\"@type\":\"ImageObject\",\"inLanguage\":\"en-US\",\"@id\":\"https:\/\/grotta.is\/#\/schema\/logo\/image\/\",\"url\":\"https:\/\/grotta.is\/wp-content\/uploads\/2020\/02\/ithrottafelagidgrotta_logo_512x512_transparent.png\",\"contentUrl\":\"https:\/\/grotta.is\/wp-content\/uploads\/2020\/02\/ithrottafelagidgrotta_logo_512x512_transparent.png\",\"width\":512,\"height\":512,\"caption\":\"\u00cd\u00fer\u00f3ttaf\u00e9lagi\u00f0 Gr\u00f3tta\"},\"image\":{\"@id\":\"https:\/\/grotta.is\/#\/schema\/logo\/image\/\"},\"sameAs\":[\"https:\/\/www.facebook.com\/grottasport\"]},{\"@type\":\"Person\",\"@id\":\"https:\/\/grotta.is\/#\/schema\/person\/b21e9d5dfd92c90211e343e8d7252b1c\",\"name\":\"Andri Sigf\u00fasson\",\"url\":\"https:\/\/grotta.is\/en\/author\/andri\/\"}]}<\/script>\n<!-- \/ Yoast SEO plugin. -->","yoast_head_json":{"title":"Handbolta\u00e6fingar a\u00f0 hefjast - \u00cd\u00fer\u00f3ttaf\u00e9lagi\u00f0 Gr\u00f3tta","robots":{"index":"index","follow":"follow","max-snippet":"max-snippet:-1","max-image-preview":"max-image-preview:large","max-video-preview":"max-video-preview:-1"},"canonical":"https:\/\/grotta.is\/en\/handknattleiksdeild\/handboltaaefingar-ad-hefjast\/","og_locale":"en_US","og_type":"article","og_title":"Handbolta\u00e6fingar a\u00f0 hefjast - \u00cd\u00fer\u00f3ttaf\u00e9lagi\u00f0 Gr\u00f3tta","og_description":"\u00c1 m\u00e1nudaginn, 23.\u00e1g\u00fast, hefjast handbolta\u00e6fingar hj\u00e1 \u00f6llum flokkum \u00ed Gr\u00f3ttu. Vi\u00f0 hvetjum alla krakka til a\u00f0 koma \u00e1 \u00e6fingar strax fr\u00e1 upphafi. Vi\u00f0 vonumst til a\u00f0 sj\u00e1 alla i\u00f0kendurna fr\u00e1 [&hellip;]","og_url":"https:\/\/grotta.is\/en\/handknattleiksdeild\/handboltaaefingar-ad-hefjast\/","og_site_name":"\u00cd\u00fer\u00f3ttaf\u00e9lagi\u00f0 Gr\u00f3tta","article_publisher":"https:\/\/www.facebook.com\/grottasport","article_published_time":"2021-08-22T00:18:00+00:00","article_modified_time":"2021-08-22T00:18:03+00:00","og_image":[{"url":"https:\/\/grotta.is\/wp-content\/uploads\/2021\/08\/082207275419.pdf-page-001-scaled.jpg","type":"","width":"","height":""}],"author":"Andri Sigf\u00fasson","twitter_card":"summary_large_image","twitter_misc":{"Written by":"Andri Sigf\u00fasson","Est. reading time":"1 minute"},"schema":{"@context":"https:\/\/schema.org","@graph":[{"@type":"Article","@id":"https:\/\/grotta.is\/handknattleiksdeild\/handboltaaefingar-ad-hefjast\/#article","isPartOf":{"@id":"https:\/\/grotta.is\/handknattleiksdeild\/handboltaaefingar-ad-hefjast\/"},"author":{"name":"Andri Sigf\u00fasson","@id":"https:\/\/grotta.is\/#\/schema\/person\/b21e9d5dfd92c90211e343e8d7252b1c"},"headline":"Handbolta\u00e6fingar a\u00f0 hefjast","datePublished":"2021-08-22T00:18:00+00:00","dateModified":"2021-08-22T00:18:03+00:00","mainEntityOfPage":{"@id":"https:\/\/grotta.is\/handknattleiksdeild\/handboltaaefingar-ad-hefjast\/"},"wordCount":108,"publisher":{"@id":"https:\/\/grotta.is\/#organization"},"image":{"@id":"https:\/\/grotta.is\/handknattleiksdeild\/handboltaaefingar-ad-hefjast\/#primaryimage"},"thumbnailUrl":"https:\/\/grotta.is\/wp-content\/uploads\/2021\/08\/082207275419.pdf-page-001-scaled.jpg","keywords":["\u00e6fingatafla","Handbolti"],"articleSection":["Handknattleiksdeild"],"inLanguage":"en-US"},{"@type":"WebPage","@id":"https:\/\/grotta.is\/handknattleiksdeild\/handboltaaefingar-ad-hefjast\/","url":"https:\/\/grotta.is\/handknattleiksdeild\/handboltaaefingar-ad-hefjast\/","name":"Handbolta\u00e6fingar a\u00f0 hefjast - \u00cd\u00fer\u00f3ttaf\u00e9lagi\u00f0 Gr\u00f3tta","isPartOf":{"@id":"https:\/\/grotta.is\/#website"},"primaryImageOfPage":{"@id":"https:\/\/grotta.is\/handknattleiksdeild\/handboltaaefingar-ad-hefjast\/#primaryimage"},"image":{"@id":"https:\/\/grotta.is\/handknattleiksdeild\/handboltaaefingar-ad-hefjast\/#primaryimage"},"thumbnailUrl":"https:\/\/grotta.is\/wp-content\/uploads\/2021\/08\/082207275419.pdf-page-001-scaled.jpg","datePublished":"2021-08-22T00:18:00+00:00","dateModified":"2021-08-22T00:18:03+00:00","breadcrumb":{"@id":"https:\/\/grotta.is\/handknattleiksdeild\/handboltaaefingar-ad-hefjast\/#breadcrumb"},"inLanguage":"en-US","potentialAction":[{"@type":"ReadAction","target":["https:\/\/grotta.is\/handknattleiksdeild\/handboltaaefingar-ad-hefjast\/"]}]},{"@type":"ImageObject","inLanguage":"en-US","@id":"https:\/\/grotta.is\/handknattleiksdeild\/handboltaaefingar-ad-hefjast\/#primaryimage","url":"https:\/\/grotta.is\/wp-content\/uploads\/2021\/08\/082207275419.pdf-page-001-scaled.jpg","contentUrl":"https:\/\/grotta.is\/wp-content\/uploads\/2021\/08\/082207275419.pdf-page-001-scaled.jpg"},{"@type":"BreadcrumbList","@id":"https:\/\/grotta.is\/handknattleiksdeild\/handboltaaefingar-ad-hefjast\/#breadcrumb","itemListElement":[{"@type":"ListItem","position":1,"name":"Home","item":"https:\/\/grotta.is\/"},{"@type":"ListItem","position":2,"name":"Handbolta\u00e6fingar a\u00f0 hefjast"}]},{"@type":"WebSite","@id":"https:\/\/grotta.is\/#website","url":"https:\/\/grotta.is\/","name":"\u00cd\u00fer\u00f3ttaf\u00e9lagi\u00f0 Gr\u00f3tta","description":"\u00e1 Seltjarnarnesi","publisher":{"@id":"https:\/\/grotta.is\/#organization"},"potentialAction":[{"@type":"SearchAction","target":{"@type":"EntryPoint","urlTemplate":"https:\/\/grotta.is\/?s={search_term_string}"},"query-input":{"@type":"PropertyValueSpecification","valueRequired":true,"valueName":"search_term_string"}}],"inLanguage":"en-US"},{"@type":"Organization","@id":"https:\/\/grotta.is\/#organization","name":"\u00cd\u00fer\u00f3ttaf\u00e9lagi\u00f0 Gr\u00f3tta","url":"https:\/\/grotta.is\/","logo":{"@type":"ImageObject","inLanguage":"en-US","@id":"https:\/\/grotta.is\/#\/schema\/logo\/image\/","url":"https:\/\/grotta.is\/wp-content\/uploads\/2020\/02\/ithrottafelagidgrotta_logo_512x512_transparent.png","contentUrl":"https:\/\/grotta.is\/wp-content\/uploads\/2020\/02\/ithrottafelagidgrotta_logo_512x512_transparent.png","width":512,"height":512,"caption":"\u00cd\u00fer\u00f3ttaf\u00e9lagi\u00f0 Gr\u00f3tta"},"image":{"@id":"https:\/\/grotta.is\/#\/schema\/logo\/image\/"},"sameAs":["https:\/\/www.facebook.com\/grottasport"]},{"@type":"Person","@id":"https:\/\/grotta.is\/#\/schema\/person\/b21e9d5dfd92c90211e343e8d7252b1c","name":"Andri Sigf\u00fasson","url":"https:\/\/grotta.is\/en\/author\/andri\/"}]}},"_links":{"self":[{"href":"https:\/\/grotta.is\/en\/wp-json\/wp\/v2\/posts\/354379","targetHints":{"allow":["GET"]}}],"collection":[{"href":"https:\/\/grotta.is\/en\/wp-json\/wp\/v2\/posts"}],"about":[{"href":"https:\/\/grotta.is\/en\/wp-json\/wp\/v2\/types\/post"}],"author":[{"embeddable":true,"href":"https:\/\/grotta.is\/en\/wp-json\/wp\/v2\/users\/10"}],"replies":[{"embeddable":true,"href":"https:\/\/grotta.is\/en\/wp-json\/wp\/v2\/comments?post=354379"}],"version-history":[{"count":1,"href":"https:\/\/grotta.is\/en\/wp-json\/wp\/v2\/posts\/354379\/revisions"}],"predecessor-version":[{"id":354382,"href":"https:\/\/grotta.is\/en\/wp-json\/wp\/v2\/posts\/354379\/revisions\/354382"}],"wp:attachment":[{"href":"https:\/\/grotta.is\/en\/wp-json\/wp\/v2\/media?parent=354379"}],"wp:term":[{"taxonomy":"category","embeddable":true,"href":"https:\/\/grotta.is\/en\/wp-json\/wp\/v2\/categories?post=354379"},{"taxonomy":"post_tag","embeddable":true,"href":"https:\/\/grotta.is\/en\/wp-json\/wp\/v2\/tags?post=354379"}],"curies":[{"name":"wp","href":"https:\/\/api.w.org\/{rel}","templated":true}]}}