{"id":353421,"date":"2021-08-16T22:04:30","date_gmt":"2021-08-16T22:04:30","guid":{"rendered":"https:\/\/grotta.is\/?p=353421"},"modified":"2021-08-19T11:03:06","modified_gmt":"2021-08-19T11:03:06","slug":"magnus-orn-radinn-u17-landslidsthjalfari-kvenna","status":"publish","type":"post","link":"https:\/\/grotta.is\/en\/knattspyrnudeild\/magnus-orn-radinn-u17-landslidsthjalfari-kvenna\/","title":{"rendered":"Magn\u00fas \u00d6rn r\u00e1\u00f0inn U17 landsli\u00f0s\u00fej\u00e1lfari kvenna"},"content":{"rendered":"<p>Magn\u00fas \u00d6rn Helgason hefur veri\u00f0 r\u00e1\u00f0inn sem n\u00fdr U17 landsli\u00f0s\u00fej\u00e1lfari kvenna. \u00dea\u00f0 \u00fearf ekki a\u00f0 kynna Magn\u00fas \u00d6rn fyrir Gr\u00f3ttuf\u00f3lki en hann hefur starfa\u00f0 hj\u00e1 knattspyrnudeild Gr\u00f3ttu fr\u00e1 \u00e1rinu 2007 og er Gr\u00f3ttuma\u00f0ur \u00ed h\u00fa\u00f0 og h\u00e1r. Hann l\u00e9k upp&nbsp;yngri flokka Gr\u00f3ttu \u00e1\u00f0ur en hann sneri s\u00e9r a\u00f0 \u00fej\u00e1lfun en hann hefur \u00fej\u00e1lfa\u00f0 flesta aldursh\u00f3pa hj\u00e1 f\u00e9laginu auk \u00feess a\u00f0 gegna starfi yfir\u00fej\u00e1lfara yngri flokka \u00e1rin 2014-2017. \u00c1ri\u00f0 2018 t\u00f3k Maggi vi\u00f0 meistaraflokki kvenna og hann hefur st\u00fdrt li\u00f0inu s\u00ed\u00f0an \u00e1samt P\u00e9tri R\u00f6gnvaldssyni, en undir \u00feeirra stj\u00f3rn komst&nbsp;Gr\u00f3tta upp um deild \u00e1ri\u00f0 2019.&nbsp;<\/p><p>Magga ver\u00f0ur s\u00e1rt sakna\u00f0 innan knattspyrnudeildarinnar, enda hefur hann gegnt st\u00f3ru hlutverki \u00fear lengi og sinnt starfi s\u00ednu af mikilli kostg\u00e6fni og \u00e1str\u00ed\u00f0u. Knattspyrnudeild Gr\u00f3ttu \u00f3skar Magga innilega til hamingju me\u00f0 n\u00fdja starfi\u00f0 og er hreyki\u00f0 af \u00fev\u00ed a\u00f0 \u00fej\u00e1lfari f\u00e9lagsins s\u00e9 or\u00f0inn landsli\u00f0s\u00fej\u00e1lfari. Maggi tekur vi\u00f0 U17 \u00e1ra landsli\u00f0inu a\u00f0 loknu keppnist\u00edmabili hj\u00e1 meistaraflokki kvenna \u00ed september m\u00e1nu\u00f0i. Vi\u00f0 hl\u00f6kkum til a\u00f0 fylgjast me\u00f0 honum \u00ed n\u00fdju starfi.\u00a0<\/p><figure class=\"wp-block-image size-large\"><img fetchpriority=\"high\" decoding=\"async\" width=\"1024\" height=\"814\" src=\"https:\/\/grotta.is\/wp-content\/uploads\/2021\/08\/5D4_0546-1024x814.jpeg\" alt=\"\" class=\"wp-image-353422\" srcset=\"https:\/\/grotta.is\/wp-content\/uploads\/2021\/08\/5D4_0546-1024x814.jpeg 1024w, https:\/\/grotta.is\/wp-content\/uploads\/2021\/08\/5D4_0546-300x239.jpeg 300w, https:\/\/grotta.is\/wp-content\/uploads\/2021\/08\/5D4_0546-768x611.jpeg 768w, https:\/\/grotta.is\/wp-content\/uploads\/2021\/08\/5D4_0546-1536x1221.jpeg 1536w, https:\/\/grotta.is\/wp-content\/uploads\/2021\/08\/5D4_0546-15x12.jpeg 15w, https:\/\/grotta.is\/wp-content\/uploads\/2021\/08\/5D4_0546-600x477.jpeg 600w, https:\/\/grotta.is\/wp-content\/uploads\/2021\/08\/5D4_0546.jpeg 1738w\" sizes=\"(max-width: 1024px) 100vw, 1024px\" \/><\/figure>","protected":false},"excerpt":{"rendered":"<p>Magn\u00fas \u00d6rn Helgason hefur veri\u00f0 r\u00e1\u00f0inn sem n\u00fdr U17 landsli\u00f0s\u00fej\u00e1lfari kvenna. \u00dea\u00f0 \u00fearf ekki a\u00f0 kynna Magn\u00fas \u00d6rn fyrir Gr\u00f3ttuf\u00f3lki en hann hefur starfa\u00f0 hj\u00e1 knattspyrnudeild Gr\u00f3ttu fr\u00e1 \u00e1rinu 2007 [&hellip;]<\/p>","protected":false},"author":4,"featured_media":353422,"comment_status":"closed","ping_status":"closed","sticky":false,"template":"","format":"standard","meta":{"footnotes":""},"categories":[7],"tags":[6,22,33],"class_list":["post-353421","post","type-post","status-publish","format-standard","has-post-thumbnail","hentry","category-knattspyrnudeild","tag-knattspyrna","tag-landslid","tag-thjalfarar"],"yoast_head":"<!-- This site is optimized with the Yoast SEO plugin v24.3 - https:\/\/yoast.com\/wordpress\/plugins\/seo\/ -->\n<title>Magn\u00fas \u00d6rn r\u00e1\u00f0inn U17 landsli\u00f0s\u00fej\u00e1lfari kvenna - \u00cd\u00fer\u00f3ttaf\u00e9lagi\u00f0 Gr\u00f3tta<\/title>\n<meta name=\"robots\" content=\"index, follow, max-snippet:-1, max-image-preview:large, max-video-preview:-1\" \/>\n<link rel=\"canonical\" href=\"https:\/\/grotta.is\/en\/knattspyrnudeild\/magnus-orn-radinn-u17-landslidsthjalfari-kvenna\/\" \/>\n<meta property=\"og:locale\" content=\"en_US\" \/>\n<meta property=\"og:type\" content=\"article\" \/>\n<meta property=\"og:title\" content=\"Magn\u00fas \u00d6rn r\u00e1\u00f0inn U17 landsli\u00f0s\u00fej\u00e1lfari kvenna - \u00cd\u00fer\u00f3ttaf\u00e9lagi\u00f0 Gr\u00f3tta\" \/>\n<meta property=\"og:description\" content=\"Magn\u00fas \u00d6rn Helgason hefur veri\u00f0 r\u00e1\u00f0inn sem n\u00fdr U17 landsli\u00f0s\u00fej\u00e1lfari kvenna. \u00dea\u00f0 \u00fearf ekki a\u00f0 kynna Magn\u00fas \u00d6rn fyrir Gr\u00f3ttuf\u00f3lki en hann hefur starfa\u00f0 hj\u00e1 knattspyrnudeild Gr\u00f3ttu fr\u00e1 \u00e1rinu 2007 [&hellip;]\" \/>\n<meta property=\"og:url\" content=\"https:\/\/grotta.is\/en\/knattspyrnudeild\/magnus-orn-radinn-u17-landslidsthjalfari-kvenna\/\" \/>\n<meta property=\"og:site_name\" content=\"\u00cd\u00fer\u00f3ttaf\u00e9lagi\u00f0 Gr\u00f3tta\" \/>\n<meta property=\"article:publisher\" content=\"https:\/\/www.facebook.com\/grottasport\" \/>\n<meta property=\"article:published_time\" content=\"2021-08-16T22:04:30+00:00\" \/>\n<meta property=\"article:modified_time\" content=\"2021-08-19T11:03:06+00:00\" \/>\n<meta property=\"og:image\" content=\"https:\/\/grotta.is\/wp-content\/uploads\/2021\/08\/5D4_0546.jpeg\" \/>\n\t<meta property=\"og:image:width\" content=\"1738\" \/>\n\t<meta property=\"og:image:height\" content=\"1382\" \/>\n\t<meta property=\"og:image:type\" content=\"image\/jpeg\" \/>\n<meta name=\"author\" content=\"J\u00f3runn M. \u00deorsteinsd\u00f3ttir\" \/>\n<meta name=\"twitter:card\" content=\"summary_large_image\" \/>\n<meta name=\"twitter:label1\" content=\"Written by\" \/>\n\t<meta name=\"twitter:data1\" content=\"J\u00f3runn M. \u00deorsteinsd\u00f3ttir\" \/>\n\t<meta name=\"twitter:label2\" content=\"Est. reading time\" \/>\n\t<meta name=\"twitter:data2\" content=\"1 minute\" \/>\n<script type=\"application\/ld+json\" class=\"yoast-schema-graph\">{\"@context\":\"https:\/\/schema.org\",\"@graph\":[{\"@type\":\"Article\",\"@id\":\"https:\/\/grotta.is\/knattspyrnudeild\/magnus-orn-radinn-u17-landslidsthjalfari-kvenna\/#article\",\"isPartOf\":{\"@id\":\"https:\/\/grotta.is\/knattspyrnudeild\/magnus-orn-radinn-u17-landslidsthjalfari-kvenna\/\"},\"author\":{\"name\":\"J\u00f3runn M. \u00deorsteinsd\u00f3ttir\",\"@id\":\"https:\/\/grotta.is\/#\/schema\/person\/f1fea6a85a554e8069771c3486efbd84\"},\"headline\":\"Magn\u00fas \u00d6rn r\u00e1\u00f0inn U17 landsli\u00f0s\u00fej\u00e1lfari kvenna\",\"datePublished\":\"2021-08-16T22:04:30+00:00\",\"dateModified\":\"2021-08-19T11:03:06+00:00\",\"mainEntityOfPage\":{\"@id\":\"https:\/\/grotta.is\/knattspyrnudeild\/magnus-orn-radinn-u17-landslidsthjalfari-kvenna\/\"},\"wordCount\":222,\"publisher\":{\"@id\":\"https:\/\/grotta.is\/#organization\"},\"image\":{\"@id\":\"https:\/\/grotta.is\/knattspyrnudeild\/magnus-orn-radinn-u17-landslidsthjalfari-kvenna\/#primaryimage\"},\"thumbnailUrl\":\"https:\/\/grotta.is\/wp-content\/uploads\/2021\/08\/5D4_0546.jpeg\",\"keywords\":[\"Knattspyrna\",\"Landsli\u00f0\",\"\u00dej\u00e1lfarar\"],\"articleSection\":[\"Knattspyrnudeild\"],\"inLanguage\":\"en-US\"},{\"@type\":\"WebPage\",\"@id\":\"https:\/\/grotta.is\/knattspyrnudeild\/magnus-orn-radinn-u17-landslidsthjalfari-kvenna\/\",\"url\":\"https:\/\/grotta.is\/knattspyrnudeild\/magnus-orn-radinn-u17-landslidsthjalfari-kvenna\/\",\"name\":\"Magn\u00fas \u00d6rn r\u00e1\u00f0inn U17 landsli\u00f0s\u00fej\u00e1lfari kvenna - \u00cd\u00fer\u00f3ttaf\u00e9lagi\u00f0 Gr\u00f3tta\",\"isPartOf\":{\"@id\":\"https:\/\/grotta.is\/#website\"},\"primaryImageOfPage\":{\"@id\":\"https:\/\/grotta.is\/knattspyrnudeild\/magnus-orn-radinn-u17-landslidsthjalfari-kvenna\/#primaryimage\"},\"image\":{\"@id\":\"https:\/\/grotta.is\/knattspyrnudeild\/magnus-orn-radinn-u17-landslidsthjalfari-kvenna\/#primaryimage\"},\"thumbnailUrl\":\"https:\/\/grotta.is\/wp-content\/uploads\/2021\/08\/5D4_0546.jpeg\",\"datePublished\":\"2021-08-16T22:04:30+00:00\",\"dateModified\":\"2021-08-19T11:03:06+00:00\",\"breadcrumb\":{\"@id\":\"https:\/\/grotta.is\/knattspyrnudeild\/magnus-orn-radinn-u17-landslidsthjalfari-kvenna\/#breadcrumb\"},\"inLanguage\":\"en-US\",\"potentialAction\":[{\"@type\":\"ReadAction\",\"target\":[\"https:\/\/grotta.is\/knattspyrnudeild\/magnus-orn-radinn-u17-landslidsthjalfari-kvenna\/\"]}]},{\"@type\":\"ImageObject\",\"inLanguage\":\"en-US\",\"@id\":\"https:\/\/grotta.is\/knattspyrnudeild\/magnus-orn-radinn-u17-landslidsthjalfari-kvenna\/#primaryimage\",\"url\":\"https:\/\/grotta.is\/wp-content\/uploads\/2021\/08\/5D4_0546.jpeg\",\"contentUrl\":\"https:\/\/grotta.is\/wp-content\/uploads\/2021\/08\/5D4_0546.jpeg\",\"width\":1738,\"height\":1382},{\"@type\":\"BreadcrumbList\",\"@id\":\"https:\/\/grotta.is\/knattspyrnudeild\/magnus-orn-radinn-u17-landslidsthjalfari-kvenna\/#breadcrumb\",\"itemListElement\":[{\"@type\":\"ListItem\",\"position\":1,\"name\":\"Home\",\"item\":\"https:\/\/grotta.is\/\"},{\"@type\":\"ListItem\",\"position\":2,\"name\":\"Magn\u00fas \u00d6rn r\u00e1\u00f0inn U17 landsli\u00f0s\u00fej\u00e1lfari kvenna\"}]},{\"@type\":\"WebSite\",\"@id\":\"https:\/\/grotta.is\/#website\",\"url\":\"https:\/\/grotta.is\/\",\"name\":\"\u00cd\u00fer\u00f3ttaf\u00e9lagi\u00f0 Gr\u00f3tta\",\"description\":\"\u00e1 Seltjarnarnesi\",\"publisher\":{\"@id\":\"https:\/\/grotta.is\/#organization\"},\"potentialAction\":[{\"@type\":\"SearchAction\",\"target\":{\"@type\":\"EntryPoint\",\"urlTemplate\":\"https:\/\/grotta.is\/?s={search_term_string}\"},\"query-input\":{\"@type\":\"PropertyValueSpecification\",\"valueRequired\":true,\"valueName\":\"search_term_string\"}}],\"inLanguage\":\"en-US\"},{\"@type\":\"Organization\",\"@id\":\"https:\/\/grotta.is\/#organization\",\"name\":\"\u00cd\u00fer\u00f3ttaf\u00e9lagi\u00f0 Gr\u00f3tta\",\"url\":\"https:\/\/grotta.is\/\",\"logo\":{\"@type\":\"ImageObject\",\"inLanguage\":\"en-US\",\"@id\":\"https:\/\/grotta.is\/#\/schema\/logo\/image\/\",\"url\":\"https:\/\/grotta.is\/wp-content\/uploads\/2020\/02\/ithrottafelagidgrotta_logo_512x512_transparent.png\",\"contentUrl\":\"https:\/\/grotta.is\/wp-content\/uploads\/2020\/02\/ithrottafelagidgrotta_logo_512x512_transparent.png\",\"width\":512,\"height\":512,\"caption\":\"\u00cd\u00fer\u00f3ttaf\u00e9lagi\u00f0 Gr\u00f3tta\"},\"image\":{\"@id\":\"https:\/\/grotta.is\/#\/schema\/logo\/image\/\"},\"sameAs\":[\"https:\/\/www.facebook.com\/grottasport\"]},{\"@type\":\"Person\",\"@id\":\"https:\/\/grotta.is\/#\/schema\/person\/f1fea6a85a554e8069771c3486efbd84\",\"name\":\"J\u00f3runn M. \u00deorsteinsd\u00f3ttir\",\"url\":\"https:\/\/grotta.is\/en\/author\/jorunn\/\"}]}<\/script>\n<!-- \/ Yoast SEO plugin. -->","yoast_head_json":{"title":"Magn\u00fas \u00d6rn r\u00e1\u00f0inn U17 landsli\u00f0s\u00fej\u00e1lfari kvenna - \u00cd\u00fer\u00f3ttaf\u00e9lagi\u00f0 Gr\u00f3tta","robots":{"index":"index","follow":"follow","max-snippet":"max-snippet:-1","max-image-preview":"max-image-preview:large","max-video-preview":"max-video-preview:-1"},"canonical":"https:\/\/grotta.is\/en\/knattspyrnudeild\/magnus-orn-radinn-u17-landslidsthjalfari-kvenna\/","og_locale":"en_US","og_type":"article","og_title":"Magn\u00fas \u00d6rn r\u00e1\u00f0inn U17 landsli\u00f0s\u00fej\u00e1lfari kvenna - \u00cd\u00fer\u00f3ttaf\u00e9lagi\u00f0 Gr\u00f3tta","og_description":"Magn\u00fas \u00d6rn Helgason hefur veri\u00f0 r\u00e1\u00f0inn sem n\u00fdr U17 landsli\u00f0s\u00fej\u00e1lfari kvenna. \u00dea\u00f0 \u00fearf ekki a\u00f0 kynna Magn\u00fas \u00d6rn fyrir Gr\u00f3ttuf\u00f3lki en hann hefur starfa\u00f0 hj\u00e1 knattspyrnudeild Gr\u00f3ttu fr\u00e1 \u00e1rinu 2007 [&hellip;]","og_url":"https:\/\/grotta.is\/en\/knattspyrnudeild\/magnus-orn-radinn-u17-landslidsthjalfari-kvenna\/","og_site_name":"\u00cd\u00fer\u00f3ttaf\u00e9lagi\u00f0 Gr\u00f3tta","article_publisher":"https:\/\/www.facebook.com\/grottasport","article_published_time":"2021-08-16T22:04:30+00:00","article_modified_time":"2021-08-19T11:03:06+00:00","og_image":[{"width":1738,"height":1382,"url":"https:\/\/grotta.is\/wp-content\/uploads\/2021\/08\/5D4_0546.jpeg","type":"image\/jpeg"}],"author":"J\u00f3runn M. \u00deorsteinsd\u00f3ttir","twitter_card":"summary_large_image","twitter_misc":{"Written by":"J\u00f3runn M. \u00deorsteinsd\u00f3ttir","Est. reading time":"1 minute"},"schema":{"@context":"https:\/\/schema.org","@graph":[{"@type":"Article","@id":"https:\/\/grotta.is\/knattspyrnudeild\/magnus-orn-radinn-u17-landslidsthjalfari-kvenna\/#article","isPartOf":{"@id":"https:\/\/grotta.is\/knattspyrnudeild\/magnus-orn-radinn-u17-landslidsthjalfari-kvenna\/"},"author":{"name":"J\u00f3runn M. \u00deorsteinsd\u00f3ttir","@id":"https:\/\/grotta.is\/#\/schema\/person\/f1fea6a85a554e8069771c3486efbd84"},"headline":"Magn\u00fas \u00d6rn r\u00e1\u00f0inn U17 landsli\u00f0s\u00fej\u00e1lfari kvenna","datePublished":"2021-08-16T22:04:30+00:00","dateModified":"2021-08-19T11:03:06+00:00","mainEntityOfPage":{"@id":"https:\/\/grotta.is\/knattspyrnudeild\/magnus-orn-radinn-u17-landslidsthjalfari-kvenna\/"},"wordCount":222,"publisher":{"@id":"https:\/\/grotta.is\/#organization"},"image":{"@id":"https:\/\/grotta.is\/knattspyrnudeild\/magnus-orn-radinn-u17-landslidsthjalfari-kvenna\/#primaryimage"},"thumbnailUrl":"https:\/\/grotta.is\/wp-content\/uploads\/2021\/08\/5D4_0546.jpeg","keywords":["Knattspyrna","Landsli\u00f0","\u00dej\u00e1lfarar"],"articleSection":["Knattspyrnudeild"],"inLanguage":"en-US"},{"@type":"WebPage","@id":"https:\/\/grotta.is\/knattspyrnudeild\/magnus-orn-radinn-u17-landslidsthjalfari-kvenna\/","url":"https:\/\/grotta.is\/knattspyrnudeild\/magnus-orn-radinn-u17-landslidsthjalfari-kvenna\/","name":"Magn\u00fas \u00d6rn r\u00e1\u00f0inn U17 landsli\u00f0s\u00fej\u00e1lfari kvenna - \u00cd\u00fer\u00f3ttaf\u00e9lagi\u00f0 Gr\u00f3tta","isPartOf":{"@id":"https:\/\/grotta.is\/#website"},"primaryImageOfPage":{"@id":"https:\/\/grotta.is\/knattspyrnudeild\/magnus-orn-radinn-u17-landslidsthjalfari-kvenna\/#primaryimage"},"image":{"@id":"https:\/\/grotta.is\/knattspyrnudeild\/magnus-orn-radinn-u17-landslidsthjalfari-kvenna\/#primaryimage"},"thumbnailUrl":"https:\/\/grotta.is\/wp-content\/uploads\/2021\/08\/5D4_0546.jpeg","datePublished":"2021-08-16T22:04:30+00:00","dateModified":"2021-08-19T11:03:06+00:00","breadcrumb":{"@id":"https:\/\/grotta.is\/knattspyrnudeild\/magnus-orn-radinn-u17-landslidsthjalfari-kvenna\/#breadcrumb"},"inLanguage":"en-US","potentialAction":[{"@type":"ReadAction","target":["https:\/\/grotta.is\/knattspyrnudeild\/magnus-orn-radinn-u17-landslidsthjalfari-kvenna\/"]}]},{"@type":"ImageObject","inLanguage":"en-US","@id":"https:\/\/grotta.is\/knattspyrnudeild\/magnus-orn-radinn-u17-landslidsthjalfari-kvenna\/#primaryimage","url":"https:\/\/grotta.is\/wp-content\/uploads\/2021\/08\/5D4_0546.jpeg","contentUrl":"https:\/\/grotta.is\/wp-content\/uploads\/2021\/08\/5D4_0546.jpeg","width":1738,"height":1382},{"@type":"BreadcrumbList","@id":"https:\/\/grotta.is\/knattspyrnudeild\/magnus-orn-radinn-u17-landslidsthjalfari-kvenna\/#breadcrumb","itemListElement":[{"@type":"ListItem","position":1,"name":"Home","item":"https:\/\/grotta.is\/"},{"@type":"ListItem","position":2,"name":"Magn\u00fas \u00d6rn r\u00e1\u00f0inn U17 landsli\u00f0s\u00fej\u00e1lfari kvenna"}]},{"@type":"WebSite","@id":"https:\/\/grotta.is\/#website","url":"https:\/\/grotta.is\/","name":"\u00cd\u00fer\u00f3ttaf\u00e9lagi\u00f0 Gr\u00f3tta","description":"\u00e1 Seltjarnarnesi","publisher":{"@id":"https:\/\/grotta.is\/#organization"},"potentialAction":[{"@type":"SearchAction","target":{"@type":"EntryPoint","urlTemplate":"https:\/\/grotta.is\/?s={search_term_string}"},"query-input":{"@type":"PropertyValueSpecification","valueRequired":true,"valueName":"search_term_string"}}],"inLanguage":"en-US"},{"@type":"Organization","@id":"https:\/\/grotta.is\/#organization","name":"\u00cd\u00fer\u00f3ttaf\u00e9lagi\u00f0 Gr\u00f3tta","url":"https:\/\/grotta.is\/","logo":{"@type":"ImageObject","inLanguage":"en-US","@id":"https:\/\/grotta.is\/#\/schema\/logo\/image\/","url":"https:\/\/grotta.is\/wp-content\/uploads\/2020\/02\/ithrottafelagidgrotta_logo_512x512_transparent.png","contentUrl":"https:\/\/grotta.is\/wp-content\/uploads\/2020\/02\/ithrottafelagidgrotta_logo_512x512_transparent.png","width":512,"height":512,"caption":"\u00cd\u00fer\u00f3ttaf\u00e9lagi\u00f0 Gr\u00f3tta"},"image":{"@id":"https:\/\/grotta.is\/#\/schema\/logo\/image\/"},"sameAs":["https:\/\/www.facebook.com\/grottasport"]},{"@type":"Person","@id":"https:\/\/grotta.is\/#\/schema\/person\/f1fea6a85a554e8069771c3486efbd84","name":"J\u00f3runn M. \u00deorsteinsd\u00f3ttir","url":"https:\/\/grotta.is\/en\/author\/jorunn\/"}]}},"_links":{"self":[{"href":"https:\/\/grotta.is\/en\/wp-json\/wp\/v2\/posts\/353421","targetHints":{"allow":["GET"]}}],"collection":[{"href":"https:\/\/grotta.is\/en\/wp-json\/wp\/v2\/posts"}],"about":[{"href":"https:\/\/grotta.is\/en\/wp-json\/wp\/v2\/types\/post"}],"author":[{"embeddable":true,"href":"https:\/\/grotta.is\/en\/wp-json\/wp\/v2\/users\/4"}],"replies":[{"embeddable":true,"href":"https:\/\/grotta.is\/en\/wp-json\/wp\/v2\/comments?post=353421"}],"version-history":[{"count":2,"href":"https:\/\/grotta.is\/en\/wp-json\/wp\/v2\/posts\/353421\/revisions"}],"predecessor-version":[{"id":353424,"href":"https:\/\/grotta.is\/en\/wp-json\/wp\/v2\/posts\/353421\/revisions\/353424"}],"wp:featuredmedia":[{"embeddable":true,"href":"https:\/\/grotta.is\/en\/wp-json\/wp\/v2\/media\/353422"}],"wp:attachment":[{"href":"https:\/\/grotta.is\/en\/wp-json\/wp\/v2\/media?parent=353421"}],"wp:term":[{"taxonomy":"category","embeddable":true,"href":"https:\/\/grotta.is\/en\/wp-json\/wp\/v2\/categories?post=353421"},{"taxonomy":"post_tag","embeddable":true,"href":"https:\/\/grotta.is\/en\/wp-json\/wp\/v2\/tags?post=353421"}],"curies":[{"name":"wp","href":"https:\/\/api.w.org\/{rel}","templated":true}]}}