{"id":353242,"date":"2021-08-05T14:38:17","date_gmt":"2021-08-05T14:38:17","guid":{"rendered":"https:\/\/grotta.is\/?p=353242"},"modified":"2021-08-05T14:38:52","modified_gmt":"2021-08-05T14:38:52","slug":"fjorar-stelpur-i-u14-ara-landslidinu","status":"publish","type":"post","link":"https:\/\/grotta.is\/en\/handknattleiksdeild\/fjorar-stelpur-i-u14-ara-landslidinu\/","title":{"rendered":"Fj\u00f3rar stelpur \u00ed U14 \u00e1ra landsli\u00f0inu"},"content":{"rendered":"<p>Um helgina \u00e1ttu a\u00f0 fara fram \u00e6fingar hj\u00e1 U14 \u00e1ra landsli\u00f0i kvenna en vegna fj\u00f6lgunar smita var \u00e1kve\u00f0i\u00f0 a\u00f0 sl\u00e1 \u00feeim \u00e1 frest. Fj\u00f3rar stelpur fr\u00e1 okkur voru valdar \u00ed h\u00f3pinn en \u00fea\u00f0 voru \u00fe\u00e6r Arnd\u00eds \u00c1slaug Gr\u00edmsd\u00f3ttir, D\u00f3ra El\u00edsabet Gylfad\u00f3ttir, El\u00edsabet \u00c1sa Einarsd\u00f3ttir og Margr\u00e9t L\u00e1ra J\u00f3nasd\u00f3ttir. <\/p><p>Sannarlega fr\u00e1b\u00e6r vi\u00f0urkenning fyrir \u00feessa \u00f6flugu leikmenn sem voru einnig valdar til \u00fe\u00e1ttt\u00f6ku \u00ed landsli\u00f0inu fyrr \u00ed sumar.<\/p><p>Vi\u00f0 \u00f3skum stelpunum til hamingju me\u00f0 landsli\u00f0svali\u00f0 og velfarna\u00f0ar \u00e1 \u00e6fingum helgarinnar. Landsli\u00f0s\u00fej\u00e1lfarar eru \u00feeir Dagur Sn\u00e6r Steingr\u00edmsson og Gu\u00f0mundur Helgi P\u00e1lsson.<\/p>","protected":false},"excerpt":{"rendered":"<p>Um helgina \u00e1ttu a\u00f0 fara fram \u00e6fingar hj\u00e1 U14 \u00e1ra landsli\u00f0i kvenna en vegna fj\u00f6lgunar smita var \u00e1kve\u00f0i\u00f0 a\u00f0 sl\u00e1 \u00feeim \u00e1 frest. Fj\u00f3rar stelpur fr\u00e1 okkur voru valdar \u00ed [&hellip;]<\/p>","protected":false},"author":10,"featured_media":349503,"comment_status":"closed","ping_status":"closed","sticky":false,"template":"","format":"standard","meta":{"footnotes":""},"categories":[12],"tags":[13,22],"class_list":["post-353242","post","type-post","status-publish","format-standard","has-post-thumbnail","hentry","category-handknattleiksdeild","tag-handbolti","tag-landslid"],"yoast_head":"<!-- This site is optimized with the Yoast SEO plugin v24.3 - https:\/\/yoast.com\/wordpress\/plugins\/seo\/ -->\n<title>Fj\u00f3rar stelpur \u00ed U14 \u00e1ra landsli\u00f0inu - \u00cd\u00fer\u00f3ttaf\u00e9lagi\u00f0 Gr\u00f3tta<\/title>\n<meta name=\"robots\" content=\"index, follow, max-snippet:-1, max-image-preview:large, max-video-preview:-1\" \/>\n<link rel=\"canonical\" href=\"https:\/\/grotta.is\/en\/handknattleiksdeild\/fjorar-stelpur-i-u14-ara-landslidinu\/\" \/>\n<meta property=\"og:locale\" content=\"en_US\" \/>\n<meta property=\"og:type\" content=\"article\" \/>\n<meta property=\"og:title\" content=\"Fj\u00f3rar stelpur \u00ed U14 \u00e1ra landsli\u00f0inu - \u00cd\u00fer\u00f3ttaf\u00e9lagi\u00f0 Gr\u00f3tta\" \/>\n<meta property=\"og:description\" content=\"Um helgina \u00e1ttu a\u00f0 fara fram \u00e6fingar hj\u00e1 U14 \u00e1ra landsli\u00f0i kvenna en vegna fj\u00f6lgunar smita var \u00e1kve\u00f0i\u00f0 a\u00f0 sl\u00e1 \u00feeim \u00e1 frest. Fj\u00f3rar stelpur fr\u00e1 okkur voru valdar \u00ed [&hellip;]\" \/>\n<meta property=\"og:url\" content=\"https:\/\/grotta.is\/en\/handknattleiksdeild\/fjorar-stelpur-i-u14-ara-landslidinu\/\" \/>\n<meta property=\"og:site_name\" content=\"\u00cd\u00fer\u00f3ttaf\u00e9lagi\u00f0 Gr\u00f3tta\" \/>\n<meta property=\"article:publisher\" content=\"https:\/\/www.facebook.com\/grottasport\" \/>\n<meta property=\"article:published_time\" content=\"2021-08-05T14:38:17+00:00\" \/>\n<meta property=\"article:modified_time\" content=\"2021-08-05T14:38:52+00:00\" \/>\n<meta property=\"og:image\" content=\"https:\/\/grotta.is\/wp-content\/uploads\/2021\/06\/U15-kvenna.jpg\" \/>\n\t<meta property=\"og:image:width\" content=\"1280\" \/>\n\t<meta property=\"og:image:height\" content=\"960\" \/>\n\t<meta property=\"og:image:type\" content=\"image\/jpeg\" \/>\n<meta name=\"author\" content=\"Andri Sigf\u00fasson\" \/>\n<meta name=\"twitter:card\" content=\"summary_large_image\" \/>\n<meta name=\"twitter:label1\" content=\"Written by\" \/>\n\t<meta name=\"twitter:data1\" content=\"Andri Sigf\u00fasson\" \/>\n\t<meta name=\"twitter:label2\" content=\"Est. reading time\" \/>\n\t<meta name=\"twitter:data2\" content=\"1 minute\" \/>\n<script type=\"application\/ld+json\" class=\"yoast-schema-graph\">{\"@context\":\"https:\/\/schema.org\",\"@graph\":[{\"@type\":\"Article\",\"@id\":\"https:\/\/grotta.is\/handknattleiksdeild\/fjorar-stelpur-i-u14-ara-landslidinu\/#article\",\"isPartOf\":{\"@id\":\"https:\/\/grotta.is\/handknattleiksdeild\/fjorar-stelpur-i-u14-ara-landslidinu\/\"},\"author\":{\"name\":\"Andri Sigf\u00fasson\",\"@id\":\"https:\/\/grotta.is\/#\/schema\/person\/b21e9d5dfd92c90211e343e8d7252b1c\"},\"headline\":\"Fj\u00f3rar stelpur \u00ed U14 \u00e1ra landsli\u00f0inu\",\"datePublished\":\"2021-08-05T14:38:17+00:00\",\"dateModified\":\"2021-08-05T14:38:52+00:00\",\"mainEntityOfPage\":{\"@id\":\"https:\/\/grotta.is\/handknattleiksdeild\/fjorar-stelpur-i-u14-ara-landslidinu\/\"},\"wordCount\":121,\"publisher\":{\"@id\":\"https:\/\/grotta.is\/#organization\"},\"image\":{\"@id\":\"https:\/\/grotta.is\/handknattleiksdeild\/fjorar-stelpur-i-u14-ara-landslidinu\/#primaryimage\"},\"thumbnailUrl\":\"https:\/\/grotta.is\/wp-content\/uploads\/2021\/06\/U15-kvenna.jpg\",\"keywords\":[\"Handbolti\",\"Landsli\u00f0\"],\"articleSection\":[\"Handknattleiksdeild\"],\"inLanguage\":\"en-US\"},{\"@type\":\"WebPage\",\"@id\":\"https:\/\/grotta.is\/handknattleiksdeild\/fjorar-stelpur-i-u14-ara-landslidinu\/\",\"url\":\"https:\/\/grotta.is\/handknattleiksdeild\/fjorar-stelpur-i-u14-ara-landslidinu\/\",\"name\":\"Fj\u00f3rar stelpur \u00ed U14 \u00e1ra landsli\u00f0inu - \u00cd\u00fer\u00f3ttaf\u00e9lagi\u00f0 Gr\u00f3tta\",\"isPartOf\":{\"@id\":\"https:\/\/grotta.is\/#website\"},\"primaryImageOfPage\":{\"@id\":\"https:\/\/grotta.is\/handknattleiksdeild\/fjorar-stelpur-i-u14-ara-landslidinu\/#primaryimage\"},\"image\":{\"@id\":\"https:\/\/grotta.is\/handknattleiksdeild\/fjorar-stelpur-i-u14-ara-landslidinu\/#primaryimage\"},\"thumbnailUrl\":\"https:\/\/grotta.is\/wp-content\/uploads\/2021\/06\/U15-kvenna.jpg\",\"datePublished\":\"2021-08-05T14:38:17+00:00\",\"dateModified\":\"2021-08-05T14:38:52+00:00\",\"breadcrumb\":{\"@id\":\"https:\/\/grotta.is\/handknattleiksdeild\/fjorar-stelpur-i-u14-ara-landslidinu\/#breadcrumb\"},\"inLanguage\":\"en-US\",\"potentialAction\":[{\"@type\":\"ReadAction\",\"target\":[\"https:\/\/grotta.is\/handknattleiksdeild\/fjorar-stelpur-i-u14-ara-landslidinu\/\"]}]},{\"@type\":\"ImageObject\",\"inLanguage\":\"en-US\",\"@id\":\"https:\/\/grotta.is\/handknattleiksdeild\/fjorar-stelpur-i-u14-ara-landslidinu\/#primaryimage\",\"url\":\"https:\/\/grotta.is\/wp-content\/uploads\/2021\/06\/U15-kvenna.jpg\",\"contentUrl\":\"https:\/\/grotta.is\/wp-content\/uploads\/2021\/06\/U15-kvenna.jpg\",\"width\":1280,\"height\":960},{\"@type\":\"BreadcrumbList\",\"@id\":\"https:\/\/grotta.is\/handknattleiksdeild\/fjorar-stelpur-i-u14-ara-landslidinu\/#breadcrumb\",\"itemListElement\":[{\"@type\":\"ListItem\",\"position\":1,\"name\":\"Home\",\"item\":\"https:\/\/grotta.is\/\"},{\"@type\":\"ListItem\",\"position\":2,\"name\":\"Fj\u00f3rar stelpur \u00ed U14 \u00e1ra landsli\u00f0inu\"}]},{\"@type\":\"WebSite\",\"@id\":\"https:\/\/grotta.is\/#website\",\"url\":\"https:\/\/grotta.is\/\",\"name\":\"\u00cd\u00fer\u00f3ttaf\u00e9lagi\u00f0 Gr\u00f3tta\",\"description\":\"\u00e1 Seltjarnarnesi\",\"publisher\":{\"@id\":\"https:\/\/grotta.is\/#organization\"},\"potentialAction\":[{\"@type\":\"SearchAction\",\"target\":{\"@type\":\"EntryPoint\",\"urlTemplate\":\"https:\/\/grotta.is\/?s={search_term_string}\"},\"query-input\":{\"@type\":\"PropertyValueSpecification\",\"valueRequired\":true,\"valueName\":\"search_term_string\"}}],\"inLanguage\":\"en-US\"},{\"@type\":\"Organization\",\"@id\":\"https:\/\/grotta.is\/#organization\",\"name\":\"\u00cd\u00fer\u00f3ttaf\u00e9lagi\u00f0 Gr\u00f3tta\",\"url\":\"https:\/\/grotta.is\/\",\"logo\":{\"@type\":\"ImageObject\",\"inLanguage\":\"en-US\",\"@id\":\"https:\/\/grotta.is\/#\/schema\/logo\/image\/\",\"url\":\"https:\/\/grotta.is\/wp-content\/uploads\/2020\/02\/ithrottafelagidgrotta_logo_512x512_transparent.png\",\"contentUrl\":\"https:\/\/grotta.is\/wp-content\/uploads\/2020\/02\/ithrottafelagidgrotta_logo_512x512_transparent.png\",\"width\":512,\"height\":512,\"caption\":\"\u00cd\u00fer\u00f3ttaf\u00e9lagi\u00f0 Gr\u00f3tta\"},\"image\":{\"@id\":\"https:\/\/grotta.is\/#\/schema\/logo\/image\/\"},\"sameAs\":[\"https:\/\/www.facebook.com\/grottasport\"]},{\"@type\":\"Person\",\"@id\":\"https:\/\/grotta.is\/#\/schema\/person\/b21e9d5dfd92c90211e343e8d7252b1c\",\"name\":\"Andri Sigf\u00fasson\",\"url\":\"https:\/\/grotta.is\/en\/author\/andri\/\"}]}<\/script>\n<!-- \/ Yoast SEO plugin. -->","yoast_head_json":{"title":"Fj\u00f3rar stelpur \u00ed U14 \u00e1ra landsli\u00f0inu - \u00cd\u00fer\u00f3ttaf\u00e9lagi\u00f0 Gr\u00f3tta","robots":{"index":"index","follow":"follow","max-snippet":"max-snippet:-1","max-image-preview":"max-image-preview:large","max-video-preview":"max-video-preview:-1"},"canonical":"https:\/\/grotta.is\/en\/handknattleiksdeild\/fjorar-stelpur-i-u14-ara-landslidinu\/","og_locale":"en_US","og_type":"article","og_title":"Fj\u00f3rar stelpur \u00ed U14 \u00e1ra landsli\u00f0inu - \u00cd\u00fer\u00f3ttaf\u00e9lagi\u00f0 Gr\u00f3tta","og_description":"Um helgina \u00e1ttu a\u00f0 fara fram \u00e6fingar hj\u00e1 U14 \u00e1ra landsli\u00f0i kvenna en vegna fj\u00f6lgunar smita var \u00e1kve\u00f0i\u00f0 a\u00f0 sl\u00e1 \u00feeim \u00e1 frest. Fj\u00f3rar stelpur fr\u00e1 okkur voru valdar \u00ed [&hellip;]","og_url":"https:\/\/grotta.is\/en\/handknattleiksdeild\/fjorar-stelpur-i-u14-ara-landslidinu\/","og_site_name":"\u00cd\u00fer\u00f3ttaf\u00e9lagi\u00f0 Gr\u00f3tta","article_publisher":"https:\/\/www.facebook.com\/grottasport","article_published_time":"2021-08-05T14:38:17+00:00","article_modified_time":"2021-08-05T14:38:52+00:00","og_image":[{"width":1280,"height":960,"url":"https:\/\/grotta.is\/wp-content\/uploads\/2021\/06\/U15-kvenna.jpg","type":"image\/jpeg"}],"author":"Andri Sigf\u00fasson","twitter_card":"summary_large_image","twitter_misc":{"Written by":"Andri Sigf\u00fasson","Est. reading time":"1 minute"},"schema":{"@context":"https:\/\/schema.org","@graph":[{"@type":"Article","@id":"https:\/\/grotta.is\/handknattleiksdeild\/fjorar-stelpur-i-u14-ara-landslidinu\/#article","isPartOf":{"@id":"https:\/\/grotta.is\/handknattleiksdeild\/fjorar-stelpur-i-u14-ara-landslidinu\/"},"author":{"name":"Andri Sigf\u00fasson","@id":"https:\/\/grotta.is\/#\/schema\/person\/b21e9d5dfd92c90211e343e8d7252b1c"},"headline":"Fj\u00f3rar stelpur \u00ed U14 \u00e1ra landsli\u00f0inu","datePublished":"2021-08-05T14:38:17+00:00","dateModified":"2021-08-05T14:38:52+00:00","mainEntityOfPage":{"@id":"https:\/\/grotta.is\/handknattleiksdeild\/fjorar-stelpur-i-u14-ara-landslidinu\/"},"wordCount":121,"publisher":{"@id":"https:\/\/grotta.is\/#organization"},"image":{"@id":"https:\/\/grotta.is\/handknattleiksdeild\/fjorar-stelpur-i-u14-ara-landslidinu\/#primaryimage"},"thumbnailUrl":"https:\/\/grotta.is\/wp-content\/uploads\/2021\/06\/U15-kvenna.jpg","keywords":["Handbolti","Landsli\u00f0"],"articleSection":["Handknattleiksdeild"],"inLanguage":"en-US"},{"@type":"WebPage","@id":"https:\/\/grotta.is\/handknattleiksdeild\/fjorar-stelpur-i-u14-ara-landslidinu\/","url":"https:\/\/grotta.is\/handknattleiksdeild\/fjorar-stelpur-i-u14-ara-landslidinu\/","name":"Fj\u00f3rar stelpur \u00ed U14 \u00e1ra landsli\u00f0inu - \u00cd\u00fer\u00f3ttaf\u00e9lagi\u00f0 Gr\u00f3tta","isPartOf":{"@id":"https:\/\/grotta.is\/#website"},"primaryImageOfPage":{"@id":"https:\/\/grotta.is\/handknattleiksdeild\/fjorar-stelpur-i-u14-ara-landslidinu\/#primaryimage"},"image":{"@id":"https:\/\/grotta.is\/handknattleiksdeild\/fjorar-stelpur-i-u14-ara-landslidinu\/#primaryimage"},"thumbnailUrl":"https:\/\/grotta.is\/wp-content\/uploads\/2021\/06\/U15-kvenna.jpg","datePublished":"2021-08-05T14:38:17+00:00","dateModified":"2021-08-05T14:38:52+00:00","breadcrumb":{"@id":"https:\/\/grotta.is\/handknattleiksdeild\/fjorar-stelpur-i-u14-ara-landslidinu\/#breadcrumb"},"inLanguage":"en-US","potentialAction":[{"@type":"ReadAction","target":["https:\/\/grotta.is\/handknattleiksdeild\/fjorar-stelpur-i-u14-ara-landslidinu\/"]}]},{"@type":"ImageObject","inLanguage":"en-US","@id":"https:\/\/grotta.is\/handknattleiksdeild\/fjorar-stelpur-i-u14-ara-landslidinu\/#primaryimage","url":"https:\/\/grotta.is\/wp-content\/uploads\/2021\/06\/U15-kvenna.jpg","contentUrl":"https:\/\/grotta.is\/wp-content\/uploads\/2021\/06\/U15-kvenna.jpg","width":1280,"height":960},{"@type":"BreadcrumbList","@id":"https:\/\/grotta.is\/handknattleiksdeild\/fjorar-stelpur-i-u14-ara-landslidinu\/#breadcrumb","itemListElement":[{"@type":"ListItem","position":1,"name":"Home","item":"https:\/\/grotta.is\/"},{"@type":"ListItem","position":2,"name":"Fj\u00f3rar stelpur \u00ed U14 \u00e1ra landsli\u00f0inu"}]},{"@type":"WebSite","@id":"https:\/\/grotta.is\/#website","url":"https:\/\/grotta.is\/","name":"\u00cd\u00fer\u00f3ttaf\u00e9lagi\u00f0 Gr\u00f3tta","description":"\u00e1 Seltjarnarnesi","publisher":{"@id":"https:\/\/grotta.is\/#organization"},"potentialAction":[{"@type":"SearchAction","target":{"@type":"EntryPoint","urlTemplate":"https:\/\/grotta.is\/?s={search_term_string}"},"query-input":{"@type":"PropertyValueSpecification","valueRequired":true,"valueName":"search_term_string"}}],"inLanguage":"en-US"},{"@type":"Organization","@id":"https:\/\/grotta.is\/#organization","name":"\u00cd\u00fer\u00f3ttaf\u00e9lagi\u00f0 Gr\u00f3tta","url":"https:\/\/grotta.is\/","logo":{"@type":"ImageObject","inLanguage":"en-US","@id":"https:\/\/grotta.is\/#\/schema\/logo\/image\/","url":"https:\/\/grotta.is\/wp-content\/uploads\/2020\/02\/ithrottafelagidgrotta_logo_512x512_transparent.png","contentUrl":"https:\/\/grotta.is\/wp-content\/uploads\/2020\/02\/ithrottafelagidgrotta_logo_512x512_transparent.png","width":512,"height":512,"caption":"\u00cd\u00fer\u00f3ttaf\u00e9lagi\u00f0 Gr\u00f3tta"},"image":{"@id":"https:\/\/grotta.is\/#\/schema\/logo\/image\/"},"sameAs":["https:\/\/www.facebook.com\/grottasport"]},{"@type":"Person","@id":"https:\/\/grotta.is\/#\/schema\/person\/b21e9d5dfd92c90211e343e8d7252b1c","name":"Andri Sigf\u00fasson","url":"https:\/\/grotta.is\/en\/author\/andri\/"}]}},"_links":{"self":[{"href":"https:\/\/grotta.is\/en\/wp-json\/wp\/v2\/posts\/353242","targetHints":{"allow":["GET"]}}],"collection":[{"href":"https:\/\/grotta.is\/en\/wp-json\/wp\/v2\/posts"}],"about":[{"href":"https:\/\/grotta.is\/en\/wp-json\/wp\/v2\/types\/post"}],"author":[{"embeddable":true,"href":"https:\/\/grotta.is\/en\/wp-json\/wp\/v2\/users\/10"}],"replies":[{"embeddable":true,"href":"https:\/\/grotta.is\/en\/wp-json\/wp\/v2\/comments?post=353242"}],"version-history":[{"count":2,"href":"https:\/\/grotta.is\/en\/wp-json\/wp\/v2\/posts\/353242\/revisions"}],"predecessor-version":[{"id":353245,"href":"https:\/\/grotta.is\/en\/wp-json\/wp\/v2\/posts\/353242\/revisions\/353245"}],"wp:featuredmedia":[{"embeddable":true,"href":"https:\/\/grotta.is\/en\/wp-json\/wp\/v2\/media\/349503"}],"wp:attachment":[{"href":"https:\/\/grotta.is\/en\/wp-json\/wp\/v2\/media?parent=353242"}],"wp:term":[{"taxonomy":"category","embeddable":true,"href":"https:\/\/grotta.is\/en\/wp-json\/wp\/v2\/categories?post=353242"},{"taxonomy":"post_tag","embeddable":true,"href":"https:\/\/grotta.is\/en\/wp-json\/wp\/v2\/tags?post=353242"}],"curies":[{"name":"wp","href":"https:\/\/api.w.org\/{rel}","templated":true}]}}