{"id":350211,"date":"2021-07-04T22:58:28","date_gmt":"2021-07-04T22:58:28","guid":{"rendered":"https:\/\/grotta.is\/?p=350211"},"modified":"2021-07-04T22:58:31","modified_gmt":"2021-07-04T22:58:31","slug":"elfa-og-emma-i-grottu","status":"publish","type":"post","link":"https:\/\/grotta.is\/en\/knattspyrnudeild\/elfa-og-emma-i-grottu\/","title":{"rendered":"Elfa og Emma \u00ed Gr\u00f3ttu"},"content":{"rendered":"<p><br>Hin 19 \u00e1ra gamla Elfa Mj\u00f6ll J\u00f3nsd\u00f3ttir skrifa\u00f0i \u00ed vikunni undir samning vi\u00f0 Gr\u00f3ttu en h\u00fan kemur til f\u00e9lagsins fr\u00e1 V\u00f6lsungi. \u00der\u00e1tt fyrir ungan aldur \u00e1 Elfa 64 leiki a\u00f0 baki me\u00f0 H\u00fasv\u00edkingum en h\u00fan er kraftmikill h\u00e6gri kantma\u00f0ur. Elfa kom inn\u00e1 \u00ed 3-2 sigri Gr\u00f3ttu \u00e1 Augnablik \u00e1 f\u00f6studaginn og st\u00f3\u00f0 sig vel.\u00a0<\/p><p>\u00de\u00e1 hefur Emma Steinsen sn\u00fai\u00f0 aftur \u00ed Gr\u00f3ttu \u00e1 l\u00e1ni fr\u00e1 Val en h\u00fan var fyrri hluta sumars \u00ed herb\u00fa\u00f0um Fylkis. Emma l\u00e9k 17 leiki me\u00f0 Gr\u00f3ttu \u00ed fyrra og \u00feekkir \u00fev\u00ed til \u00e1 Nesinu. Emma kom einnig inn\u00e1 sem varama\u00f0ur \u00ed leiknum \u00e1 f\u00f6studaginn en h\u00fan getur leiki\u00f0 allar st\u00f6\u00f0ur \u00ed \u00f6ftustu l\u00ednu.&nbsp;<\/p><p>Magn\u00fas \u00d6rn Helgason, annar \u00fej\u00e1lfara Gr\u00f3ttu fagnar Elfu og Emmu \u00e1 Nesi\u00f0.\u00a0<br>\u201e\u00dea\u00f0 er fr\u00e1b\u00e6rt a\u00f0 Elfa hafi vali\u00f0 a\u00f0 koma til okkar \u00ed Gr\u00f3ttu. \u00dea\u00f0 sterkt fyrir f\u00e9lagi\u00f0 a\u00f0 tryggja s\u00e9r jafn \u00f6flugan leikmann \u00fat t\u00edmabili\u00f0 2023 og vi\u00f0 hl\u00f6kkum miki\u00f0 til a\u00f0 vinna me\u00f0 henni \u00e1 n\u00e6stu misserum.\u00a0\u00de\u00e1 erum vi\u00f0 gl\u00f6\u00f0 a\u00f0 f\u00e1 Emmu aftur \u00ed f\u00e9lagi\u00f0. H\u00fan er skemmtilegur karakter og \u00f6flugur varnarma\u00f0ur sem mun hj\u00e1lpa li\u00f0inu miki\u00f0.\u00a0Vi\u00f0 \u00fe\u00f6kkum V\u00f6lsungi og Val fyrir g\u00f3\u00f0 samskipti \u00ed tengslum vi\u00f0 f\u00e9lagaskiptin.&#8220;<\/p><figure class=\"wp-block-image size-large\"><img fetchpriority=\"high\" decoding=\"async\" width=\"816\" height=\"1024\" src=\"https:\/\/grotta.is\/wp-content\/uploads\/2021\/07\/5D4_0138-816x1024.jpeg\" alt=\"\" class=\"wp-image-350212\" srcset=\"https:\/\/grotta.is\/wp-content\/uploads\/2021\/07\/5D4_0138-816x1024.jpeg 816w, https:\/\/grotta.is\/wp-content\/uploads\/2021\/07\/5D4_0138-239x300.jpeg 239w, https:\/\/grotta.is\/wp-content\/uploads\/2021\/07\/5D4_0138-768x964.jpeg 768w, https:\/\/grotta.is\/wp-content\/uploads\/2021\/07\/5D4_0138-10x12.jpeg 10w, https:\/\/grotta.is\/wp-content\/uploads\/2021\/07\/5D4_0138-600x753.jpeg 600w, https:\/\/grotta.is\/wp-content\/uploads\/2021\/07\/5D4_0138.jpeg 1010w\" sizes=\"(max-width: 816px) 100vw, 816px\" \/><\/figure><figure class=\"wp-block-image size-large\"><img decoding=\"async\" width=\"732\" height=\"1024\" data-src=\"https:\/\/grotta.is\/wp-content\/uploads\/2021\/07\/5D4_6501-732x1024.jpeg\" alt=\"\" class=\"wp-image-350214 lazyload\" data-srcset=\"https:\/\/grotta.is\/wp-content\/uploads\/2021\/07\/5D4_6501-732x1024.jpeg 732w, https:\/\/grotta.is\/wp-content\/uploads\/2021\/07\/5D4_6501-214x300.jpeg 214w, https:\/\/grotta.is\/wp-content\/uploads\/2021\/07\/5D4_6501-768x1075.jpeg 768w, https:\/\/grotta.is\/wp-content\/uploads\/2021\/07\/5D4_6501-9x12.jpeg 9w, https:\/\/grotta.is\/wp-content\/uploads\/2021\/07\/5D4_6501-600x840.jpeg 600w, https:\/\/grotta.is\/wp-content\/uploads\/2021\/07\/5D4_6501.jpeg 906w\" data-sizes=\"(max-width: 732px) 100vw, 732px\" src=\"data:image\/gif;base64,R0lGODlhAQABAAAAACH5BAEKAAEALAAAAAABAAEAAAICTAEAOw==\" style=\"--smush-placeholder-width: 732px; --smush-placeholder-aspect-ratio: 732\/1024;\" \/><\/figure>","protected":false},"excerpt":{"rendered":"<p>Hin 19 \u00e1ra gamla Elfa Mj\u00f6ll J\u00f3nsd\u00f3ttir skrifa\u00f0i \u00ed vikunni undir samning vi\u00f0 Gr\u00f3ttu en h\u00fan kemur til f\u00e9lagsins fr\u00e1 V\u00f6lsungi. \u00der\u00e1tt fyrir ungan aldur \u00e1 Elfa 64 leiki a\u00f0 [&hellip;]<\/p>","protected":false},"author":4,"featured_media":350212,"comment_status":"closed","ping_status":"closed","sticky":false,"template":"","format":"standard","meta":{"footnotes":""},"categories":[7],"tags":[],"class_list":["post-350211","post","type-post","status-publish","format-standard","has-post-thumbnail","hentry","category-knattspyrnudeild"],"yoast_head":"<!-- This site is optimized with the Yoast SEO plugin v24.3 - https:\/\/yoast.com\/wordpress\/plugins\/seo\/ -->\n<title>Elfa og Emma \u00ed Gr\u00f3ttu - \u00cd\u00fer\u00f3ttaf\u00e9lagi\u00f0 Gr\u00f3tta<\/title>\n<meta name=\"robots\" content=\"index, follow, max-snippet:-1, max-image-preview:large, max-video-preview:-1\" \/>\n<link rel=\"canonical\" href=\"https:\/\/grotta.is\/en\/knattspyrnudeild\/elfa-og-emma-i-grottu\/\" \/>\n<meta property=\"og:locale\" content=\"en_US\" \/>\n<meta property=\"og:type\" content=\"article\" \/>\n<meta property=\"og:title\" content=\"Elfa og Emma \u00ed Gr\u00f3ttu - \u00cd\u00fer\u00f3ttaf\u00e9lagi\u00f0 Gr\u00f3tta\" \/>\n<meta property=\"og:description\" content=\"Hin 19 \u00e1ra gamla Elfa Mj\u00f6ll J\u00f3nsd\u00f3ttir skrifa\u00f0i \u00ed vikunni undir samning vi\u00f0 Gr\u00f3ttu en h\u00fan kemur til f\u00e9lagsins fr\u00e1 V\u00f6lsungi. \u00der\u00e1tt fyrir ungan aldur \u00e1 Elfa 64 leiki a\u00f0 [&hellip;]\" \/>\n<meta property=\"og:url\" content=\"https:\/\/grotta.is\/en\/knattspyrnudeild\/elfa-og-emma-i-grottu\/\" \/>\n<meta property=\"og:site_name\" content=\"\u00cd\u00fer\u00f3ttaf\u00e9lagi\u00f0 Gr\u00f3tta\" \/>\n<meta property=\"article:publisher\" content=\"https:\/\/www.facebook.com\/grottasport\" \/>\n<meta property=\"article:published_time\" content=\"2021-07-04T22:58:28+00:00\" \/>\n<meta property=\"article:modified_time\" content=\"2021-07-04T22:58:31+00:00\" \/>\n<meta property=\"og:image\" content=\"https:\/\/grotta.is\/wp-content\/uploads\/2021\/07\/5D4_0138.jpeg\" \/>\n\t<meta property=\"og:image:width\" content=\"1010\" \/>\n\t<meta property=\"og:image:height\" content=\"1268\" \/>\n\t<meta property=\"og:image:type\" content=\"image\/jpeg\" \/>\n<meta name=\"author\" content=\"J\u00f3runn M. \u00deorsteinsd\u00f3ttir\" \/>\n<meta name=\"twitter:card\" content=\"summary_large_image\" \/>\n<meta name=\"twitter:label1\" content=\"Written by\" \/>\n\t<meta name=\"twitter:data1\" content=\"J\u00f3runn M. \u00deorsteinsd\u00f3ttir\" \/>\n\t<meta name=\"twitter:label2\" content=\"Est. reading time\" \/>\n\t<meta name=\"twitter:data2\" content=\"2 minutes\" \/>\n<script type=\"application\/ld+json\" class=\"yoast-schema-graph\">{\"@context\":\"https:\/\/schema.org\",\"@graph\":[{\"@type\":\"Article\",\"@id\":\"https:\/\/grotta.is\/knattspyrnudeild\/elfa-og-emma-i-grottu\/#article\",\"isPartOf\":{\"@id\":\"https:\/\/grotta.is\/knattspyrnudeild\/elfa-og-emma-i-grottu\/\"},\"author\":{\"name\":\"J\u00f3runn M. \u00deorsteinsd\u00f3ttir\",\"@id\":\"https:\/\/grotta.is\/#\/schema\/person\/f1fea6a85a554e8069771c3486efbd84\"},\"headline\":\"Elfa og Emma \u00ed Gr\u00f3ttu\",\"datePublished\":\"2021-07-04T22:58:28+00:00\",\"dateModified\":\"2021-07-04T22:58:31+00:00\",\"mainEntityOfPage\":{\"@id\":\"https:\/\/grotta.is\/knattspyrnudeild\/elfa-og-emma-i-grottu\/\"},\"wordCount\":220,\"publisher\":{\"@id\":\"https:\/\/grotta.is\/#organization\"},\"image\":{\"@id\":\"https:\/\/grotta.is\/knattspyrnudeild\/elfa-og-emma-i-grottu\/#primaryimage\"},\"thumbnailUrl\":\"https:\/\/grotta.is\/wp-content\/uploads\/2021\/07\/5D4_0138.jpeg\",\"articleSection\":[\"Knattspyrnudeild\"],\"inLanguage\":\"en-US\"},{\"@type\":\"WebPage\",\"@id\":\"https:\/\/grotta.is\/knattspyrnudeild\/elfa-og-emma-i-grottu\/\",\"url\":\"https:\/\/grotta.is\/knattspyrnudeild\/elfa-og-emma-i-grottu\/\",\"name\":\"Elfa og Emma \u00ed Gr\u00f3ttu - \u00cd\u00fer\u00f3ttaf\u00e9lagi\u00f0 Gr\u00f3tta\",\"isPartOf\":{\"@id\":\"https:\/\/grotta.is\/#website\"},\"primaryImageOfPage\":{\"@id\":\"https:\/\/grotta.is\/knattspyrnudeild\/elfa-og-emma-i-grottu\/#primaryimage\"},\"image\":{\"@id\":\"https:\/\/grotta.is\/knattspyrnudeild\/elfa-og-emma-i-grottu\/#primaryimage\"},\"thumbnailUrl\":\"https:\/\/grotta.is\/wp-content\/uploads\/2021\/07\/5D4_0138.jpeg\",\"datePublished\":\"2021-07-04T22:58:28+00:00\",\"dateModified\":\"2021-07-04T22:58:31+00:00\",\"breadcrumb\":{\"@id\":\"https:\/\/grotta.is\/knattspyrnudeild\/elfa-og-emma-i-grottu\/#breadcrumb\"},\"inLanguage\":\"en-US\",\"potentialAction\":[{\"@type\":\"ReadAction\",\"target\":[\"https:\/\/grotta.is\/knattspyrnudeild\/elfa-og-emma-i-grottu\/\"]}]},{\"@type\":\"ImageObject\",\"inLanguage\":\"en-US\",\"@id\":\"https:\/\/grotta.is\/knattspyrnudeild\/elfa-og-emma-i-grottu\/#primaryimage\",\"url\":\"https:\/\/grotta.is\/wp-content\/uploads\/2021\/07\/5D4_0138.jpeg\",\"contentUrl\":\"https:\/\/grotta.is\/wp-content\/uploads\/2021\/07\/5D4_0138.jpeg\",\"width\":1010,\"height\":1268},{\"@type\":\"BreadcrumbList\",\"@id\":\"https:\/\/grotta.is\/knattspyrnudeild\/elfa-og-emma-i-grottu\/#breadcrumb\",\"itemListElement\":[{\"@type\":\"ListItem\",\"position\":1,\"name\":\"Home\",\"item\":\"https:\/\/grotta.is\/\"},{\"@type\":\"ListItem\",\"position\":2,\"name\":\"Elfa og Emma \u00ed Gr\u00f3ttu\"}]},{\"@type\":\"WebSite\",\"@id\":\"https:\/\/grotta.is\/#website\",\"url\":\"https:\/\/grotta.is\/\",\"name\":\"\u00cd\u00fer\u00f3ttaf\u00e9lagi\u00f0 Gr\u00f3tta\",\"description\":\"\u00e1 Seltjarnarnesi\",\"publisher\":{\"@id\":\"https:\/\/grotta.is\/#organization\"},\"potentialAction\":[{\"@type\":\"SearchAction\",\"target\":{\"@type\":\"EntryPoint\",\"urlTemplate\":\"https:\/\/grotta.is\/?s={search_term_string}\"},\"query-input\":{\"@type\":\"PropertyValueSpecification\",\"valueRequired\":true,\"valueName\":\"search_term_string\"}}],\"inLanguage\":\"en-US\"},{\"@type\":\"Organization\",\"@id\":\"https:\/\/grotta.is\/#organization\",\"name\":\"\u00cd\u00fer\u00f3ttaf\u00e9lagi\u00f0 Gr\u00f3tta\",\"url\":\"https:\/\/grotta.is\/\",\"logo\":{\"@type\":\"ImageObject\",\"inLanguage\":\"en-US\",\"@id\":\"https:\/\/grotta.is\/#\/schema\/logo\/image\/\",\"url\":\"https:\/\/grotta.is\/wp-content\/uploads\/2020\/02\/ithrottafelagidgrotta_logo_512x512_transparent.png\",\"contentUrl\":\"https:\/\/grotta.is\/wp-content\/uploads\/2020\/02\/ithrottafelagidgrotta_logo_512x512_transparent.png\",\"width\":512,\"height\":512,\"caption\":\"\u00cd\u00fer\u00f3ttaf\u00e9lagi\u00f0 Gr\u00f3tta\"},\"image\":{\"@id\":\"https:\/\/grotta.is\/#\/schema\/logo\/image\/\"},\"sameAs\":[\"https:\/\/www.facebook.com\/grottasport\"]},{\"@type\":\"Person\",\"@id\":\"https:\/\/grotta.is\/#\/schema\/person\/f1fea6a85a554e8069771c3486efbd84\",\"name\":\"J\u00f3runn M. \u00deorsteinsd\u00f3ttir\",\"url\":\"https:\/\/grotta.is\/en\/author\/jorunn\/\"}]}<\/script>\n<!-- \/ Yoast SEO plugin. -->","yoast_head_json":{"title":"Elfa og Emma \u00ed Gr\u00f3ttu - \u00cd\u00fer\u00f3ttaf\u00e9lagi\u00f0 Gr\u00f3tta","robots":{"index":"index","follow":"follow","max-snippet":"max-snippet:-1","max-image-preview":"max-image-preview:large","max-video-preview":"max-video-preview:-1"},"canonical":"https:\/\/grotta.is\/en\/knattspyrnudeild\/elfa-og-emma-i-grottu\/","og_locale":"en_US","og_type":"article","og_title":"Elfa og Emma \u00ed Gr\u00f3ttu - \u00cd\u00fer\u00f3ttaf\u00e9lagi\u00f0 Gr\u00f3tta","og_description":"Hin 19 \u00e1ra gamla Elfa Mj\u00f6ll J\u00f3nsd\u00f3ttir skrifa\u00f0i \u00ed vikunni undir samning vi\u00f0 Gr\u00f3ttu en h\u00fan kemur til f\u00e9lagsins fr\u00e1 V\u00f6lsungi. \u00der\u00e1tt fyrir ungan aldur \u00e1 Elfa 64 leiki a\u00f0 [&hellip;]","og_url":"https:\/\/grotta.is\/en\/knattspyrnudeild\/elfa-og-emma-i-grottu\/","og_site_name":"\u00cd\u00fer\u00f3ttaf\u00e9lagi\u00f0 Gr\u00f3tta","article_publisher":"https:\/\/www.facebook.com\/grottasport","article_published_time":"2021-07-04T22:58:28+00:00","article_modified_time":"2021-07-04T22:58:31+00:00","og_image":[{"width":1010,"height":1268,"url":"https:\/\/grotta.is\/wp-content\/uploads\/2021\/07\/5D4_0138.jpeg","type":"image\/jpeg"}],"author":"J\u00f3runn M. \u00deorsteinsd\u00f3ttir","twitter_card":"summary_large_image","twitter_misc":{"Written by":"J\u00f3runn M. \u00deorsteinsd\u00f3ttir","Est. reading time":"2 minutes"},"schema":{"@context":"https:\/\/schema.org","@graph":[{"@type":"Article","@id":"https:\/\/grotta.is\/knattspyrnudeild\/elfa-og-emma-i-grottu\/#article","isPartOf":{"@id":"https:\/\/grotta.is\/knattspyrnudeild\/elfa-og-emma-i-grottu\/"},"author":{"name":"J\u00f3runn M. \u00deorsteinsd\u00f3ttir","@id":"https:\/\/grotta.is\/#\/schema\/person\/f1fea6a85a554e8069771c3486efbd84"},"headline":"Elfa og Emma \u00ed Gr\u00f3ttu","datePublished":"2021-07-04T22:58:28+00:00","dateModified":"2021-07-04T22:58:31+00:00","mainEntityOfPage":{"@id":"https:\/\/grotta.is\/knattspyrnudeild\/elfa-og-emma-i-grottu\/"},"wordCount":220,"publisher":{"@id":"https:\/\/grotta.is\/#organization"},"image":{"@id":"https:\/\/grotta.is\/knattspyrnudeild\/elfa-og-emma-i-grottu\/#primaryimage"},"thumbnailUrl":"https:\/\/grotta.is\/wp-content\/uploads\/2021\/07\/5D4_0138.jpeg","articleSection":["Knattspyrnudeild"],"inLanguage":"en-US"},{"@type":"WebPage","@id":"https:\/\/grotta.is\/knattspyrnudeild\/elfa-og-emma-i-grottu\/","url":"https:\/\/grotta.is\/knattspyrnudeild\/elfa-og-emma-i-grottu\/","name":"Elfa og Emma \u00ed Gr\u00f3ttu - \u00cd\u00fer\u00f3ttaf\u00e9lagi\u00f0 Gr\u00f3tta","isPartOf":{"@id":"https:\/\/grotta.is\/#website"},"primaryImageOfPage":{"@id":"https:\/\/grotta.is\/knattspyrnudeild\/elfa-og-emma-i-grottu\/#primaryimage"},"image":{"@id":"https:\/\/grotta.is\/knattspyrnudeild\/elfa-og-emma-i-grottu\/#primaryimage"},"thumbnailUrl":"https:\/\/grotta.is\/wp-content\/uploads\/2021\/07\/5D4_0138.jpeg","datePublished":"2021-07-04T22:58:28+00:00","dateModified":"2021-07-04T22:58:31+00:00","breadcrumb":{"@id":"https:\/\/grotta.is\/knattspyrnudeild\/elfa-og-emma-i-grottu\/#breadcrumb"},"inLanguage":"en-US","potentialAction":[{"@type":"ReadAction","target":["https:\/\/grotta.is\/knattspyrnudeild\/elfa-og-emma-i-grottu\/"]}]},{"@type":"ImageObject","inLanguage":"en-US","@id":"https:\/\/grotta.is\/knattspyrnudeild\/elfa-og-emma-i-grottu\/#primaryimage","url":"https:\/\/grotta.is\/wp-content\/uploads\/2021\/07\/5D4_0138.jpeg","contentUrl":"https:\/\/grotta.is\/wp-content\/uploads\/2021\/07\/5D4_0138.jpeg","width":1010,"height":1268},{"@type":"BreadcrumbList","@id":"https:\/\/grotta.is\/knattspyrnudeild\/elfa-og-emma-i-grottu\/#breadcrumb","itemListElement":[{"@type":"ListItem","position":1,"name":"Home","item":"https:\/\/grotta.is\/"},{"@type":"ListItem","position":2,"name":"Elfa og Emma \u00ed Gr\u00f3ttu"}]},{"@type":"WebSite","@id":"https:\/\/grotta.is\/#website","url":"https:\/\/grotta.is\/","name":"\u00cd\u00fer\u00f3ttaf\u00e9lagi\u00f0 Gr\u00f3tta","description":"\u00e1 Seltjarnarnesi","publisher":{"@id":"https:\/\/grotta.is\/#organization"},"potentialAction":[{"@type":"SearchAction","target":{"@type":"EntryPoint","urlTemplate":"https:\/\/grotta.is\/?s={search_term_string}"},"query-input":{"@type":"PropertyValueSpecification","valueRequired":true,"valueName":"search_term_string"}}],"inLanguage":"en-US"},{"@type":"Organization","@id":"https:\/\/grotta.is\/#organization","name":"\u00cd\u00fer\u00f3ttaf\u00e9lagi\u00f0 Gr\u00f3tta","url":"https:\/\/grotta.is\/","logo":{"@type":"ImageObject","inLanguage":"en-US","@id":"https:\/\/grotta.is\/#\/schema\/logo\/image\/","url":"https:\/\/grotta.is\/wp-content\/uploads\/2020\/02\/ithrottafelagidgrotta_logo_512x512_transparent.png","contentUrl":"https:\/\/grotta.is\/wp-content\/uploads\/2020\/02\/ithrottafelagidgrotta_logo_512x512_transparent.png","width":512,"height":512,"caption":"\u00cd\u00fer\u00f3ttaf\u00e9lagi\u00f0 Gr\u00f3tta"},"image":{"@id":"https:\/\/grotta.is\/#\/schema\/logo\/image\/"},"sameAs":["https:\/\/www.facebook.com\/grottasport"]},{"@type":"Person","@id":"https:\/\/grotta.is\/#\/schema\/person\/f1fea6a85a554e8069771c3486efbd84","name":"J\u00f3runn M. \u00deorsteinsd\u00f3ttir","url":"https:\/\/grotta.is\/en\/author\/jorunn\/"}]}},"_links":{"self":[{"href":"https:\/\/grotta.is\/en\/wp-json\/wp\/v2\/posts\/350211","targetHints":{"allow":["GET"]}}],"collection":[{"href":"https:\/\/grotta.is\/en\/wp-json\/wp\/v2\/posts"}],"about":[{"href":"https:\/\/grotta.is\/en\/wp-json\/wp\/v2\/types\/post"}],"author":[{"embeddable":true,"href":"https:\/\/grotta.is\/en\/wp-json\/wp\/v2\/users\/4"}],"replies":[{"embeddable":true,"href":"https:\/\/grotta.is\/en\/wp-json\/wp\/v2\/comments?post=350211"}],"version-history":[{"count":1,"href":"https:\/\/grotta.is\/en\/wp-json\/wp\/v2\/posts\/350211\/revisions"}],"predecessor-version":[{"id":350215,"href":"https:\/\/grotta.is\/en\/wp-json\/wp\/v2\/posts\/350211\/revisions\/350215"}],"wp:featuredmedia":[{"embeddable":true,"href":"https:\/\/grotta.is\/en\/wp-json\/wp\/v2\/media\/350212"}],"wp:attachment":[{"href":"https:\/\/grotta.is\/en\/wp-json\/wp\/v2\/media?parent=350211"}],"wp:term":[{"taxonomy":"category","embeddable":true,"href":"https:\/\/grotta.is\/en\/wp-json\/wp\/v2\/categories?post=350211"},{"taxonomy":"post_tag","embeddable":true,"href":"https:\/\/grotta.is\/en\/wp-json\/wp\/v2\/tags?post=350211"}],"curies":[{"name":"wp","href":"https:\/\/api.w.org\/{rel}","templated":true}]}}