{"id":350184,"date":"2021-07-04T17:14:37","date_gmt":"2021-07-04T17:14:37","guid":{"rendered":"https:\/\/grotta.is\/?p=350184"},"modified":"2021-07-04T17:14:39","modified_gmt":"2021-07-04T17:14:39","slug":"david-hlodvers-afram-adstodarthjalfari","status":"publish","type":"post","link":"https:\/\/grotta.is\/en\/almennt\/david-hlodvers-afram-adstodarthjalfari\/","title":{"rendered":"Dav\u00ed\u00f0 Hl\u00f6\u00f0vers \u00e1fram a\u00f0sto\u00f0ar\u00fej\u00e1lfari"},"content":{"rendered":"<p>\u00dea\u00f0 er me\u00f0 gle\u00f0i \u00ed hjarta a\u00f0 geta tilkynnt Dav\u00ed\u00f0 \u00d6rn Hl\u00f6\u00f0versson \u00e1fram sem a\u00f0sto\u00f0ar\u00fej\u00e1lfara kvennali\u00f0s Gr\u00f3ttu. Dav\u00ed\u00f0 \u00d6rn \u00fearf varla a\u00f0 kynna fyrir Gr\u00f3ttuf\u00f3lki en hann hefur \u00fej\u00e1lfa\u00f0 n\u00e6r alla flokka Gr\u00f3ttu undanfarin 20 \u00e1r. A\u00f0 auk er hann silfurmerkjahafi f\u00e9lagsins og hefur leiki\u00f0 144 leiki fyrir meistaraflokk Gr\u00f3ttu.<\/p><p>Dav\u00ed\u00f0 \u00d6rn er 38 \u00e1ra gamall, grunnsk\u00f3lakennari me\u00f0 mastersgr\u00e1\u00f0u \u00ed mannau\u00f0sstj\u00f3rnun og vinnur \u00ed dag sem mannau\u00f0sfulltr\u00fai H\u00f3pab\u00edla.<\/p><p>K\u00e1ri Gar\u00f0arsson a\u00f0al\u00fej\u00e1lfari meistaraflokks er \u00ed sk\u00fdjunum me\u00f0 \u00feessar fr\u00e9ttir. &#8222;\u00deetta eru fr\u00e1b\u00e6r t\u00ed\u00f0indi enda hefur samstarf okkar gengi\u00f0 fars\u00e6llega undanfarin misseri. \u00dea\u00f0 er gaman a\u00f0 \u00fej\u00e1lfa me\u00f0 Dav\u00ed\u00f0 enda sk\u00edn eldm\u00f3\u00f0urinn af honum.&#8220;<\/p>","protected":false},"excerpt":{"rendered":"<p>\u00dea\u00f0 er me\u00f0 gle\u00f0i \u00ed hjarta a\u00f0 geta tilkynnt Dav\u00ed\u00f0 \u00d6rn Hl\u00f6\u00f0versson \u00e1fram sem a\u00f0sto\u00f0ar\u00fej\u00e1lfara kvennali\u00f0s Gr\u00f3ttu. Dav\u00ed\u00f0 \u00d6rn \u00fearf varla a\u00f0 kynna fyrir Gr\u00f3ttuf\u00f3lki en hann hefur \u00fej\u00e1lfa\u00f0 n\u00e6r alla flokka Gr\u00f3ttu undanfarin 20 \u00e1r. A\u00f0 auk er hann silfurmerkjahafi f\u00e9lagsins og hefur leiki\u00f0 144 leiki fyrir meistaraflokk Gr\u00f3ttu.<\/p>","protected":false},"author":10,"featured_media":350186,"comment_status":"closed","ping_status":"closed","sticky":false,"template":"","format":"standard","meta":{"footnotes":""},"categories":[4,12],"tags":[13,101],"class_list":["post-350184","post","type-post","status-publish","format-standard","has-post-thumbnail","hentry","category-almennt","category-handknattleiksdeild","tag-handbolti","tag-mfl-kvenna"],"yoast_head":"<!-- This site is optimized with the Yoast SEO plugin v24.3 - https:\/\/yoast.com\/wordpress\/plugins\/seo\/ -->\n<title>Dav\u00ed\u00f0 Hl\u00f6\u00f0vers \u00e1fram a\u00f0sto\u00f0ar\u00fej\u00e1lfari - \u00cd\u00fer\u00f3ttaf\u00e9lagi\u00f0 Gr\u00f3tta<\/title>\n<meta name=\"robots\" content=\"index, follow, max-snippet:-1, max-image-preview:large, max-video-preview:-1\" \/>\n<link rel=\"canonical\" href=\"https:\/\/grotta.is\/en\/almennt\/david-hlodvers-afram-adstodarthjalfari\/\" \/>\n<meta property=\"og:locale\" content=\"en_US\" \/>\n<meta property=\"og:type\" content=\"article\" \/>\n<meta property=\"og:title\" content=\"Dav\u00ed\u00f0 Hl\u00f6\u00f0vers \u00e1fram a\u00f0sto\u00f0ar\u00fej\u00e1lfari - \u00cd\u00fer\u00f3ttaf\u00e9lagi\u00f0 Gr\u00f3tta\" \/>\n<meta property=\"og:description\" content=\"\u00dea\u00f0 er me\u00f0 gle\u00f0i \u00ed hjarta a\u00f0 geta tilkynnt Dav\u00ed\u00f0 \u00d6rn Hl\u00f6\u00f0versson \u00e1fram sem a\u00f0sto\u00f0ar\u00fej\u00e1lfara kvennali\u00f0s Gr\u00f3ttu. Dav\u00ed\u00f0 \u00d6rn \u00fearf varla a\u00f0 kynna fyrir Gr\u00f3ttuf\u00f3lki en hann hefur \u00fej\u00e1lfa\u00f0 n\u00e6r alla flokka Gr\u00f3ttu undanfarin 20 \u00e1r. A\u00f0 auk er hann silfurmerkjahafi f\u00e9lagsins og hefur leiki\u00f0 144 leiki fyrir meistaraflokk Gr\u00f3ttu.\" \/>\n<meta property=\"og:url\" content=\"https:\/\/grotta.is\/en\/almennt\/david-hlodvers-afram-adstodarthjalfari\/\" \/>\n<meta property=\"og:site_name\" content=\"\u00cd\u00fer\u00f3ttaf\u00e9lagi\u00f0 Gr\u00f3tta\" \/>\n<meta property=\"article:publisher\" content=\"https:\/\/www.facebook.com\/grottasport\" \/>\n<meta property=\"article:published_time\" content=\"2021-07-04T17:14:37+00:00\" \/>\n<meta property=\"article:modified_time\" content=\"2021-07-04T17:14:39+00:00\" \/>\n<meta property=\"og:image\" content=\"https:\/\/grotta.is\/wp-content\/uploads\/2021\/07\/20210704_160701-scaled.jpg\" \/>\n\t<meta property=\"og:image:width\" content=\"2560\" \/>\n\t<meta property=\"og:image:height\" content=\"1920\" \/>\n\t<meta property=\"og:image:type\" content=\"image\/jpeg\" \/>\n<meta name=\"author\" content=\"Andri Sigf\u00fasson\" \/>\n<meta name=\"twitter:card\" content=\"summary_large_image\" \/>\n<meta name=\"twitter:label1\" content=\"Written by\" \/>\n\t<meta name=\"twitter:data1\" content=\"Andri Sigf\u00fasson\" \/>\n\t<meta name=\"twitter:label2\" content=\"Est. reading time\" \/>\n\t<meta name=\"twitter:data2\" content=\"1 minute\" \/>\n<script type=\"application\/ld+json\" class=\"yoast-schema-graph\">{\"@context\":\"https:\/\/schema.org\",\"@graph\":[{\"@type\":\"Article\",\"@id\":\"https:\/\/grotta.is\/almennt\/david-hlodvers-afram-adstodarthjalfari\/#article\",\"isPartOf\":{\"@id\":\"https:\/\/grotta.is\/almennt\/david-hlodvers-afram-adstodarthjalfari\/\"},\"author\":{\"name\":\"Andri Sigf\u00fasson\",\"@id\":\"https:\/\/grotta.is\/#\/schema\/person\/b21e9d5dfd92c90211e343e8d7252b1c\"},\"headline\":\"Dav\u00ed\u00f0 Hl\u00f6\u00f0vers \u00e1fram a\u00f0sto\u00f0ar\u00fej\u00e1lfari\",\"datePublished\":\"2021-07-04T17:14:37+00:00\",\"dateModified\":\"2021-07-04T17:14:39+00:00\",\"mainEntityOfPage\":{\"@id\":\"https:\/\/grotta.is\/almennt\/david-hlodvers-afram-adstodarthjalfari\/\"},\"wordCount\":141,\"publisher\":{\"@id\":\"https:\/\/grotta.is\/#organization\"},\"image\":{\"@id\":\"https:\/\/grotta.is\/almennt\/david-hlodvers-afram-adstodarthjalfari\/#primaryimage\"},\"thumbnailUrl\":\"https:\/\/grotta.is\/wp-content\/uploads\/2021\/07\/20210704_160701-scaled.jpg\",\"keywords\":[\"Handbolti\",\"mfl. kvenna\"],\"articleSection\":[\"Almennt\",\"Handknattleiksdeild\"],\"inLanguage\":\"en-US\"},{\"@type\":\"WebPage\",\"@id\":\"https:\/\/grotta.is\/almennt\/david-hlodvers-afram-adstodarthjalfari\/\",\"url\":\"https:\/\/grotta.is\/almennt\/david-hlodvers-afram-adstodarthjalfari\/\",\"name\":\"Dav\u00ed\u00f0 Hl\u00f6\u00f0vers \u00e1fram a\u00f0sto\u00f0ar\u00fej\u00e1lfari - \u00cd\u00fer\u00f3ttaf\u00e9lagi\u00f0 Gr\u00f3tta\",\"isPartOf\":{\"@id\":\"https:\/\/grotta.is\/#website\"},\"primaryImageOfPage\":{\"@id\":\"https:\/\/grotta.is\/almennt\/david-hlodvers-afram-adstodarthjalfari\/#primaryimage\"},\"image\":{\"@id\":\"https:\/\/grotta.is\/almennt\/david-hlodvers-afram-adstodarthjalfari\/#primaryimage\"},\"thumbnailUrl\":\"https:\/\/grotta.is\/wp-content\/uploads\/2021\/07\/20210704_160701-scaled.jpg\",\"datePublished\":\"2021-07-04T17:14:37+00:00\",\"dateModified\":\"2021-07-04T17:14:39+00:00\",\"breadcrumb\":{\"@id\":\"https:\/\/grotta.is\/almennt\/david-hlodvers-afram-adstodarthjalfari\/#breadcrumb\"},\"inLanguage\":\"en-US\",\"potentialAction\":[{\"@type\":\"ReadAction\",\"target\":[\"https:\/\/grotta.is\/almennt\/david-hlodvers-afram-adstodarthjalfari\/\"]}]},{\"@type\":\"ImageObject\",\"inLanguage\":\"en-US\",\"@id\":\"https:\/\/grotta.is\/almennt\/david-hlodvers-afram-adstodarthjalfari\/#primaryimage\",\"url\":\"https:\/\/grotta.is\/wp-content\/uploads\/2021\/07\/20210704_160701-scaled.jpg\",\"contentUrl\":\"https:\/\/grotta.is\/wp-content\/uploads\/2021\/07\/20210704_160701-scaled.jpg\",\"width\":2560,\"height\":1920},{\"@type\":\"BreadcrumbList\",\"@id\":\"https:\/\/grotta.is\/almennt\/david-hlodvers-afram-adstodarthjalfari\/#breadcrumb\",\"itemListElement\":[{\"@type\":\"ListItem\",\"position\":1,\"name\":\"Home\",\"item\":\"https:\/\/grotta.is\/\"},{\"@type\":\"ListItem\",\"position\":2,\"name\":\"Dav\u00ed\u00f0 Hl\u00f6\u00f0vers \u00e1fram a\u00f0sto\u00f0ar\u00fej\u00e1lfari\"}]},{\"@type\":\"WebSite\",\"@id\":\"https:\/\/grotta.is\/#website\",\"url\":\"https:\/\/grotta.is\/\",\"name\":\"\u00cd\u00fer\u00f3ttaf\u00e9lagi\u00f0 Gr\u00f3tta\",\"description\":\"\u00e1 Seltjarnarnesi\",\"publisher\":{\"@id\":\"https:\/\/grotta.is\/#organization\"},\"potentialAction\":[{\"@type\":\"SearchAction\",\"target\":{\"@type\":\"EntryPoint\",\"urlTemplate\":\"https:\/\/grotta.is\/?s={search_term_string}\"},\"query-input\":{\"@type\":\"PropertyValueSpecification\",\"valueRequired\":true,\"valueName\":\"search_term_string\"}}],\"inLanguage\":\"en-US\"},{\"@type\":\"Organization\",\"@id\":\"https:\/\/grotta.is\/#organization\",\"name\":\"\u00cd\u00fer\u00f3ttaf\u00e9lagi\u00f0 Gr\u00f3tta\",\"url\":\"https:\/\/grotta.is\/\",\"logo\":{\"@type\":\"ImageObject\",\"inLanguage\":\"en-US\",\"@id\":\"https:\/\/grotta.is\/#\/schema\/logo\/image\/\",\"url\":\"https:\/\/grotta.is\/wp-content\/uploads\/2020\/02\/ithrottafelagidgrotta_logo_512x512_transparent.png\",\"contentUrl\":\"https:\/\/grotta.is\/wp-content\/uploads\/2020\/02\/ithrottafelagidgrotta_logo_512x512_transparent.png\",\"width\":512,\"height\":512,\"caption\":\"\u00cd\u00fer\u00f3ttaf\u00e9lagi\u00f0 Gr\u00f3tta\"},\"image\":{\"@id\":\"https:\/\/grotta.is\/#\/schema\/logo\/image\/\"},\"sameAs\":[\"https:\/\/www.facebook.com\/grottasport\"]},{\"@type\":\"Person\",\"@id\":\"https:\/\/grotta.is\/#\/schema\/person\/b21e9d5dfd92c90211e343e8d7252b1c\",\"name\":\"Andri Sigf\u00fasson\",\"url\":\"https:\/\/grotta.is\/en\/author\/andri\/\"}]}<\/script>\n<!-- \/ Yoast SEO plugin. -->","yoast_head_json":{"title":"Dav\u00ed\u00f0 Hl\u00f6\u00f0vers \u00e1fram a\u00f0sto\u00f0ar\u00fej\u00e1lfari - \u00cd\u00fer\u00f3ttaf\u00e9lagi\u00f0 Gr\u00f3tta","robots":{"index":"index","follow":"follow","max-snippet":"max-snippet:-1","max-image-preview":"max-image-preview:large","max-video-preview":"max-video-preview:-1"},"canonical":"https:\/\/grotta.is\/en\/almennt\/david-hlodvers-afram-adstodarthjalfari\/","og_locale":"en_US","og_type":"article","og_title":"Dav\u00ed\u00f0 Hl\u00f6\u00f0vers \u00e1fram a\u00f0sto\u00f0ar\u00fej\u00e1lfari - \u00cd\u00fer\u00f3ttaf\u00e9lagi\u00f0 Gr\u00f3tta","og_description":"\u00dea\u00f0 er me\u00f0 gle\u00f0i \u00ed hjarta a\u00f0 geta tilkynnt Dav\u00ed\u00f0 \u00d6rn Hl\u00f6\u00f0versson \u00e1fram sem a\u00f0sto\u00f0ar\u00fej\u00e1lfara kvennali\u00f0s Gr\u00f3ttu. Dav\u00ed\u00f0 \u00d6rn \u00fearf varla a\u00f0 kynna fyrir Gr\u00f3ttuf\u00f3lki en hann hefur \u00fej\u00e1lfa\u00f0 n\u00e6r alla flokka Gr\u00f3ttu undanfarin 20 \u00e1r. A\u00f0 auk er hann silfurmerkjahafi f\u00e9lagsins og hefur leiki\u00f0 144 leiki fyrir meistaraflokk Gr\u00f3ttu.","og_url":"https:\/\/grotta.is\/en\/almennt\/david-hlodvers-afram-adstodarthjalfari\/","og_site_name":"\u00cd\u00fer\u00f3ttaf\u00e9lagi\u00f0 Gr\u00f3tta","article_publisher":"https:\/\/www.facebook.com\/grottasport","article_published_time":"2021-07-04T17:14:37+00:00","article_modified_time":"2021-07-04T17:14:39+00:00","og_image":[{"width":2560,"height":1920,"url":"https:\/\/grotta.is\/wp-content\/uploads\/2021\/07\/20210704_160701-scaled.jpg","type":"image\/jpeg"}],"author":"Andri Sigf\u00fasson","twitter_card":"summary_large_image","twitter_misc":{"Written by":"Andri Sigf\u00fasson","Est. reading time":"1 minute"},"schema":{"@context":"https:\/\/schema.org","@graph":[{"@type":"Article","@id":"https:\/\/grotta.is\/almennt\/david-hlodvers-afram-adstodarthjalfari\/#article","isPartOf":{"@id":"https:\/\/grotta.is\/almennt\/david-hlodvers-afram-adstodarthjalfari\/"},"author":{"name":"Andri Sigf\u00fasson","@id":"https:\/\/grotta.is\/#\/schema\/person\/b21e9d5dfd92c90211e343e8d7252b1c"},"headline":"Dav\u00ed\u00f0 Hl\u00f6\u00f0vers \u00e1fram a\u00f0sto\u00f0ar\u00fej\u00e1lfari","datePublished":"2021-07-04T17:14:37+00:00","dateModified":"2021-07-04T17:14:39+00:00","mainEntityOfPage":{"@id":"https:\/\/grotta.is\/almennt\/david-hlodvers-afram-adstodarthjalfari\/"},"wordCount":141,"publisher":{"@id":"https:\/\/grotta.is\/#organization"},"image":{"@id":"https:\/\/grotta.is\/almennt\/david-hlodvers-afram-adstodarthjalfari\/#primaryimage"},"thumbnailUrl":"https:\/\/grotta.is\/wp-content\/uploads\/2021\/07\/20210704_160701-scaled.jpg","keywords":["Handbolti","mfl. kvenna"],"articleSection":["Almennt","Handknattleiksdeild"],"inLanguage":"en-US"},{"@type":"WebPage","@id":"https:\/\/grotta.is\/almennt\/david-hlodvers-afram-adstodarthjalfari\/","url":"https:\/\/grotta.is\/almennt\/david-hlodvers-afram-adstodarthjalfari\/","name":"Dav\u00ed\u00f0 Hl\u00f6\u00f0vers \u00e1fram a\u00f0sto\u00f0ar\u00fej\u00e1lfari - \u00cd\u00fer\u00f3ttaf\u00e9lagi\u00f0 Gr\u00f3tta","isPartOf":{"@id":"https:\/\/grotta.is\/#website"},"primaryImageOfPage":{"@id":"https:\/\/grotta.is\/almennt\/david-hlodvers-afram-adstodarthjalfari\/#primaryimage"},"image":{"@id":"https:\/\/grotta.is\/almennt\/david-hlodvers-afram-adstodarthjalfari\/#primaryimage"},"thumbnailUrl":"https:\/\/grotta.is\/wp-content\/uploads\/2021\/07\/20210704_160701-scaled.jpg","datePublished":"2021-07-04T17:14:37+00:00","dateModified":"2021-07-04T17:14:39+00:00","breadcrumb":{"@id":"https:\/\/grotta.is\/almennt\/david-hlodvers-afram-adstodarthjalfari\/#breadcrumb"},"inLanguage":"en-US","potentialAction":[{"@type":"ReadAction","target":["https:\/\/grotta.is\/almennt\/david-hlodvers-afram-adstodarthjalfari\/"]}]},{"@type":"ImageObject","inLanguage":"en-US","@id":"https:\/\/grotta.is\/almennt\/david-hlodvers-afram-adstodarthjalfari\/#primaryimage","url":"https:\/\/grotta.is\/wp-content\/uploads\/2021\/07\/20210704_160701-scaled.jpg","contentUrl":"https:\/\/grotta.is\/wp-content\/uploads\/2021\/07\/20210704_160701-scaled.jpg","width":2560,"height":1920},{"@type":"BreadcrumbList","@id":"https:\/\/grotta.is\/almennt\/david-hlodvers-afram-adstodarthjalfari\/#breadcrumb","itemListElement":[{"@type":"ListItem","position":1,"name":"Home","item":"https:\/\/grotta.is\/"},{"@type":"ListItem","position":2,"name":"Dav\u00ed\u00f0 Hl\u00f6\u00f0vers \u00e1fram a\u00f0sto\u00f0ar\u00fej\u00e1lfari"}]},{"@type":"WebSite","@id":"https:\/\/grotta.is\/#website","url":"https:\/\/grotta.is\/","name":"\u00cd\u00fer\u00f3ttaf\u00e9lagi\u00f0 Gr\u00f3tta","description":"\u00e1 Seltjarnarnesi","publisher":{"@id":"https:\/\/grotta.is\/#organization"},"potentialAction":[{"@type":"SearchAction","target":{"@type":"EntryPoint","urlTemplate":"https:\/\/grotta.is\/?s={search_term_string}"},"query-input":{"@type":"PropertyValueSpecification","valueRequired":true,"valueName":"search_term_string"}}],"inLanguage":"en-US"},{"@type":"Organization","@id":"https:\/\/grotta.is\/#organization","name":"\u00cd\u00fer\u00f3ttaf\u00e9lagi\u00f0 Gr\u00f3tta","url":"https:\/\/grotta.is\/","logo":{"@type":"ImageObject","inLanguage":"en-US","@id":"https:\/\/grotta.is\/#\/schema\/logo\/image\/","url":"https:\/\/grotta.is\/wp-content\/uploads\/2020\/02\/ithrottafelagidgrotta_logo_512x512_transparent.png","contentUrl":"https:\/\/grotta.is\/wp-content\/uploads\/2020\/02\/ithrottafelagidgrotta_logo_512x512_transparent.png","width":512,"height":512,"caption":"\u00cd\u00fer\u00f3ttaf\u00e9lagi\u00f0 Gr\u00f3tta"},"image":{"@id":"https:\/\/grotta.is\/#\/schema\/logo\/image\/"},"sameAs":["https:\/\/www.facebook.com\/grottasport"]},{"@type":"Person","@id":"https:\/\/grotta.is\/#\/schema\/person\/b21e9d5dfd92c90211e343e8d7252b1c","name":"Andri Sigf\u00fasson","url":"https:\/\/grotta.is\/en\/author\/andri\/"}]}},"_links":{"self":[{"href":"https:\/\/grotta.is\/en\/wp-json\/wp\/v2\/posts\/350184","targetHints":{"allow":["GET"]}}],"collection":[{"href":"https:\/\/grotta.is\/en\/wp-json\/wp\/v2\/posts"}],"about":[{"href":"https:\/\/grotta.is\/en\/wp-json\/wp\/v2\/types\/post"}],"author":[{"embeddable":true,"href":"https:\/\/grotta.is\/en\/wp-json\/wp\/v2\/users\/10"}],"replies":[{"embeddable":true,"href":"https:\/\/grotta.is\/en\/wp-json\/wp\/v2\/comments?post=350184"}],"version-history":[{"count":1,"href":"https:\/\/grotta.is\/en\/wp-json\/wp\/v2\/posts\/350184\/revisions"}],"predecessor-version":[{"id":350187,"href":"https:\/\/grotta.is\/en\/wp-json\/wp\/v2\/posts\/350184\/revisions\/350187"}],"wp:featuredmedia":[{"embeddable":true,"href":"https:\/\/grotta.is\/en\/wp-json\/wp\/v2\/media\/350186"}],"wp:attachment":[{"href":"https:\/\/grotta.is\/en\/wp-json\/wp\/v2\/media?parent=350184"}],"wp:term":[{"taxonomy":"category","embeddable":true,"href":"https:\/\/grotta.is\/en\/wp-json\/wp\/v2\/categories?post=350184"},{"taxonomy":"post_tag","embeddable":true,"href":"https:\/\/grotta.is\/en\/wp-json\/wp\/v2\/tags?post=350184"}],"curies":[{"name":"wp","href":"https:\/\/api.w.org\/{rel}","templated":true}]}}