{"id":350165,"date":"2021-07-04T14:48:09","date_gmt":"2021-07-04T14:48:09","guid":{"rendered":"https:\/\/grotta.is\/?p=350165"},"modified":"2021-07-04T14:48:11","modified_gmt":"2021-07-04T14:48:11","slug":"hrafnhildur-hekla-framlengir","status":"publish","type":"post","link":"https:\/\/grotta.is\/en\/almennt\/hrafnhildur-hekla-framlengir\/","title":{"rendered":"Hrafnhildur Hekla framlengir"},"content":{"rendered":"<p>Handknattleiksdeild Gr\u00f3ttu hefur framlengt samninginn sinn um tv\u00f6 \u00e1r vi\u00f0 Hrafnhildi Heklu Gr\u00edmsd\u00f3ttur. H\u00fan er 17 \u00e1ra g\u00f6mul og l\u00e9k \u00e1 s\u00ednu \u00feri\u00f0ja t\u00edmabili \u00ed meistaraflokki s\u00ed\u00f0astli\u00f0inn vetur.<\/p><p>Hrafnhildur Hekla er \u00fatsj\u00f3narsamur leikstj\u00f3rnandi og hefur hlutverk hennar aukist me\u00f0 hverju t\u00edmabilinu. H\u00fan er ein af efnilegum upp\u00f6ldum leikm\u00f6nnum Gr\u00f3ttu.<\/p><p>Dav\u00ed\u00f0 \u00d6rn Hl\u00f6\u00f0versson annar af \u00fej\u00e1lfurum Gr\u00f3ttuli\u00f0sins er virkilega \u00e1n\u00e6g\u00f0ur me\u00f0 a\u00f0 Hrafnhildur Hekla skuli vera \u00e1fram \u00e1 Nesinu enda leikma\u00f0ur sem er \u00ed mikilli framf\u00f6r. &#8222;Vi\u00f0 bindum mikar vonir vi\u00f0 Hrafnhildi Heklu enda leikma\u00f0ur sem kemur \u00far \u00f6flugu starfi yngri flokka \u00ed f\u00e9laginu. H\u00fan hefur gott auga fyrir spili og g\u00f3\u00f0ur skotma\u00f0ur. \u00dea\u00f0 er virkilega \u00e1n\u00e6gjulegt a\u00f0 vinna \u00e1fram me\u00f0 henni.&#8220;<\/p>","protected":false},"excerpt":{"rendered":"<p>Handknattleiksdeild Gr\u00f3ttu hefur framlengt samninginn sinn um tv\u00f6 \u00e1r vi\u00f0 Hrafnhildi Heklu Gr\u00edmsd\u00f3ttur. H\u00fan er 17 \u00e1ra g\u00f6mul og l\u00e9k \u00e1 s\u00ednu \u00feri\u00f0ja t\u00edmabili \u00ed meistaraflokki s\u00ed\u00f0astli\u00f0inn vetur.<\/p>","protected":false},"author":10,"featured_media":350166,"comment_status":"closed","ping_status":"closed","sticky":false,"template":"","format":"standard","meta":{"footnotes":""},"categories":[4,12],"tags":[13,101],"class_list":["post-350165","post","type-post","status-publish","format-standard","has-post-thumbnail","hentry","category-almennt","category-handknattleiksdeild","tag-handbolti","tag-mfl-kvenna"],"yoast_head":"<!-- This site is optimized with the Yoast SEO plugin v24.3 - https:\/\/yoast.com\/wordpress\/plugins\/seo\/ -->\n<title>Hrafnhildur Hekla framlengir - \u00cd\u00fer\u00f3ttaf\u00e9lagi\u00f0 Gr\u00f3tta<\/title>\n<meta name=\"robots\" content=\"index, follow, max-snippet:-1, max-image-preview:large, max-video-preview:-1\" \/>\n<link rel=\"canonical\" href=\"https:\/\/grotta.is\/en\/almennt\/hrafnhildur-hekla-framlengir\/\" \/>\n<meta property=\"og:locale\" content=\"en_US\" \/>\n<meta property=\"og:type\" content=\"article\" \/>\n<meta property=\"og:title\" content=\"Hrafnhildur Hekla framlengir - \u00cd\u00fer\u00f3ttaf\u00e9lagi\u00f0 Gr\u00f3tta\" \/>\n<meta property=\"og:description\" content=\"Handknattleiksdeild Gr\u00f3ttu hefur framlengt samninginn sinn um tv\u00f6 \u00e1r vi\u00f0 Hrafnhildi Heklu Gr\u00edmsd\u00f3ttur. H\u00fan er 17 \u00e1ra g\u00f6mul og l\u00e9k \u00e1 s\u00ednu \u00feri\u00f0ja t\u00edmabili \u00ed meistaraflokki s\u00ed\u00f0astli\u00f0inn vetur.\" \/>\n<meta property=\"og:url\" content=\"https:\/\/grotta.is\/en\/almennt\/hrafnhildur-hekla-framlengir\/\" \/>\n<meta property=\"og:site_name\" content=\"\u00cd\u00fer\u00f3ttaf\u00e9lagi\u00f0 Gr\u00f3tta\" \/>\n<meta property=\"article:publisher\" content=\"https:\/\/www.facebook.com\/grottasport\" \/>\n<meta property=\"article:published_time\" content=\"2021-07-04T14:48:09+00:00\" \/>\n<meta property=\"article:modified_time\" content=\"2021-07-04T14:48:11+00:00\" \/>\n<meta property=\"og:image\" content=\"https:\/\/grotta.is\/wp-content\/uploads\/2021\/07\/20210704_141106-scaled.jpg\" \/>\n\t<meta property=\"og:image:width\" content=\"2560\" \/>\n\t<meta property=\"og:image:height\" content=\"1920\" \/>\n\t<meta property=\"og:image:type\" content=\"image\/jpeg\" \/>\n<meta name=\"author\" content=\"Andri Sigf\u00fasson\" \/>\n<meta name=\"twitter:card\" content=\"summary_large_image\" \/>\n<meta name=\"twitter:label1\" content=\"Written by\" \/>\n\t<meta name=\"twitter:data1\" content=\"Andri Sigf\u00fasson\" \/>\n\t<meta name=\"twitter:label2\" content=\"Est. reading time\" \/>\n\t<meta name=\"twitter:data2\" content=\"1 minute\" \/>\n<script type=\"application\/ld+json\" class=\"yoast-schema-graph\">{\"@context\":\"https:\/\/schema.org\",\"@graph\":[{\"@type\":\"Article\",\"@id\":\"https:\/\/grotta.is\/almennt\/hrafnhildur-hekla-framlengir\/#article\",\"isPartOf\":{\"@id\":\"https:\/\/grotta.is\/almennt\/hrafnhildur-hekla-framlengir\/\"},\"author\":{\"name\":\"Andri Sigf\u00fasson\",\"@id\":\"https:\/\/grotta.is\/#\/schema\/person\/b21e9d5dfd92c90211e343e8d7252b1c\"},\"headline\":\"Hrafnhildur Hekla framlengir\",\"datePublished\":\"2021-07-04T14:48:09+00:00\",\"dateModified\":\"2021-07-04T14:48:11+00:00\",\"mainEntityOfPage\":{\"@id\":\"https:\/\/grotta.is\/almennt\/hrafnhildur-hekla-framlengir\/\"},\"wordCount\":140,\"publisher\":{\"@id\":\"https:\/\/grotta.is\/#organization\"},\"image\":{\"@id\":\"https:\/\/grotta.is\/almennt\/hrafnhildur-hekla-framlengir\/#primaryimage\"},\"thumbnailUrl\":\"https:\/\/grotta.is\/wp-content\/uploads\/2021\/07\/20210704_141106-scaled.jpg\",\"keywords\":[\"Handbolti\",\"mfl. kvenna\"],\"articleSection\":[\"Almennt\",\"Handknattleiksdeild\"],\"inLanguage\":\"en-US\"},{\"@type\":\"WebPage\",\"@id\":\"https:\/\/grotta.is\/almennt\/hrafnhildur-hekla-framlengir\/\",\"url\":\"https:\/\/grotta.is\/almennt\/hrafnhildur-hekla-framlengir\/\",\"name\":\"Hrafnhildur Hekla framlengir - \u00cd\u00fer\u00f3ttaf\u00e9lagi\u00f0 Gr\u00f3tta\",\"isPartOf\":{\"@id\":\"https:\/\/grotta.is\/#website\"},\"primaryImageOfPage\":{\"@id\":\"https:\/\/grotta.is\/almennt\/hrafnhildur-hekla-framlengir\/#primaryimage\"},\"image\":{\"@id\":\"https:\/\/grotta.is\/almennt\/hrafnhildur-hekla-framlengir\/#primaryimage\"},\"thumbnailUrl\":\"https:\/\/grotta.is\/wp-content\/uploads\/2021\/07\/20210704_141106-scaled.jpg\",\"datePublished\":\"2021-07-04T14:48:09+00:00\",\"dateModified\":\"2021-07-04T14:48:11+00:00\",\"breadcrumb\":{\"@id\":\"https:\/\/grotta.is\/almennt\/hrafnhildur-hekla-framlengir\/#breadcrumb\"},\"inLanguage\":\"en-US\",\"potentialAction\":[{\"@type\":\"ReadAction\",\"target\":[\"https:\/\/grotta.is\/almennt\/hrafnhildur-hekla-framlengir\/\"]}]},{\"@type\":\"ImageObject\",\"inLanguage\":\"en-US\",\"@id\":\"https:\/\/grotta.is\/almennt\/hrafnhildur-hekla-framlengir\/#primaryimage\",\"url\":\"https:\/\/grotta.is\/wp-content\/uploads\/2021\/07\/20210704_141106-scaled.jpg\",\"contentUrl\":\"https:\/\/grotta.is\/wp-content\/uploads\/2021\/07\/20210704_141106-scaled.jpg\",\"width\":2560,\"height\":1920},{\"@type\":\"BreadcrumbList\",\"@id\":\"https:\/\/grotta.is\/almennt\/hrafnhildur-hekla-framlengir\/#breadcrumb\",\"itemListElement\":[{\"@type\":\"ListItem\",\"position\":1,\"name\":\"Home\",\"item\":\"https:\/\/grotta.is\/\"},{\"@type\":\"ListItem\",\"position\":2,\"name\":\"Hrafnhildur Hekla framlengir\"}]},{\"@type\":\"WebSite\",\"@id\":\"https:\/\/grotta.is\/#website\",\"url\":\"https:\/\/grotta.is\/\",\"name\":\"\u00cd\u00fer\u00f3ttaf\u00e9lagi\u00f0 Gr\u00f3tta\",\"description\":\"\u00e1 Seltjarnarnesi\",\"publisher\":{\"@id\":\"https:\/\/grotta.is\/#organization\"},\"potentialAction\":[{\"@type\":\"SearchAction\",\"target\":{\"@type\":\"EntryPoint\",\"urlTemplate\":\"https:\/\/grotta.is\/?s={search_term_string}\"},\"query-input\":{\"@type\":\"PropertyValueSpecification\",\"valueRequired\":true,\"valueName\":\"search_term_string\"}}],\"inLanguage\":\"en-US\"},{\"@type\":\"Organization\",\"@id\":\"https:\/\/grotta.is\/#organization\",\"name\":\"\u00cd\u00fer\u00f3ttaf\u00e9lagi\u00f0 Gr\u00f3tta\",\"url\":\"https:\/\/grotta.is\/\",\"logo\":{\"@type\":\"ImageObject\",\"inLanguage\":\"en-US\",\"@id\":\"https:\/\/grotta.is\/#\/schema\/logo\/image\/\",\"url\":\"https:\/\/grotta.is\/wp-content\/uploads\/2020\/02\/ithrottafelagidgrotta_logo_512x512_transparent.png\",\"contentUrl\":\"https:\/\/grotta.is\/wp-content\/uploads\/2020\/02\/ithrottafelagidgrotta_logo_512x512_transparent.png\",\"width\":512,\"height\":512,\"caption\":\"\u00cd\u00fer\u00f3ttaf\u00e9lagi\u00f0 Gr\u00f3tta\"},\"image\":{\"@id\":\"https:\/\/grotta.is\/#\/schema\/logo\/image\/\"},\"sameAs\":[\"https:\/\/www.facebook.com\/grottasport\"]},{\"@type\":\"Person\",\"@id\":\"https:\/\/grotta.is\/#\/schema\/person\/b21e9d5dfd92c90211e343e8d7252b1c\",\"name\":\"Andri Sigf\u00fasson\",\"url\":\"https:\/\/grotta.is\/en\/author\/andri\/\"}]}<\/script>\n<!-- \/ Yoast SEO plugin. -->","yoast_head_json":{"title":"Hrafnhildur Hekla framlengir - \u00cd\u00fer\u00f3ttaf\u00e9lagi\u00f0 Gr\u00f3tta","robots":{"index":"index","follow":"follow","max-snippet":"max-snippet:-1","max-image-preview":"max-image-preview:large","max-video-preview":"max-video-preview:-1"},"canonical":"https:\/\/grotta.is\/en\/almennt\/hrafnhildur-hekla-framlengir\/","og_locale":"en_US","og_type":"article","og_title":"Hrafnhildur Hekla framlengir - \u00cd\u00fer\u00f3ttaf\u00e9lagi\u00f0 Gr\u00f3tta","og_description":"Handknattleiksdeild Gr\u00f3ttu hefur framlengt samninginn sinn um tv\u00f6 \u00e1r vi\u00f0 Hrafnhildi Heklu Gr\u00edmsd\u00f3ttur. H\u00fan er 17 \u00e1ra g\u00f6mul og l\u00e9k \u00e1 s\u00ednu \u00feri\u00f0ja t\u00edmabili \u00ed meistaraflokki s\u00ed\u00f0astli\u00f0inn vetur.","og_url":"https:\/\/grotta.is\/en\/almennt\/hrafnhildur-hekla-framlengir\/","og_site_name":"\u00cd\u00fer\u00f3ttaf\u00e9lagi\u00f0 Gr\u00f3tta","article_publisher":"https:\/\/www.facebook.com\/grottasport","article_published_time":"2021-07-04T14:48:09+00:00","article_modified_time":"2021-07-04T14:48:11+00:00","og_image":[{"width":2560,"height":1920,"url":"https:\/\/grotta.is\/wp-content\/uploads\/2021\/07\/20210704_141106-scaled.jpg","type":"image\/jpeg"}],"author":"Andri Sigf\u00fasson","twitter_card":"summary_large_image","twitter_misc":{"Written by":"Andri Sigf\u00fasson","Est. reading time":"1 minute"},"schema":{"@context":"https:\/\/schema.org","@graph":[{"@type":"Article","@id":"https:\/\/grotta.is\/almennt\/hrafnhildur-hekla-framlengir\/#article","isPartOf":{"@id":"https:\/\/grotta.is\/almennt\/hrafnhildur-hekla-framlengir\/"},"author":{"name":"Andri Sigf\u00fasson","@id":"https:\/\/grotta.is\/#\/schema\/person\/b21e9d5dfd92c90211e343e8d7252b1c"},"headline":"Hrafnhildur Hekla framlengir","datePublished":"2021-07-04T14:48:09+00:00","dateModified":"2021-07-04T14:48:11+00:00","mainEntityOfPage":{"@id":"https:\/\/grotta.is\/almennt\/hrafnhildur-hekla-framlengir\/"},"wordCount":140,"publisher":{"@id":"https:\/\/grotta.is\/#organization"},"image":{"@id":"https:\/\/grotta.is\/almennt\/hrafnhildur-hekla-framlengir\/#primaryimage"},"thumbnailUrl":"https:\/\/grotta.is\/wp-content\/uploads\/2021\/07\/20210704_141106-scaled.jpg","keywords":["Handbolti","mfl. kvenna"],"articleSection":["Almennt","Handknattleiksdeild"],"inLanguage":"en-US"},{"@type":"WebPage","@id":"https:\/\/grotta.is\/almennt\/hrafnhildur-hekla-framlengir\/","url":"https:\/\/grotta.is\/almennt\/hrafnhildur-hekla-framlengir\/","name":"Hrafnhildur Hekla framlengir - \u00cd\u00fer\u00f3ttaf\u00e9lagi\u00f0 Gr\u00f3tta","isPartOf":{"@id":"https:\/\/grotta.is\/#website"},"primaryImageOfPage":{"@id":"https:\/\/grotta.is\/almennt\/hrafnhildur-hekla-framlengir\/#primaryimage"},"image":{"@id":"https:\/\/grotta.is\/almennt\/hrafnhildur-hekla-framlengir\/#primaryimage"},"thumbnailUrl":"https:\/\/grotta.is\/wp-content\/uploads\/2021\/07\/20210704_141106-scaled.jpg","datePublished":"2021-07-04T14:48:09+00:00","dateModified":"2021-07-04T14:48:11+00:00","breadcrumb":{"@id":"https:\/\/grotta.is\/almennt\/hrafnhildur-hekla-framlengir\/#breadcrumb"},"inLanguage":"en-US","potentialAction":[{"@type":"ReadAction","target":["https:\/\/grotta.is\/almennt\/hrafnhildur-hekla-framlengir\/"]}]},{"@type":"ImageObject","inLanguage":"en-US","@id":"https:\/\/grotta.is\/almennt\/hrafnhildur-hekla-framlengir\/#primaryimage","url":"https:\/\/grotta.is\/wp-content\/uploads\/2021\/07\/20210704_141106-scaled.jpg","contentUrl":"https:\/\/grotta.is\/wp-content\/uploads\/2021\/07\/20210704_141106-scaled.jpg","width":2560,"height":1920},{"@type":"BreadcrumbList","@id":"https:\/\/grotta.is\/almennt\/hrafnhildur-hekla-framlengir\/#breadcrumb","itemListElement":[{"@type":"ListItem","position":1,"name":"Home","item":"https:\/\/grotta.is\/"},{"@type":"ListItem","position":2,"name":"Hrafnhildur Hekla framlengir"}]},{"@type":"WebSite","@id":"https:\/\/grotta.is\/#website","url":"https:\/\/grotta.is\/","name":"\u00cd\u00fer\u00f3ttaf\u00e9lagi\u00f0 Gr\u00f3tta","description":"\u00e1 Seltjarnarnesi","publisher":{"@id":"https:\/\/grotta.is\/#organization"},"potentialAction":[{"@type":"SearchAction","target":{"@type":"EntryPoint","urlTemplate":"https:\/\/grotta.is\/?s={search_term_string}"},"query-input":{"@type":"PropertyValueSpecification","valueRequired":true,"valueName":"search_term_string"}}],"inLanguage":"en-US"},{"@type":"Organization","@id":"https:\/\/grotta.is\/#organization","name":"\u00cd\u00fer\u00f3ttaf\u00e9lagi\u00f0 Gr\u00f3tta","url":"https:\/\/grotta.is\/","logo":{"@type":"ImageObject","inLanguage":"en-US","@id":"https:\/\/grotta.is\/#\/schema\/logo\/image\/","url":"https:\/\/grotta.is\/wp-content\/uploads\/2020\/02\/ithrottafelagidgrotta_logo_512x512_transparent.png","contentUrl":"https:\/\/grotta.is\/wp-content\/uploads\/2020\/02\/ithrottafelagidgrotta_logo_512x512_transparent.png","width":512,"height":512,"caption":"\u00cd\u00fer\u00f3ttaf\u00e9lagi\u00f0 Gr\u00f3tta"},"image":{"@id":"https:\/\/grotta.is\/#\/schema\/logo\/image\/"},"sameAs":["https:\/\/www.facebook.com\/grottasport"]},{"@type":"Person","@id":"https:\/\/grotta.is\/#\/schema\/person\/b21e9d5dfd92c90211e343e8d7252b1c","name":"Andri Sigf\u00fasson","url":"https:\/\/grotta.is\/en\/author\/andri\/"}]}},"_links":{"self":[{"href":"https:\/\/grotta.is\/en\/wp-json\/wp\/v2\/posts\/350165","targetHints":{"allow":["GET"]}}],"collection":[{"href":"https:\/\/grotta.is\/en\/wp-json\/wp\/v2\/posts"}],"about":[{"href":"https:\/\/grotta.is\/en\/wp-json\/wp\/v2\/types\/post"}],"author":[{"embeddable":true,"href":"https:\/\/grotta.is\/en\/wp-json\/wp\/v2\/users\/10"}],"replies":[{"embeddable":true,"href":"https:\/\/grotta.is\/en\/wp-json\/wp\/v2\/comments?post=350165"}],"version-history":[{"count":1,"href":"https:\/\/grotta.is\/en\/wp-json\/wp\/v2\/posts\/350165\/revisions"}],"predecessor-version":[{"id":350167,"href":"https:\/\/grotta.is\/en\/wp-json\/wp\/v2\/posts\/350165\/revisions\/350167"}],"wp:featuredmedia":[{"embeddable":true,"href":"https:\/\/grotta.is\/en\/wp-json\/wp\/v2\/media\/350166"}],"wp:attachment":[{"href":"https:\/\/grotta.is\/en\/wp-json\/wp\/v2\/media?parent=350165"}],"wp:term":[{"taxonomy":"category","embeddable":true,"href":"https:\/\/grotta.is\/en\/wp-json\/wp\/v2\/categories?post=350165"},{"taxonomy":"post_tag","embeddable":true,"href":"https:\/\/grotta.is\/en\/wp-json\/wp\/v2\/tags?post=350165"}],"curies":[{"name":"wp","href":"https:\/\/api.w.org\/{rel}","templated":true}]}}