{"id":350059,"date":"2021-06-29T15:14:04","date_gmt":"2021-06-29T15:14:04","guid":{"rendered":"https:\/\/grotta.is\/?p=350059"},"modified":"2021-06-29T15:14:08","modified_gmt":"2021-06-29T15:14:08","slug":"ivar-logi-styrmisson-til-grottu","status":"publish","type":"post","link":"https:\/\/grotta.is\/en\/almennt\/ivar-logi-styrmisson-til-grottu\/","title":{"rendered":"\u00cdvar Logi Styrmisson til Gr\u00f3ttu"},"content":{"rendered":"<p>Handknattleiksdeild Gr\u00f3ttu hefur gert eins \u00e1rs l\u00e1nssamning vi\u00f0 \u00cdvar Loga Styrmisson. \u00cdvar Logi er f\u00e6ddur \u00e1ri\u00f0 2000 og kemur fr\u00e1 \u00cdBV \u00fear sem hann er uppalinn. \u00cdvar Logi hefur leiki\u00f0 undanfarin \u00ferj\u00fa \u00e1rin \u00ed Ol\u00edsdeildinni me\u00f0 \u00cdBV og \u00e1 seinustu leikt\u00ed\u00f0 skora\u00f0i hann 13 m\u00f6rk \u00ed 20 leikjum.<\/p><p>\u00cdvar Logi \u00e1 a\u00f0 baki \u00fe\u00f3nakkra unglingalandsleiki og me\u00f0al merkustu afreka hans er 3. s\u00e6ti\u00f0 \u00e1 Opna Evr\u00f3pum\u00f3tinu me\u00f0 U17 \u00e1ra landsli\u00f0inu \u00e1ri\u00f0 2017. \u00cdvar Logi f\u00f3r mikinn \u00ed leiknum um bronsi\u00f0, var markah\u00e6stur og skora\u00f0i 8 m\u00f6rk gegn Noregi.<\/p><p>Arnar Da\u00f0i Arnarsson \u00fej\u00e1lfari Gr\u00f3ttu er mj\u00f6g \u00e1n\u00e6g\u00f0ur me\u00f0 a\u00f0 tryggja s\u00e9r krafta \u00cdvars Loga \u00e1 n\u00e6stu leikt\u00ed\u00f0: &#8222;\u00cdvar er fj\u00f6lh\u00e6fur leikma\u00f0ur sem hentar okkar leikst\u00edl mj\u00f6g vel. \u00dea\u00f0 ver\u00f0ur fr\u00e1b\u00e6rt a\u00f0 f\u00e1 hann til okkar&#8220;<\/p>","protected":false},"excerpt":{"rendered":"<p>Handknattleiksdeild Gr\u00f3ttu hefur gert eins \u00e1rs l\u00e1nssamning vi\u00f0 \u00cdvar Loga Styrmisson. \u00cdvar Logi er f\u00e6ddur \u00e1ri\u00f0 2000 og kemur fr\u00e1 \u00cdBV \u00fear sem hann er uppalinn. \u00cdvar Logi hefur leiki\u00f0 undanfarin \u00ferj\u00fa \u00e1rin \u00ed Ol\u00edsdeildinni me\u00f0 \u00cdBV og \u00e1 seinustu leikt\u00ed\u00f0 skora\u00f0i hann 13 m\u00f6rk \u00ed 20 leikjum.<\/p>","protected":false},"author":10,"featured_media":350060,"comment_status":"closed","ping_status":"closed","sticky":false,"template":"","format":"standard","meta":{"footnotes":""},"categories":[4,12],"tags":[13,108],"class_list":["post-350059","post","type-post","status-publish","format-standard","has-post-thumbnail","hentry","category-almennt","category-handknattleiksdeild","tag-handbolti","tag-mfl-karla"],"yoast_head":"<!-- This site is optimized with the Yoast SEO plugin v24.3 - https:\/\/yoast.com\/wordpress\/plugins\/seo\/ -->\n<title>\u00cdvar Logi Styrmisson til Gr\u00f3ttu - \u00cd\u00fer\u00f3ttaf\u00e9lagi\u00f0 Gr\u00f3tta<\/title>\n<meta name=\"robots\" content=\"index, follow, max-snippet:-1, max-image-preview:large, max-video-preview:-1\" \/>\n<link rel=\"canonical\" href=\"https:\/\/grotta.is\/en\/almennt\/ivar-logi-styrmisson-til-grottu\/\" \/>\n<meta property=\"og:locale\" content=\"en_US\" \/>\n<meta property=\"og:type\" content=\"article\" \/>\n<meta property=\"og:title\" content=\"\u00cdvar Logi Styrmisson til Gr\u00f3ttu - \u00cd\u00fer\u00f3ttaf\u00e9lagi\u00f0 Gr\u00f3tta\" \/>\n<meta property=\"og:description\" content=\"Handknattleiksdeild Gr\u00f3ttu hefur gert eins \u00e1rs l\u00e1nssamning vi\u00f0 \u00cdvar Loga Styrmisson. \u00cdvar Logi er f\u00e6ddur \u00e1ri\u00f0 2000 og kemur fr\u00e1 \u00cdBV \u00fear sem hann er uppalinn. \u00cdvar Logi hefur leiki\u00f0 undanfarin \u00ferj\u00fa \u00e1rin \u00ed Ol\u00edsdeildinni me\u00f0 \u00cdBV og \u00e1 seinustu leikt\u00ed\u00f0 skora\u00f0i hann 13 m\u00f6rk \u00ed 20 leikjum.\" \/>\n<meta property=\"og:url\" content=\"https:\/\/grotta.is\/en\/almennt\/ivar-logi-styrmisson-til-grottu\/\" \/>\n<meta property=\"og:site_name\" content=\"\u00cd\u00fer\u00f3ttaf\u00e9lagi\u00f0 Gr\u00f3tta\" \/>\n<meta property=\"article:publisher\" content=\"https:\/\/www.facebook.com\/grottasport\" \/>\n<meta property=\"article:published_time\" content=\"2021-06-29T15:14:04+00:00\" \/>\n<meta property=\"article:modified_time\" content=\"2021-06-29T15:14:08+00:00\" \/>\n<meta property=\"og:image\" content=\"https:\/\/grotta.is\/wp-content\/uploads\/2021\/06\/Ivar-Logi-i-Grottu.jpg\" \/>\n\t<meta property=\"og:image:width\" content=\"2048\" \/>\n\t<meta property=\"og:image:height\" content=\"1285\" \/>\n\t<meta property=\"og:image:type\" content=\"image\/jpeg\" \/>\n<meta name=\"author\" content=\"Andri Sigf\u00fasson\" \/>\n<meta name=\"twitter:card\" content=\"summary_large_image\" \/>\n<meta name=\"twitter:label1\" content=\"Written by\" \/>\n\t<meta name=\"twitter:data1\" content=\"Andri Sigf\u00fasson\" \/>\n\t<meta name=\"twitter:label2\" content=\"Est. reading time\" \/>\n\t<meta name=\"twitter:data2\" content=\"1 minute\" \/>\n<script type=\"application\/ld+json\" class=\"yoast-schema-graph\">{\"@context\":\"https:\/\/schema.org\",\"@graph\":[{\"@type\":\"Article\",\"@id\":\"https:\/\/grotta.is\/almennt\/ivar-logi-styrmisson-til-grottu\/#article\",\"isPartOf\":{\"@id\":\"https:\/\/grotta.is\/almennt\/ivar-logi-styrmisson-til-grottu\/\"},\"author\":{\"name\":\"Andri Sigf\u00fasson\",\"@id\":\"https:\/\/grotta.is\/#\/schema\/person\/b21e9d5dfd92c90211e343e8d7252b1c\"},\"headline\":\"\u00cdvar Logi Styrmisson til Gr\u00f3ttu\",\"datePublished\":\"2021-06-29T15:14:04+00:00\",\"dateModified\":\"2021-06-29T15:14:08+00:00\",\"mainEntityOfPage\":{\"@id\":\"https:\/\/grotta.is\/almennt\/ivar-logi-styrmisson-til-grottu\/\"},\"wordCount\":148,\"publisher\":{\"@id\":\"https:\/\/grotta.is\/#organization\"},\"image\":{\"@id\":\"https:\/\/grotta.is\/almennt\/ivar-logi-styrmisson-til-grottu\/#primaryimage\"},\"thumbnailUrl\":\"https:\/\/grotta.is\/wp-content\/uploads\/2021\/06\/Ivar-Logi-i-Grottu.jpg\",\"keywords\":[\"Handbolti\",\"mfl. karla\"],\"articleSection\":[\"Almennt\",\"Handknattleiksdeild\"],\"inLanguage\":\"en-US\"},{\"@type\":\"WebPage\",\"@id\":\"https:\/\/grotta.is\/almennt\/ivar-logi-styrmisson-til-grottu\/\",\"url\":\"https:\/\/grotta.is\/almennt\/ivar-logi-styrmisson-til-grottu\/\",\"name\":\"\u00cdvar Logi Styrmisson til Gr\u00f3ttu - \u00cd\u00fer\u00f3ttaf\u00e9lagi\u00f0 Gr\u00f3tta\",\"isPartOf\":{\"@id\":\"https:\/\/grotta.is\/#website\"},\"primaryImageOfPage\":{\"@id\":\"https:\/\/grotta.is\/almennt\/ivar-logi-styrmisson-til-grottu\/#primaryimage\"},\"image\":{\"@id\":\"https:\/\/grotta.is\/almennt\/ivar-logi-styrmisson-til-grottu\/#primaryimage\"},\"thumbnailUrl\":\"https:\/\/grotta.is\/wp-content\/uploads\/2021\/06\/Ivar-Logi-i-Grottu.jpg\",\"datePublished\":\"2021-06-29T15:14:04+00:00\",\"dateModified\":\"2021-06-29T15:14:08+00:00\",\"breadcrumb\":{\"@id\":\"https:\/\/grotta.is\/almennt\/ivar-logi-styrmisson-til-grottu\/#breadcrumb\"},\"inLanguage\":\"en-US\",\"potentialAction\":[{\"@type\":\"ReadAction\",\"target\":[\"https:\/\/grotta.is\/almennt\/ivar-logi-styrmisson-til-grottu\/\"]}]},{\"@type\":\"ImageObject\",\"inLanguage\":\"en-US\",\"@id\":\"https:\/\/grotta.is\/almennt\/ivar-logi-styrmisson-til-grottu\/#primaryimage\",\"url\":\"https:\/\/grotta.is\/wp-content\/uploads\/2021\/06\/Ivar-Logi-i-Grottu.jpg\",\"contentUrl\":\"https:\/\/grotta.is\/wp-content\/uploads\/2021\/06\/Ivar-Logi-i-Grottu.jpg\",\"width\":2048,\"height\":1285},{\"@type\":\"BreadcrumbList\",\"@id\":\"https:\/\/grotta.is\/almennt\/ivar-logi-styrmisson-til-grottu\/#breadcrumb\",\"itemListElement\":[{\"@type\":\"ListItem\",\"position\":1,\"name\":\"Home\",\"item\":\"https:\/\/grotta.is\/\"},{\"@type\":\"ListItem\",\"position\":2,\"name\":\"\u00cdvar Logi Styrmisson til Gr\u00f3ttu\"}]},{\"@type\":\"WebSite\",\"@id\":\"https:\/\/grotta.is\/#website\",\"url\":\"https:\/\/grotta.is\/\",\"name\":\"\u00cd\u00fer\u00f3ttaf\u00e9lagi\u00f0 Gr\u00f3tta\",\"description\":\"\u00e1 Seltjarnarnesi\",\"publisher\":{\"@id\":\"https:\/\/grotta.is\/#organization\"},\"potentialAction\":[{\"@type\":\"SearchAction\",\"target\":{\"@type\":\"EntryPoint\",\"urlTemplate\":\"https:\/\/grotta.is\/?s={search_term_string}\"},\"query-input\":{\"@type\":\"PropertyValueSpecification\",\"valueRequired\":true,\"valueName\":\"search_term_string\"}}],\"inLanguage\":\"en-US\"},{\"@type\":\"Organization\",\"@id\":\"https:\/\/grotta.is\/#organization\",\"name\":\"\u00cd\u00fer\u00f3ttaf\u00e9lagi\u00f0 Gr\u00f3tta\",\"url\":\"https:\/\/grotta.is\/\",\"logo\":{\"@type\":\"ImageObject\",\"inLanguage\":\"en-US\",\"@id\":\"https:\/\/grotta.is\/#\/schema\/logo\/image\/\",\"url\":\"https:\/\/grotta.is\/wp-content\/uploads\/2020\/02\/ithrottafelagidgrotta_logo_512x512_transparent.png\",\"contentUrl\":\"https:\/\/grotta.is\/wp-content\/uploads\/2020\/02\/ithrottafelagidgrotta_logo_512x512_transparent.png\",\"width\":512,\"height\":512,\"caption\":\"\u00cd\u00fer\u00f3ttaf\u00e9lagi\u00f0 Gr\u00f3tta\"},\"image\":{\"@id\":\"https:\/\/grotta.is\/#\/schema\/logo\/image\/\"},\"sameAs\":[\"https:\/\/www.facebook.com\/grottasport\"]},{\"@type\":\"Person\",\"@id\":\"https:\/\/grotta.is\/#\/schema\/person\/b21e9d5dfd92c90211e343e8d7252b1c\",\"name\":\"Andri Sigf\u00fasson\",\"url\":\"https:\/\/grotta.is\/en\/author\/andri\/\"}]}<\/script>\n<!-- \/ Yoast SEO plugin. -->","yoast_head_json":{"title":"\u00cdvar Logi Styrmisson til Gr\u00f3ttu - \u00cd\u00fer\u00f3ttaf\u00e9lagi\u00f0 Gr\u00f3tta","robots":{"index":"index","follow":"follow","max-snippet":"max-snippet:-1","max-image-preview":"max-image-preview:large","max-video-preview":"max-video-preview:-1"},"canonical":"https:\/\/grotta.is\/en\/almennt\/ivar-logi-styrmisson-til-grottu\/","og_locale":"en_US","og_type":"article","og_title":"\u00cdvar Logi Styrmisson til Gr\u00f3ttu - \u00cd\u00fer\u00f3ttaf\u00e9lagi\u00f0 Gr\u00f3tta","og_description":"Handknattleiksdeild Gr\u00f3ttu hefur gert eins \u00e1rs l\u00e1nssamning vi\u00f0 \u00cdvar Loga Styrmisson. \u00cdvar Logi er f\u00e6ddur \u00e1ri\u00f0 2000 og kemur fr\u00e1 \u00cdBV \u00fear sem hann er uppalinn. \u00cdvar Logi hefur leiki\u00f0 undanfarin \u00ferj\u00fa \u00e1rin \u00ed Ol\u00edsdeildinni me\u00f0 \u00cdBV og \u00e1 seinustu leikt\u00ed\u00f0 skora\u00f0i hann 13 m\u00f6rk \u00ed 20 leikjum.","og_url":"https:\/\/grotta.is\/en\/almennt\/ivar-logi-styrmisson-til-grottu\/","og_site_name":"\u00cd\u00fer\u00f3ttaf\u00e9lagi\u00f0 Gr\u00f3tta","article_publisher":"https:\/\/www.facebook.com\/grottasport","article_published_time":"2021-06-29T15:14:04+00:00","article_modified_time":"2021-06-29T15:14:08+00:00","og_image":[{"width":2048,"height":1285,"url":"https:\/\/grotta.is\/wp-content\/uploads\/2021\/06\/Ivar-Logi-i-Grottu.jpg","type":"image\/jpeg"}],"author":"Andri Sigf\u00fasson","twitter_card":"summary_large_image","twitter_misc":{"Written by":"Andri Sigf\u00fasson","Est. reading time":"1 minute"},"schema":{"@context":"https:\/\/schema.org","@graph":[{"@type":"Article","@id":"https:\/\/grotta.is\/almennt\/ivar-logi-styrmisson-til-grottu\/#article","isPartOf":{"@id":"https:\/\/grotta.is\/almennt\/ivar-logi-styrmisson-til-grottu\/"},"author":{"name":"Andri Sigf\u00fasson","@id":"https:\/\/grotta.is\/#\/schema\/person\/b21e9d5dfd92c90211e343e8d7252b1c"},"headline":"\u00cdvar Logi Styrmisson til Gr\u00f3ttu","datePublished":"2021-06-29T15:14:04+00:00","dateModified":"2021-06-29T15:14:08+00:00","mainEntityOfPage":{"@id":"https:\/\/grotta.is\/almennt\/ivar-logi-styrmisson-til-grottu\/"},"wordCount":148,"publisher":{"@id":"https:\/\/grotta.is\/#organization"},"image":{"@id":"https:\/\/grotta.is\/almennt\/ivar-logi-styrmisson-til-grottu\/#primaryimage"},"thumbnailUrl":"https:\/\/grotta.is\/wp-content\/uploads\/2021\/06\/Ivar-Logi-i-Grottu.jpg","keywords":["Handbolti","mfl. karla"],"articleSection":["Almennt","Handknattleiksdeild"],"inLanguage":"en-US"},{"@type":"WebPage","@id":"https:\/\/grotta.is\/almennt\/ivar-logi-styrmisson-til-grottu\/","url":"https:\/\/grotta.is\/almennt\/ivar-logi-styrmisson-til-grottu\/","name":"\u00cdvar Logi Styrmisson til Gr\u00f3ttu - \u00cd\u00fer\u00f3ttaf\u00e9lagi\u00f0 Gr\u00f3tta","isPartOf":{"@id":"https:\/\/grotta.is\/#website"},"primaryImageOfPage":{"@id":"https:\/\/grotta.is\/almennt\/ivar-logi-styrmisson-til-grottu\/#primaryimage"},"image":{"@id":"https:\/\/grotta.is\/almennt\/ivar-logi-styrmisson-til-grottu\/#primaryimage"},"thumbnailUrl":"https:\/\/grotta.is\/wp-content\/uploads\/2021\/06\/Ivar-Logi-i-Grottu.jpg","datePublished":"2021-06-29T15:14:04+00:00","dateModified":"2021-06-29T15:14:08+00:00","breadcrumb":{"@id":"https:\/\/grotta.is\/almennt\/ivar-logi-styrmisson-til-grottu\/#breadcrumb"},"inLanguage":"en-US","potentialAction":[{"@type":"ReadAction","target":["https:\/\/grotta.is\/almennt\/ivar-logi-styrmisson-til-grottu\/"]}]},{"@type":"ImageObject","inLanguage":"en-US","@id":"https:\/\/grotta.is\/almennt\/ivar-logi-styrmisson-til-grottu\/#primaryimage","url":"https:\/\/grotta.is\/wp-content\/uploads\/2021\/06\/Ivar-Logi-i-Grottu.jpg","contentUrl":"https:\/\/grotta.is\/wp-content\/uploads\/2021\/06\/Ivar-Logi-i-Grottu.jpg","width":2048,"height":1285},{"@type":"BreadcrumbList","@id":"https:\/\/grotta.is\/almennt\/ivar-logi-styrmisson-til-grottu\/#breadcrumb","itemListElement":[{"@type":"ListItem","position":1,"name":"Home","item":"https:\/\/grotta.is\/"},{"@type":"ListItem","position":2,"name":"\u00cdvar Logi Styrmisson til Gr\u00f3ttu"}]},{"@type":"WebSite","@id":"https:\/\/grotta.is\/#website","url":"https:\/\/grotta.is\/","name":"\u00cd\u00fer\u00f3ttaf\u00e9lagi\u00f0 Gr\u00f3tta","description":"\u00e1 Seltjarnarnesi","publisher":{"@id":"https:\/\/grotta.is\/#organization"},"potentialAction":[{"@type":"SearchAction","target":{"@type":"EntryPoint","urlTemplate":"https:\/\/grotta.is\/?s={search_term_string}"},"query-input":{"@type":"PropertyValueSpecification","valueRequired":true,"valueName":"search_term_string"}}],"inLanguage":"en-US"},{"@type":"Organization","@id":"https:\/\/grotta.is\/#organization","name":"\u00cd\u00fer\u00f3ttaf\u00e9lagi\u00f0 Gr\u00f3tta","url":"https:\/\/grotta.is\/","logo":{"@type":"ImageObject","inLanguage":"en-US","@id":"https:\/\/grotta.is\/#\/schema\/logo\/image\/","url":"https:\/\/grotta.is\/wp-content\/uploads\/2020\/02\/ithrottafelagidgrotta_logo_512x512_transparent.png","contentUrl":"https:\/\/grotta.is\/wp-content\/uploads\/2020\/02\/ithrottafelagidgrotta_logo_512x512_transparent.png","width":512,"height":512,"caption":"\u00cd\u00fer\u00f3ttaf\u00e9lagi\u00f0 Gr\u00f3tta"},"image":{"@id":"https:\/\/grotta.is\/#\/schema\/logo\/image\/"},"sameAs":["https:\/\/www.facebook.com\/grottasport"]},{"@type":"Person","@id":"https:\/\/grotta.is\/#\/schema\/person\/b21e9d5dfd92c90211e343e8d7252b1c","name":"Andri Sigf\u00fasson","url":"https:\/\/grotta.is\/en\/author\/andri\/"}]}},"_links":{"self":[{"href":"https:\/\/grotta.is\/en\/wp-json\/wp\/v2\/posts\/350059","targetHints":{"allow":["GET"]}}],"collection":[{"href":"https:\/\/grotta.is\/en\/wp-json\/wp\/v2\/posts"}],"about":[{"href":"https:\/\/grotta.is\/en\/wp-json\/wp\/v2\/types\/post"}],"author":[{"embeddable":true,"href":"https:\/\/grotta.is\/en\/wp-json\/wp\/v2\/users\/10"}],"replies":[{"embeddable":true,"href":"https:\/\/grotta.is\/en\/wp-json\/wp\/v2\/comments?post=350059"}],"version-history":[{"count":1,"href":"https:\/\/grotta.is\/en\/wp-json\/wp\/v2\/posts\/350059\/revisions"}],"predecessor-version":[{"id":350061,"href":"https:\/\/grotta.is\/en\/wp-json\/wp\/v2\/posts\/350059\/revisions\/350061"}],"wp:featuredmedia":[{"embeddable":true,"href":"https:\/\/grotta.is\/en\/wp-json\/wp\/v2\/media\/350060"}],"wp:attachment":[{"href":"https:\/\/grotta.is\/en\/wp-json\/wp\/v2\/media?parent=350059"}],"wp:term":[{"taxonomy":"category","embeddable":true,"href":"https:\/\/grotta.is\/en\/wp-json\/wp\/v2\/categories?post=350059"},{"taxonomy":"post_tag","embeddable":true,"href":"https:\/\/grotta.is\/en\/wp-json\/wp\/v2\/tags?post=350059"}],"curies":[{"name":"wp","href":"https:\/\/api.w.org\/{rel}","templated":true}]}}