{"id":349916,"date":"2021-06-23T14:20:50","date_gmt":"2021-06-23T14:20:50","guid":{"rendered":"https:\/\/grotta.is\/?p=349916"},"modified":"2021-07-22T20:35:14","modified_gmt":"2021-07-22T20:35:14","slug":"atta-fra-grottu-i-handboltaskola-hsi","status":"publish","type":"post","link":"https:\/\/grotta.is\/en\/almennt\/atta-fra-grottu-i-handboltaskola-hsi\/","title":{"rendered":"\u00c1tta fr\u00e1 Gr\u00f3ttu \u00ed Handboltask\u00f3la HS\u00cd"},"content":{"rendered":"<p>Helgina 12. &#8211; 13. j\u00fan\u00ed s\u00ed\u00f0astli\u00f0inn f\u00f3r fram Handboltask\u00f3li HS\u00cd og Alvogen \u00ed var \u00fea\u00f0 \u00ed 26. sinn sem sk\u00f3linn var haldinn. Um er a\u00f0 r\u00e6\u00f0a fyrsta stig landsli\u00f0a HS\u00cd og voru fj\u00f3rir leikmenn valdir fr\u00e1 hverju f\u00e9lagi. \u00c6fingarnar voru fj\u00f3rar talsins og f\u00f3ru fram \u00ed TM-h\u00f6llinni \u00ed Gar\u00f0ab\u00e6. <\/p><p>Fr\u00e1 Gr\u00f3ttu voru valin:<\/p><p>Arnfr\u00ed\u00f0ur Au\u00f0ur Arnarsd\u00f3ttir<br>Au\u00f0ur Freyja \u00c1rnad\u00f3ttirKrist\u00edn <br>Fr\u00ed\u00f0a Sc. Thorsteinsson<br>Sara Kristj\u00e1nsd\u00f3ttir<\/p><p>Arnar Magn\u00fas Andrason<br>Fannar Hrafn Hjartarson<br>Patrekur Ingi \u00deorsteinsson<br>Kolbeinn Thors<\/p><p>Gr\u00f3tta \u00f3skar \u00feessum \u00e1tta leikm\u00f6nnum til hamingju me\u00f0 vali\u00f0 og vonar a\u00f0 \u00feetta s\u00e9 upphafi\u00f0 a\u00f0 einhverju st\u00e6rra hj\u00e1 \u00feeim.<\/p><p>Sk\u00f3lastj\u00f3rar Handboltask\u00f3la HS\u00cd og Alvogen voru \u00feau Halld\u00f3r J\u00f3hann Sigf\u00fasson og Rakel D\u00f6gg Bragad\u00f3ttir.<\/p><p><img fetchpriority=\"high\" decoding=\"async\" width=\"700\" height=\"525\" class=\"wp-image-349918\" style=\"width: 700px;\" src=\"https:\/\/grotta.is\/wp-content\/uploads\/2021\/06\/20210618_202130-scaled.jpg\" alt=\"\" srcset=\"https:\/\/grotta.is\/wp-content\/uploads\/2021\/06\/20210618_202130-scaled.jpg 2560w, https:\/\/grotta.is\/wp-content\/uploads\/2021\/06\/20210618_202130-300x225.jpg 300w, https:\/\/grotta.is\/wp-content\/uploads\/2021\/06\/20210618_202130-1024x768.jpg 1024w, https:\/\/grotta.is\/wp-content\/uploads\/2021\/06\/20210618_202130-768x576.jpg 768w, https:\/\/grotta.is\/wp-content\/uploads\/2021\/06\/20210618_202130-1536x1152.jpg 1536w, https:\/\/grotta.is\/wp-content\/uploads\/2021\/06\/20210618_202130-2048x1536.jpg 2048w, https:\/\/grotta.is\/wp-content\/uploads\/2021\/06\/20210618_202130-16x12.jpg 16w, https:\/\/grotta.is\/wp-content\/uploads\/2021\/06\/20210618_202130-600x450.jpg 600w\" sizes=\"(max-width: 700px) 100vw, 700px\" \/><\/p><p><\/p>","protected":false},"excerpt":{"rendered":"<p>Helgina 12. &#8211; 13. j\u00fan\u00ed s\u00ed\u00f0astli\u00f0inn f\u00f3r fram Handboltask\u00f3li HS\u00cd og Alvogen \u00ed var \u00fea\u00f0 \u00ed 26. sinn sem sk\u00f3linn var haldinn. Um er a\u00f0 r\u00e6\u00f0a fyrsta stig landsli\u00f0a HS\u00cd [&hellip;]<\/p>","protected":false},"author":10,"featured_media":349917,"comment_status":"closed","ping_status":"closed","sticky":false,"template":"","format":"standard","meta":{"footnotes":""},"categories":[4,12],"tags":[16,13,15],"class_list":["post-349916","post","type-post","status-publish","format-standard","has-post-thumbnail","hentry","category-almennt","category-handknattleiksdeild","tag-handboltaskolinn","tag-handbolti","tag-yngri-flokkar"],"yoast_head":"<!-- This site is optimized with the Yoast SEO plugin v24.3 - https:\/\/yoast.com\/wordpress\/plugins\/seo\/ -->\n<title>\u00c1tta fr\u00e1 Gr\u00f3ttu \u00ed Handboltask\u00f3la HS\u00cd - \u00cd\u00fer\u00f3ttaf\u00e9lagi\u00f0 Gr\u00f3tta<\/title>\n<meta name=\"robots\" content=\"index, follow, max-snippet:-1, max-image-preview:large, max-video-preview:-1\" \/>\n<link rel=\"canonical\" href=\"https:\/\/grotta.is\/en\/almennt\/atta-fra-grottu-i-handboltaskola-hsi\/\" \/>\n<meta property=\"og:locale\" content=\"en_US\" \/>\n<meta property=\"og:type\" content=\"article\" \/>\n<meta property=\"og:title\" content=\"\u00c1tta fr\u00e1 Gr\u00f3ttu \u00ed Handboltask\u00f3la HS\u00cd - \u00cd\u00fer\u00f3ttaf\u00e9lagi\u00f0 Gr\u00f3tta\" \/>\n<meta property=\"og:description\" content=\"Helgina 12. &#8211; 13. j\u00fan\u00ed s\u00ed\u00f0astli\u00f0inn f\u00f3r fram Handboltask\u00f3li HS\u00cd og Alvogen \u00ed var \u00fea\u00f0 \u00ed 26. sinn sem sk\u00f3linn var haldinn. Um er a\u00f0 r\u00e6\u00f0a fyrsta stig landsli\u00f0a HS\u00cd [&hellip;]\" \/>\n<meta property=\"og:url\" content=\"https:\/\/grotta.is\/en\/almennt\/atta-fra-grottu-i-handboltaskola-hsi\/\" \/>\n<meta property=\"og:site_name\" content=\"\u00cd\u00fer\u00f3ttaf\u00e9lagi\u00f0 Gr\u00f3tta\" \/>\n<meta property=\"article:publisher\" content=\"https:\/\/www.facebook.com\/grottasport\" \/>\n<meta property=\"article:published_time\" content=\"2021-06-23T14:20:50+00:00\" \/>\n<meta property=\"article:modified_time\" content=\"2021-07-22T20:35:14+00:00\" \/>\n<meta property=\"og:image\" content=\"https:\/\/grotta.is\/wp-content\/uploads\/2021\/06\/20210612_134022-scaled.jpg\" \/>\n\t<meta property=\"og:image:width\" content=\"2560\" \/>\n\t<meta property=\"og:image:height\" content=\"1920\" \/>\n\t<meta property=\"og:image:type\" content=\"image\/jpeg\" \/>\n<meta name=\"author\" content=\"Andri Sigf\u00fasson\" \/>\n<meta name=\"twitter:card\" content=\"summary_large_image\" \/>\n<meta name=\"twitter:label1\" content=\"Written by\" \/>\n\t<meta name=\"twitter:data1\" content=\"Andri Sigf\u00fasson\" \/>\n\t<meta name=\"twitter:label2\" content=\"Est. reading time\" \/>\n\t<meta name=\"twitter:data2\" content=\"1 minute\" \/>\n<script type=\"application\/ld+json\" class=\"yoast-schema-graph\">{\"@context\":\"https:\/\/schema.org\",\"@graph\":[{\"@type\":\"Article\",\"@id\":\"https:\/\/grotta.is\/en\/almennt\/atta-fra-grottu-i-handboltaskola-hsi\/#article\",\"isPartOf\":{\"@id\":\"https:\/\/grotta.is\/en\/almennt\/atta-fra-grottu-i-handboltaskola-hsi\/\"},\"author\":{\"name\":\"Andri Sigf\u00fasson\",\"@id\":\"https:\/\/grotta.is\/#\/schema\/person\/b21e9d5dfd92c90211e343e8d7252b1c\"},\"headline\":\"\u00c1tta fr\u00e1 Gr\u00f3ttu \u00ed Handboltask\u00f3la HS\u00cd\",\"datePublished\":\"2021-06-23T14:20:50+00:00\",\"dateModified\":\"2021-07-22T20:35:14+00:00\",\"mainEntityOfPage\":{\"@id\":\"https:\/\/grotta.is\/en\/almennt\/atta-fra-grottu-i-handboltaskola-hsi\/\"},\"wordCount\":140,\"publisher\":{\"@id\":\"https:\/\/grotta.is\/#organization\"},\"image\":{\"@id\":\"https:\/\/grotta.is\/en\/almennt\/atta-fra-grottu-i-handboltaskola-hsi\/#primaryimage\"},\"thumbnailUrl\":\"https:\/\/grotta.is\/wp-content\/uploads\/2021\/06\/20210612_134022-scaled.jpg\",\"keywords\":[\"Handboltask\u00f3linn\",\"Handbolti\",\"Yngri flokkar\"],\"articleSection\":[\"Almennt\",\"Handknattleiksdeild\"],\"inLanguage\":\"en-US\"},{\"@type\":\"WebPage\",\"@id\":\"https:\/\/grotta.is\/en\/almennt\/atta-fra-grottu-i-handboltaskola-hsi\/\",\"url\":\"https:\/\/grotta.is\/en\/almennt\/atta-fra-grottu-i-handboltaskola-hsi\/\",\"name\":\"\u00c1tta fr\u00e1 Gr\u00f3ttu \u00ed Handboltask\u00f3la HS\u00cd - \u00cd\u00fer\u00f3ttaf\u00e9lagi\u00f0 Gr\u00f3tta\",\"isPartOf\":{\"@id\":\"https:\/\/grotta.is\/#website\"},\"primaryImageOfPage\":{\"@id\":\"https:\/\/grotta.is\/en\/almennt\/atta-fra-grottu-i-handboltaskola-hsi\/#primaryimage\"},\"image\":{\"@id\":\"https:\/\/grotta.is\/en\/almennt\/atta-fra-grottu-i-handboltaskola-hsi\/#primaryimage\"},\"thumbnailUrl\":\"https:\/\/grotta.is\/wp-content\/uploads\/2021\/06\/20210612_134022-scaled.jpg\",\"datePublished\":\"2021-06-23T14:20:50+00:00\",\"dateModified\":\"2021-07-22T20:35:14+00:00\",\"breadcrumb\":{\"@id\":\"https:\/\/grotta.is\/en\/almennt\/atta-fra-grottu-i-handboltaskola-hsi\/#breadcrumb\"},\"inLanguage\":\"en-US\",\"potentialAction\":[{\"@type\":\"ReadAction\",\"target\":[\"https:\/\/grotta.is\/en\/almennt\/atta-fra-grottu-i-handboltaskola-hsi\/\"]}]},{\"@type\":\"ImageObject\",\"inLanguage\":\"en-US\",\"@id\":\"https:\/\/grotta.is\/en\/almennt\/atta-fra-grottu-i-handboltaskola-hsi\/#primaryimage\",\"url\":\"https:\/\/grotta.is\/wp-content\/uploads\/2021\/06\/20210612_134022-scaled.jpg\",\"contentUrl\":\"https:\/\/grotta.is\/wp-content\/uploads\/2021\/06\/20210612_134022-scaled.jpg\",\"width\":2560,\"height\":1920},{\"@type\":\"BreadcrumbList\",\"@id\":\"https:\/\/grotta.is\/en\/almennt\/atta-fra-grottu-i-handboltaskola-hsi\/#breadcrumb\",\"itemListElement\":[{\"@type\":\"ListItem\",\"position\":1,\"name\":\"Home\",\"item\":\"https:\/\/grotta.is\/\"},{\"@type\":\"ListItem\",\"position\":2,\"name\":\"\u00c1tta fr\u00e1 Gr\u00f3ttu \u00ed Handboltask\u00f3la HS\u00cd\"}]},{\"@type\":\"WebSite\",\"@id\":\"https:\/\/grotta.is\/#website\",\"url\":\"https:\/\/grotta.is\/\",\"name\":\"\u00cd\u00fer\u00f3ttaf\u00e9lagi\u00f0 Gr\u00f3tta\",\"description\":\"\u00e1 Seltjarnarnesi\",\"publisher\":{\"@id\":\"https:\/\/grotta.is\/#organization\"},\"potentialAction\":[{\"@type\":\"SearchAction\",\"target\":{\"@type\":\"EntryPoint\",\"urlTemplate\":\"https:\/\/grotta.is\/?s={search_term_string}\"},\"query-input\":{\"@type\":\"PropertyValueSpecification\",\"valueRequired\":true,\"valueName\":\"search_term_string\"}}],\"inLanguage\":\"en-US\"},{\"@type\":\"Organization\",\"@id\":\"https:\/\/grotta.is\/#organization\",\"name\":\"\u00cd\u00fer\u00f3ttaf\u00e9lagi\u00f0 Gr\u00f3tta\",\"url\":\"https:\/\/grotta.is\/\",\"logo\":{\"@type\":\"ImageObject\",\"inLanguage\":\"en-US\",\"@id\":\"https:\/\/grotta.is\/#\/schema\/logo\/image\/\",\"url\":\"https:\/\/grotta.is\/wp-content\/uploads\/2020\/02\/ithrottafelagidgrotta_logo_512x512_transparent.png\",\"contentUrl\":\"https:\/\/grotta.is\/wp-content\/uploads\/2020\/02\/ithrottafelagidgrotta_logo_512x512_transparent.png\",\"width\":512,\"height\":512,\"caption\":\"\u00cd\u00fer\u00f3ttaf\u00e9lagi\u00f0 Gr\u00f3tta\"},\"image\":{\"@id\":\"https:\/\/grotta.is\/#\/schema\/logo\/image\/\"},\"sameAs\":[\"https:\/\/www.facebook.com\/grottasport\"]},{\"@type\":\"Person\",\"@id\":\"https:\/\/grotta.is\/#\/schema\/person\/b21e9d5dfd92c90211e343e8d7252b1c\",\"name\":\"Andri Sigf\u00fasson\",\"url\":\"https:\/\/grotta.is\/en\/author\/andri\/\"}]}<\/script>\n<!-- \/ Yoast SEO plugin. -->","yoast_head_json":{"title":"\u00c1tta fr\u00e1 Gr\u00f3ttu \u00ed Handboltask\u00f3la HS\u00cd - \u00cd\u00fer\u00f3ttaf\u00e9lagi\u00f0 Gr\u00f3tta","robots":{"index":"index","follow":"follow","max-snippet":"max-snippet:-1","max-image-preview":"max-image-preview:large","max-video-preview":"max-video-preview:-1"},"canonical":"https:\/\/grotta.is\/en\/almennt\/atta-fra-grottu-i-handboltaskola-hsi\/","og_locale":"en_US","og_type":"article","og_title":"\u00c1tta fr\u00e1 Gr\u00f3ttu \u00ed Handboltask\u00f3la HS\u00cd - \u00cd\u00fer\u00f3ttaf\u00e9lagi\u00f0 Gr\u00f3tta","og_description":"Helgina 12. &#8211; 13. j\u00fan\u00ed s\u00ed\u00f0astli\u00f0inn f\u00f3r fram Handboltask\u00f3li HS\u00cd og Alvogen \u00ed var \u00fea\u00f0 \u00ed 26. sinn sem sk\u00f3linn var haldinn. Um er a\u00f0 r\u00e6\u00f0a fyrsta stig landsli\u00f0a HS\u00cd [&hellip;]","og_url":"https:\/\/grotta.is\/en\/almennt\/atta-fra-grottu-i-handboltaskola-hsi\/","og_site_name":"\u00cd\u00fer\u00f3ttaf\u00e9lagi\u00f0 Gr\u00f3tta","article_publisher":"https:\/\/www.facebook.com\/grottasport","article_published_time":"2021-06-23T14:20:50+00:00","article_modified_time":"2021-07-22T20:35:14+00:00","og_image":[{"width":2560,"height":1920,"url":"https:\/\/grotta.is\/wp-content\/uploads\/2021\/06\/20210612_134022-scaled.jpg","type":"image\/jpeg"}],"author":"Andri Sigf\u00fasson","twitter_card":"summary_large_image","twitter_misc":{"Written by":"Andri Sigf\u00fasson","Est. reading time":"1 minute"},"schema":{"@context":"https:\/\/schema.org","@graph":[{"@type":"Article","@id":"https:\/\/grotta.is\/en\/almennt\/atta-fra-grottu-i-handboltaskola-hsi\/#article","isPartOf":{"@id":"https:\/\/grotta.is\/en\/almennt\/atta-fra-grottu-i-handboltaskola-hsi\/"},"author":{"name":"Andri Sigf\u00fasson","@id":"https:\/\/grotta.is\/#\/schema\/person\/b21e9d5dfd92c90211e343e8d7252b1c"},"headline":"\u00c1tta fr\u00e1 Gr\u00f3ttu \u00ed Handboltask\u00f3la HS\u00cd","datePublished":"2021-06-23T14:20:50+00:00","dateModified":"2021-07-22T20:35:14+00:00","mainEntityOfPage":{"@id":"https:\/\/grotta.is\/en\/almennt\/atta-fra-grottu-i-handboltaskola-hsi\/"},"wordCount":140,"publisher":{"@id":"https:\/\/grotta.is\/#organization"},"image":{"@id":"https:\/\/grotta.is\/en\/almennt\/atta-fra-grottu-i-handboltaskola-hsi\/#primaryimage"},"thumbnailUrl":"https:\/\/grotta.is\/wp-content\/uploads\/2021\/06\/20210612_134022-scaled.jpg","keywords":["Handboltask\u00f3linn","Handbolti","Yngri flokkar"],"articleSection":["Almennt","Handknattleiksdeild"],"inLanguage":"en-US"},{"@type":"WebPage","@id":"https:\/\/grotta.is\/en\/almennt\/atta-fra-grottu-i-handboltaskola-hsi\/","url":"https:\/\/grotta.is\/en\/almennt\/atta-fra-grottu-i-handboltaskola-hsi\/","name":"\u00c1tta fr\u00e1 Gr\u00f3ttu \u00ed Handboltask\u00f3la HS\u00cd - \u00cd\u00fer\u00f3ttaf\u00e9lagi\u00f0 Gr\u00f3tta","isPartOf":{"@id":"https:\/\/grotta.is\/#website"},"primaryImageOfPage":{"@id":"https:\/\/grotta.is\/en\/almennt\/atta-fra-grottu-i-handboltaskola-hsi\/#primaryimage"},"image":{"@id":"https:\/\/grotta.is\/en\/almennt\/atta-fra-grottu-i-handboltaskola-hsi\/#primaryimage"},"thumbnailUrl":"https:\/\/grotta.is\/wp-content\/uploads\/2021\/06\/20210612_134022-scaled.jpg","datePublished":"2021-06-23T14:20:50+00:00","dateModified":"2021-07-22T20:35:14+00:00","breadcrumb":{"@id":"https:\/\/grotta.is\/en\/almennt\/atta-fra-grottu-i-handboltaskola-hsi\/#breadcrumb"},"inLanguage":"en-US","potentialAction":[{"@type":"ReadAction","target":["https:\/\/grotta.is\/en\/almennt\/atta-fra-grottu-i-handboltaskola-hsi\/"]}]},{"@type":"ImageObject","inLanguage":"en-US","@id":"https:\/\/grotta.is\/en\/almennt\/atta-fra-grottu-i-handboltaskola-hsi\/#primaryimage","url":"https:\/\/grotta.is\/wp-content\/uploads\/2021\/06\/20210612_134022-scaled.jpg","contentUrl":"https:\/\/grotta.is\/wp-content\/uploads\/2021\/06\/20210612_134022-scaled.jpg","width":2560,"height":1920},{"@type":"BreadcrumbList","@id":"https:\/\/grotta.is\/en\/almennt\/atta-fra-grottu-i-handboltaskola-hsi\/#breadcrumb","itemListElement":[{"@type":"ListItem","position":1,"name":"Home","item":"https:\/\/grotta.is\/"},{"@type":"ListItem","position":2,"name":"\u00c1tta fr\u00e1 Gr\u00f3ttu \u00ed Handboltask\u00f3la HS\u00cd"}]},{"@type":"WebSite","@id":"https:\/\/grotta.is\/#website","url":"https:\/\/grotta.is\/","name":"\u00cd\u00fer\u00f3ttaf\u00e9lagi\u00f0 Gr\u00f3tta","description":"\u00e1 Seltjarnarnesi","publisher":{"@id":"https:\/\/grotta.is\/#organization"},"potentialAction":[{"@type":"SearchAction","target":{"@type":"EntryPoint","urlTemplate":"https:\/\/grotta.is\/?s={search_term_string}"},"query-input":{"@type":"PropertyValueSpecification","valueRequired":true,"valueName":"search_term_string"}}],"inLanguage":"en-US"},{"@type":"Organization","@id":"https:\/\/grotta.is\/#organization","name":"\u00cd\u00fer\u00f3ttaf\u00e9lagi\u00f0 Gr\u00f3tta","url":"https:\/\/grotta.is\/","logo":{"@type":"ImageObject","inLanguage":"en-US","@id":"https:\/\/grotta.is\/#\/schema\/logo\/image\/","url":"https:\/\/grotta.is\/wp-content\/uploads\/2020\/02\/ithrottafelagidgrotta_logo_512x512_transparent.png","contentUrl":"https:\/\/grotta.is\/wp-content\/uploads\/2020\/02\/ithrottafelagidgrotta_logo_512x512_transparent.png","width":512,"height":512,"caption":"\u00cd\u00fer\u00f3ttaf\u00e9lagi\u00f0 Gr\u00f3tta"},"image":{"@id":"https:\/\/grotta.is\/#\/schema\/logo\/image\/"},"sameAs":["https:\/\/www.facebook.com\/grottasport"]},{"@type":"Person","@id":"https:\/\/grotta.is\/#\/schema\/person\/b21e9d5dfd92c90211e343e8d7252b1c","name":"Andri Sigf\u00fasson","url":"https:\/\/grotta.is\/en\/author\/andri\/"}]}},"_links":{"self":[{"href":"https:\/\/grotta.is\/en\/wp-json\/wp\/v2\/posts\/349916","targetHints":{"allow":["GET"]}}],"collection":[{"href":"https:\/\/grotta.is\/en\/wp-json\/wp\/v2\/posts"}],"about":[{"href":"https:\/\/grotta.is\/en\/wp-json\/wp\/v2\/types\/post"}],"author":[{"embeddable":true,"href":"https:\/\/grotta.is\/en\/wp-json\/wp\/v2\/users\/10"}],"replies":[{"embeddable":true,"href":"https:\/\/grotta.is\/en\/wp-json\/wp\/v2\/comments?post=349916"}],"version-history":[{"count":1,"href":"https:\/\/grotta.is\/en\/wp-json\/wp\/v2\/posts\/349916\/revisions"}],"predecessor-version":[{"id":349919,"href":"https:\/\/grotta.is\/en\/wp-json\/wp\/v2\/posts\/349916\/revisions\/349919"}],"wp:featuredmedia":[{"embeddable":true,"href":"https:\/\/grotta.is\/en\/wp-json\/wp\/v2\/media\/349917"}],"wp:attachment":[{"href":"https:\/\/grotta.is\/en\/wp-json\/wp\/v2\/media?parent=349916"}],"wp:term":[{"taxonomy":"category","embeddable":true,"href":"https:\/\/grotta.is\/en\/wp-json\/wp\/v2\/categories?post=349916"},{"taxonomy":"post_tag","embeddable":true,"href":"https:\/\/grotta.is\/en\/wp-json\/wp\/v2\/tags?post=349916"}],"curies":[{"name":"wp","href":"https:\/\/api.w.org\/{rel}","templated":true}]}}